{"id":460379,"date":"2026-04-28T16:18:12","date_gmt":"2026-04-28T19:18:12","guid":{"rendered":"https:\/\/portaltela.pt\/noticias\/2026\/04\/28\/embaixadora-dos-eua-na-ucrania-demite-se-por-divergencias-com-o-governo-de-trump\/"},"modified":"2026-04-28T16:18:12","modified_gmt":"2026-04-28T19:18:12","slug":"embaixadora-dos-eua-na-ucrania-demite-se-por-divergencias-com-o-governo-de-trump","status":"publish","type":"post","link":"https:\/\/portaltela.pt\/noticias\/internacional\/2026\/04\/28\/embaixadora-dos-eua-na-ucrania-demite-se-por-divergencias-com-o-governo-de-trump\/","title":{"rendered":"Embaixadora dos EUA na Ucr\u00e2nia demite-se por diverg\u00eancias com o governo de Trump"},"content":{"rendered":"<p>Embaixadora dos EUA na Ucr\u00e2nia, Bridget Brink, apresentar\u00e1 a demiss\u00e3o devido a diverg\u00eancias pol\u00edticas com o governo de Donald Trump, mostra o Financial Times. A not\u00edcia aponta press\u00e3o crescente das figuras do governo norte-americano sobre a gest\u00e3o da guerra na Ucr\u00e2nia. A Casa Branca n\u00e3o respondeu ao jornal, que n\u00e3o conseguiu contactar Brink.<\/p>\n<p>Segundo o FT, a demiss\u00e3o decorre de desacordos internos entre Brink e membros da administra\u00e7\u00e3o repetidamente criticada por quest\u00f5es estrat\u00e9gicas na Ucr\u00e2nia. A publica\u00e7\u00e3o n\u00e3o especifica datas do processo, mas menciona intensifica\u00e7\u00e3o da press\u00e3o nas \u00faltimas semanas.<\/p>\n<p>A tens\u00e3o entre Brink e o presidente ucraniano Volodymyr Zelensky tamb\u00e9m resulta em descri\u00e7\u00f5es contradit\u00f3rias, sem implicar a demiss\u00e3o como causa direta. Zelensky criticou publicamente a resposta da embaixada a um ataque russo que tirou a vida de seis crian\u00e7as.<\/p>\n<p>Numa rede social, Brink indicou ter prestado tributos \u00e0s v\u00edtimas do ataque em Kryvyi Rih, ocorrido em 4 de abril, numa tentativa de esclarecer a posi\u00e7\u00e3o da embaixada. O jornal aponta que a nomea\u00e7\u00e3o inicial ocorreu sob o governo Trump para a Eslov\u00e1quia, passando a Ucr\u00e2nia h\u00e1 tr\u00eas anos, durante a presid\u00eancia de Joe Biden.<\/p>\n<h3>Tens\u00f5es entre Brink e Zelensky<\/h3>\n<p>A rela\u00e7\u00e3o com o presidente ucraniano \u00e9 mencionada como fator de fric\u00e7\u00e3o, sem confirmar que tenha sido o principal motivo da demiss\u00e3o. A entrevista e as declara\u00e7\u00f5es de Brink, bem como as respostas de Kiev, s\u00e3o descritas pela imprensa como elementos do cen\u00e1rio pol\u00edtico local.<\/p>\n<h3>Contexto institucional<\/h3>\n<p>\u00c0 data, n\u00e3o h\u00e1 confirma\u00e7\u00e3o oficial da demiss\u00e3o nem an\u00fancio de substitui\u00e7\u00e3o pela Casa Branca ou pelo Departamento de Estado. A informa\u00e7\u00e3o publicada pelo Financial Times \u00e9 acompanhada de confirma\u00e7\u00e3o de que contatos com Bruxelas e Kiev continuam em aberto para esclarecimentos.<\/p>\n<p>Em atualiza\u00e7\u00e3o.<\/p>\n","protected":false},"excerpt":{"rendered":"<ul>\n<li>A embaixadora dos Estados Unidos na Ucr\u00e2nia, Bridget Brink, vai demitir-se devido a diverg\u00eancias pol\u00edticas com o governo de Donald Trump, segundo o Financial Times.<\/li>\n<li>Fontes pr\u00f3ximas indicam que Brink sofria press\u00e3o por parte de membros do governo de Trump sobre a posi\u00e7\u00e3o dos EUA na guerra na Ucr\u00e2nia.<\/li>\n<li>A Casa Branca e o Departamento de Estado n\u00e3o comentaram o assunto; n\u00e3o foi poss\u00edvel contactar Brink.<\/li>\n<li>Existe tens\u00e3o entre Brink e o presidente ucraniano Volodymyr Zelensky, mas n\u00e3o \u00e9 apontada como causa da demiss\u00e3o.<\/li>\n<li>Zelensky criticou a rea\u00e7\u00e3o da Embaixada Americana a um ataque russo que matou seis crian\u00e7as; Brink escreveu, numa publica\u00e7\u00e3o, ter prestado homenagens \u00e0s v\u00edtimas em Kryvyi Rih, em quatro de abril.<\/li>\n<li>Brink foi nomeada por Trump para ser embaixadora na Eslov\u00e1quia e, h\u00e1 tr\u00eas anos, tornou-se embaixadora na Ucr\u00e2nia, nomeada por Joe Biden.<\/li>\n<\/ul>\n","protected":false},"author":2,"featured_media":460383,"comment_status":"closed","ping_status":"closed","sticky":false,"template":"","format":"standard","meta":{"footnotes":""},"categories":[6814,4],"tags":[5757,6703,1600,2832,27,2134],"class_list":["post-460379","post","type-post","status-publish","format-standard","has-post-thumbnail","hentry","category-geopolitica","category-internacional","tag-demissao","tag-diplomacia-internacional","tag-estados-unidos","tag-politica","tag-relacoes-internacionais","tag-ucrania"],"yoast_head":"<!-- This site is optimized with the Yoast SEO plugin v27.2 - https:\/\/yoast.com\/product\/yoast-seo-wordpress\/ -->\n<title>Embaixadora dos EUA na Ucr\u00e2nia demite-se por diverg\u00eancias com o governo de Trump - Portal Tela Portugal<\/title>\n<meta name=\"robots\" content=\"index, follow, max-snippet:-1, max-image-preview:large, max-video-preview:-1\" \/>\n<meta property=\"og:locale\" content=\"pt_PT\" \/>\n<meta property=\"og:type\" content=\"article\" \/>\n<meta property=\"og:title\" content=\"Embaixadora dos EUA na Ucr\u00e2nia demite-se por diverg\u00eancias com o governo de Trump - Portal Tela Portugal\" \/>\n<meta property=\"og:description\" content=\"A embaixadora dos Estados Unidos na Ucr\u00e2nia, Bridget Brink, vai demitir-se devido a diverg\u00eancias pol\u00edticas com o governo de Donald Trump, segundo o Financial Times. Fontes pr\u00f3ximas indicam que Brink sofria press\u00e3o por parte de membros do governo de Trump sobre a posi\u00e7\u00e3o dos EUA na guerra na Ucr\u00e2nia. A Casa Branca e o Departamento de Estado n\u00e3o comentaram o assunto; n\u00e3o foi poss\u00edvel contactar Brink. Existe tens\u00e3o entre Brink e o presidente ucraniano Volodymyr Zelensky, mas n\u00e3o \u00e9 apontada como causa da demiss\u00e3o. Zelensky criticou a rea\u00e7\u00e3o da Embaixada Americana a um ataque russo que matou seis crian\u00e7as; Brink escreveu, numa publica\u00e7\u00e3o, ter prestado homenagens \u00e0s v\u00edtimas em Kryvyi Rih, em quatro de abril. Brink foi nomeada por Trump para ser embaixadora na Eslov\u00e1quia e, h\u00e1 tr\u00eas anos, tornou-se embaixadora na Ucr\u00e2nia, nomeada por Joe Biden.\" \/>\n<meta property=\"og:url\" content=\"https:\/\/portaltela.pt\/noticias\/2026\/04\/28\/embaixadora-dos-eua-na-ucrania-demite-se-por-divergencias-com-o-governo-de-trump\/\" \/>\n<meta property=\"og:site_name\" content=\"Portal Tela Portugal\" \/>\n<meta property=\"article:published_time\" content=\"2026-04-28T19:18:12+00:00\" \/>\n<meta name=\"author\" content=\"Telinha\" \/>\n<meta name=\"twitter:card\" content=\"summary_large_image\" \/>\n<meta name=\"twitter:label1\" content=\"Escrito por\" \/>\n\t<meta name=\"twitter:data1\" content=\"Telinha\" \/>\n\t<meta name=\"twitter:label2\" content=\"Tempo estimado de leitura\" \/>\n\t<meta name=\"twitter:data2\" content=\"2 minutos\" \/>\n<script type=\"application\/ld+json\" class=\"yoast-schema-graph\">{\"@context\":\"https:\/\/schema.org\",\"@graph\":[{\"@type\":\"Article\",\"@id\":\"https:\/\/portaltela.pt\/noticias\/2026\/04\/28\/embaixadora-dos-eua-na-ucrania-demite-se-por-divergencias-com-o-governo-de-trump\/#article\",\"isPartOf\":{\"@id\":\"https:\/\/portaltela.pt\/noticias\/2026\/04\/28\/embaixadora-dos-eua-na-ucrania-demite-se-por-divergencias-com-o-governo-de-trump\/\"},\"author\":{\"name\":\"Telinha\",\"@id\":\"https:\/\/portaltela.pt\/#\/schema\/person\/c4278d4a6028830caff9ee44b42d32ed\"},\"headline\":\"Embaixadora dos EUA na Ucr\u00e2nia demite-se por diverg\u00eancias com o governo de Trump\",\"datePublished\":\"2026-04-28T19:18:12+00:00\",\"mainEntityOfPage\":{\"@id\":\"https:\/\/portaltela.pt\/noticias\/2026\/04\/28\/embaixadora-dos-eua-na-ucrania-demite-se-por-divergencias-com-o-governo-de-trump\/\"},\"wordCount\":340,\"image\":{\"@id\":\"https:\/\/portaltela.pt\/noticias\/2026\/04\/28\/embaixadora-dos-eua-na-ucrania-demite-se-por-divergencias-com-o-governo-de-trump\/#primaryimage\"},\"thumbnailUrl\":\"https:\/\/portaltela.pt\/s.01k8rhncp4jt1\/2026\/04\/img_1500x1000uu2026-04-28-20-06-22-2281684.jpg\",\"keywords\":[\"demiss\u00e3o\",\"diplomacia internacional\",\"Estados Unidos\",\"pol\u00edtica\",\"rela\u00e7\u00f5es internacionais\",\"Ucr\u00e2nia\"],\"articleSection\":[\"Geopol\u00edtica\",\"Internacional\"],\"inLanguage\":\"pt-PT\"},{\"@type\":\"WebPage\",\"@id\":\"https:\/\/portaltela.pt\/noticias\/2026\/04\/28\/embaixadora-dos-eua-na-ucrania-demite-se-por-divergencias-com-o-governo-de-trump\/\",\"url\":\"https:\/\/portaltela.pt\/noticias\/2026\/04\/28\/embaixadora-dos-eua-na-ucrania-demite-se-por-divergencias-com-o-governo-de-trump\/\",\"name\":\"Embaixadora dos EUA na Ucr\u00e2nia demite-se por diverg\u00eancias com o governo de Trump - Portal Tela Portugal\",\"isPartOf\":{\"@id\":\"https:\/\/portaltela.pt\/#website\"},\"primaryImageOfPage\":{\"@id\":\"https:\/\/portaltela.pt\/noticias\/2026\/04\/28\/embaixadora-dos-eua-na-ucrania-demite-se-por-divergencias-com-o-governo-de-trump\/#primaryimage\"},\"image\":{\"@id\":\"https:\/\/portaltela.pt\/noticias\/2026\/04\/28\/embaixadora-dos-eua-na-ucrania-demite-se-por-divergencias-com-o-governo-de-trump\/#primaryimage\"},\"thumbnailUrl\":\"https:\/\/portaltela.pt\/s.01k8rhncp4jt1\/2026\/04\/img_1500x1000uu2026-04-28-20-06-22-2281684.jpg\",\"datePublished\":\"2026-04-28T19:18:12+00:00\",\"author\":{\"@id\":\"https:\/\/portaltela.pt\/#\/schema\/person\/c4278d4a6028830caff9ee44b42d32ed\"},\"breadcrumb\":{\"@id\":\"https:\/\/portaltela.pt\/noticias\/2026\/04\/28\/embaixadora-dos-eua-na-ucrania-demite-se-por-divergencias-com-o-governo-de-trump\/#breadcrumb\"},\"inLanguage\":\"pt-PT\",\"potentialAction\":[{\"@type\":\"ReadAction\",\"target\":[\"https:\/\/portaltela.pt\/noticias\/2026\/04\/28\/embaixadora-dos-eua-na-ucrania-demite-se-por-divergencias-com-o-governo-de-trump\/\"]}]},{\"@type\":\"ImageObject\",\"inLanguage\":\"pt-PT\",\"@id\":\"https:\/\/portaltela.pt\/noticias\/2026\/04\/28\/embaixadora-dos-eua-na-ucrania-demite-se-por-divergencias-com-o-governo-de-trump\/#primaryimage\",\"url\":\"https:\/\/portaltela.pt\/s.01k8rhncp4jt1\/2026\/04\/img_1500x1000uu2026-04-28-20-06-22-2281684.jpg\",\"contentUrl\":\"https:\/\/portaltela.pt\/s.01k8rhncp4jt1\/2026\/04\/img_1500x1000uu2026-04-28-20-06-22-2281684.jpg\",\"width\":796,\"height\":448,\"caption\":\"Bridget Brink\"},{\"@type\":\"BreadcrumbList\",\"@id\":\"https:\/\/portaltela.pt\/noticias\/2026\/04\/28\/embaixadora-dos-eua-na-ucrania-demite-se-por-divergencias-com-o-governo-de-trump\/#breadcrumb\",\"itemListElement\":[{\"@type\":\"ListItem\",\"position\":1,\"name\":\"In\u00edcio\",\"item\":\"https:\/\/portaltela.pt\/\"},{\"@type\":\"ListItem\",\"position\":2,\"name\":\"Embaixadora dos EUA na Ucr\u00e2nia demite-se por diverg\u00eancias com o governo de Trump\"}]},{\"@type\":\"WebSite\",\"@id\":\"https:\/\/portaltela.pt\/#website\",\"url\":\"https:\/\/portaltela.pt\/\",\"name\":\"Portal Tela Portugal\",\"description\":\"\",\"potentialAction\":[{\"@type\":\"SearchAction\",\"target\":{\"@type\":\"EntryPoint\",\"urlTemplate\":\"https:\/\/portaltela.pt\/?s={search_term_string}\"},\"query-input\":{\"@type\":\"PropertyValueSpecification\",\"valueRequired\":true,\"valueName\":\"search_term_string\"}}],\"inLanguage\":\"pt-PT\"},{\"@type\":\"Person\",\"@id\":\"https:\/\/portaltela.pt\/#\/schema\/person\/c4278d4a6028830caff9ee44b42d32ed\",\"name\":\"Telinha\",\"image\":{\"@type\":\"ImageObject\",\"inLanguage\":\"pt-PT\",\"@id\":\"https:\/\/portaltela.pt\/s.01k8rhncp4jt1\/2025\/11\/talking-bot-125x125.png\",\"url\":\"https:\/\/portaltela.pt\/s.01k8rhncp4jt1\/2025\/11\/talking-bot-125x125.png\",\"contentUrl\":\"https:\/\/portaltela.pt\/s.01k8rhncp4jt1\/2025\/11\/talking-bot-125x125.png\",\"caption\":\"Telinha\"},\"sameAs\":[\"https:\/\/portaltela.pt\/\"],\"url\":\"https:\/\/portaltela.pt\/por\/367410592786\/\"}]}<\/script>\n<!-- \/ Yoast SEO plugin. -->","yoast_head_json":{"title":"Embaixadora dos EUA na Ucr\u00e2nia demite-se por diverg\u00eancias com o governo de Trump - Portal Tela Portugal","robots":{"index":"index","follow":"follow","max-snippet":"max-snippet:-1","max-image-preview":"max-image-preview:large","max-video-preview":"max-video-preview:-1"},"og_locale":"pt_PT","og_type":"article","og_title":"Embaixadora dos EUA na Ucr\u00e2nia demite-se por diverg\u00eancias com o governo de Trump - Portal Tela Portugal","og_description":"A embaixadora dos Estados Unidos na Ucr\u00e2nia, Bridget Brink, vai demitir-se devido a diverg\u00eancias pol\u00edticas com o governo de Donald Trump, segundo o Financial Times. Fontes pr\u00f3ximas indicam que Brink sofria press\u00e3o por parte de membros do governo de Trump sobre a posi\u00e7\u00e3o dos EUA na guerra na Ucr\u00e2nia. A Casa Branca e o Departamento de Estado n\u00e3o comentaram o assunto; n\u00e3o foi poss\u00edvel contactar Brink. Existe tens\u00e3o entre Brink e o presidente ucraniano Volodymyr Zelensky, mas n\u00e3o \u00e9 apontada como causa da demiss\u00e3o. Zelensky criticou a rea\u00e7\u00e3o da Embaixada Americana a um ataque russo que matou seis crian\u00e7as; Brink escreveu, numa publica\u00e7\u00e3o, ter prestado homenagens \u00e0s v\u00edtimas em Kryvyi Rih, em quatro de abril. Brink foi nomeada por Trump para ser embaixadora na Eslov\u00e1quia e, h\u00e1 tr\u00eas anos, tornou-se embaixadora na Ucr\u00e2nia, nomeada por Joe Biden.","og_url":"https:\/\/portaltela.pt\/noticias\/2026\/04\/28\/embaixadora-dos-eua-na-ucrania-demite-se-por-divergencias-com-o-governo-de-trump\/","og_site_name":"Portal Tela Portugal","article_published_time":"2026-04-28T19:18:12+00:00","author":"Telinha","twitter_card":"summary_large_image","twitter_misc":{"Escrito por":"Telinha","Tempo estimado de leitura":"2 minutos"},"schema":{"@context":"https:\/\/schema.org","@graph":[{"@type":"Article","@id":"https:\/\/portaltela.pt\/noticias\/2026\/04\/28\/embaixadora-dos-eua-na-ucrania-demite-se-por-divergencias-com-o-governo-de-trump\/#article","isPartOf":{"@id":"https:\/\/portaltela.pt\/noticias\/2026\/04\/28\/embaixadora-dos-eua-na-ucrania-demite-se-por-divergencias-com-o-governo-de-trump\/"},"author":{"name":"Telinha","@id":"https:\/\/portaltela.pt\/#\/schema\/person\/c4278d4a6028830caff9ee44b42d32ed"},"headline":"Embaixadora dos EUA na Ucr\u00e2nia demite-se por diverg\u00eancias com o governo de Trump","datePublished":"2026-04-28T19:18:12+00:00","mainEntityOfPage":{"@id":"https:\/\/portaltela.pt\/noticias\/2026\/04\/28\/embaixadora-dos-eua-na-ucrania-demite-se-por-divergencias-com-o-governo-de-trump\/"},"wordCount":340,"image":{"@id":"https:\/\/portaltela.pt\/noticias\/2026\/04\/28\/embaixadora-dos-eua-na-ucrania-demite-se-por-divergencias-com-o-governo-de-trump\/#primaryimage"},"thumbnailUrl":"https:\/\/portaltela.pt\/s.01k8rhncp4jt1\/2026\/04\/img_1500x1000uu2026-04-28-20-06-22-2281684.jpg","keywords":["demiss\u00e3o","diplomacia internacional","Estados Unidos","pol\u00edtica","rela\u00e7\u00f5es internacionais","Ucr\u00e2nia"],"articleSection":["Geopol\u00edtica","Internacional"],"inLanguage":"pt-PT"},{"@type":"WebPage","@id":"https:\/\/portaltela.pt\/noticias\/2026\/04\/28\/embaixadora-dos-eua-na-ucrania-demite-se-por-divergencias-com-o-governo-de-trump\/","url":"https:\/\/portaltela.pt\/noticias\/2026\/04\/28\/embaixadora-dos-eua-na-ucrania-demite-se-por-divergencias-com-o-governo-de-trump\/","name":"Embaixadora dos EUA na Ucr\u00e2nia demite-se por diverg\u00eancias com o governo de Trump - Portal Tela Portugal","isPartOf":{"@id":"https:\/\/portaltela.pt\/#website"},"primaryImageOfPage":{"@id":"https:\/\/portaltela.pt\/noticias\/2026\/04\/28\/embaixadora-dos-eua-na-ucrania-demite-se-por-divergencias-com-o-governo-de-trump\/#primaryimage"},"image":{"@id":"https:\/\/portaltela.pt\/noticias\/2026\/04\/28\/embaixadora-dos-eua-na-ucrania-demite-se-por-divergencias-com-o-governo-de-trump\/#primaryimage"},"thumbnailUrl":"https:\/\/portaltela.pt\/s.01k8rhncp4jt1\/2026\/04\/img_1500x1000uu2026-04-28-20-06-22-2281684.jpg","datePublished":"2026-04-28T19:18:12+00:00","author":{"@id":"https:\/\/portaltela.pt\/#\/schema\/person\/c4278d4a6028830caff9ee44b42d32ed"},"breadcrumb":{"@id":"https:\/\/portaltela.pt\/noticias\/2026\/04\/28\/embaixadora-dos-eua-na-ucrania-demite-se-por-divergencias-com-o-governo-de-trump\/#breadcrumb"},"inLanguage":"pt-PT","potentialAction":[{"@type":"ReadAction","target":["https:\/\/portaltela.pt\/noticias\/2026\/04\/28\/embaixadora-dos-eua-na-ucrania-demite-se-por-divergencias-com-o-governo-de-trump\/"]}]},{"@type":"ImageObject","inLanguage":"pt-PT","@id":"https:\/\/portaltela.pt\/noticias\/2026\/04\/28\/embaixadora-dos-eua-na-ucrania-demite-se-por-divergencias-com-o-governo-de-trump\/#primaryimage","url":"https:\/\/portaltela.pt\/s.01k8rhncp4jt1\/2026\/04\/img_1500x1000uu2026-04-28-20-06-22-2281684.jpg","contentUrl":"https:\/\/portaltela.pt\/s.01k8rhncp4jt1\/2026\/04\/img_1500x1000uu2026-04-28-20-06-22-2281684.jpg","width":796,"height":448,"caption":"Bridget Brink"},{"@type":"BreadcrumbList","@id":"https:\/\/portaltela.pt\/noticias\/2026\/04\/28\/embaixadora-dos-eua-na-ucrania-demite-se-por-divergencias-com-o-governo-de-trump\/#breadcrumb","itemListElement":[{"@type":"ListItem","position":1,"name":"In\u00edcio","item":"https:\/\/portaltela.pt\/"},{"@type":"ListItem","position":2,"name":"Embaixadora dos EUA na Ucr\u00e2nia demite-se por diverg\u00eancias com o governo de Trump"}]},{"@type":"WebSite","@id":"https:\/\/portaltela.pt\/#website","url":"https:\/\/portaltela.pt\/","name":"Portal Tela Portugal","description":"","potentialAction":[{"@type":"SearchAction","target":{"@type":"EntryPoint","urlTemplate":"https:\/\/portaltela.pt\/?s={search_term_string}"},"query-input":{"@type":"PropertyValueSpecification","valueRequired":true,"valueName":"search_term_string"}}],"inLanguage":"pt-PT"},{"@type":"Person","@id":"https:\/\/portaltela.pt\/#\/schema\/person\/c4278d4a6028830caff9ee44b42d32ed","name":"Telinha","image":{"@type":"ImageObject","inLanguage":"pt-PT","@id":"https:\/\/portaltela.pt\/s.01k8rhncp4jt1\/2025\/11\/talking-bot-125x125.png","url":"https:\/\/portaltela.pt\/s.01k8rhncp4jt1\/2025\/11\/talking-bot-125x125.png","contentUrl":"https:\/\/portaltela.pt\/s.01k8rhncp4jt1\/2025\/11\/talking-bot-125x125.png","caption":"Telinha"},"sameAs":["https:\/\/portaltela.pt\/"],"url":"https:\/\/portaltela.pt\/por\/367410592786\/"}]}},"_links":{"self":[{"href":"https:\/\/portaltela.pt\/api\/wp\/v2\/posts\/460379","targetHints":{"allow":["GET"]}}],"collection":[{"href":"https:\/\/portaltela.pt\/api\/wp\/v2\/posts"}],"about":[{"href":"https:\/\/portaltela.pt\/api\/wp\/v2\/types\/post"}],"author":[{"embeddable":true,"href":"https:\/\/portaltela.pt\/api\/wp\/v2\/users\/2"}],"replies":[{"embeddable":true,"href":"https:\/\/portaltela.pt\/api\/wp\/v2\/comments?post=460379"}],"version-history":[{"count":0,"href":"https:\/\/portaltela.pt\/api\/wp\/v2\/posts\/460379\/revisions"}],"wp:featuredmedia":[{"embeddable":true,"href":"https:\/\/portaltela.pt\/api\/wp\/v2\/media\/460383"}],"wp:attachment":[{"href":"https:\/\/portaltela.pt\/api\/wp\/v2\/media?parent=460379"}],"wp:term":[{"taxonomy":"category","embeddable":true,"href":"https:\/\/portaltela.pt\/api\/wp\/v2\/categories?post=460379"},{"taxonomy":"post_tag","embeddable":true,"href":"https:\/\/portaltela.pt\/api\/wp\/v2\/tags?post=460379"}],"curies":[{"name":"wp","href":"https:\/\/api.w.org\/{rel}","templated":true}]}}