{"id":460351,"date":"2026-04-28T16:03:05","date_gmt":"2026-04-28T19:03:05","guid":{"rendered":"https:\/\/portaltela.pt\/noticias\/2026\/04\/28\/montenegro-atribui-atrasos-nos-apoios-por-dificuldades-de-implementacao-pratica\/"},"modified":"2026-04-28T16:03:05","modified_gmt":"2026-04-28T19:03:05","slug":"montenegro-atribui-atrasos-nos-apoios-por-dificuldades-de-implementacao-pratica","status":"publish","type":"post","link":"https:\/\/portaltela.pt\/noticias\/politica\/2026\/04\/28\/montenegro-atribui-atrasos-nos-apoios-por-dificuldades-de-implementacao-pratica\/","title":{"rendered":"Montenegro atribui atrasos nos apoios por dificuldades de implementa\u00e7\u00e3o pr\u00e1tica"},"content":{"rendered":"<p>Durante cerca de 45 minutos, Lu\u00eds Montenegro apresentou a vers\u00e3o final do programa PTRR sob o Pavilh\u00e3o de Portugal, em Lisboa. O encontro ocorreu nesta ter\u00e7a-feira, diante de cerca de 500 pessoas, entre ministros e convidados.<\/p>\n<p>O primeiro-ministro n\u00e3o respondeu a perguntas no final da sess\u00e3o. Afirmou que os atrasos nos apoios se devem a dificuldades de implementa\u00e7\u00e3o pr\u00e1tica, e n\u00e3o \u00e0 falta de disponibilidade. Disse que a rapidez de apresenta\u00e7\u00e3o n\u00e3o foi acompanhada pela mesma celeridade na execu\u00e7\u00e3o.<\/p>\n<p>Montenegro destacou contributos de autarcas, do anterior e do atual Presidente da Rep\u00fablica, bem como de partidos. Segundo um documento de leitura, foram acolhidos total ou parcialmente cerca de metade das propostas, com o PS a alcan\u00e7ar 60% (80% num crit\u00e9rio alargado).<\/p>\n<h3>Natureza e alcance do PTRR<\/h3>\n<p>O chefe de governo explicou que o PTRR n\u00e3o substitui o programa do Governo, mas interage com a sua a\u00e7\u00e3o em v\u00e1rias \u00e1reas. Cada medida est\u00e1 agendada por curto, m\u00e9dio e longo prazo, at\u00e9 2034, para alinhar com o novo quadro financeiro da UE.<\/p>\n<p>Dinamicamente, o PTRR deve permitir avalia\u00e7\u00e3o e monitoriza\u00e7\u00e3o da execu\u00e7\u00e3o e de eventuais realinhamentos. Montenegro descreveu o programa como um investimento na seguran\u00e7a coletiva, na vida das pessoas e no funcionamento das empresas.<\/p>\n<p>O PTRR tem um envelope global de 22,6 mil milh\u00f5es de euros, com horizonte de nove anos. A distribui\u00e7\u00e3o prev\u00ea 37% de fundos p\u00fablicos nacionais, 34% de financiamento privado e 19% de fundos europeus.<\/p>\n","protected":false},"excerpt":{"rendered":"<ul>\n<li>O Primeiro-ministro apresentou a vers\u00e3o final do programa Portugal Transforma\u00e7\u00e3o, Recupera\u00e7\u00e3o e Resili\u00eancia (PTRR) numa sess\u00e3o de cerca de 45 minutos, em Lisboa, perante cerca de 500 pessoas.<\/li>\n<li>O montante global do PTRR \u00e9 de 22,6 mil milh\u00f5es de euros, com horizon de nove anos; o financiamento prov\u00e9m de fundos nacionais, privado e europeus, em especial 37% p\u00fablicos, 34% privado e 19% europeus.<\/li>\n<li>Montenegro disse que os atrasos se devem a dificuldades de implementa\u00e7\u00e3o pr\u00e1tica, n\u00e3o \u00e0 falta de disponibiliza\u00e7\u00e3o das medidas, e que o governo pretende maior rapidez na execu\u00e7\u00e3o.<\/li>\n<li>O PTRR n\u00e3o substitui o programa do Governo, mas interage com ele, estando cada medida escalonada para curto, m\u00e9dio e longo prazo, com o ano de 2034 como \u00faltimo para o quadro financeiro plurianual da Uni\u00e3o Europeia.<\/li>\n<li>O programa recebeu mais de nove centenas de contributos de institui\u00e7\u00f5es p\u00fablicas, privadas e cidad\u00e3os, e foi apresentado como um plano nacional, com contributos acolhidos total ou parcialmente de v\u00e1rios partidos.<\/li>\n<\/ul>\n","protected":false},"author":2,"featured_media":460362,"comment_status":"closed","ping_status":"closed","sticky":false,"template":"","format":"standard","meta":{"footnotes":""},"categories":[1,5],"tags":[2706,2501,34,316,981,1014],"class_list":["post-460351","post","type-post","status-publish","format-standard","has-post-thumbnail","hentry","category-noticias","category-politica","tag-autarquias","tag-fundos-europeus","tag-governo","tag-investimento","tag-lisboa","tag-portugal"],"yoast_head":"<!-- This site is optimized with the Yoast SEO plugin v27.2 - https:\/\/yoast.com\/product\/yoast-seo-wordpress\/ -->\n<title>Montenegro atribui atrasos nos apoios por dificuldades de implementa\u00e7\u00e3o pr\u00e1tica - Portal Tela Portugal<\/title>\n<meta name=\"robots\" content=\"index, follow, max-snippet:-1, max-image-preview:large, max-video-preview:-1\" \/>\n<meta property=\"og:locale\" content=\"pt_PT\" \/>\n<meta property=\"og:type\" content=\"article\" \/>\n<meta property=\"og:title\" content=\"Montenegro atribui atrasos nos apoios por dificuldades de implementa\u00e7\u00e3o pr\u00e1tica - Portal Tela Portugal\" \/>\n<meta property=\"og:description\" content=\"O Primeiro-ministro apresentou a vers\u00e3o final do programa Portugal Transforma\u00e7\u00e3o, Recupera\u00e7\u00e3o e Resili\u00eancia (PTRR) numa sess\u00e3o de cerca de 45 minutos, em Lisboa, perante cerca de 500 pessoas. O montante global do PTRR \u00e9 de 22,6 mil milh\u00f5es de euros, com horizon de nove anos; o financiamento prov\u00e9m de fundos nacionais, privado e europeus, em especial 37% p\u00fablicos, 34% privado e 19% europeus. Montenegro disse que os atrasos se devem a dificuldades de implementa\u00e7\u00e3o pr\u00e1tica, n\u00e3o \u00e0 falta de disponibiliza\u00e7\u00e3o das medidas, e que o governo pretende maior rapidez na execu\u00e7\u00e3o. O PTRR n\u00e3o substitui o programa do Governo, mas interage com ele, estando cada medida escalonada para curto, m\u00e9dio e longo prazo, com o ano de 2034 como \u00faltimo para o quadro financeiro plurianual da Uni\u00e3o Europeia. O programa recebeu mais de nove centenas de contributos de institui\u00e7\u00f5es p\u00fablicas, privadas e cidad\u00e3os, e foi apresentado como um plano nacional, com contributos acolhidos total ou parcialmente de v\u00e1rios partidos.\" \/>\n<meta property=\"og:url\" content=\"https:\/\/portaltela.pt\/noticias\/2026\/04\/28\/montenegro-atribui-atrasos-nos-apoios-por-dificuldades-de-implementacao-pratica\/\" \/>\n<meta property=\"og:site_name\" content=\"Portal Tela Portugal\" \/>\n<meta property=\"article:published_time\" content=\"2026-04-28T19:03:05+00:00\" \/>\n<meta name=\"author\" content=\"Telinha\" \/>\n<meta name=\"twitter:card\" content=\"summary_large_image\" \/>\n<meta name=\"twitter:label1\" content=\"Escrito por\" \/>\n\t<meta name=\"twitter:data1\" content=\"Telinha\" \/>\n\t<meta name=\"twitter:label2\" content=\"Tempo estimado de leitura\" \/>\n\t<meta name=\"twitter:data2\" content=\"1 minuto\" \/>\n<script type=\"application\/ld+json\" class=\"yoast-schema-graph\">{\"@context\":\"https:\/\/schema.org\",\"@graph\":[{\"@type\":\"Article\",\"@id\":\"https:\/\/portaltela.pt\/noticias\/2026\/04\/28\/montenegro-atribui-atrasos-nos-apoios-por-dificuldades-de-implementacao-pratica\/#article\",\"isPartOf\":{\"@id\":\"https:\/\/portaltela.pt\/noticias\/2026\/04\/28\/montenegro-atribui-atrasos-nos-apoios-por-dificuldades-de-implementacao-pratica\/\"},\"author\":{\"name\":\"Telinha\",\"@id\":\"https:\/\/portaltela.pt\/#\/schema\/person\/c4278d4a6028830caff9ee44b42d32ed\"},\"headline\":\"Montenegro atribui atrasos nos apoios por dificuldades de implementa\u00e7\u00e3o pr\u00e1tica\",\"datePublished\":\"2026-04-28T19:03:05+00:00\",\"mainEntityOfPage\":{\"@id\":\"https:\/\/portaltela.pt\/noticias\/2026\/04\/28\/montenegro-atribui-atrasos-nos-apoios-por-dificuldades-de-implementacao-pratica\/\"},\"wordCount\":265,\"image\":{\"@id\":\"https:\/\/portaltela.pt\/noticias\/2026\/04\/28\/montenegro-atribui-atrasos-nos-apoios-por-dificuldades-de-implementacao-pratica\/#primaryimage\"},\"thumbnailUrl\":\"https:\/\/portaltela.pt\/s.01k8rhncp4jt1\/2026\/04\/image-1621.jpg\",\"keywords\":[\"autarquias\",\"Fundos Europeus\",\"governo\",\"investimento\",\"Lisboa\",\"Portugal\"],\"articleSection\":[\"Not\u00edcias\",\"Pol\u00edtica\"],\"inLanguage\":\"pt-PT\"},{\"@type\":\"WebPage\",\"@id\":\"https:\/\/portaltela.pt\/noticias\/2026\/04\/28\/montenegro-atribui-atrasos-nos-apoios-por-dificuldades-de-implementacao-pratica\/\",\"url\":\"https:\/\/portaltela.pt\/noticias\/2026\/04\/28\/montenegro-atribui-atrasos-nos-apoios-por-dificuldades-de-implementacao-pratica\/\",\"name\":\"Montenegro atribui atrasos nos apoios por dificuldades de implementa\u00e7\u00e3o pr\u00e1tica - Portal Tela Portugal\",\"isPartOf\":{\"@id\":\"https:\/\/portaltela.pt\/#website\"},\"primaryImageOfPage\":{\"@id\":\"https:\/\/portaltela.pt\/noticias\/2026\/04\/28\/montenegro-atribui-atrasos-nos-apoios-por-dificuldades-de-implementacao-pratica\/#primaryimage\"},\"image\":{\"@id\":\"https:\/\/portaltela.pt\/noticias\/2026\/04\/28\/montenegro-atribui-atrasos-nos-apoios-por-dificuldades-de-implementacao-pratica\/#primaryimage\"},\"thumbnailUrl\":\"https:\/\/portaltela.pt\/s.01k8rhncp4jt1\/2026\/04\/image-1621.jpg\",\"datePublished\":\"2026-04-28T19:03:05+00:00\",\"author\":{\"@id\":\"https:\/\/portaltela.pt\/#\/schema\/person\/c4278d4a6028830caff9ee44b42d32ed\"},\"breadcrumb\":{\"@id\":\"https:\/\/portaltela.pt\/noticias\/2026\/04\/28\/montenegro-atribui-atrasos-nos-apoios-por-dificuldades-de-implementacao-pratica\/#breadcrumb\"},\"inLanguage\":\"pt-PT\",\"potentialAction\":[{\"@type\":\"ReadAction\",\"target\":[\"https:\/\/portaltela.pt\/noticias\/2026\/04\/28\/montenegro-atribui-atrasos-nos-apoios-por-dificuldades-de-implementacao-pratica\/\"]}]},{\"@type\":\"ImageObject\",\"inLanguage\":\"pt-PT\",\"@id\":\"https:\/\/portaltela.pt\/noticias\/2026\/04\/28\/montenegro-atribui-atrasos-nos-apoios-por-dificuldades-de-implementacao-pratica\/#primaryimage\",\"url\":\"https:\/\/portaltela.pt\/s.01k8rhncp4jt1\/2026\/04\/image-1621.jpg\",\"contentUrl\":\"https:\/\/portaltela.pt\/s.01k8rhncp4jt1\/2026\/04\/image-1621.jpg\",\"width\":796,\"height\":448,\"caption\":\"O programa PTRR vai ter um envelope financeiro global de 22,6 mil milh\u00f5es de euros\"},{\"@type\":\"BreadcrumbList\",\"@id\":\"https:\/\/portaltela.pt\/noticias\/2026\/04\/28\/montenegro-atribui-atrasos-nos-apoios-por-dificuldades-de-implementacao-pratica\/#breadcrumb\",\"itemListElement\":[{\"@type\":\"ListItem\",\"position\":1,\"name\":\"In\u00edcio\",\"item\":\"https:\/\/portaltela.pt\/\"},{\"@type\":\"ListItem\",\"position\":2,\"name\":\"Montenegro atribui atrasos nos apoios por dificuldades de implementa\u00e7\u00e3o pr\u00e1tica\"}]},{\"@type\":\"WebSite\",\"@id\":\"https:\/\/portaltela.pt\/#website\",\"url\":\"https:\/\/portaltela.pt\/\",\"name\":\"Portal Tela Portugal\",\"description\":\"\",\"potentialAction\":[{\"@type\":\"SearchAction\",\"target\":{\"@type\":\"EntryPoint\",\"urlTemplate\":\"https:\/\/portaltela.pt\/?s={search_term_string}\"},\"query-input\":{\"@type\":\"PropertyValueSpecification\",\"valueRequired\":true,\"valueName\":\"search_term_string\"}}],\"inLanguage\":\"pt-PT\"},{\"@type\":\"Person\",\"@id\":\"https:\/\/portaltela.pt\/#\/schema\/person\/c4278d4a6028830caff9ee44b42d32ed\",\"name\":\"Telinha\",\"image\":{\"@type\":\"ImageObject\",\"inLanguage\":\"pt-PT\",\"@id\":\"https:\/\/portaltela.pt\/s.01k8rhncp4jt1\/2025\/11\/talking-bot-125x125.png\",\"url\":\"https:\/\/portaltela.pt\/s.01k8rhncp4jt1\/2025\/11\/talking-bot-125x125.png\",\"contentUrl\":\"https:\/\/portaltela.pt\/s.01k8rhncp4jt1\/2025\/11\/talking-bot-125x125.png\",\"caption\":\"Telinha\"},\"sameAs\":[\"https:\/\/portaltela.pt\/\"],\"url\":\"https:\/\/portaltela.pt\/por\/367410592786\/\"}]}<\/script>\n<!-- \/ Yoast SEO plugin. -->","yoast_head_json":{"title":"Montenegro atribui atrasos nos apoios por dificuldades de implementa\u00e7\u00e3o pr\u00e1tica - Portal Tela Portugal","robots":{"index":"index","follow":"follow","max-snippet":"max-snippet:-1","max-image-preview":"max-image-preview:large","max-video-preview":"max-video-preview:-1"},"og_locale":"pt_PT","og_type":"article","og_title":"Montenegro atribui atrasos nos apoios por dificuldades de implementa\u00e7\u00e3o pr\u00e1tica - Portal Tela Portugal","og_description":"O Primeiro-ministro apresentou a vers\u00e3o final do programa Portugal Transforma\u00e7\u00e3o, Recupera\u00e7\u00e3o e Resili\u00eancia (PTRR) numa sess\u00e3o de cerca de 45 minutos, em Lisboa, perante cerca de 500 pessoas. O montante global do PTRR \u00e9 de 22,6 mil milh\u00f5es de euros, com horizon de nove anos; o financiamento prov\u00e9m de fundos nacionais, privado e europeus, em especial 37% p\u00fablicos, 34% privado e 19% europeus. Montenegro disse que os atrasos se devem a dificuldades de implementa\u00e7\u00e3o pr\u00e1tica, n\u00e3o \u00e0 falta de disponibiliza\u00e7\u00e3o das medidas, e que o governo pretende maior rapidez na execu\u00e7\u00e3o. O PTRR n\u00e3o substitui o programa do Governo, mas interage com ele, estando cada medida escalonada para curto, m\u00e9dio e longo prazo, com o ano de 2034 como \u00faltimo para o quadro financeiro plurianual da Uni\u00e3o Europeia. O programa recebeu mais de nove centenas de contributos de institui\u00e7\u00f5es p\u00fablicas, privadas e cidad\u00e3os, e foi apresentado como um plano nacional, com contributos acolhidos total ou parcialmente de v\u00e1rios partidos.","og_url":"https:\/\/portaltela.pt\/noticias\/2026\/04\/28\/montenegro-atribui-atrasos-nos-apoios-por-dificuldades-de-implementacao-pratica\/","og_site_name":"Portal Tela Portugal","article_published_time":"2026-04-28T19:03:05+00:00","author":"Telinha","twitter_card":"summary_large_image","twitter_misc":{"Escrito por":"Telinha","Tempo estimado de leitura":"1 minuto"},"schema":{"@context":"https:\/\/schema.org","@graph":[{"@type":"Article","@id":"https:\/\/portaltela.pt\/noticias\/2026\/04\/28\/montenegro-atribui-atrasos-nos-apoios-por-dificuldades-de-implementacao-pratica\/#article","isPartOf":{"@id":"https:\/\/portaltela.pt\/noticias\/2026\/04\/28\/montenegro-atribui-atrasos-nos-apoios-por-dificuldades-de-implementacao-pratica\/"},"author":{"name":"Telinha","@id":"https:\/\/portaltela.pt\/#\/schema\/person\/c4278d4a6028830caff9ee44b42d32ed"},"headline":"Montenegro atribui atrasos nos apoios por dificuldades de implementa\u00e7\u00e3o pr\u00e1tica","datePublished":"2026-04-28T19:03:05+00:00","mainEntityOfPage":{"@id":"https:\/\/portaltela.pt\/noticias\/2026\/04\/28\/montenegro-atribui-atrasos-nos-apoios-por-dificuldades-de-implementacao-pratica\/"},"wordCount":265,"image":{"@id":"https:\/\/portaltela.pt\/noticias\/2026\/04\/28\/montenegro-atribui-atrasos-nos-apoios-por-dificuldades-de-implementacao-pratica\/#primaryimage"},"thumbnailUrl":"https:\/\/portaltela.pt\/s.01k8rhncp4jt1\/2026\/04\/image-1621.jpg","keywords":["autarquias","Fundos Europeus","governo","investimento","Lisboa","Portugal"],"articleSection":["Not\u00edcias","Pol\u00edtica"],"inLanguage":"pt-PT"},{"@type":"WebPage","@id":"https:\/\/portaltela.pt\/noticias\/2026\/04\/28\/montenegro-atribui-atrasos-nos-apoios-por-dificuldades-de-implementacao-pratica\/","url":"https:\/\/portaltela.pt\/noticias\/2026\/04\/28\/montenegro-atribui-atrasos-nos-apoios-por-dificuldades-de-implementacao-pratica\/","name":"Montenegro atribui atrasos nos apoios por dificuldades de implementa\u00e7\u00e3o pr\u00e1tica - Portal Tela Portugal","isPartOf":{"@id":"https:\/\/portaltela.pt\/#website"},"primaryImageOfPage":{"@id":"https:\/\/portaltela.pt\/noticias\/2026\/04\/28\/montenegro-atribui-atrasos-nos-apoios-por-dificuldades-de-implementacao-pratica\/#primaryimage"},"image":{"@id":"https:\/\/portaltela.pt\/noticias\/2026\/04\/28\/montenegro-atribui-atrasos-nos-apoios-por-dificuldades-de-implementacao-pratica\/#primaryimage"},"thumbnailUrl":"https:\/\/portaltela.pt\/s.01k8rhncp4jt1\/2026\/04\/image-1621.jpg","datePublished":"2026-04-28T19:03:05+00:00","author":{"@id":"https:\/\/portaltela.pt\/#\/schema\/person\/c4278d4a6028830caff9ee44b42d32ed"},"breadcrumb":{"@id":"https:\/\/portaltela.pt\/noticias\/2026\/04\/28\/montenegro-atribui-atrasos-nos-apoios-por-dificuldades-de-implementacao-pratica\/#breadcrumb"},"inLanguage":"pt-PT","potentialAction":[{"@type":"ReadAction","target":["https:\/\/portaltela.pt\/noticias\/2026\/04\/28\/montenegro-atribui-atrasos-nos-apoios-por-dificuldades-de-implementacao-pratica\/"]}]},{"@type":"ImageObject","inLanguage":"pt-PT","@id":"https:\/\/portaltela.pt\/noticias\/2026\/04\/28\/montenegro-atribui-atrasos-nos-apoios-por-dificuldades-de-implementacao-pratica\/#primaryimage","url":"https:\/\/portaltela.pt\/s.01k8rhncp4jt1\/2026\/04\/image-1621.jpg","contentUrl":"https:\/\/portaltela.pt\/s.01k8rhncp4jt1\/2026\/04\/image-1621.jpg","width":796,"height":448,"caption":"O programa PTRR vai ter um envelope financeiro global de 22,6 mil milh\u00f5es de euros"},{"@type":"BreadcrumbList","@id":"https:\/\/portaltela.pt\/noticias\/2026\/04\/28\/montenegro-atribui-atrasos-nos-apoios-por-dificuldades-de-implementacao-pratica\/#breadcrumb","itemListElement":[{"@type":"ListItem","position":1,"name":"In\u00edcio","item":"https:\/\/portaltela.pt\/"},{"@type":"ListItem","position":2,"name":"Montenegro atribui atrasos nos apoios por dificuldades de implementa\u00e7\u00e3o pr\u00e1tica"}]},{"@type":"WebSite","@id":"https:\/\/portaltela.pt\/#website","url":"https:\/\/portaltela.pt\/","name":"Portal Tela Portugal","description":"","potentialAction":[{"@type":"SearchAction","target":{"@type":"EntryPoint","urlTemplate":"https:\/\/portaltela.pt\/?s={search_term_string}"},"query-input":{"@type":"PropertyValueSpecification","valueRequired":true,"valueName":"search_term_string"}}],"inLanguage":"pt-PT"},{"@type":"Person","@id":"https:\/\/portaltela.pt\/#\/schema\/person\/c4278d4a6028830caff9ee44b42d32ed","name":"Telinha","image":{"@type":"ImageObject","inLanguage":"pt-PT","@id":"https:\/\/portaltela.pt\/s.01k8rhncp4jt1\/2025\/11\/talking-bot-125x125.png","url":"https:\/\/portaltela.pt\/s.01k8rhncp4jt1\/2025\/11\/talking-bot-125x125.png","contentUrl":"https:\/\/portaltela.pt\/s.01k8rhncp4jt1\/2025\/11\/talking-bot-125x125.png","caption":"Telinha"},"sameAs":["https:\/\/portaltela.pt\/"],"url":"https:\/\/portaltela.pt\/por\/367410592786\/"}]}},"_links":{"self":[{"href":"https:\/\/portaltela.pt\/api\/wp\/v2\/posts\/460351","targetHints":{"allow":["GET"]}}],"collection":[{"href":"https:\/\/portaltela.pt\/api\/wp\/v2\/posts"}],"about":[{"href":"https:\/\/portaltela.pt\/api\/wp\/v2\/types\/post"}],"author":[{"embeddable":true,"href":"https:\/\/portaltela.pt\/api\/wp\/v2\/users\/2"}],"replies":[{"embeddable":true,"href":"https:\/\/portaltela.pt\/api\/wp\/v2\/comments?post=460351"}],"version-history":[{"count":0,"href":"https:\/\/portaltela.pt\/api\/wp\/v2\/posts\/460351\/revisions"}],"wp:featuredmedia":[{"embeddable":true,"href":"https:\/\/portaltela.pt\/api\/wp\/v2\/media\/460362"}],"wp:attachment":[{"href":"https:\/\/portaltela.pt\/api\/wp\/v2\/media?parent=460351"}],"wp:term":[{"taxonomy":"category","embeddable":true,"href":"https:\/\/portaltela.pt\/api\/wp\/v2\/categories?post=460351"},{"taxonomy":"post_tag","embeddable":true,"href":"https:\/\/portaltela.pt\/api\/wp\/v2\/tags?post=460351"}],"curies":[{"name":"wp","href":"https:\/\/api.w.org\/{rel}","templated":true}]}}