{"id":460335,"date":"2026-04-28T15:48:46","date_gmt":"2026-04-28T18:48:46","guid":{"rendered":"https:\/\/portaltela.pt\/noticias\/2026\/04\/28\/plataforma-usada-no-caso-pelicot-reaparece-em-franca-com-novo-nome\/"},"modified":"2026-04-28T15:48:46","modified_gmt":"2026-04-28T18:48:46","slug":"plataforma-usada-no-caso-pelicot-reaparece-em-franca-com-novo-nome","status":"publish","type":"post","link":"https:\/\/portaltela.pt\/justica\/2026\/04\/28\/plataforma-usada-no-caso-pelicot-reaparece-em-franca-com-novo-nome\/","title":{"rendered":"Plataforma usada no caso Pelicot reaparece em Fran\u00e7a com novo nome"},"content":{"rendered":"<p>A justi\u00e7a francesa est\u00e1 a investigar o reaparecimento, sob novo dom\u00ednio, da plataforma Coco. A reabertura ocorreu com o endere\u00e7o cocoland.info, descrito como um chat gratuito sem registo. A investiga\u00e7\u00e3o foca-se na nova plataforma.<\/p>\n<p>A alta comiss\u00e1ria para a Crian\u00e7a, Sarah El Ha\u00efry, qualificou a situa\u00e7\u00e3o como uma fal\u00eancia coletiva perante uma das formas mais graves de viol\u00eancia: a pedofilia. O Minist\u00e9rio P\u00fablico abriu o inqu\u00e9rito ao reuso do site.<\/p>\n<p>O gabinete do procurador de Paris investiga a reabertura, com a unidade de ciberseguran\u00e7a a acompanhar o caso. A plataforma Coco foi encerrada em 2024, ap\u00f3s se confirmar que facilitava agress\u00f5es sexuais e emboscadas homof\u00f3bicas.<\/p>\n<p>A Coco era acusada de atuar como atrac\u00e7\u00e3o para predadores, com aus\u00eancia de verifica\u00e7\u00e3o de idade e sem modera\u00e7\u00e3o. Entre 2021 e 2024, o Minist\u00e9rio P\u00fablico recebeu milhares de den\u00fancias relacionadas com a plataforma.<\/p>\n<p>Entre 2018 e 2024 decorrem factos ligados ao Coco, cuja investiga\u00e7\u00e3o principal arrancou em dezembro de 2023. O n\u00famero de processos abertos no pa\u00eds chegou a mais de 23 mil, envolvendo 480 v\u00edtimas, em longos ficheiros judiciais.<\/p>\n<p>A p\u00e1gina permitia acesso f\u00e1cil, bastando indicar g\u00e9nero, idade, c\u00f3digo postal e escolher um apelido, sem qualquer controlo. Este conjunto de pr\u00e1ticas esteve no centro de m\u00faltiplos casos processuais, incluindo os distritos ligados ao caso Mazan.<\/p>\n<p>Dominique Pelicot foi condenado em 2024 a 20 anos de pris\u00e3o, ap\u00f3s ter exposto a mulher Gis\u00e8le Pelicot a anos de viola\u00e7\u00e3o com ansiol\u00edticos para que fosse abusada por homens recrutados pela Coco.<\/p>\n","protected":false},"excerpt":{"rendered":"<ul>\n<li>A plataforma Coco reapareceu em Fran\u00e7a sob o endere\u00e7o cocoland.info, apresentando-se como um chat gratuito, sem verifica\u00e7\u00e3o de idade nem modera\u00e7\u00e3o.<\/li>\n<li>A justi\u00e7a francesa abriu uma investiga\u00e7\u00e3o no procurador de Paris sobre a reabertura do site, que ficar\u00e1 a cargo da unidade de ciberseguran\u00e7a da guarda nacional.<\/li>\n<li>A Coco esteve ligada a acusa\u00e7\u00f5es de facilitar agress\u00f5es sexuais e emboscadas homof\u00f3bicas, sendo encerrada pelos tribunais em junho de 2024; o caso envolve o processo de Gis\u00e8le Pelicot.<\/li>\n<li>O fundador do Coco, Isaac Steidl, foi indiciado em Paris em janeiro de 2025 por crimes incluindo cumplicidade em tr\u00e1fico de droga, posse e distribui\u00e7\u00e3o de pornografia infantil e associa\u00e7\u00e3o criminosa; o seu advogado sustenta que as acusa\u00e7\u00f5es s\u00e3o infundadas.<\/li>\n<li>Entre 1 de janeiro de 2021 e 7 de maio de 2024, o Minist\u00e9rio P\u00fablico de Fran\u00e7a abriu n\u00e3o menos que 23.051 processos relacionados com a plataforma Coco, abrangendo 480 v\u00edtimas em v\u00e1rios minist\u00e9rios p\u00fablicos.<\/li>\n<\/ul>\n","protected":false},"author":2,"featured_media":460339,"comment_status":"closed","ping_status":"closed","sticky":false,"template":"","format":"standard","meta":{"footnotes":""},"categories":[7374,6815],"tags":[7861,7466,3681,5194,1856,7736],"class_list":["post-460335","post","type-post","status-publish","format-standard","has-post-thumbnail","hentry","category-criminalidade","category-justica","tag-crime-sexual","tag-crime-sexual-de-menor-dependente","tag-cyberseguranca","tag-exploracao-de-menores","tag-franca","tag-pedofilia"],"yoast_head":"<!-- This site is optimized with the Yoast SEO plugin v27.2 - https:\/\/yoast.com\/product\/yoast-seo-wordpress\/ -->\n<title>Plataforma usada no caso Pelicot reaparece em Fran\u00e7a com novo nome - Portal Tela Portugal<\/title>\n<meta name=\"robots\" content=\"index, follow, max-snippet:-1, max-image-preview:large, max-video-preview:-1\" \/>\n<meta property=\"og:locale\" content=\"pt_PT\" \/>\n<meta property=\"og:type\" content=\"article\" \/>\n<meta property=\"og:title\" content=\"Plataforma usada no caso Pelicot reaparece em Fran\u00e7a com novo nome - Portal Tela Portugal\" \/>\n<meta property=\"og:description\" content=\"A plataforma Coco reapareceu em Fran\u00e7a sob o endere\u00e7o cocoland.info, apresentando-se como um chat gratuito, sem verifica\u00e7\u00e3o de idade nem modera\u00e7\u00e3o. A justi\u00e7a francesa abriu uma investiga\u00e7\u00e3o no procurador de Paris sobre a reabertura do site, que ficar\u00e1 a cargo da unidade de ciberseguran\u00e7a da guarda nacional. A Coco esteve ligada a acusa\u00e7\u00f5es de facilitar agress\u00f5es sexuais e emboscadas homof\u00f3bicas, sendo encerrada pelos tribunais em junho de 2024; o caso envolve o processo de Gis\u00e8le Pelicot. O fundador do Coco, Isaac Steidl, foi indiciado em Paris em janeiro de 2025 por crimes incluindo cumplicidade em tr\u00e1fico de droga, posse e distribui\u00e7\u00e3o de pornografia infantil e associa\u00e7\u00e3o criminosa; o seu advogado sustenta que as acusa\u00e7\u00f5es s\u00e3o infundadas. Entre 1 de janeiro de 2021 e 7 de maio de 2024, o Minist\u00e9rio P\u00fablico de Fran\u00e7a abriu n\u00e3o menos que 23.051 processos relacionados com a plataforma Coco, abrangendo 480 v\u00edtimas em v\u00e1rios minist\u00e9rios p\u00fablicos.\" \/>\n<meta property=\"og:url\" content=\"https:\/\/portaltela.pt\/noticias\/2026\/04\/28\/plataforma-usada-no-caso-pelicot-reaparece-em-franca-com-novo-nome\/\" \/>\n<meta property=\"og:site_name\" content=\"Portal Tela Portugal\" \/>\n<meta property=\"article:published_time\" content=\"2026-04-28T18:48:46+00:00\" \/>\n<meta name=\"author\" content=\"Telinha\" \/>\n<meta name=\"twitter:card\" content=\"summary_large_image\" \/>\n<meta name=\"twitter:label1\" content=\"Escrito por\" \/>\n\t<meta name=\"twitter:data1\" content=\"Telinha\" \/>\n\t<meta name=\"twitter:label2\" content=\"Tempo estimado de leitura\" \/>\n\t<meta name=\"twitter:data2\" content=\"1 minuto\" \/>\n<script type=\"application\/ld+json\" class=\"yoast-schema-graph\">{\"@context\":\"https:\/\/schema.org\",\"@graph\":[{\"@type\":\"Article\",\"@id\":\"https:\/\/portaltela.pt\/noticias\/2026\/04\/28\/plataforma-usada-no-caso-pelicot-reaparece-em-franca-com-novo-nome\/#article\",\"isPartOf\":{\"@id\":\"https:\/\/portaltela.pt\/noticias\/2026\/04\/28\/plataforma-usada-no-caso-pelicot-reaparece-em-franca-com-novo-nome\/\"},\"author\":{\"name\":\"Telinha\",\"@id\":\"https:\/\/portaltela.pt\/#\/schema\/person\/c4278d4a6028830caff9ee44b42d32ed\"},\"headline\":\"Plataforma usada no caso Pelicot reaparece em Fran\u00e7a com novo nome\",\"datePublished\":\"2026-04-28T18:48:46+00:00\",\"mainEntityOfPage\":{\"@id\":\"https:\/\/portaltela.pt\/noticias\/2026\/04\/28\/plataforma-usada-no-caso-pelicot-reaparece-em-franca-com-novo-nome\/\"},\"wordCount\":287,\"image\":{\"@id\":\"https:\/\/portaltela.pt\/noticias\/2026\/04\/28\/plataforma-usada-no-caso-pelicot-reaparece-em-franca-com-novo-nome\/#primaryimage\"},\"thumbnailUrl\":\"https:\/\/portaltela.pt\/s.01k8rhncp4jt1\/2026\/04\/image-1618.jpg\",\"keywords\":[\"crime sexual\",\"crime sexual de menor dependente\",\"cyberseguran\u00e7a\",\"explora\u00e7\u00e3o de menores\",\"Fran\u00e7a\",\"pedofilia\"],\"articleSection\":[\"Criminalidade\",\"Justi\u00e7a\"],\"inLanguage\":\"pt-PT\"},{\"@type\":\"WebPage\",\"@id\":\"https:\/\/portaltela.pt\/noticias\/2026\/04\/28\/plataforma-usada-no-caso-pelicot-reaparece-em-franca-com-novo-nome\/\",\"url\":\"https:\/\/portaltela.pt\/noticias\/2026\/04\/28\/plataforma-usada-no-caso-pelicot-reaparece-em-franca-com-novo-nome\/\",\"name\":\"Plataforma usada no caso Pelicot reaparece em Fran\u00e7a com novo nome - Portal Tela Portugal\",\"isPartOf\":{\"@id\":\"https:\/\/portaltela.pt\/#website\"},\"primaryImageOfPage\":{\"@id\":\"https:\/\/portaltela.pt\/noticias\/2026\/04\/28\/plataforma-usada-no-caso-pelicot-reaparece-em-franca-com-novo-nome\/#primaryimage\"},\"image\":{\"@id\":\"https:\/\/portaltela.pt\/noticias\/2026\/04\/28\/plataforma-usada-no-caso-pelicot-reaparece-em-franca-com-novo-nome\/#primaryimage\"},\"thumbnailUrl\":\"https:\/\/portaltela.pt\/s.01k8rhncp4jt1\/2026\/04\/image-1618.jpg\",\"datePublished\":\"2026-04-28T18:48:46+00:00\",\"author\":{\"@id\":\"https:\/\/portaltela.pt\/#\/schema\/person\/c4278d4a6028830caff9ee44b42d32ed\"},\"breadcrumb\":{\"@id\":\"https:\/\/portaltela.pt\/noticias\/2026\/04\/28\/plataforma-usada-no-caso-pelicot-reaparece-em-franca-com-novo-nome\/#breadcrumb\"},\"inLanguage\":\"pt-PT\",\"potentialAction\":[{\"@type\":\"ReadAction\",\"target\":[\"https:\/\/portaltela.pt\/noticias\/2026\/04\/28\/plataforma-usada-no-caso-pelicot-reaparece-em-franca-com-novo-nome\/\"]}]},{\"@type\":\"ImageObject\",\"inLanguage\":\"pt-PT\",\"@id\":\"https:\/\/portaltela.pt\/noticias\/2026\/04\/28\/plataforma-usada-no-caso-pelicot-reaparece-em-franca-com-novo-nome\/#primaryimage\",\"url\":\"https:\/\/portaltela.pt\/s.01k8rhncp4jt1\/2026\/04\/image-1618.jpg\",\"contentUrl\":\"https:\/\/portaltela.pt\/s.01k8rhncp4jt1\/2026\/04\/image-1618.jpg\",\"width\":796,\"height\":448,\"caption\":\"Plataforma facilitou agress\u00f5es sexuais, nomeadamente no caso Gis\u00e8le Pelicot, e emboscadas homof\u00f3bicas\"},{\"@type\":\"BreadcrumbList\",\"@id\":\"https:\/\/portaltela.pt\/noticias\/2026\/04\/28\/plataforma-usada-no-caso-pelicot-reaparece-em-franca-com-novo-nome\/#breadcrumb\",\"itemListElement\":[{\"@type\":\"ListItem\",\"position\":1,\"name\":\"In\u00edcio\",\"item\":\"https:\/\/portaltela.pt\/\"},{\"@type\":\"ListItem\",\"position\":2,\"name\":\"Plataforma usada no caso Pelicot reaparece em Fran\u00e7a com novo nome\"}]},{\"@type\":\"WebSite\",\"@id\":\"https:\/\/portaltela.pt\/#website\",\"url\":\"https:\/\/portaltela.pt\/\",\"name\":\"Portal Tela Portugal\",\"description\":\"\",\"potentialAction\":[{\"@type\":\"SearchAction\",\"target\":{\"@type\":\"EntryPoint\",\"urlTemplate\":\"https:\/\/portaltela.pt\/?s={search_term_string}\"},\"query-input\":{\"@type\":\"PropertyValueSpecification\",\"valueRequired\":true,\"valueName\":\"search_term_string\"}}],\"inLanguage\":\"pt-PT\"},{\"@type\":\"Person\",\"@id\":\"https:\/\/portaltela.pt\/#\/schema\/person\/c4278d4a6028830caff9ee44b42d32ed\",\"name\":\"Telinha\",\"image\":{\"@type\":\"ImageObject\",\"inLanguage\":\"pt-PT\",\"@id\":\"https:\/\/portaltela.pt\/s.01k8rhncp4jt1\/2025\/11\/talking-bot-125x125.png\",\"url\":\"https:\/\/portaltela.pt\/s.01k8rhncp4jt1\/2025\/11\/talking-bot-125x125.png\",\"contentUrl\":\"https:\/\/portaltela.pt\/s.01k8rhncp4jt1\/2025\/11\/talking-bot-125x125.png\",\"caption\":\"Telinha\"},\"sameAs\":[\"https:\/\/portaltela.pt\/\"],\"url\":\"https:\/\/portaltela.pt\/por\/367410592786\/\"}]}<\/script>\n<!-- \/ Yoast SEO plugin. -->","yoast_head_json":{"title":"Plataforma usada no caso Pelicot reaparece em Fran\u00e7a com novo nome - Portal Tela Portugal","robots":{"index":"index","follow":"follow","max-snippet":"max-snippet:-1","max-image-preview":"max-image-preview:large","max-video-preview":"max-video-preview:-1"},"og_locale":"pt_PT","og_type":"article","og_title":"Plataforma usada no caso Pelicot reaparece em Fran\u00e7a com novo nome - Portal Tela Portugal","og_description":"A plataforma Coco reapareceu em Fran\u00e7a sob o endere\u00e7o cocoland.info, apresentando-se como um chat gratuito, sem verifica\u00e7\u00e3o de idade nem modera\u00e7\u00e3o. A justi\u00e7a francesa abriu uma investiga\u00e7\u00e3o no procurador de Paris sobre a reabertura do site, que ficar\u00e1 a cargo da unidade de ciberseguran\u00e7a da guarda nacional. A Coco esteve ligada a acusa\u00e7\u00f5es de facilitar agress\u00f5es sexuais e emboscadas homof\u00f3bicas, sendo encerrada pelos tribunais em junho de 2024; o caso envolve o processo de Gis\u00e8le Pelicot. O fundador do Coco, Isaac Steidl, foi indiciado em Paris em janeiro de 2025 por crimes incluindo cumplicidade em tr\u00e1fico de droga, posse e distribui\u00e7\u00e3o de pornografia infantil e associa\u00e7\u00e3o criminosa; o seu advogado sustenta que as acusa\u00e7\u00f5es s\u00e3o infundadas. Entre 1 de janeiro de 2021 e 7 de maio de 2024, o Minist\u00e9rio P\u00fablico de Fran\u00e7a abriu n\u00e3o menos que 23.051 processos relacionados com a plataforma Coco, abrangendo 480 v\u00edtimas em v\u00e1rios minist\u00e9rios p\u00fablicos.","og_url":"https:\/\/portaltela.pt\/noticias\/2026\/04\/28\/plataforma-usada-no-caso-pelicot-reaparece-em-franca-com-novo-nome\/","og_site_name":"Portal Tela Portugal","article_published_time":"2026-04-28T18:48:46+00:00","author":"Telinha","twitter_card":"summary_large_image","twitter_misc":{"Escrito por":"Telinha","Tempo estimado de leitura":"1 minuto"},"schema":{"@context":"https:\/\/schema.org","@graph":[{"@type":"Article","@id":"https:\/\/portaltela.pt\/noticias\/2026\/04\/28\/plataforma-usada-no-caso-pelicot-reaparece-em-franca-com-novo-nome\/#article","isPartOf":{"@id":"https:\/\/portaltela.pt\/noticias\/2026\/04\/28\/plataforma-usada-no-caso-pelicot-reaparece-em-franca-com-novo-nome\/"},"author":{"name":"Telinha","@id":"https:\/\/portaltela.pt\/#\/schema\/person\/c4278d4a6028830caff9ee44b42d32ed"},"headline":"Plataforma usada no caso Pelicot reaparece em Fran\u00e7a com novo nome","datePublished":"2026-04-28T18:48:46+00:00","mainEntityOfPage":{"@id":"https:\/\/portaltela.pt\/noticias\/2026\/04\/28\/plataforma-usada-no-caso-pelicot-reaparece-em-franca-com-novo-nome\/"},"wordCount":287,"image":{"@id":"https:\/\/portaltela.pt\/noticias\/2026\/04\/28\/plataforma-usada-no-caso-pelicot-reaparece-em-franca-com-novo-nome\/#primaryimage"},"thumbnailUrl":"https:\/\/portaltela.pt\/s.01k8rhncp4jt1\/2026\/04\/image-1618.jpg","keywords":["crime sexual","crime sexual de menor dependente","cyberseguran\u00e7a","explora\u00e7\u00e3o de menores","Fran\u00e7a","pedofilia"],"articleSection":["Criminalidade","Justi\u00e7a"],"inLanguage":"pt-PT"},{"@type":"WebPage","@id":"https:\/\/portaltela.pt\/noticias\/2026\/04\/28\/plataforma-usada-no-caso-pelicot-reaparece-em-franca-com-novo-nome\/","url":"https:\/\/portaltela.pt\/noticias\/2026\/04\/28\/plataforma-usada-no-caso-pelicot-reaparece-em-franca-com-novo-nome\/","name":"Plataforma usada no caso Pelicot reaparece em Fran\u00e7a com novo nome - Portal Tela Portugal","isPartOf":{"@id":"https:\/\/portaltela.pt\/#website"},"primaryImageOfPage":{"@id":"https:\/\/portaltela.pt\/noticias\/2026\/04\/28\/plataforma-usada-no-caso-pelicot-reaparece-em-franca-com-novo-nome\/#primaryimage"},"image":{"@id":"https:\/\/portaltela.pt\/noticias\/2026\/04\/28\/plataforma-usada-no-caso-pelicot-reaparece-em-franca-com-novo-nome\/#primaryimage"},"thumbnailUrl":"https:\/\/portaltela.pt\/s.01k8rhncp4jt1\/2026\/04\/image-1618.jpg","datePublished":"2026-04-28T18:48:46+00:00","author":{"@id":"https:\/\/portaltela.pt\/#\/schema\/person\/c4278d4a6028830caff9ee44b42d32ed"},"breadcrumb":{"@id":"https:\/\/portaltela.pt\/noticias\/2026\/04\/28\/plataforma-usada-no-caso-pelicot-reaparece-em-franca-com-novo-nome\/#breadcrumb"},"inLanguage":"pt-PT","potentialAction":[{"@type":"ReadAction","target":["https:\/\/portaltela.pt\/noticias\/2026\/04\/28\/plataforma-usada-no-caso-pelicot-reaparece-em-franca-com-novo-nome\/"]}]},{"@type":"ImageObject","inLanguage":"pt-PT","@id":"https:\/\/portaltela.pt\/noticias\/2026\/04\/28\/plataforma-usada-no-caso-pelicot-reaparece-em-franca-com-novo-nome\/#primaryimage","url":"https:\/\/portaltela.pt\/s.01k8rhncp4jt1\/2026\/04\/image-1618.jpg","contentUrl":"https:\/\/portaltela.pt\/s.01k8rhncp4jt1\/2026\/04\/image-1618.jpg","width":796,"height":448,"caption":"Plataforma facilitou agress\u00f5es sexuais, nomeadamente no caso Gis\u00e8le Pelicot, e emboscadas homof\u00f3bicas"},{"@type":"BreadcrumbList","@id":"https:\/\/portaltela.pt\/noticias\/2026\/04\/28\/plataforma-usada-no-caso-pelicot-reaparece-em-franca-com-novo-nome\/#breadcrumb","itemListElement":[{"@type":"ListItem","position":1,"name":"In\u00edcio","item":"https:\/\/portaltela.pt\/"},{"@type":"ListItem","position":2,"name":"Plataforma usada no caso Pelicot reaparece em Fran\u00e7a com novo nome"}]},{"@type":"WebSite","@id":"https:\/\/portaltela.pt\/#website","url":"https:\/\/portaltela.pt\/","name":"Portal Tela Portugal","description":"","potentialAction":[{"@type":"SearchAction","target":{"@type":"EntryPoint","urlTemplate":"https:\/\/portaltela.pt\/?s={search_term_string}"},"query-input":{"@type":"PropertyValueSpecification","valueRequired":true,"valueName":"search_term_string"}}],"inLanguage":"pt-PT"},{"@type":"Person","@id":"https:\/\/portaltela.pt\/#\/schema\/person\/c4278d4a6028830caff9ee44b42d32ed","name":"Telinha","image":{"@type":"ImageObject","inLanguage":"pt-PT","@id":"https:\/\/portaltela.pt\/s.01k8rhncp4jt1\/2025\/11\/talking-bot-125x125.png","url":"https:\/\/portaltela.pt\/s.01k8rhncp4jt1\/2025\/11\/talking-bot-125x125.png","contentUrl":"https:\/\/portaltela.pt\/s.01k8rhncp4jt1\/2025\/11\/talking-bot-125x125.png","caption":"Telinha"},"sameAs":["https:\/\/portaltela.pt\/"],"url":"https:\/\/portaltela.pt\/por\/367410592786\/"}]}},"_links":{"self":[{"href":"https:\/\/portaltela.pt\/api\/wp\/v2\/posts\/460335","targetHints":{"allow":["GET"]}}],"collection":[{"href":"https:\/\/portaltela.pt\/api\/wp\/v2\/posts"}],"about":[{"href":"https:\/\/portaltela.pt\/api\/wp\/v2\/types\/post"}],"author":[{"embeddable":true,"href":"https:\/\/portaltela.pt\/api\/wp\/v2\/users\/2"}],"replies":[{"embeddable":true,"href":"https:\/\/portaltela.pt\/api\/wp\/v2\/comments?post=460335"}],"version-history":[{"count":0,"href":"https:\/\/portaltela.pt\/api\/wp\/v2\/posts\/460335\/revisions"}],"wp:featuredmedia":[{"embeddable":true,"href":"https:\/\/portaltela.pt\/api\/wp\/v2\/media\/460339"}],"wp:attachment":[{"href":"https:\/\/portaltela.pt\/api\/wp\/v2\/media?parent=460335"}],"wp:term":[{"taxonomy":"category","embeddable":true,"href":"https:\/\/portaltela.pt\/api\/wp\/v2\/categories?post=460335"},{"taxonomy":"post_tag","embeddable":true,"href":"https:\/\/portaltela.pt\/api\/wp\/v2\/tags?post=460335"}],"curies":[{"name":"wp","href":"https:\/\/api.w.org\/{rel}","templated":true}]}}