{"id":460331,"date":"2026-04-28T15:48:39","date_gmt":"2026-04-28T18:48:39","guid":{"rendered":"https:\/\/portaltela.pt\/noticias\/2026\/04\/28\/governo-garante-que-ptrr-nao-compromete-prr-nem-pt-2030-2\/"},"modified":"2026-04-28T15:48:39","modified_gmt":"2026-04-28T18:48:39","slug":"governo-garante-que-ptrr-nao-compromete-prr-nem-pt-2030-2","status":"publish","type":"post","link":"https:\/\/portaltela.pt\/noticias\/economia\/2026\/04\/28\/governo-garante-que-ptrr-nao-compromete-prr-nem-pt-2030-2\/","title":{"rendered":"Governo garante que PTRR n\u00e3o compromete PRR nem PT 2030"},"content":{"rendered":"<p>O PTRR, apresentado hoje, ter\u00e1 um envelope de 22,6 mil milh\u00f5es de euros e um horizonte de nove anos. O Governo explica que o plano n\u00e3o substitui o PRR, o Portugal 2030 nem o pr\u00f3ximo quadro financeiro 2028-2034.<\/p>\n<p>O executivo de Lu\u00eds Montenegro assegura que o PTRR n\u00e3o compromete os instrumentos europeus j\u00e1 existentes, que mant\u00eam a sua voca\u00e7\u00e3o e n\u00e3o ficam maioritariamente comprometidos. O objetivo \u00e9 assegurar complementaridade com outros mecanismos de financiamento.<\/p>\n<p>O financiamento do PTRR resulta de v\u00e1rias fontes. Cerca de 8,4 mil milh\u00f5es de euros v\u00eam das Administra\u00e7\u00f5es P\u00fablicas, 4,2 mil milh\u00f5es de euros de fundos europeus, 2,4 mil milh\u00f5es de euros da Global Parques e de \u00c1guas de Portugal e 7,6 mil milh\u00f5es de euros de privados, concess\u00f5es e PPP.<\/p>\n<h3>Financiamento e pilares<\/h3>\n<p>A apresenta\u00e7\u00e3o ocorreu no Pavilh\u00e3o de Portugal, em Lisboa, com o primeiro-ministro Lu\u00eds Montenegro como \u00fanico orador. O PTRR foi anunciado em fevereiro, ap\u00f3s as tempestades de janeiro e fevereiro que causaram v\u00edtimas e desalojados.<\/p>\n<h3>Contexto e objetivos<\/h3>\n<p>O programa assenta em tr\u00eas pilares: recuperar, proteger e responder. O Governo destaca que o PTRR surge no \u00e2mbito da estrat\u00e9gia de recupera\u00e7\u00e3o nacional sem alterar compromissos j\u00e1 assumidos com o PRR e o Portugal 2030.<\/p>\n","protected":false},"excerpt":{"rendered":"<ul>\n<li>O PTRR tem um envelope financeiro de 22,6 mil milh\u00f5es de euros para nove anos e n\u00e3o substitui o Portugal 2030, o PRR nem o pr\u00f3ximo Quadro Financeiro plurianual.<\/li>\n<li>O financiamento do PTRR resulta de v\u00e1rias fontes, incluindo cerca de 8,4 mil milh\u00f5es de euros das Administra\u00e7\u00f5es P\u00fablicas.<\/li>\n<li>S\u00e3o 4,2 mil milh\u00f5es de euros de fundos europeus (Portugal 2030, PRR, Fundo de Solidariedade da Uni\u00e3o Europeia e o pr\u00f3ximo QFP).<\/li>\n<li>Compreendem ainda 2,4 mil milh\u00f5es de euros da Global Parques e de \u00c1guas de Portugal e 7,6 mil milh\u00f5es de euros de privados, concess\u00f5es e parcerias p\u00fablico-privadas.<\/li>\n<li>O PTRR foi apresentado hoje no Pavilh\u00e3o de Portugal, em Lisboa, pelo primeiro-ministro Lu\u00eds Montenegro, que n\u00e3o respondeu a perguntas; o programa assenta em tr\u00eas pilares: recuperar, proteger e responder.<\/li>\n<\/ul>\n","protected":false},"author":2,"featured_media":460341,"comment_status":"closed","ping_status":"closed","sticky":false,"template":"","format":"standard","meta":{"footnotes":""},"categories":[2,6850],"tags":[7927,8829,7952,8924,9879,8535],"class_list":["post-460331","post","type-post","status-publish","format-standard","has-post-thumbnail","hentry","category-economia","category-financas","tag-_administracao-publica","tag-_financiamento","tag-_governo","tag-_parcerias-internacionais","tag-_portugal-2030","tag-_recuperacao-economica"],"yoast_head":"<!-- This site is optimized with the Yoast SEO plugin v27.2 - https:\/\/yoast.com\/product\/yoast-seo-wordpress\/ -->\n<title>Governo garante que PTRR n\u00e3o compromete PRR nem PT 2030 - Portal Tela Portugal<\/title>\n<meta name=\"robots\" content=\"index, follow, max-snippet:-1, max-image-preview:large, max-video-preview:-1\" \/>\n<meta property=\"og:locale\" content=\"pt_PT\" \/>\n<meta property=\"og:type\" content=\"article\" \/>\n<meta property=\"og:title\" content=\"Governo garante que PTRR n\u00e3o compromete PRR nem PT 2030 - Portal Tela Portugal\" \/>\n<meta property=\"og:description\" content=\"O PTRR tem um envelope financeiro de 22,6 mil milh\u00f5es de euros para nove anos e n\u00e3o substitui o Portugal 2030, o PRR nem o pr\u00f3ximo Quadro Financeiro plurianual. O financiamento do PTRR resulta de v\u00e1rias fontes, incluindo cerca de 8,4 mil milh\u00f5es de euros das Administra\u00e7\u00f5es P\u00fablicas. S\u00e3o 4,2 mil milh\u00f5es de euros de fundos europeus (Portugal 2030, PRR, Fundo de Solidariedade da Uni\u00e3o Europeia e o pr\u00f3ximo QFP). Compreendem ainda 2,4 mil milh\u00f5es de euros da Global Parques e de \u00c1guas de Portugal e 7,6 mil milh\u00f5es de euros de privados, concess\u00f5es e parcerias p\u00fablico-privadas. O PTRR foi apresentado hoje no Pavilh\u00e3o de Portugal, em Lisboa, pelo primeiro-ministro Lu\u00eds Montenegro, que n\u00e3o respondeu a perguntas; o programa assenta em tr\u00eas pilares: recuperar, proteger e responder.\" \/>\n<meta property=\"og:url\" content=\"https:\/\/portaltela.pt\/noticias\/2026\/04\/28\/governo-garante-que-ptrr-nao-compromete-prr-nem-pt-2030-2\/\" \/>\n<meta property=\"og:site_name\" content=\"Portal Tela Portugal\" \/>\n<meta property=\"article:published_time\" content=\"2026-04-28T18:48:39+00:00\" \/>\n<meta name=\"author\" content=\"Telinha\" \/>\n<meta name=\"twitter:card\" content=\"summary_large_image\" \/>\n<meta name=\"twitter:label1\" content=\"Escrito por\" \/>\n\t<meta name=\"twitter:data1\" content=\"Telinha\" \/>\n\t<meta name=\"twitter:label2\" content=\"Tempo estimado de leitura\" \/>\n\t<meta name=\"twitter:data2\" content=\"1 minuto\" \/>\n<script type=\"application\/ld+json\" class=\"yoast-schema-graph\">{\"@context\":\"https:\/\/schema.org\",\"@graph\":[{\"@type\":\"Article\",\"@id\":\"https:\/\/portaltela.pt\/noticias\/2026\/04\/28\/governo-garante-que-ptrr-nao-compromete-prr-nem-pt-2030-2\/#article\",\"isPartOf\":{\"@id\":\"https:\/\/portaltela.pt\/noticias\/2026\/04\/28\/governo-garante-que-ptrr-nao-compromete-prr-nem-pt-2030-2\/\"},\"author\":{\"name\":\"Telinha\",\"@id\":\"https:\/\/portaltela.pt\/#\/schema\/person\/c4278d4a6028830caff9ee44b42d32ed\"},\"headline\":\"Governo garante que PTRR n\u00e3o compromete PRR nem PT 2030\",\"datePublished\":\"2026-04-28T18:48:39+00:00\",\"mainEntityOfPage\":{\"@id\":\"https:\/\/portaltela.pt\/noticias\/2026\/04\/28\/governo-garante-que-ptrr-nao-compromete-prr-nem-pt-2030-2\/\"},\"wordCount\":229,\"image\":{\"@id\":\"https:\/\/portaltela.pt\/noticias\/2026\/04\/28\/governo-garante-que-ptrr-nao-compromete-prr-nem-pt-2030-2\/#primaryimage\"},\"thumbnailUrl\":\"https:\/\/portaltela.pt\/s.01k8rhncp4jt1\/2026\/04\/image-1619.jpg\",\"keywords\":[\"_administra\u00e7\u00e3o p\u00fablica\",\"_financiamento\",\"_governo\",\"_parcerias internacionais\",\"_Portugal 2030\",\"_recupera\u00e7\u00e3o econ\u00f4mica\"],\"articleSection\":[\"Economia\",\"Finan\u00e7as\"],\"inLanguage\":\"pt-PT\"},{\"@type\":\"WebPage\",\"@id\":\"https:\/\/portaltela.pt\/noticias\/2026\/04\/28\/governo-garante-que-ptrr-nao-compromete-prr-nem-pt-2030-2\/\",\"url\":\"https:\/\/portaltela.pt\/noticias\/2026\/04\/28\/governo-garante-que-ptrr-nao-compromete-prr-nem-pt-2030-2\/\",\"name\":\"Governo garante que PTRR n\u00e3o compromete PRR nem PT 2030 - Portal Tela Portugal\",\"isPartOf\":{\"@id\":\"https:\/\/portaltela.pt\/#website\"},\"primaryImageOfPage\":{\"@id\":\"https:\/\/portaltela.pt\/noticias\/2026\/04\/28\/governo-garante-que-ptrr-nao-compromete-prr-nem-pt-2030-2\/#primaryimage\"},\"image\":{\"@id\":\"https:\/\/portaltela.pt\/noticias\/2026\/04\/28\/governo-garante-que-ptrr-nao-compromete-prr-nem-pt-2030-2\/#primaryimage\"},\"thumbnailUrl\":\"https:\/\/portaltela.pt\/s.01k8rhncp4jt1\/2026\/04\/image-1619.jpg\",\"datePublished\":\"2026-04-28T18:48:39+00:00\",\"author\":{\"@id\":\"https:\/\/portaltela.pt\/#\/schema\/person\/c4278d4a6028830caff9ee44b42d32ed\"},\"breadcrumb\":{\"@id\":\"https:\/\/portaltela.pt\/noticias\/2026\/04\/28\/governo-garante-que-ptrr-nao-compromete-prr-nem-pt-2030-2\/#breadcrumb\"},\"inLanguage\":\"pt-PT\",\"potentialAction\":[{\"@type\":\"ReadAction\",\"target\":[\"https:\/\/portaltela.pt\/noticias\/2026\/04\/28\/governo-garante-que-ptrr-nao-compromete-prr-nem-pt-2030-2\/\"]}]},{\"@type\":\"ImageObject\",\"inLanguage\":\"pt-PT\",\"@id\":\"https:\/\/portaltela.pt\/noticias\/2026\/04\/28\/governo-garante-que-ptrr-nao-compromete-prr-nem-pt-2030-2\/#primaryimage\",\"url\":\"https:\/\/portaltela.pt\/s.01k8rhncp4jt1\/2026\/04\/image-1619.jpg\",\"contentUrl\":\"https:\/\/portaltela.pt\/s.01k8rhncp4jt1\/2026\/04\/image-1619.jpg\",\"width\":796,\"height\":448,\"caption\":\"O financiamento do PTRR abrange uma combina\u00e7\u00e3o de fontes, nomeadamente cerca de 8400 milh\u00f5es de euros das Administra\u00e7\u00f5es P\u00fablicas\"},{\"@type\":\"BreadcrumbList\",\"@id\":\"https:\/\/portaltela.pt\/noticias\/2026\/04\/28\/governo-garante-que-ptrr-nao-compromete-prr-nem-pt-2030-2\/#breadcrumb\",\"itemListElement\":[{\"@type\":\"ListItem\",\"position\":1,\"name\":\"In\u00edcio\",\"item\":\"https:\/\/portaltela.pt\/\"},{\"@type\":\"ListItem\",\"position\":2,\"name\":\"Governo garante que PTRR n\u00e3o compromete PRR nem PT 2030\"}]},{\"@type\":\"WebSite\",\"@id\":\"https:\/\/portaltela.pt\/#website\",\"url\":\"https:\/\/portaltela.pt\/\",\"name\":\"Portal Tela Portugal\",\"description\":\"\",\"potentialAction\":[{\"@type\":\"SearchAction\",\"target\":{\"@type\":\"EntryPoint\",\"urlTemplate\":\"https:\/\/portaltela.pt\/?s={search_term_string}\"},\"query-input\":{\"@type\":\"PropertyValueSpecification\",\"valueRequired\":true,\"valueName\":\"search_term_string\"}}],\"inLanguage\":\"pt-PT\"},{\"@type\":\"Person\",\"@id\":\"https:\/\/portaltela.pt\/#\/schema\/person\/c4278d4a6028830caff9ee44b42d32ed\",\"name\":\"Telinha\",\"image\":{\"@type\":\"ImageObject\",\"inLanguage\":\"pt-PT\",\"@id\":\"https:\/\/portaltela.pt\/s.01k8rhncp4jt1\/2025\/11\/talking-bot-125x125.png\",\"url\":\"https:\/\/portaltela.pt\/s.01k8rhncp4jt1\/2025\/11\/talking-bot-125x125.png\",\"contentUrl\":\"https:\/\/portaltela.pt\/s.01k8rhncp4jt1\/2025\/11\/talking-bot-125x125.png\",\"caption\":\"Telinha\"},\"sameAs\":[\"https:\/\/portaltela.pt\/\"],\"url\":\"https:\/\/portaltela.pt\/por\/367410592786\/\"}]}<\/script>\n<!-- \/ Yoast SEO plugin. -->","yoast_head_json":{"title":"Governo garante que PTRR n\u00e3o compromete PRR nem PT 2030 - Portal Tela Portugal","robots":{"index":"index","follow":"follow","max-snippet":"max-snippet:-1","max-image-preview":"max-image-preview:large","max-video-preview":"max-video-preview:-1"},"og_locale":"pt_PT","og_type":"article","og_title":"Governo garante que PTRR n\u00e3o compromete PRR nem PT 2030 - Portal Tela Portugal","og_description":"O PTRR tem um envelope financeiro de 22,6 mil milh\u00f5es de euros para nove anos e n\u00e3o substitui o Portugal 2030, o PRR nem o pr\u00f3ximo Quadro Financeiro plurianual. O financiamento do PTRR resulta de v\u00e1rias fontes, incluindo cerca de 8,4 mil milh\u00f5es de euros das Administra\u00e7\u00f5es P\u00fablicas. S\u00e3o 4,2 mil milh\u00f5es de euros de fundos europeus (Portugal 2030, PRR, Fundo de Solidariedade da Uni\u00e3o Europeia e o pr\u00f3ximo QFP). Compreendem ainda 2,4 mil milh\u00f5es de euros da Global Parques e de \u00c1guas de Portugal e 7,6 mil milh\u00f5es de euros de privados, concess\u00f5es e parcerias p\u00fablico-privadas. O PTRR foi apresentado hoje no Pavilh\u00e3o de Portugal, em Lisboa, pelo primeiro-ministro Lu\u00eds Montenegro, que n\u00e3o respondeu a perguntas; o programa assenta em tr\u00eas pilares: recuperar, proteger e responder.","og_url":"https:\/\/portaltela.pt\/noticias\/2026\/04\/28\/governo-garante-que-ptrr-nao-compromete-prr-nem-pt-2030-2\/","og_site_name":"Portal Tela Portugal","article_published_time":"2026-04-28T18:48:39+00:00","author":"Telinha","twitter_card":"summary_large_image","twitter_misc":{"Escrito por":"Telinha","Tempo estimado de leitura":"1 minuto"},"schema":{"@context":"https:\/\/schema.org","@graph":[{"@type":"Article","@id":"https:\/\/portaltela.pt\/noticias\/2026\/04\/28\/governo-garante-que-ptrr-nao-compromete-prr-nem-pt-2030-2\/#article","isPartOf":{"@id":"https:\/\/portaltela.pt\/noticias\/2026\/04\/28\/governo-garante-que-ptrr-nao-compromete-prr-nem-pt-2030-2\/"},"author":{"name":"Telinha","@id":"https:\/\/portaltela.pt\/#\/schema\/person\/c4278d4a6028830caff9ee44b42d32ed"},"headline":"Governo garante que PTRR n\u00e3o compromete PRR nem PT 2030","datePublished":"2026-04-28T18:48:39+00:00","mainEntityOfPage":{"@id":"https:\/\/portaltela.pt\/noticias\/2026\/04\/28\/governo-garante-que-ptrr-nao-compromete-prr-nem-pt-2030-2\/"},"wordCount":229,"image":{"@id":"https:\/\/portaltela.pt\/noticias\/2026\/04\/28\/governo-garante-que-ptrr-nao-compromete-prr-nem-pt-2030-2\/#primaryimage"},"thumbnailUrl":"https:\/\/portaltela.pt\/s.01k8rhncp4jt1\/2026\/04\/image-1619.jpg","keywords":["_administra\u00e7\u00e3o p\u00fablica","_financiamento","_governo","_parcerias internacionais","_Portugal 2030","_recupera\u00e7\u00e3o econ\u00f4mica"],"articleSection":["Economia","Finan\u00e7as"],"inLanguage":"pt-PT"},{"@type":"WebPage","@id":"https:\/\/portaltela.pt\/noticias\/2026\/04\/28\/governo-garante-que-ptrr-nao-compromete-prr-nem-pt-2030-2\/","url":"https:\/\/portaltela.pt\/noticias\/2026\/04\/28\/governo-garante-que-ptrr-nao-compromete-prr-nem-pt-2030-2\/","name":"Governo garante que PTRR n\u00e3o compromete PRR nem PT 2030 - Portal Tela Portugal","isPartOf":{"@id":"https:\/\/portaltela.pt\/#website"},"primaryImageOfPage":{"@id":"https:\/\/portaltela.pt\/noticias\/2026\/04\/28\/governo-garante-que-ptrr-nao-compromete-prr-nem-pt-2030-2\/#primaryimage"},"image":{"@id":"https:\/\/portaltela.pt\/noticias\/2026\/04\/28\/governo-garante-que-ptrr-nao-compromete-prr-nem-pt-2030-2\/#primaryimage"},"thumbnailUrl":"https:\/\/portaltela.pt\/s.01k8rhncp4jt1\/2026\/04\/image-1619.jpg","datePublished":"2026-04-28T18:48:39+00:00","author":{"@id":"https:\/\/portaltela.pt\/#\/schema\/person\/c4278d4a6028830caff9ee44b42d32ed"},"breadcrumb":{"@id":"https:\/\/portaltela.pt\/noticias\/2026\/04\/28\/governo-garante-que-ptrr-nao-compromete-prr-nem-pt-2030-2\/#breadcrumb"},"inLanguage":"pt-PT","potentialAction":[{"@type":"ReadAction","target":["https:\/\/portaltela.pt\/noticias\/2026\/04\/28\/governo-garante-que-ptrr-nao-compromete-prr-nem-pt-2030-2\/"]}]},{"@type":"ImageObject","inLanguage":"pt-PT","@id":"https:\/\/portaltela.pt\/noticias\/2026\/04\/28\/governo-garante-que-ptrr-nao-compromete-prr-nem-pt-2030-2\/#primaryimage","url":"https:\/\/portaltela.pt\/s.01k8rhncp4jt1\/2026\/04\/image-1619.jpg","contentUrl":"https:\/\/portaltela.pt\/s.01k8rhncp4jt1\/2026\/04\/image-1619.jpg","width":796,"height":448,"caption":"O financiamento do PTRR abrange uma combina\u00e7\u00e3o de fontes, nomeadamente cerca de 8400 milh\u00f5es de euros das Administra\u00e7\u00f5es P\u00fablicas"},{"@type":"BreadcrumbList","@id":"https:\/\/portaltela.pt\/noticias\/2026\/04\/28\/governo-garante-que-ptrr-nao-compromete-prr-nem-pt-2030-2\/#breadcrumb","itemListElement":[{"@type":"ListItem","position":1,"name":"In\u00edcio","item":"https:\/\/portaltela.pt\/"},{"@type":"ListItem","position":2,"name":"Governo garante que PTRR n\u00e3o compromete PRR nem PT 2030"}]},{"@type":"WebSite","@id":"https:\/\/portaltela.pt\/#website","url":"https:\/\/portaltela.pt\/","name":"Portal Tela Portugal","description":"","potentialAction":[{"@type":"SearchAction","target":{"@type":"EntryPoint","urlTemplate":"https:\/\/portaltela.pt\/?s={search_term_string}"},"query-input":{"@type":"PropertyValueSpecification","valueRequired":true,"valueName":"search_term_string"}}],"inLanguage":"pt-PT"},{"@type":"Person","@id":"https:\/\/portaltela.pt\/#\/schema\/person\/c4278d4a6028830caff9ee44b42d32ed","name":"Telinha","image":{"@type":"ImageObject","inLanguage":"pt-PT","@id":"https:\/\/portaltela.pt\/s.01k8rhncp4jt1\/2025\/11\/talking-bot-125x125.png","url":"https:\/\/portaltela.pt\/s.01k8rhncp4jt1\/2025\/11\/talking-bot-125x125.png","contentUrl":"https:\/\/portaltela.pt\/s.01k8rhncp4jt1\/2025\/11\/talking-bot-125x125.png","caption":"Telinha"},"sameAs":["https:\/\/portaltela.pt\/"],"url":"https:\/\/portaltela.pt\/por\/367410592786\/"}]}},"_links":{"self":[{"href":"https:\/\/portaltela.pt\/api\/wp\/v2\/posts\/460331","targetHints":{"allow":["GET"]}}],"collection":[{"href":"https:\/\/portaltela.pt\/api\/wp\/v2\/posts"}],"about":[{"href":"https:\/\/portaltela.pt\/api\/wp\/v2\/types\/post"}],"author":[{"embeddable":true,"href":"https:\/\/portaltela.pt\/api\/wp\/v2\/users\/2"}],"replies":[{"embeddable":true,"href":"https:\/\/portaltela.pt\/api\/wp\/v2\/comments?post=460331"}],"version-history":[{"count":0,"href":"https:\/\/portaltela.pt\/api\/wp\/v2\/posts\/460331\/revisions"}],"wp:featuredmedia":[{"embeddable":true,"href":"https:\/\/portaltela.pt\/api\/wp\/v2\/media\/460341"}],"wp:attachment":[{"href":"https:\/\/portaltela.pt\/api\/wp\/v2\/media?parent=460331"}],"wp:term":[{"taxonomy":"category","embeddable":true,"href":"https:\/\/portaltela.pt\/api\/wp\/v2\/categories?post=460331"},{"taxonomy":"post_tag","embeddable":true,"href":"https:\/\/portaltela.pt\/api\/wp\/v2\/tags?post=460331"}],"curies":[{"name":"wp","href":"https:\/\/api.w.org\/{rel}","templated":true}]}}