{"id":460325,"date":"2026-04-28T15:48:28","date_gmt":"2026-04-28T18:48:28","guid":{"rendered":"https:\/\/portaltela.pt\/noticias\/2026\/04\/28\/lider-da-bancada-do-chega-em-matosinhos-gera-duvidas\/"},"modified":"2026-04-28T15:48:28","modified_gmt":"2026-04-28T18:48:28","slug":"lider-da-bancada-do-chega-em-matosinhos-gera-duvidas","status":"publish","type":"post","link":"https:\/\/portaltela.pt\/noticias\/politica\/2026\/04\/28\/lider-da-bancada-do-chega-em-matosinhos-gera-duvidas\/","title":{"rendered":"L\u00edder da bancada do Chega em Matosinhos gera d\u00favidas"},"content":{"rendered":"<p>A lideran\u00e7a da bancada do Chega na Assembleia Municipal de Matosinhos est\u00e1 a gerar d\u00favidas ap\u00f3s a sess\u00e3o da passada segunda-feira. Paulo Alves foi destitu\u00eddo do cargo, e Virg\u00edlio Moreira venceu as novas elei\u00e7\u00f5es para a lideran\u00e7a.<\/p>\n<p>Entretanto, a distrital do Porto do Chega enviou um documento a indicar que o l\u00edder continua a ser Paulo Alves. A assembleia n\u00e3o aceita designa\u00e7\u00f5es internas dos partidos para definir o l\u00edder de bancada.<\/p>\n<p>Rui Afonso, presidente da distrital do Porto, foi contactado pelo JN, mas optou por n\u00e3o comentar o assunto. A situa\u00e7\u00e3o cria d\u00favidas sobre quem efetivamente representa o partido na C\u00e2mara.<\/p>\n<p>A nota oficial do partido n\u00e3o altera o facto de a assembleia exigir que a designa\u00e7\u00e3o seja definida de forma institucional, para evitar ambiguidades durante as vota\u00e7\u00f5es e debates.<\/p>\n<p>O epis\u00f3dio evidencia diverg\u00eancias internas entre as estruturas distritais e municipais do Chega e n\u00e3o trouxe declara\u00e7\u00f5es adicionais por parte das fontes contactadas pelo jornal.<\/p>\n","protected":false},"excerpt":{"rendered":"<ul>\n<li>O l\u00edder de bancada do Chega na Assembleia Municipal de Matosinhos \u00e9 alvo de d\u00favidas entre Paulo Alves e Virg\u00edlio Moreira.<\/li>\n<li>O epis\u00f3dio ocorreu na sess\u00e3o realizada na passada segunda-feira, com Paulo Alves destitu\u00eddo e Virg\u00edlio Moreira eleito em seguida.<\/li>\n<li>A distrital do Porto do Chega disse, em documento, que o l\u00edder de bancada continuaria a ser Paulo Alves.<\/li>\n<li>A Assembleia Municipal de Matosinhos n\u00e3o admite designa\u00e7\u00f5es partid\u00e1rias para a lideran\u00e7a; assim, considera Virg\u00edlio Moreira como l\u00edder de bancada.<\/li>\n<li>O presidente da distrital do Porto do Chega, Rui Afonso, recusou comentar o assunto quando contactado pelo JN.<\/li>\n<\/ul>\n","protected":false},"author":2,"featured_media":460334,"comment_status":"closed","ping_status":"closed","sticky":false,"template":"","format":"standard","meta":{"footnotes":""},"categories":[1,5],"tags":[8736,8095,8440,8059,8088,5483],"class_list":["post-460325","post","type-post","status-publish","format-standard","has-post-thumbnail","hentry","category-noticias","category-politica","tag-_chega","tag-_lideranca","tag-_matosinhos","tag-_politica-interna","tag-_porto","tag-assembleia-municipal"],"yoast_head":"<!-- This site is optimized with the Yoast SEO plugin v27.2 - https:\/\/yoast.com\/product\/yoast-seo-wordpress\/ -->\n<title>L\u00edder da bancada do Chega em Matosinhos gera d\u00favidas - Portal Tela Portugal<\/title>\n<meta name=\"robots\" content=\"index, follow, max-snippet:-1, max-image-preview:large, max-video-preview:-1\" \/>\n<meta property=\"og:locale\" content=\"pt_PT\" \/>\n<meta property=\"og:type\" content=\"article\" \/>\n<meta property=\"og:title\" content=\"L\u00edder da bancada do Chega em Matosinhos gera d\u00favidas - Portal Tela Portugal\" \/>\n<meta property=\"og:description\" content=\"O l\u00edder de bancada do Chega na Assembleia Municipal de Matosinhos \u00e9 alvo de d\u00favidas entre Paulo Alves e Virg\u00edlio Moreira. O epis\u00f3dio ocorreu na sess\u00e3o realizada na passada segunda-feira, com Paulo Alves destitu\u00eddo e Virg\u00edlio Moreira eleito em seguida. A distrital do Porto do Chega disse, em documento, que o l\u00edder de bancada continuaria a ser Paulo Alves. A Assembleia Municipal de Matosinhos n\u00e3o admite designa\u00e7\u00f5es partid\u00e1rias para a lideran\u00e7a; assim, considera Virg\u00edlio Moreira como l\u00edder de bancada. O presidente da distrital do Porto do Chega, Rui Afonso, recusou comentar o assunto quando contactado pelo JN.\" \/>\n<meta property=\"og:url\" content=\"https:\/\/portaltela.pt\/noticias\/2026\/04\/28\/lider-da-bancada-do-chega-em-matosinhos-gera-duvidas\/\" \/>\n<meta property=\"og:site_name\" content=\"Portal Tela Portugal\" \/>\n<meta property=\"article:published_time\" content=\"2026-04-28T18:48:28+00:00\" \/>\n<meta name=\"author\" content=\"Telinha\" \/>\n<meta name=\"twitter:card\" content=\"summary_large_image\" \/>\n<meta name=\"twitter:label1\" content=\"Escrito por\" \/>\n\t<meta name=\"twitter:data1\" content=\"Telinha\" \/>\n\t<meta name=\"twitter:label2\" content=\"Tempo estimado de leitura\" \/>\n\t<meta name=\"twitter:data2\" content=\"1 minuto\" \/>\n<script type=\"application\/ld+json\" class=\"yoast-schema-graph\">{\"@context\":\"https:\/\/schema.org\",\"@graph\":[{\"@type\":\"Article\",\"@id\":\"https:\/\/portaltela.pt\/noticias\/2026\/04\/28\/lider-da-bancada-do-chega-em-matosinhos-gera-duvidas\/#article\",\"isPartOf\":{\"@id\":\"https:\/\/portaltela.pt\/noticias\/2026\/04\/28\/lider-da-bancada-do-chega-em-matosinhos-gera-duvidas\/\"},\"author\":{\"name\":\"Telinha\",\"@id\":\"https:\/\/portaltela.pt\/#\/schema\/person\/c4278d4a6028830caff9ee44b42d32ed\"},\"headline\":\"L\u00edder da bancada do Chega em Matosinhos gera d\u00favidas\",\"datePublished\":\"2026-04-28T18:48:28+00:00\",\"mainEntityOfPage\":{\"@id\":\"https:\/\/portaltela.pt\/noticias\/2026\/04\/28\/lider-da-bancada-do-chega-em-matosinhos-gera-duvidas\/\"},\"wordCount\":189,\"image\":{\"@id\":\"https:\/\/portaltela.pt\/noticias\/2026\/04\/28\/lider-da-bancada-do-chega-em-matosinhos-gera-duvidas\/#primaryimage\"},\"thumbnailUrl\":\"https:\/\/portaltela.pt\/s.01k8rhncp4jt1\/2026\/04\/image-1617.jpg\",\"keywords\":[\"_Chega\",\"_lideran\u00e7a\",\"_Matosinhos\",\"_pol\u00edtica interna\",\"_Porto\",\"Assembleia Municipal\"],\"articleSection\":[\"Not\u00edcias\",\"Pol\u00edtica\"],\"inLanguage\":\"pt-PT\"},{\"@type\":\"WebPage\",\"@id\":\"https:\/\/portaltela.pt\/noticias\/2026\/04\/28\/lider-da-bancada-do-chega-em-matosinhos-gera-duvidas\/\",\"url\":\"https:\/\/portaltela.pt\/noticias\/2026\/04\/28\/lider-da-bancada-do-chega-em-matosinhos-gera-duvidas\/\",\"name\":\"L\u00edder da bancada do Chega em Matosinhos gera d\u00favidas - Portal Tela Portugal\",\"isPartOf\":{\"@id\":\"https:\/\/portaltela.pt\/#website\"},\"primaryImageOfPage\":{\"@id\":\"https:\/\/portaltela.pt\/noticias\/2026\/04\/28\/lider-da-bancada-do-chega-em-matosinhos-gera-duvidas\/#primaryimage\"},\"image\":{\"@id\":\"https:\/\/portaltela.pt\/noticias\/2026\/04\/28\/lider-da-bancada-do-chega-em-matosinhos-gera-duvidas\/#primaryimage\"},\"thumbnailUrl\":\"https:\/\/portaltela.pt\/s.01k8rhncp4jt1\/2026\/04\/image-1617.jpg\",\"datePublished\":\"2026-04-28T18:48:28+00:00\",\"author\":{\"@id\":\"https:\/\/portaltela.pt\/#\/schema\/person\/c4278d4a6028830caff9ee44b42d32ed\"},\"breadcrumb\":{\"@id\":\"https:\/\/portaltela.pt\/noticias\/2026\/04\/28\/lider-da-bancada-do-chega-em-matosinhos-gera-duvidas\/#breadcrumb\"},\"inLanguage\":\"pt-PT\",\"potentialAction\":[{\"@type\":\"ReadAction\",\"target\":[\"https:\/\/portaltela.pt\/noticias\/2026\/04\/28\/lider-da-bancada-do-chega-em-matosinhos-gera-duvidas\/\"]}]},{\"@type\":\"ImageObject\",\"inLanguage\":\"pt-PT\",\"@id\":\"https:\/\/portaltela.pt\/noticias\/2026\/04\/28\/lider-da-bancada-do-chega-em-matosinhos-gera-duvidas\/#primaryimage\",\"url\":\"https:\/\/portaltela.pt\/s.01k8rhncp4jt1\/2026\/04\/image-1617.jpg\",\"contentUrl\":\"https:\/\/portaltela.pt\/s.01k8rhncp4jt1\/2026\/04\/image-1617.jpg\",\"width\":796,\"height\":448,\"caption\":\"Assembleia Municipal de Matosinhos foi palco de uma situa\u00e7\u00e3o confusa\"},{\"@type\":\"BreadcrumbList\",\"@id\":\"https:\/\/portaltela.pt\/noticias\/2026\/04\/28\/lider-da-bancada-do-chega-em-matosinhos-gera-duvidas\/#breadcrumb\",\"itemListElement\":[{\"@type\":\"ListItem\",\"position\":1,\"name\":\"In\u00edcio\",\"item\":\"https:\/\/portaltela.pt\/\"},{\"@type\":\"ListItem\",\"position\":2,\"name\":\"L\u00edder da bancada do Chega em Matosinhos gera d\u00favidas\"}]},{\"@type\":\"WebSite\",\"@id\":\"https:\/\/portaltela.pt\/#website\",\"url\":\"https:\/\/portaltela.pt\/\",\"name\":\"Portal Tela Portugal\",\"description\":\"\",\"potentialAction\":[{\"@type\":\"SearchAction\",\"target\":{\"@type\":\"EntryPoint\",\"urlTemplate\":\"https:\/\/portaltela.pt\/?s={search_term_string}\"},\"query-input\":{\"@type\":\"PropertyValueSpecification\",\"valueRequired\":true,\"valueName\":\"search_term_string\"}}],\"inLanguage\":\"pt-PT\"},{\"@type\":\"Person\",\"@id\":\"https:\/\/portaltela.pt\/#\/schema\/person\/c4278d4a6028830caff9ee44b42d32ed\",\"name\":\"Telinha\",\"image\":{\"@type\":\"ImageObject\",\"inLanguage\":\"pt-PT\",\"@id\":\"https:\/\/portaltela.pt\/s.01k8rhncp4jt1\/2025\/11\/talking-bot-125x125.png\",\"url\":\"https:\/\/portaltela.pt\/s.01k8rhncp4jt1\/2025\/11\/talking-bot-125x125.png\",\"contentUrl\":\"https:\/\/portaltela.pt\/s.01k8rhncp4jt1\/2025\/11\/talking-bot-125x125.png\",\"caption\":\"Telinha\"},\"sameAs\":[\"https:\/\/portaltela.pt\/\"],\"url\":\"https:\/\/portaltela.pt\/por\/367410592786\/\"}]}<\/script>\n<!-- \/ Yoast SEO plugin. -->","yoast_head_json":{"title":"L\u00edder da bancada do Chega em Matosinhos gera d\u00favidas - Portal Tela Portugal","robots":{"index":"index","follow":"follow","max-snippet":"max-snippet:-1","max-image-preview":"max-image-preview:large","max-video-preview":"max-video-preview:-1"},"og_locale":"pt_PT","og_type":"article","og_title":"L\u00edder da bancada do Chega em Matosinhos gera d\u00favidas - Portal Tela Portugal","og_description":"O l\u00edder de bancada do Chega na Assembleia Municipal de Matosinhos \u00e9 alvo de d\u00favidas entre Paulo Alves e Virg\u00edlio Moreira. O epis\u00f3dio ocorreu na sess\u00e3o realizada na passada segunda-feira, com Paulo Alves destitu\u00eddo e Virg\u00edlio Moreira eleito em seguida. A distrital do Porto do Chega disse, em documento, que o l\u00edder de bancada continuaria a ser Paulo Alves. A Assembleia Municipal de Matosinhos n\u00e3o admite designa\u00e7\u00f5es partid\u00e1rias para a lideran\u00e7a; assim, considera Virg\u00edlio Moreira como l\u00edder de bancada. O presidente da distrital do Porto do Chega, Rui Afonso, recusou comentar o assunto quando contactado pelo JN.","og_url":"https:\/\/portaltela.pt\/noticias\/2026\/04\/28\/lider-da-bancada-do-chega-em-matosinhos-gera-duvidas\/","og_site_name":"Portal Tela Portugal","article_published_time":"2026-04-28T18:48:28+00:00","author":"Telinha","twitter_card":"summary_large_image","twitter_misc":{"Escrito por":"Telinha","Tempo estimado de leitura":"1 minuto"},"schema":{"@context":"https:\/\/schema.org","@graph":[{"@type":"Article","@id":"https:\/\/portaltela.pt\/noticias\/2026\/04\/28\/lider-da-bancada-do-chega-em-matosinhos-gera-duvidas\/#article","isPartOf":{"@id":"https:\/\/portaltela.pt\/noticias\/2026\/04\/28\/lider-da-bancada-do-chega-em-matosinhos-gera-duvidas\/"},"author":{"name":"Telinha","@id":"https:\/\/portaltela.pt\/#\/schema\/person\/c4278d4a6028830caff9ee44b42d32ed"},"headline":"L\u00edder da bancada do Chega em Matosinhos gera d\u00favidas","datePublished":"2026-04-28T18:48:28+00:00","mainEntityOfPage":{"@id":"https:\/\/portaltela.pt\/noticias\/2026\/04\/28\/lider-da-bancada-do-chega-em-matosinhos-gera-duvidas\/"},"wordCount":189,"image":{"@id":"https:\/\/portaltela.pt\/noticias\/2026\/04\/28\/lider-da-bancada-do-chega-em-matosinhos-gera-duvidas\/#primaryimage"},"thumbnailUrl":"https:\/\/portaltela.pt\/s.01k8rhncp4jt1\/2026\/04\/image-1617.jpg","keywords":["_Chega","_lideran\u00e7a","_Matosinhos","_pol\u00edtica interna","_Porto","Assembleia Municipal"],"articleSection":["Not\u00edcias","Pol\u00edtica"],"inLanguage":"pt-PT"},{"@type":"WebPage","@id":"https:\/\/portaltela.pt\/noticias\/2026\/04\/28\/lider-da-bancada-do-chega-em-matosinhos-gera-duvidas\/","url":"https:\/\/portaltela.pt\/noticias\/2026\/04\/28\/lider-da-bancada-do-chega-em-matosinhos-gera-duvidas\/","name":"L\u00edder da bancada do Chega em Matosinhos gera d\u00favidas - Portal Tela Portugal","isPartOf":{"@id":"https:\/\/portaltela.pt\/#website"},"primaryImageOfPage":{"@id":"https:\/\/portaltela.pt\/noticias\/2026\/04\/28\/lider-da-bancada-do-chega-em-matosinhos-gera-duvidas\/#primaryimage"},"image":{"@id":"https:\/\/portaltela.pt\/noticias\/2026\/04\/28\/lider-da-bancada-do-chega-em-matosinhos-gera-duvidas\/#primaryimage"},"thumbnailUrl":"https:\/\/portaltela.pt\/s.01k8rhncp4jt1\/2026\/04\/image-1617.jpg","datePublished":"2026-04-28T18:48:28+00:00","author":{"@id":"https:\/\/portaltela.pt\/#\/schema\/person\/c4278d4a6028830caff9ee44b42d32ed"},"breadcrumb":{"@id":"https:\/\/portaltela.pt\/noticias\/2026\/04\/28\/lider-da-bancada-do-chega-em-matosinhos-gera-duvidas\/#breadcrumb"},"inLanguage":"pt-PT","potentialAction":[{"@type":"ReadAction","target":["https:\/\/portaltela.pt\/noticias\/2026\/04\/28\/lider-da-bancada-do-chega-em-matosinhos-gera-duvidas\/"]}]},{"@type":"ImageObject","inLanguage":"pt-PT","@id":"https:\/\/portaltela.pt\/noticias\/2026\/04\/28\/lider-da-bancada-do-chega-em-matosinhos-gera-duvidas\/#primaryimage","url":"https:\/\/portaltela.pt\/s.01k8rhncp4jt1\/2026\/04\/image-1617.jpg","contentUrl":"https:\/\/portaltela.pt\/s.01k8rhncp4jt1\/2026\/04\/image-1617.jpg","width":796,"height":448,"caption":"Assembleia Municipal de Matosinhos foi palco de uma situa\u00e7\u00e3o confusa"},{"@type":"BreadcrumbList","@id":"https:\/\/portaltela.pt\/noticias\/2026\/04\/28\/lider-da-bancada-do-chega-em-matosinhos-gera-duvidas\/#breadcrumb","itemListElement":[{"@type":"ListItem","position":1,"name":"In\u00edcio","item":"https:\/\/portaltela.pt\/"},{"@type":"ListItem","position":2,"name":"L\u00edder da bancada do Chega em Matosinhos gera d\u00favidas"}]},{"@type":"WebSite","@id":"https:\/\/portaltela.pt\/#website","url":"https:\/\/portaltela.pt\/","name":"Portal Tela Portugal","description":"","potentialAction":[{"@type":"SearchAction","target":{"@type":"EntryPoint","urlTemplate":"https:\/\/portaltela.pt\/?s={search_term_string}"},"query-input":{"@type":"PropertyValueSpecification","valueRequired":true,"valueName":"search_term_string"}}],"inLanguage":"pt-PT"},{"@type":"Person","@id":"https:\/\/portaltela.pt\/#\/schema\/person\/c4278d4a6028830caff9ee44b42d32ed","name":"Telinha","image":{"@type":"ImageObject","inLanguage":"pt-PT","@id":"https:\/\/portaltela.pt\/s.01k8rhncp4jt1\/2025\/11\/talking-bot-125x125.png","url":"https:\/\/portaltela.pt\/s.01k8rhncp4jt1\/2025\/11\/talking-bot-125x125.png","contentUrl":"https:\/\/portaltela.pt\/s.01k8rhncp4jt1\/2025\/11\/talking-bot-125x125.png","caption":"Telinha"},"sameAs":["https:\/\/portaltela.pt\/"],"url":"https:\/\/portaltela.pt\/por\/367410592786\/"}]}},"_links":{"self":[{"href":"https:\/\/portaltela.pt\/api\/wp\/v2\/posts\/460325","targetHints":{"allow":["GET"]}}],"collection":[{"href":"https:\/\/portaltela.pt\/api\/wp\/v2\/posts"}],"about":[{"href":"https:\/\/portaltela.pt\/api\/wp\/v2\/types\/post"}],"author":[{"embeddable":true,"href":"https:\/\/portaltela.pt\/api\/wp\/v2\/users\/2"}],"replies":[{"embeddable":true,"href":"https:\/\/portaltela.pt\/api\/wp\/v2\/comments?post=460325"}],"version-history":[{"count":0,"href":"https:\/\/portaltela.pt\/api\/wp\/v2\/posts\/460325\/revisions"}],"wp:featuredmedia":[{"embeddable":true,"href":"https:\/\/portaltela.pt\/api\/wp\/v2\/media\/460334"}],"wp:attachment":[{"href":"https:\/\/portaltela.pt\/api\/wp\/v2\/media?parent=460325"}],"wp:term":[{"taxonomy":"category","embeddable":true,"href":"https:\/\/portaltela.pt\/api\/wp\/v2\/categories?post=460325"},{"taxonomy":"post_tag","embeddable":true,"href":"https:\/\/portaltela.pt\/api\/wp\/v2\/tags?post=460325"}],"curies":[{"name":"wp","href":"https:\/\/api.w.org\/{rel}","templated":true}]}}