{"id":460321,"date":"2026-04-28T15:48:18","date_gmt":"2026-04-28T18:48:18","guid":{"rendered":"https:\/\/portaltela.pt\/noticias\/2026\/04\/28\/imagens-mostram-destruicao-de-tuneis-do-hezbollah-no-sul-do-libano\/"},"modified":"2026-04-28T15:48:18","modified_gmt":"2026-04-28T18:48:18","slug":"imagens-mostram-destruicao-de-tuneis-do-hezbollah-no-sul-do-libano","status":"publish","type":"post","link":"https:\/\/portaltela.pt\/guerra\/2026\/04\/28\/imagens-mostram-destruicao-de-tuneis-do-hezbollah-no-sul-do-libano\/","title":{"rendered":"Imagens mostram destrui\u00e7\u00e3o de t\u00faneis do Hezbollah no sul do L\u00edbano"},"content":{"rendered":"<p>For\u00e7as israelitas divulgaram um v\u00eddeo que mostra a alegada destrui\u00e7\u00e3o de uma rede de t\u00faneis usada pelo Hezbollah para opera\u00e7\u00f5es na fronteira entre Israel e o L\u00edbano. A grava\u00e7\u00e3o descreve as a\u00e7\u00f5es como realizadas na regi\u00e3o do sul do L\u00edbano.<\/p>\n<p>Segundo as autoridades israelitas, os t\u00faneis visados serviam de basti\u00e3o log\u00edstico para o Hezbollah, permitindo movimenta\u00e7\u00e3o de combatentes e material ao longo da fronteira. N\u00e3o h\u00e1 confirma\u00e7\u00e3o independente dispon\u00edvel no momento.<\/p>\n<p>As imagens foram difundidas por canais oficiais de Israel e visam contextualizar uma ofensiva ou opera\u00e7\u00e3o de controle na \u00e1rea fronteiri\u00e7a. O Hezbollah n\u00e3o comentou oficialmente o conte\u00fado do v\u00eddeo at\u00e9 o momento.<\/p>\n<h3>Contexto<\/h3>\n<p>A divulga\u00e7\u00e3o ocorre em um cen\u00e1rio de tens\u00f5es recorrentes na fronteira leste do Mediterr\u00e2neo, onde Israel e o Hezbollah j\u00e1 enfrentaram confrontos anteriores. Verifica\u00e7\u00f5es independentes sobre o alcance das supostas destrui\u00e7\u00f5es ainda n\u00e3o foram apresentadas.<\/p>\n","protected":false},"excerpt":{"rendered":"<ul>\n<li>V\u00eddeo divulgado pelas for\u00e7as israelitas mostra a alegada destrui\u00e7\u00e3o de uma rede de t\u00faneis usadas pelo Hezbollah para opera\u00e7\u00f5es na fronteira, no sul do L\u00edbano.<\/li>\n<li>As imagens sugerem que os t\u00faneis estavam situados na regi\u00e3o fronteiri\u00e7a entre Israel e L\u00edbano.<\/li>\n<li>A fonte do material \u00e9 o ex\u00e9rcito de Israel, que apresenta as imagens como evid\u00eancia da destrui\u00e7\u00e3o.<\/li>\n<li>N\u00e3o h\u00e1 confirma\u00e7\u00e3o independente apresentada no texto.<\/li>\n<\/ul>\n","protected":false},"author":2,"featured_media":460328,"comment_status":"closed","ping_status":"closed","sticky":false,"template":"","format":"standard","meta":{"footnotes":""},"categories":[6790,6804],"tags":[254,2198,3238,62,3708,6635],"class_list":["post-460321","post","type-post","status-publish","format-standard","has-post-thumbnail","hentry","category-conflitos","category-guerra","tag-conflito","tag-conflitos-internacionais","tag-fronteiras-internacionais","tag-guerra","tag-israel","tag-libano"],"yoast_head":"<!-- This site is optimized with the Yoast SEO plugin v27.2 - https:\/\/yoast.com\/product\/yoast-seo-wordpress\/ -->\n<title>Imagens mostram destrui\u00e7\u00e3o de t\u00faneis do Hezbollah no sul do L\u00edbano - Portal Tela Portugal<\/title>\n<meta name=\"robots\" content=\"index, follow, max-snippet:-1, max-image-preview:large, max-video-preview:-1\" \/>\n<meta property=\"og:locale\" content=\"pt_PT\" \/>\n<meta property=\"og:type\" content=\"article\" \/>\n<meta property=\"og:title\" content=\"Imagens mostram destrui\u00e7\u00e3o de t\u00faneis do Hezbollah no sul do L\u00edbano - Portal Tela Portugal\" \/>\n<meta property=\"og:description\" content=\"V\u00eddeo divulgado pelas for\u00e7as israelitas mostra a alegada destrui\u00e7\u00e3o de uma rede de t\u00faneis usadas pelo Hezbollah para opera\u00e7\u00f5es na fronteira, no sul do L\u00edbano. As imagens sugerem que os t\u00faneis estavam situados na regi\u00e3o fronteiri\u00e7a entre Israel e L\u00edbano. A fonte do material \u00e9 o ex\u00e9rcito de Israel, que apresenta as imagens como evid\u00eancia da destrui\u00e7\u00e3o. N\u00e3o h\u00e1 confirma\u00e7\u00e3o independente apresentada no texto.\" \/>\n<meta property=\"og:url\" content=\"https:\/\/portaltela.pt\/noticias\/2026\/04\/28\/imagens-mostram-destruicao-de-tuneis-do-hezbollah-no-sul-do-libano\/\" \/>\n<meta property=\"og:site_name\" content=\"Portal Tela Portugal\" \/>\n<meta property=\"article:published_time\" content=\"2026-04-28T18:48:18+00:00\" \/>\n<meta name=\"author\" content=\"Telinha\" \/>\n<meta name=\"twitter:card\" content=\"summary_large_image\" \/>\n<meta name=\"twitter:label1\" content=\"Escrito por\" \/>\n\t<meta name=\"twitter:data1\" content=\"Telinha\" \/>\n\t<meta name=\"twitter:label2\" content=\"Tempo estimado de leitura\" \/>\n\t<meta name=\"twitter:data2\" content=\"1 minuto\" \/>\n<script type=\"application\/ld+json\" class=\"yoast-schema-graph\">{\"@context\":\"https:\/\/schema.org\",\"@graph\":[{\"@type\":\"Article\",\"@id\":\"https:\/\/portaltela.pt\/noticias\/2026\/04\/28\/imagens-mostram-destruicao-de-tuneis-do-hezbollah-no-sul-do-libano\/#article\",\"isPartOf\":{\"@id\":\"https:\/\/portaltela.pt\/noticias\/2026\/04\/28\/imagens-mostram-destruicao-de-tuneis-do-hezbollah-no-sul-do-libano\/\"},\"author\":{\"name\":\"Telinha\",\"@id\":\"https:\/\/portaltela.pt\/#\/schema\/person\/c4278d4a6028830caff9ee44b42d32ed\"},\"headline\":\"Imagens mostram destrui\u00e7\u00e3o de t\u00faneis do Hezbollah no sul do L\u00edbano\",\"datePublished\":\"2026-04-28T18:48:18+00:00\",\"mainEntityOfPage\":{\"@id\":\"https:\/\/portaltela.pt\/noticias\/2026\/04\/28\/imagens-mostram-destruicao-de-tuneis-do-hezbollah-no-sul-do-libano\/\"},\"wordCount\":183,\"image\":{\"@id\":\"https:\/\/portaltela.pt\/noticias\/2026\/04\/28\/imagens-mostram-destruicao-de-tuneis-do-hezbollah-no-sul-do-libano\/#primaryimage\"},\"thumbnailUrl\":\"https:\/\/portaltela.pt\/s.01k8rhncp4jt1\/2026\/04\/img_1280x722uu2026-04-28-19-37-08-2281682.jpg\",\"keywords\":[\"conflito\",\"conflitos internacionais\",\"fronteiras internacionais\",\"guerra\",\"Israel\",\"L\u00edbano\"],\"articleSection\":[\"Conflitos\",\"Guerra\"],\"inLanguage\":\"pt-PT\"},{\"@type\":\"WebPage\",\"@id\":\"https:\/\/portaltela.pt\/noticias\/2026\/04\/28\/imagens-mostram-destruicao-de-tuneis-do-hezbollah-no-sul-do-libano\/\",\"url\":\"https:\/\/portaltela.pt\/noticias\/2026\/04\/28\/imagens-mostram-destruicao-de-tuneis-do-hezbollah-no-sul-do-libano\/\",\"name\":\"Imagens mostram destrui\u00e7\u00e3o de t\u00faneis do Hezbollah no sul do L\u00edbano - Portal Tela Portugal\",\"isPartOf\":{\"@id\":\"https:\/\/portaltela.pt\/#website\"},\"primaryImageOfPage\":{\"@id\":\"https:\/\/portaltela.pt\/noticias\/2026\/04\/28\/imagens-mostram-destruicao-de-tuneis-do-hezbollah-no-sul-do-libano\/#primaryimage\"},\"image\":{\"@id\":\"https:\/\/portaltela.pt\/noticias\/2026\/04\/28\/imagens-mostram-destruicao-de-tuneis-do-hezbollah-no-sul-do-libano\/#primaryimage\"},\"thumbnailUrl\":\"https:\/\/portaltela.pt\/s.01k8rhncp4jt1\/2026\/04\/img_1280x722uu2026-04-28-19-37-08-2281682.jpg\",\"datePublished\":\"2026-04-28T18:48:18+00:00\",\"author\":{\"@id\":\"https:\/\/portaltela.pt\/#\/schema\/person\/c4278d4a6028830caff9ee44b42d32ed\"},\"breadcrumb\":{\"@id\":\"https:\/\/portaltela.pt\/noticias\/2026\/04\/28\/imagens-mostram-destruicao-de-tuneis-do-hezbollah-no-sul-do-libano\/#breadcrumb\"},\"inLanguage\":\"pt-PT\",\"potentialAction\":[{\"@type\":\"ReadAction\",\"target\":[\"https:\/\/portaltela.pt\/noticias\/2026\/04\/28\/imagens-mostram-destruicao-de-tuneis-do-hezbollah-no-sul-do-libano\/\"]}]},{\"@type\":\"ImageObject\",\"inLanguage\":\"pt-PT\",\"@id\":\"https:\/\/portaltela.pt\/noticias\/2026\/04\/28\/imagens-mostram-destruicao-de-tuneis-do-hezbollah-no-sul-do-libano\/#primaryimage\",\"url\":\"https:\/\/portaltela.pt\/s.01k8rhncp4jt1\/2026\/04\/img_1280x722uu2026-04-28-19-37-08-2281682.jpg\",\"contentUrl\":\"https:\/\/portaltela.pt\/s.01k8rhncp4jt1\/2026\/04\/img_1280x722uu2026-04-28-19-37-08-2281682.jpg\",\"width\":796,\"height\":448,\"caption\":\"Imagens mostram destrui\u00e7\u00e3o de t\u00faneis do Hezbollah no sul do L\u00edbano\"},{\"@type\":\"BreadcrumbList\",\"@id\":\"https:\/\/portaltela.pt\/noticias\/2026\/04\/28\/imagens-mostram-destruicao-de-tuneis-do-hezbollah-no-sul-do-libano\/#breadcrumb\",\"itemListElement\":[{\"@type\":\"ListItem\",\"position\":1,\"name\":\"In\u00edcio\",\"item\":\"https:\/\/portaltela.pt\/\"},{\"@type\":\"ListItem\",\"position\":2,\"name\":\"Imagens mostram destrui\u00e7\u00e3o de t\u00faneis do Hezbollah no sul do L\u00edbano\"}]},{\"@type\":\"WebSite\",\"@id\":\"https:\/\/portaltela.pt\/#website\",\"url\":\"https:\/\/portaltela.pt\/\",\"name\":\"Portal Tela Portugal\",\"description\":\"\",\"potentialAction\":[{\"@type\":\"SearchAction\",\"target\":{\"@type\":\"EntryPoint\",\"urlTemplate\":\"https:\/\/portaltela.pt\/?s={search_term_string}\"},\"query-input\":{\"@type\":\"PropertyValueSpecification\",\"valueRequired\":true,\"valueName\":\"search_term_string\"}}],\"inLanguage\":\"pt-PT\"},{\"@type\":\"Person\",\"@id\":\"https:\/\/portaltela.pt\/#\/schema\/person\/c4278d4a6028830caff9ee44b42d32ed\",\"name\":\"Telinha\",\"image\":{\"@type\":\"ImageObject\",\"inLanguage\":\"pt-PT\",\"@id\":\"https:\/\/portaltela.pt\/s.01k8rhncp4jt1\/2025\/11\/talking-bot-125x125.png\",\"url\":\"https:\/\/portaltela.pt\/s.01k8rhncp4jt1\/2025\/11\/talking-bot-125x125.png\",\"contentUrl\":\"https:\/\/portaltela.pt\/s.01k8rhncp4jt1\/2025\/11\/talking-bot-125x125.png\",\"caption\":\"Telinha\"},\"sameAs\":[\"https:\/\/portaltela.pt\/\"],\"url\":\"https:\/\/portaltela.pt\/por\/367410592786\/\"}]}<\/script>\n<!-- \/ Yoast SEO plugin. -->","yoast_head_json":{"title":"Imagens mostram destrui\u00e7\u00e3o de t\u00faneis do Hezbollah no sul do L\u00edbano - Portal Tela Portugal","robots":{"index":"index","follow":"follow","max-snippet":"max-snippet:-1","max-image-preview":"max-image-preview:large","max-video-preview":"max-video-preview:-1"},"og_locale":"pt_PT","og_type":"article","og_title":"Imagens mostram destrui\u00e7\u00e3o de t\u00faneis do Hezbollah no sul do L\u00edbano - Portal Tela Portugal","og_description":"V\u00eddeo divulgado pelas for\u00e7as israelitas mostra a alegada destrui\u00e7\u00e3o de uma rede de t\u00faneis usadas pelo Hezbollah para opera\u00e7\u00f5es na fronteira, no sul do L\u00edbano. As imagens sugerem que os t\u00faneis estavam situados na regi\u00e3o fronteiri\u00e7a entre Israel e L\u00edbano. A fonte do material \u00e9 o ex\u00e9rcito de Israel, que apresenta as imagens como evid\u00eancia da destrui\u00e7\u00e3o. N\u00e3o h\u00e1 confirma\u00e7\u00e3o independente apresentada no texto.","og_url":"https:\/\/portaltela.pt\/noticias\/2026\/04\/28\/imagens-mostram-destruicao-de-tuneis-do-hezbollah-no-sul-do-libano\/","og_site_name":"Portal Tela Portugal","article_published_time":"2026-04-28T18:48:18+00:00","author":"Telinha","twitter_card":"summary_large_image","twitter_misc":{"Escrito por":"Telinha","Tempo estimado de leitura":"1 minuto"},"schema":{"@context":"https:\/\/schema.org","@graph":[{"@type":"Article","@id":"https:\/\/portaltela.pt\/noticias\/2026\/04\/28\/imagens-mostram-destruicao-de-tuneis-do-hezbollah-no-sul-do-libano\/#article","isPartOf":{"@id":"https:\/\/portaltela.pt\/noticias\/2026\/04\/28\/imagens-mostram-destruicao-de-tuneis-do-hezbollah-no-sul-do-libano\/"},"author":{"name":"Telinha","@id":"https:\/\/portaltela.pt\/#\/schema\/person\/c4278d4a6028830caff9ee44b42d32ed"},"headline":"Imagens mostram destrui\u00e7\u00e3o de t\u00faneis do Hezbollah no sul do L\u00edbano","datePublished":"2026-04-28T18:48:18+00:00","mainEntityOfPage":{"@id":"https:\/\/portaltela.pt\/noticias\/2026\/04\/28\/imagens-mostram-destruicao-de-tuneis-do-hezbollah-no-sul-do-libano\/"},"wordCount":183,"image":{"@id":"https:\/\/portaltela.pt\/noticias\/2026\/04\/28\/imagens-mostram-destruicao-de-tuneis-do-hezbollah-no-sul-do-libano\/#primaryimage"},"thumbnailUrl":"https:\/\/portaltela.pt\/s.01k8rhncp4jt1\/2026\/04\/img_1280x722uu2026-04-28-19-37-08-2281682.jpg","keywords":["conflito","conflitos internacionais","fronteiras internacionais","guerra","Israel","L\u00edbano"],"articleSection":["Conflitos","Guerra"],"inLanguage":"pt-PT"},{"@type":"WebPage","@id":"https:\/\/portaltela.pt\/noticias\/2026\/04\/28\/imagens-mostram-destruicao-de-tuneis-do-hezbollah-no-sul-do-libano\/","url":"https:\/\/portaltela.pt\/noticias\/2026\/04\/28\/imagens-mostram-destruicao-de-tuneis-do-hezbollah-no-sul-do-libano\/","name":"Imagens mostram destrui\u00e7\u00e3o de t\u00faneis do Hezbollah no sul do L\u00edbano - Portal Tela Portugal","isPartOf":{"@id":"https:\/\/portaltela.pt\/#website"},"primaryImageOfPage":{"@id":"https:\/\/portaltela.pt\/noticias\/2026\/04\/28\/imagens-mostram-destruicao-de-tuneis-do-hezbollah-no-sul-do-libano\/#primaryimage"},"image":{"@id":"https:\/\/portaltela.pt\/noticias\/2026\/04\/28\/imagens-mostram-destruicao-de-tuneis-do-hezbollah-no-sul-do-libano\/#primaryimage"},"thumbnailUrl":"https:\/\/portaltela.pt\/s.01k8rhncp4jt1\/2026\/04\/img_1280x722uu2026-04-28-19-37-08-2281682.jpg","datePublished":"2026-04-28T18:48:18+00:00","author":{"@id":"https:\/\/portaltela.pt\/#\/schema\/person\/c4278d4a6028830caff9ee44b42d32ed"},"breadcrumb":{"@id":"https:\/\/portaltela.pt\/noticias\/2026\/04\/28\/imagens-mostram-destruicao-de-tuneis-do-hezbollah-no-sul-do-libano\/#breadcrumb"},"inLanguage":"pt-PT","potentialAction":[{"@type":"ReadAction","target":["https:\/\/portaltela.pt\/noticias\/2026\/04\/28\/imagens-mostram-destruicao-de-tuneis-do-hezbollah-no-sul-do-libano\/"]}]},{"@type":"ImageObject","inLanguage":"pt-PT","@id":"https:\/\/portaltela.pt\/noticias\/2026\/04\/28\/imagens-mostram-destruicao-de-tuneis-do-hezbollah-no-sul-do-libano\/#primaryimage","url":"https:\/\/portaltela.pt\/s.01k8rhncp4jt1\/2026\/04\/img_1280x722uu2026-04-28-19-37-08-2281682.jpg","contentUrl":"https:\/\/portaltela.pt\/s.01k8rhncp4jt1\/2026\/04\/img_1280x722uu2026-04-28-19-37-08-2281682.jpg","width":796,"height":448,"caption":"Imagens mostram destrui\u00e7\u00e3o de t\u00faneis do Hezbollah no sul do L\u00edbano"},{"@type":"BreadcrumbList","@id":"https:\/\/portaltela.pt\/noticias\/2026\/04\/28\/imagens-mostram-destruicao-de-tuneis-do-hezbollah-no-sul-do-libano\/#breadcrumb","itemListElement":[{"@type":"ListItem","position":1,"name":"In\u00edcio","item":"https:\/\/portaltela.pt\/"},{"@type":"ListItem","position":2,"name":"Imagens mostram destrui\u00e7\u00e3o de t\u00faneis do Hezbollah no sul do L\u00edbano"}]},{"@type":"WebSite","@id":"https:\/\/portaltela.pt\/#website","url":"https:\/\/portaltela.pt\/","name":"Portal Tela Portugal","description":"","potentialAction":[{"@type":"SearchAction","target":{"@type":"EntryPoint","urlTemplate":"https:\/\/portaltela.pt\/?s={search_term_string}"},"query-input":{"@type":"PropertyValueSpecification","valueRequired":true,"valueName":"search_term_string"}}],"inLanguage":"pt-PT"},{"@type":"Person","@id":"https:\/\/portaltela.pt\/#\/schema\/person\/c4278d4a6028830caff9ee44b42d32ed","name":"Telinha","image":{"@type":"ImageObject","inLanguage":"pt-PT","@id":"https:\/\/portaltela.pt\/s.01k8rhncp4jt1\/2025\/11\/talking-bot-125x125.png","url":"https:\/\/portaltela.pt\/s.01k8rhncp4jt1\/2025\/11\/talking-bot-125x125.png","contentUrl":"https:\/\/portaltela.pt\/s.01k8rhncp4jt1\/2025\/11\/talking-bot-125x125.png","caption":"Telinha"},"sameAs":["https:\/\/portaltela.pt\/"],"url":"https:\/\/portaltela.pt\/por\/367410592786\/"}]}},"_links":{"self":[{"href":"https:\/\/portaltela.pt\/api\/wp\/v2\/posts\/460321","targetHints":{"allow":["GET"]}}],"collection":[{"href":"https:\/\/portaltela.pt\/api\/wp\/v2\/posts"}],"about":[{"href":"https:\/\/portaltela.pt\/api\/wp\/v2\/types\/post"}],"author":[{"embeddable":true,"href":"https:\/\/portaltela.pt\/api\/wp\/v2\/users\/2"}],"replies":[{"embeddable":true,"href":"https:\/\/portaltela.pt\/api\/wp\/v2\/comments?post=460321"}],"version-history":[{"count":0,"href":"https:\/\/portaltela.pt\/api\/wp\/v2\/posts\/460321\/revisions"}],"wp:featuredmedia":[{"embeddable":true,"href":"https:\/\/portaltela.pt\/api\/wp\/v2\/media\/460328"}],"wp:attachment":[{"href":"https:\/\/portaltela.pt\/api\/wp\/v2\/media?parent=460321"}],"wp:term":[{"taxonomy":"category","embeddable":true,"href":"https:\/\/portaltela.pt\/api\/wp\/v2\/categories?post=460321"},{"taxonomy":"post_tag","embeddable":true,"href":"https:\/\/portaltela.pt\/api\/wp\/v2\/tags?post=460321"}],"curies":[{"name":"wp","href":"https:\/\/api.w.org\/{rel}","templated":true}]}}