{"id":460306,"date":"2026-04-28T15:33:34","date_gmt":"2026-04-28T18:33:34","guid":{"rendered":"https:\/\/portaltela.pt\/noticias\/2026\/04\/28\/cim-leiria-pede-resposta-mais-rapida-aos-danos-da-tempestade-kristin\/"},"modified":"2026-04-28T15:33:34","modified_gmt":"2026-04-28T18:33:34","slug":"cim-leiria-pede-resposta-mais-rapida-aos-danos-da-tempestade-kristin","status":"publish","type":"post","link":"https:\/\/portaltela.pt\/seguranca\/2026\/04\/28\/cim-leiria-pede-resposta-mais-rapida-aos-danos-da-tempestade-kristin\/","title":{"rendered":"CIM Leiria pede resposta mais r\u00e1pida aos danos da tempestade Kristin"},"content":{"rendered":"<p>O secret\u00e1rio executivo da CIM Leiria, Paulo Batista Santos, afirmou que Portugal n\u00e3o tem uma resposta r\u00e1pida suficiente a emerg\u00eancias como a tempestade Kristin, e que \u00e9 necess\u00e1ria maior resili\u00eancia regional. O debate ocorreu online, ap\u00f3s Kristin afetar sobretudo a regi\u00e3o de Leiria no final de janeiro.<\/p>\n<p>Segundo a CIM Leiria, os impactos da tempestade ocorreram em todos os 10 munic\u00edpios da regi\u00e3o, com preju\u00edzos estimados em 560 milh\u00f5es de euros. A cidade de Leiria concentrou 58,3% dos preju\u00edzos da regi\u00e3o Centro, num total pr\u00f3ximo de 961 milh\u00f5es de euros. O balan\u00e7o inclui tamb\u00e9m seis mortos, 775 feridos e 344 deslocados.<\/p>\n<p>O apag\u00e3o generalizado deixou 94 mil clientes da E-Redes sem eletricidade, interrompendo estradas e servi\u00e7os p\u00fablicos. Ao longo dos dias de resposta, mais de 12 mil operacionais e 3.874 viaturas estiveram no terreno para apoiar. A popula\u00e7\u00e3o recebeu 1.75 milh\u00f5es de metros quadrados de lonas e 550 mil telhas, distribu\u00eddas por cerca de 11 mil pessoas.<\/p>\n<p>Al\u00e9m disso, a atua\u00e7\u00e3o incluiu a distribui\u00e7\u00e3o de 442 toneladas de alimentos a 9.827 fam\u00edlias e mais de mil visitas domicili\u00e1rias para atendimentos sociais e psicol\u00f3gicos. No conjunto, os impactos p\u00fablicos exigiram custos de reposi\u00e7\u00e3o de infraestruturas acima de 243 milh\u00f5es de euros, com oito milh\u00f5es de \u00e1rvores derrubadas.<\/p>\n<p>Na perspetiva operacional, o evento gerou uma ocorr\u00eancia a cada sete segundos, segundo o 2.\u00ba Comandante Sub-regional da Regi\u00e3o de Leiria da ANEPC, Ricardo Costa. O SIRESP funcionou e houve boa articula\u00e7\u00e3o entre prote\u00e7\u00e3o civil, for\u00e7as armadas e autoridades. Ainda assim, emergiram problemas energ\u00e9ticos e de comunica\u00e7\u00f5es, indicando falhas na resili\u00eancia energ\u00e9tica de servi\u00e7os como hospitais e lares.<\/p>\n<p>A sess\u00e3o destacou a necessidade de aprender com a experi\u00eancia, refor\u00e7ar o planeamento e aglutinar os dispositivos existentes para melhorar a resposta a futuras crises. O debate contou com a participa\u00e7\u00e3o de especialistas da Universidade Lus\u00f3fona e da Prote\u00e7\u00e3o Civil, que sublinharam a import\u00e2ncia de medidas preventivas.<\/p>\n","protected":false},"excerpt":{"rendered":"<ul>\n<li>O secret\u00e1rio executivo da CIM Leiria, Paulo Batista Santos, pediu mais rapidez na resposta a situa\u00e7\u00f5es como a tempestade Kristin e refor\u00e7ou a necessidade de tornar as regi\u00f5es mais resilientes.<\/li>\n<li>Kristin afetou sobretudo a regi\u00e3o de Leiria no final de janeiro, com danos estimados em 560 milh\u00f5es de euros na CIM Leiria e 961 milh\u00f5es na regi\u00e3o Centro; Leiria concentra 58,3% dos preju\u00edzos da regi\u00e3o.<\/li>\n<li>A tempestade provocou seis mortos, 775 feridos e 344 deslocados, al\u00e9m de um apag\u00e3o que deixou 94 mil clientes sem eletricidade; houve cortes de estradas e quedas de infraestruturas cr\u00edticas.<\/li>\n<li>Foram mobilizados mais de 12.128 operacionais e 3.874 viaturas; foram distribu\u00eddas 1.750.000 metros quadrados de lonas, 550.000 telhas e apoio a 11 mil pessoas.<\/li>\n<li>O apoio \u00e0 popula\u00e7\u00e3o incluiu 442 toneladas de alimentos entregues a 9.827 fam\u00edlias e mais de mil visitas domicili\u00e1rias; o SIRESP funcionou, mas houve falhas em energia e comunica\u00e7\u00f5es.<\/li>\n<\/ul>\n","protected":false},"author":2,"featured_media":460317,"comment_status":"closed","ping_status":"closed","sticky":false,"template":"","format":"standard","meta":{"footnotes":""},"categories":[1,6779],"tags":[8925,7922,8773,8125,8198,8230],"class_list":["post-460306","post","type-post","status-publish","format-standard","has-post-thumbnail","hentry","category-noticias","category-seguranca","tag-_apagao","tag-_catastrofes-naturais","tag-_centro","tag-_deslocados","tag-_leiria","tag-_protecao-civil-municipal"],"yoast_head":"<!-- This site is optimized with the Yoast SEO plugin v27.2 - https:\/\/yoast.com\/product\/yoast-seo-wordpress\/ -->\n<title>CIM Leiria pede resposta mais r\u00e1pida aos danos da tempestade Kristin - Portal Tela Portugal<\/title>\n<meta name=\"robots\" content=\"index, follow, max-snippet:-1, max-image-preview:large, max-video-preview:-1\" \/>\n<meta property=\"og:locale\" content=\"pt_PT\" \/>\n<meta property=\"og:type\" content=\"article\" \/>\n<meta property=\"og:title\" content=\"CIM Leiria pede resposta mais r\u00e1pida aos danos da tempestade Kristin - Portal Tela Portugal\" \/>\n<meta property=\"og:description\" content=\"O secret\u00e1rio executivo da CIM Leiria, Paulo Batista Santos, pediu mais rapidez na resposta a situa\u00e7\u00f5es como a tempestade Kristin e refor\u00e7ou a necessidade de tornar as regi\u00f5es mais resilientes. Kristin afetou sobretudo a regi\u00e3o de Leiria no final de janeiro, com danos estimados em 560 milh\u00f5es de euros na CIM Leiria e 961 milh\u00f5es na regi\u00e3o Centro; Leiria concentra 58,3% dos preju\u00edzos da regi\u00e3o. A tempestade provocou seis mortos, 775 feridos e 344 deslocados, al\u00e9m de um apag\u00e3o que deixou 94 mil clientes sem eletricidade; houve cortes de estradas e quedas de infraestruturas cr\u00edticas. Foram mobilizados mais de 12.128 operacionais e 3.874 viaturas; foram distribu\u00eddas 1.750.000 metros quadrados de lonas, 550.000 telhas e apoio a 11 mil pessoas. O apoio \u00e0 popula\u00e7\u00e3o incluiu 442 toneladas de alimentos entregues a 9.827 fam\u00edlias e mais de mil visitas domicili\u00e1rias; o SIRESP funcionou, mas houve falhas em energia e comunica\u00e7\u00f5es.\" \/>\n<meta property=\"og:url\" content=\"https:\/\/portaltela.pt\/noticias\/2026\/04\/28\/cim-leiria-pede-resposta-mais-rapida-aos-danos-da-tempestade-kristin\/\" \/>\n<meta property=\"og:site_name\" content=\"Portal Tela Portugal\" \/>\n<meta property=\"article:published_time\" content=\"2026-04-28T18:33:34+00:00\" \/>\n<meta name=\"author\" content=\"Telinha\" \/>\n<meta name=\"twitter:card\" content=\"summary_large_image\" \/>\n<meta name=\"twitter:label1\" content=\"Escrito por\" \/>\n\t<meta name=\"twitter:data1\" content=\"Telinha\" \/>\n\t<meta name=\"twitter:label2\" content=\"Tempo estimado de leitura\" \/>\n\t<meta name=\"twitter:data2\" content=\"2 minutos\" \/>\n<script type=\"application\/ld+json\" class=\"yoast-schema-graph\">{\"@context\":\"https:\/\/schema.org\",\"@graph\":[{\"@type\":\"Article\",\"@id\":\"https:\/\/portaltela.pt\/noticias\/2026\/04\/28\/cim-leiria-pede-resposta-mais-rapida-aos-danos-da-tempestade-kristin\/#article\",\"isPartOf\":{\"@id\":\"https:\/\/portaltela.pt\/noticias\/2026\/04\/28\/cim-leiria-pede-resposta-mais-rapida-aos-danos-da-tempestade-kristin\/\"},\"author\":{\"name\":\"Telinha\",\"@id\":\"https:\/\/portaltela.pt\/#\/schema\/person\/c4278d4a6028830caff9ee44b42d32ed\"},\"headline\":\"CIM Leiria pede resposta mais r\u00e1pida aos danos da tempestade Kristin\",\"datePublished\":\"2026-04-28T18:33:34+00:00\",\"mainEntityOfPage\":{\"@id\":\"https:\/\/portaltela.pt\/noticias\/2026\/04\/28\/cim-leiria-pede-resposta-mais-rapida-aos-danos-da-tempestade-kristin\/\"},\"wordCount\":357,\"image\":{\"@id\":\"https:\/\/portaltela.pt\/noticias\/2026\/04\/28\/cim-leiria-pede-resposta-mais-rapida-aos-danos-da-tempestade-kristin\/#primaryimage\"},\"thumbnailUrl\":\"https:\/\/portaltela.pt\/s.01k8rhncp4jt1\/2026\/04\/img_1500x1000uu2015-02-06-13-59-00-434090.jpg\",\"keywords\":[\"_apag\u00e3o\",\"_cat\u00e1strofes naturais\",\"_Centro\",\"_deslocados\",\"_Leiria\",\"_Prote\u00e7\u00e3o Civil Municipal\"],\"articleSection\":[\"Not\u00edcias\",\"Seguran\u00e7a\"],\"inLanguage\":\"pt-PT\"},{\"@type\":\"WebPage\",\"@id\":\"https:\/\/portaltela.pt\/noticias\/2026\/04\/28\/cim-leiria-pede-resposta-mais-rapida-aos-danos-da-tempestade-kristin\/\",\"url\":\"https:\/\/portaltela.pt\/noticias\/2026\/04\/28\/cim-leiria-pede-resposta-mais-rapida-aos-danos-da-tempestade-kristin\/\",\"name\":\"CIM Leiria pede resposta mais r\u00e1pida aos danos da tempestade Kristin - Portal Tela Portugal\",\"isPartOf\":{\"@id\":\"https:\/\/portaltela.pt\/#website\"},\"primaryImageOfPage\":{\"@id\":\"https:\/\/portaltela.pt\/noticias\/2026\/04\/28\/cim-leiria-pede-resposta-mais-rapida-aos-danos-da-tempestade-kristin\/#primaryimage\"},\"image\":{\"@id\":\"https:\/\/portaltela.pt\/noticias\/2026\/04\/28\/cim-leiria-pede-resposta-mais-rapida-aos-danos-da-tempestade-kristin\/#primaryimage\"},\"thumbnailUrl\":\"https:\/\/portaltela.pt\/s.01k8rhncp4jt1\/2026\/04\/img_1500x1000uu2015-02-06-13-59-00-434090.jpg\",\"datePublished\":\"2026-04-28T18:33:34+00:00\",\"author\":{\"@id\":\"https:\/\/portaltela.pt\/#\/schema\/person\/c4278d4a6028830caff9ee44b42d32ed\"},\"breadcrumb\":{\"@id\":\"https:\/\/portaltela.pt\/noticias\/2026\/04\/28\/cim-leiria-pede-resposta-mais-rapida-aos-danos-da-tempestade-kristin\/#breadcrumb\"},\"inLanguage\":\"pt-PT\",\"potentialAction\":[{\"@type\":\"ReadAction\",\"target\":[\"https:\/\/portaltela.pt\/noticias\/2026\/04\/28\/cim-leiria-pede-resposta-mais-rapida-aos-danos-da-tempestade-kristin\/\"]}]},{\"@type\":\"ImageObject\",\"inLanguage\":\"pt-PT\",\"@id\":\"https:\/\/portaltela.pt\/noticias\/2026\/04\/28\/cim-leiria-pede-resposta-mais-rapida-aos-danos-da-tempestade-kristin\/#primaryimage\",\"url\":\"https:\/\/portaltela.pt\/s.01k8rhncp4jt1\/2026\/04\/img_1500x1000uu2015-02-06-13-59-00-434090.jpg\",\"contentUrl\":\"https:\/\/portaltela.pt\/s.01k8rhncp4jt1\/2026\/04\/img_1500x1000uu2015-02-06-13-59-00-434090.jpg\",\"width\":796,\"height\":448,\"caption\":\"C\u00e2mara Municipal de Leiria, Fachada, Ed\u00edficio\"},{\"@type\":\"BreadcrumbList\",\"@id\":\"https:\/\/portaltela.pt\/noticias\/2026\/04\/28\/cim-leiria-pede-resposta-mais-rapida-aos-danos-da-tempestade-kristin\/#breadcrumb\",\"itemListElement\":[{\"@type\":\"ListItem\",\"position\":1,\"name\":\"In\u00edcio\",\"item\":\"https:\/\/portaltela.pt\/\"},{\"@type\":\"ListItem\",\"position\":2,\"name\":\"CIM Leiria pede resposta mais r\u00e1pida aos danos da tempestade Kristin\"}]},{\"@type\":\"WebSite\",\"@id\":\"https:\/\/portaltela.pt\/#website\",\"url\":\"https:\/\/portaltela.pt\/\",\"name\":\"Portal Tela Portugal\",\"description\":\"\",\"potentialAction\":[{\"@type\":\"SearchAction\",\"target\":{\"@type\":\"EntryPoint\",\"urlTemplate\":\"https:\/\/portaltela.pt\/?s={search_term_string}\"},\"query-input\":{\"@type\":\"PropertyValueSpecification\",\"valueRequired\":true,\"valueName\":\"search_term_string\"}}],\"inLanguage\":\"pt-PT\"},{\"@type\":\"Person\",\"@id\":\"https:\/\/portaltela.pt\/#\/schema\/person\/c4278d4a6028830caff9ee44b42d32ed\",\"name\":\"Telinha\",\"image\":{\"@type\":\"ImageObject\",\"inLanguage\":\"pt-PT\",\"@id\":\"https:\/\/portaltela.pt\/s.01k8rhncp4jt1\/2025\/11\/talking-bot-125x125.png\",\"url\":\"https:\/\/portaltela.pt\/s.01k8rhncp4jt1\/2025\/11\/talking-bot-125x125.png\",\"contentUrl\":\"https:\/\/portaltela.pt\/s.01k8rhncp4jt1\/2025\/11\/talking-bot-125x125.png\",\"caption\":\"Telinha\"},\"sameAs\":[\"https:\/\/portaltela.pt\/\"],\"url\":\"https:\/\/portaltela.pt\/por\/367410592786\/\"}]}<\/script>\n<!-- \/ Yoast SEO plugin. -->","yoast_head_json":{"title":"CIM Leiria pede resposta mais r\u00e1pida aos danos da tempestade Kristin - Portal Tela Portugal","robots":{"index":"index","follow":"follow","max-snippet":"max-snippet:-1","max-image-preview":"max-image-preview:large","max-video-preview":"max-video-preview:-1"},"og_locale":"pt_PT","og_type":"article","og_title":"CIM Leiria pede resposta mais r\u00e1pida aos danos da tempestade Kristin - Portal Tela Portugal","og_description":"O secret\u00e1rio executivo da CIM Leiria, Paulo Batista Santos, pediu mais rapidez na resposta a situa\u00e7\u00f5es como a tempestade Kristin e refor\u00e7ou a necessidade de tornar as regi\u00f5es mais resilientes. Kristin afetou sobretudo a regi\u00e3o de Leiria no final de janeiro, com danos estimados em 560 milh\u00f5es de euros na CIM Leiria e 961 milh\u00f5es na regi\u00e3o Centro; Leiria concentra 58,3% dos preju\u00edzos da regi\u00e3o. A tempestade provocou seis mortos, 775 feridos e 344 deslocados, al\u00e9m de um apag\u00e3o que deixou 94 mil clientes sem eletricidade; houve cortes de estradas e quedas de infraestruturas cr\u00edticas. Foram mobilizados mais de 12.128 operacionais e 3.874 viaturas; foram distribu\u00eddas 1.750.000 metros quadrados de lonas, 550.000 telhas e apoio a 11 mil pessoas. O apoio \u00e0 popula\u00e7\u00e3o incluiu 442 toneladas de alimentos entregues a 9.827 fam\u00edlias e mais de mil visitas domicili\u00e1rias; o SIRESP funcionou, mas houve falhas em energia e comunica\u00e7\u00f5es.","og_url":"https:\/\/portaltela.pt\/noticias\/2026\/04\/28\/cim-leiria-pede-resposta-mais-rapida-aos-danos-da-tempestade-kristin\/","og_site_name":"Portal Tela Portugal","article_published_time":"2026-04-28T18:33:34+00:00","author":"Telinha","twitter_card":"summary_large_image","twitter_misc":{"Escrito por":"Telinha","Tempo estimado de leitura":"2 minutos"},"schema":{"@context":"https:\/\/schema.org","@graph":[{"@type":"Article","@id":"https:\/\/portaltela.pt\/noticias\/2026\/04\/28\/cim-leiria-pede-resposta-mais-rapida-aos-danos-da-tempestade-kristin\/#article","isPartOf":{"@id":"https:\/\/portaltela.pt\/noticias\/2026\/04\/28\/cim-leiria-pede-resposta-mais-rapida-aos-danos-da-tempestade-kristin\/"},"author":{"name":"Telinha","@id":"https:\/\/portaltela.pt\/#\/schema\/person\/c4278d4a6028830caff9ee44b42d32ed"},"headline":"CIM Leiria pede resposta mais r\u00e1pida aos danos da tempestade Kristin","datePublished":"2026-04-28T18:33:34+00:00","mainEntityOfPage":{"@id":"https:\/\/portaltela.pt\/noticias\/2026\/04\/28\/cim-leiria-pede-resposta-mais-rapida-aos-danos-da-tempestade-kristin\/"},"wordCount":357,"image":{"@id":"https:\/\/portaltela.pt\/noticias\/2026\/04\/28\/cim-leiria-pede-resposta-mais-rapida-aos-danos-da-tempestade-kristin\/#primaryimage"},"thumbnailUrl":"https:\/\/portaltela.pt\/s.01k8rhncp4jt1\/2026\/04\/img_1500x1000uu2015-02-06-13-59-00-434090.jpg","keywords":["_apag\u00e3o","_cat\u00e1strofes naturais","_Centro","_deslocados","_Leiria","_Prote\u00e7\u00e3o Civil Municipal"],"articleSection":["Not\u00edcias","Seguran\u00e7a"],"inLanguage":"pt-PT"},{"@type":"WebPage","@id":"https:\/\/portaltela.pt\/noticias\/2026\/04\/28\/cim-leiria-pede-resposta-mais-rapida-aos-danos-da-tempestade-kristin\/","url":"https:\/\/portaltela.pt\/noticias\/2026\/04\/28\/cim-leiria-pede-resposta-mais-rapida-aos-danos-da-tempestade-kristin\/","name":"CIM Leiria pede resposta mais r\u00e1pida aos danos da tempestade Kristin - Portal Tela Portugal","isPartOf":{"@id":"https:\/\/portaltela.pt\/#website"},"primaryImageOfPage":{"@id":"https:\/\/portaltela.pt\/noticias\/2026\/04\/28\/cim-leiria-pede-resposta-mais-rapida-aos-danos-da-tempestade-kristin\/#primaryimage"},"image":{"@id":"https:\/\/portaltela.pt\/noticias\/2026\/04\/28\/cim-leiria-pede-resposta-mais-rapida-aos-danos-da-tempestade-kristin\/#primaryimage"},"thumbnailUrl":"https:\/\/portaltela.pt\/s.01k8rhncp4jt1\/2026\/04\/img_1500x1000uu2015-02-06-13-59-00-434090.jpg","datePublished":"2026-04-28T18:33:34+00:00","author":{"@id":"https:\/\/portaltela.pt\/#\/schema\/person\/c4278d4a6028830caff9ee44b42d32ed"},"breadcrumb":{"@id":"https:\/\/portaltela.pt\/noticias\/2026\/04\/28\/cim-leiria-pede-resposta-mais-rapida-aos-danos-da-tempestade-kristin\/#breadcrumb"},"inLanguage":"pt-PT","potentialAction":[{"@type":"ReadAction","target":["https:\/\/portaltela.pt\/noticias\/2026\/04\/28\/cim-leiria-pede-resposta-mais-rapida-aos-danos-da-tempestade-kristin\/"]}]},{"@type":"ImageObject","inLanguage":"pt-PT","@id":"https:\/\/portaltela.pt\/noticias\/2026\/04\/28\/cim-leiria-pede-resposta-mais-rapida-aos-danos-da-tempestade-kristin\/#primaryimage","url":"https:\/\/portaltela.pt\/s.01k8rhncp4jt1\/2026\/04\/img_1500x1000uu2015-02-06-13-59-00-434090.jpg","contentUrl":"https:\/\/portaltela.pt\/s.01k8rhncp4jt1\/2026\/04\/img_1500x1000uu2015-02-06-13-59-00-434090.jpg","width":796,"height":448,"caption":"C\u00e2mara Municipal de Leiria, Fachada, Ed\u00edficio"},{"@type":"BreadcrumbList","@id":"https:\/\/portaltela.pt\/noticias\/2026\/04\/28\/cim-leiria-pede-resposta-mais-rapida-aos-danos-da-tempestade-kristin\/#breadcrumb","itemListElement":[{"@type":"ListItem","position":1,"name":"In\u00edcio","item":"https:\/\/portaltela.pt\/"},{"@type":"ListItem","position":2,"name":"CIM Leiria pede resposta mais r\u00e1pida aos danos da tempestade Kristin"}]},{"@type":"WebSite","@id":"https:\/\/portaltela.pt\/#website","url":"https:\/\/portaltela.pt\/","name":"Portal Tela Portugal","description":"","potentialAction":[{"@type":"SearchAction","target":{"@type":"EntryPoint","urlTemplate":"https:\/\/portaltela.pt\/?s={search_term_string}"},"query-input":{"@type":"PropertyValueSpecification","valueRequired":true,"valueName":"search_term_string"}}],"inLanguage":"pt-PT"},{"@type":"Person","@id":"https:\/\/portaltela.pt\/#\/schema\/person\/c4278d4a6028830caff9ee44b42d32ed","name":"Telinha","image":{"@type":"ImageObject","inLanguage":"pt-PT","@id":"https:\/\/portaltela.pt\/s.01k8rhncp4jt1\/2025\/11\/talking-bot-125x125.png","url":"https:\/\/portaltela.pt\/s.01k8rhncp4jt1\/2025\/11\/talking-bot-125x125.png","contentUrl":"https:\/\/portaltela.pt\/s.01k8rhncp4jt1\/2025\/11\/talking-bot-125x125.png","caption":"Telinha"},"sameAs":["https:\/\/portaltela.pt\/"],"url":"https:\/\/portaltela.pt\/por\/367410592786\/"}]}},"_links":{"self":[{"href":"https:\/\/portaltela.pt\/api\/wp\/v2\/posts\/460306","targetHints":{"allow":["GET"]}}],"collection":[{"href":"https:\/\/portaltela.pt\/api\/wp\/v2\/posts"}],"about":[{"href":"https:\/\/portaltela.pt\/api\/wp\/v2\/types\/post"}],"author":[{"embeddable":true,"href":"https:\/\/portaltela.pt\/api\/wp\/v2\/users\/2"}],"replies":[{"embeddable":true,"href":"https:\/\/portaltela.pt\/api\/wp\/v2\/comments?post=460306"}],"version-history":[{"count":0,"href":"https:\/\/portaltela.pt\/api\/wp\/v2\/posts\/460306\/revisions"}],"wp:featuredmedia":[{"embeddable":true,"href":"https:\/\/portaltela.pt\/api\/wp\/v2\/media\/460317"}],"wp:attachment":[{"href":"https:\/\/portaltela.pt\/api\/wp\/v2\/media?parent=460306"}],"wp:term":[{"taxonomy":"category","embeddable":true,"href":"https:\/\/portaltela.pt\/api\/wp\/v2\/categories?post=460306"},{"taxonomy":"post_tag","embeddable":true,"href":"https:\/\/portaltela.pt\/api\/wp\/v2\/tags?post=460306"}],"curies":[{"name":"wp","href":"https:\/\/api.w.org\/{rel}","templated":true}]}}