{"id":460304,"date":"2026-04-28T15:33:30","date_gmt":"2026-04-28T18:33:30","guid":{"rendered":"https:\/\/portaltela.pt\/noticias\/2026\/04\/28\/nova-via-no-vale-do-neiva-corta-ruas-alertam-moradores\/"},"modified":"2026-04-28T15:33:30","modified_gmt":"2026-04-28T18:33:30","slug":"nova-via-no-vale-do-neiva-corta-ruas-alertam-moradores","status":"publish","type":"post","link":"https:\/\/portaltela.pt\/curiosidades\/2026\/04\/28\/nova-via-no-vale-do-neiva-corta-ruas-alertam-moradores\/","title":{"rendered":"Nova via no vale do Neiva corta ruas, alertam moradores"},"content":{"rendered":"<p>A nova via do vale do Neiva, em Viana do Castelo, est\u00e1 a ser constru\u00edda com financiamento do Plano de Recupera\u00e7\u00e3o e Resili\u00eancia (PRR). O tra\u00e7ado corta ruas em Barroselas, freguesia do concelho, gerando descontentamento entre os moradores.<\/p>\n<p>A contesta\u00e7\u00e3o foi apresentada na manh\u00e3 desta ter\u00e7a-feira, numa reuni\u00e3o do Executivo de Viana do Castelo. O vereador Andr\u00e9 Lousinha, do PSD, referiu a deslocaliza\u00e7\u00e3o de uma rotunda de acesso \u00e0 via do vale do Neiva como o problema central.<\/p>\n<p>A posi\u00e7\u00e3o do PSD surge na sequ\u00eancia de reclama\u00e7\u00f5es locais sobre o impacto no tr\u00e1fego e no ordenamento da circula\u00e7\u00e3o, com moradores a pedir esclarecimentos sobre o desvio de vias existentes e o cronograma da interven\u00e7\u00e3o. A C\u00e2mara de Viana ainda n\u00e3o divulgou detalhes oficiais sobre o planeamento da obra.<\/p>\n<h3>Controv\u00e9rsia e pr\u00f3ximos passos<\/h3>\n<p>Os moradores de Barroselas aguardam esclarecimentos sobre as altera\u00e7\u00f5es vi\u00e1rias, os prazos de execu\u00e7\u00e3o e eventuais medidas compensat\u00f3rias para o acesso \u00e0s ruas afetadas. O munic\u00edpio n\u00e3o confirmou datas para publicitar novas informa\u00e7\u00f5es.<\/p>\n<p>A administra\u00e7\u00e3o municipal mant\u00e9m o foco na conclus\u00e3o do projeto no \u00e2mbito do PRR, mas afirma analisar as preocupa\u00e7\u00f5es locais para mitigar impactos durante a implementa\u00e7\u00e3o. Novos comunicados devem detalhar o planeamento e as solu\u00e7\u00f5es propostas.<\/p>\n","protected":false},"excerpt":{"rendered":"<ul>\n<li>A nova via do vale do Neiva, em constru\u00e7\u00e3o em Viana do Castelo com financiamento do Plano de Recupera\u00e7\u00e3o e Resili\u00eancia (PRR), corta ruas em Barroselas.<\/li>\n<li>Moradores da freguesia contestam o corte, apontando impactos na circula\u00e7\u00e3o local.<\/li>\n<li>A quest\u00e3o foi apresentada na reuni\u00e3o do Executivo de Viana, na ter\u00e7a-feira de manh\u00e3, pelo PSD.<\/li>\n<li>O vereador Andr\u00e9 Lousinha referiu a deslocaliza\u00e7\u00e3o de uma rotunda de acesso \u00e0 via do vale do Neiva.<\/li>\n<\/ul>\n","protected":false},"author":2,"featured_media":460318,"comment_status":"closed","ping_status":"closed","sticky":false,"template":"","format":"standard","meta":{"footnotes":""},"categories":[7372,7384],"tags":[8357,7769,4191,258,1506,3148],"class_list":["post-460304","post","type-post","status-publish","format-standard","has-post-thumbnail","hentry","category-comunidade","category-curiosidades","tag-_viana-do-castelo","tag-barroselas","tag-deslocacoes","tag-infraestruturas","tag-ordenamento-do-territorio","tag-planeamento-urbano"],"yoast_head":"<!-- This site is optimized with the Yoast SEO plugin v27.2 - https:\/\/yoast.com\/product\/yoast-seo-wordpress\/ -->\n<title>Nova via no vale do Neiva corta ruas, alertam moradores - Portal Tela Portugal<\/title>\n<meta name=\"robots\" content=\"index, follow, max-snippet:-1, max-image-preview:large, max-video-preview:-1\" \/>\n<meta property=\"og:locale\" content=\"pt_PT\" \/>\n<meta property=\"og:type\" content=\"article\" \/>\n<meta property=\"og:title\" content=\"Nova via no vale do Neiva corta ruas, alertam moradores - Portal Tela Portugal\" \/>\n<meta property=\"og:description\" content=\"A nova via do vale do Neiva, em constru\u00e7\u00e3o em Viana do Castelo com financiamento do Plano de Recupera\u00e7\u00e3o e Resili\u00eancia (PRR), corta ruas em Barroselas. Moradores da freguesia contestam o corte, apontando impactos na circula\u00e7\u00e3o local. A quest\u00e3o foi apresentada na reuni\u00e3o do Executivo de Viana, na ter\u00e7a-feira de manh\u00e3, pelo PSD. O vereador Andr\u00e9 Lousinha referiu a deslocaliza\u00e7\u00e3o de uma rotunda de acesso \u00e0 via do vale do Neiva.\" \/>\n<meta property=\"og:url\" content=\"https:\/\/portaltela.pt\/noticias\/2026\/04\/28\/nova-via-no-vale-do-neiva-corta-ruas-alertam-moradores\/\" \/>\n<meta property=\"og:site_name\" content=\"Portal Tela Portugal\" \/>\n<meta property=\"article:published_time\" content=\"2026-04-28T18:33:30+00:00\" \/>\n<meta name=\"author\" content=\"Telinha\" \/>\n<meta name=\"twitter:card\" content=\"summary_large_image\" \/>\n<meta name=\"twitter:label1\" content=\"Escrito por\" \/>\n\t<meta name=\"twitter:data1\" content=\"Telinha\" \/>\n\t<meta name=\"twitter:label2\" content=\"Tempo estimado de leitura\" \/>\n\t<meta name=\"twitter:data2\" content=\"1 minuto\" \/>\n<script type=\"application\/ld+json\" class=\"yoast-schema-graph\">{\"@context\":\"https:\/\/schema.org\",\"@graph\":[{\"@type\":\"Article\",\"@id\":\"https:\/\/portaltela.pt\/noticias\/2026\/04\/28\/nova-via-no-vale-do-neiva-corta-ruas-alertam-moradores\/#article\",\"isPartOf\":{\"@id\":\"https:\/\/portaltela.pt\/noticias\/2026\/04\/28\/nova-via-no-vale-do-neiva-corta-ruas-alertam-moradores\/\"},\"author\":{\"name\":\"Telinha\",\"@id\":\"https:\/\/portaltela.pt\/#\/schema\/person\/c4278d4a6028830caff9ee44b42d32ed\"},\"headline\":\"Nova via no vale do Neiva corta ruas, alertam moradores\",\"datePublished\":\"2026-04-28T18:33:30+00:00\",\"mainEntityOfPage\":{\"@id\":\"https:\/\/portaltela.pt\/noticias\/2026\/04\/28\/nova-via-no-vale-do-neiva-corta-ruas-alertam-moradores\/\"},\"wordCount\":241,\"image\":{\"@id\":\"https:\/\/portaltela.pt\/noticias\/2026\/04\/28\/nova-via-no-vale-do-neiva-corta-ruas-alertam-moradores\/#primaryimage\"},\"thumbnailUrl\":\"https:\/\/portaltela.pt\/s.01k8rhncp4jt1\/2026\/04\/image-1616.jpg\",\"keywords\":[\"_Viana do Castelo\",\"Barroselas\",\"desloca\u00e7\u00f5es\",\"infraestruturas\",\"ordenamento do territ\u00f3rio\",\"planeamento urbano\"],\"articleSection\":[\"Comunidade\",\"Curiosidades\"],\"inLanguage\":\"pt-PT\"},{\"@type\":\"WebPage\",\"@id\":\"https:\/\/portaltela.pt\/noticias\/2026\/04\/28\/nova-via-no-vale-do-neiva-corta-ruas-alertam-moradores\/\",\"url\":\"https:\/\/portaltela.pt\/noticias\/2026\/04\/28\/nova-via-no-vale-do-neiva-corta-ruas-alertam-moradores\/\",\"name\":\"Nova via no vale do Neiva corta ruas, alertam moradores - Portal Tela Portugal\",\"isPartOf\":{\"@id\":\"https:\/\/portaltela.pt\/#website\"},\"primaryImageOfPage\":{\"@id\":\"https:\/\/portaltela.pt\/noticias\/2026\/04\/28\/nova-via-no-vale-do-neiva-corta-ruas-alertam-moradores\/#primaryimage\"},\"image\":{\"@id\":\"https:\/\/portaltela.pt\/noticias\/2026\/04\/28\/nova-via-no-vale-do-neiva-corta-ruas-alertam-moradores\/#primaryimage\"},\"thumbnailUrl\":\"https:\/\/portaltela.pt\/s.01k8rhncp4jt1\/2026\/04\/image-1616.jpg\",\"datePublished\":\"2026-04-28T18:33:30+00:00\",\"author\":{\"@id\":\"https:\/\/portaltela.pt\/#\/schema\/person\/c4278d4a6028830caff9ee44b42d32ed\"},\"breadcrumb\":{\"@id\":\"https:\/\/portaltela.pt\/noticias\/2026\/04\/28\/nova-via-no-vale-do-neiva-corta-ruas-alertam-moradores\/#breadcrumb\"},\"inLanguage\":\"pt-PT\",\"potentialAction\":[{\"@type\":\"ReadAction\",\"target\":[\"https:\/\/portaltela.pt\/noticias\/2026\/04\/28\/nova-via-no-vale-do-neiva-corta-ruas-alertam-moradores\/\"]}]},{\"@type\":\"ImageObject\",\"inLanguage\":\"pt-PT\",\"@id\":\"https:\/\/portaltela.pt\/noticias\/2026\/04\/28\/nova-via-no-vale-do-neiva-corta-ruas-alertam-moradores\/#primaryimage\",\"url\":\"https:\/\/portaltela.pt\/s.01k8rhncp4jt1\/2026\/04\/image-1616.jpg\",\"contentUrl\":\"https:\/\/portaltela.pt\/s.01k8rhncp4jt1\/2026\/04\/image-1616.jpg\",\"width\":796,\"height\":448,\"caption\":\"A via do Vale do Neiva prev\u00ea a liga\u00e7\u00e3o de Barroselas ao IC1\/A28 e \u00e0s EN 103 e 13\"},{\"@type\":\"BreadcrumbList\",\"@id\":\"https:\/\/portaltela.pt\/noticias\/2026\/04\/28\/nova-via-no-vale-do-neiva-corta-ruas-alertam-moradores\/#breadcrumb\",\"itemListElement\":[{\"@type\":\"ListItem\",\"position\":1,\"name\":\"In\u00edcio\",\"item\":\"https:\/\/portaltela.pt\/\"},{\"@type\":\"ListItem\",\"position\":2,\"name\":\"Nova via no vale do Neiva corta ruas, alertam moradores\"}]},{\"@type\":\"WebSite\",\"@id\":\"https:\/\/portaltela.pt\/#website\",\"url\":\"https:\/\/portaltela.pt\/\",\"name\":\"Portal Tela Portugal\",\"description\":\"\",\"potentialAction\":[{\"@type\":\"SearchAction\",\"target\":{\"@type\":\"EntryPoint\",\"urlTemplate\":\"https:\/\/portaltela.pt\/?s={search_term_string}\"},\"query-input\":{\"@type\":\"PropertyValueSpecification\",\"valueRequired\":true,\"valueName\":\"search_term_string\"}}],\"inLanguage\":\"pt-PT\"},{\"@type\":\"Person\",\"@id\":\"https:\/\/portaltela.pt\/#\/schema\/person\/c4278d4a6028830caff9ee44b42d32ed\",\"name\":\"Telinha\",\"image\":{\"@type\":\"ImageObject\",\"inLanguage\":\"pt-PT\",\"@id\":\"https:\/\/portaltela.pt\/s.01k8rhncp4jt1\/2025\/11\/talking-bot-125x125.png\",\"url\":\"https:\/\/portaltela.pt\/s.01k8rhncp4jt1\/2025\/11\/talking-bot-125x125.png\",\"contentUrl\":\"https:\/\/portaltela.pt\/s.01k8rhncp4jt1\/2025\/11\/talking-bot-125x125.png\",\"caption\":\"Telinha\"},\"sameAs\":[\"https:\/\/portaltela.pt\/\"],\"url\":\"https:\/\/portaltela.pt\/por\/367410592786\/\"}]}<\/script>\n<!-- \/ Yoast SEO plugin. -->","yoast_head_json":{"title":"Nova via no vale do Neiva corta ruas, alertam moradores - Portal Tela Portugal","robots":{"index":"index","follow":"follow","max-snippet":"max-snippet:-1","max-image-preview":"max-image-preview:large","max-video-preview":"max-video-preview:-1"},"og_locale":"pt_PT","og_type":"article","og_title":"Nova via no vale do Neiva corta ruas, alertam moradores - Portal Tela Portugal","og_description":"A nova via do vale do Neiva, em constru\u00e7\u00e3o em Viana do Castelo com financiamento do Plano de Recupera\u00e7\u00e3o e Resili\u00eancia (PRR), corta ruas em Barroselas. Moradores da freguesia contestam o corte, apontando impactos na circula\u00e7\u00e3o local. A quest\u00e3o foi apresentada na reuni\u00e3o do Executivo de Viana, na ter\u00e7a-feira de manh\u00e3, pelo PSD. O vereador Andr\u00e9 Lousinha referiu a deslocaliza\u00e7\u00e3o de uma rotunda de acesso \u00e0 via do vale do Neiva.","og_url":"https:\/\/portaltela.pt\/noticias\/2026\/04\/28\/nova-via-no-vale-do-neiva-corta-ruas-alertam-moradores\/","og_site_name":"Portal Tela Portugal","article_published_time":"2026-04-28T18:33:30+00:00","author":"Telinha","twitter_card":"summary_large_image","twitter_misc":{"Escrito por":"Telinha","Tempo estimado de leitura":"1 minuto"},"schema":{"@context":"https:\/\/schema.org","@graph":[{"@type":"Article","@id":"https:\/\/portaltela.pt\/noticias\/2026\/04\/28\/nova-via-no-vale-do-neiva-corta-ruas-alertam-moradores\/#article","isPartOf":{"@id":"https:\/\/portaltela.pt\/noticias\/2026\/04\/28\/nova-via-no-vale-do-neiva-corta-ruas-alertam-moradores\/"},"author":{"name":"Telinha","@id":"https:\/\/portaltela.pt\/#\/schema\/person\/c4278d4a6028830caff9ee44b42d32ed"},"headline":"Nova via no vale do Neiva corta ruas, alertam moradores","datePublished":"2026-04-28T18:33:30+00:00","mainEntityOfPage":{"@id":"https:\/\/portaltela.pt\/noticias\/2026\/04\/28\/nova-via-no-vale-do-neiva-corta-ruas-alertam-moradores\/"},"wordCount":241,"image":{"@id":"https:\/\/portaltela.pt\/noticias\/2026\/04\/28\/nova-via-no-vale-do-neiva-corta-ruas-alertam-moradores\/#primaryimage"},"thumbnailUrl":"https:\/\/portaltela.pt\/s.01k8rhncp4jt1\/2026\/04\/image-1616.jpg","keywords":["_Viana do Castelo","Barroselas","desloca\u00e7\u00f5es","infraestruturas","ordenamento do territ\u00f3rio","planeamento urbano"],"articleSection":["Comunidade","Curiosidades"],"inLanguage":"pt-PT"},{"@type":"WebPage","@id":"https:\/\/portaltela.pt\/noticias\/2026\/04\/28\/nova-via-no-vale-do-neiva-corta-ruas-alertam-moradores\/","url":"https:\/\/portaltela.pt\/noticias\/2026\/04\/28\/nova-via-no-vale-do-neiva-corta-ruas-alertam-moradores\/","name":"Nova via no vale do Neiva corta ruas, alertam moradores - Portal Tela Portugal","isPartOf":{"@id":"https:\/\/portaltela.pt\/#website"},"primaryImageOfPage":{"@id":"https:\/\/portaltela.pt\/noticias\/2026\/04\/28\/nova-via-no-vale-do-neiva-corta-ruas-alertam-moradores\/#primaryimage"},"image":{"@id":"https:\/\/portaltela.pt\/noticias\/2026\/04\/28\/nova-via-no-vale-do-neiva-corta-ruas-alertam-moradores\/#primaryimage"},"thumbnailUrl":"https:\/\/portaltela.pt\/s.01k8rhncp4jt1\/2026\/04\/image-1616.jpg","datePublished":"2026-04-28T18:33:30+00:00","author":{"@id":"https:\/\/portaltela.pt\/#\/schema\/person\/c4278d4a6028830caff9ee44b42d32ed"},"breadcrumb":{"@id":"https:\/\/portaltela.pt\/noticias\/2026\/04\/28\/nova-via-no-vale-do-neiva-corta-ruas-alertam-moradores\/#breadcrumb"},"inLanguage":"pt-PT","potentialAction":[{"@type":"ReadAction","target":["https:\/\/portaltela.pt\/noticias\/2026\/04\/28\/nova-via-no-vale-do-neiva-corta-ruas-alertam-moradores\/"]}]},{"@type":"ImageObject","inLanguage":"pt-PT","@id":"https:\/\/portaltela.pt\/noticias\/2026\/04\/28\/nova-via-no-vale-do-neiva-corta-ruas-alertam-moradores\/#primaryimage","url":"https:\/\/portaltela.pt\/s.01k8rhncp4jt1\/2026\/04\/image-1616.jpg","contentUrl":"https:\/\/portaltela.pt\/s.01k8rhncp4jt1\/2026\/04\/image-1616.jpg","width":796,"height":448,"caption":"A via do Vale do Neiva prev\u00ea a liga\u00e7\u00e3o de Barroselas ao IC1\/A28 e \u00e0s EN 103 e 13"},{"@type":"BreadcrumbList","@id":"https:\/\/portaltela.pt\/noticias\/2026\/04\/28\/nova-via-no-vale-do-neiva-corta-ruas-alertam-moradores\/#breadcrumb","itemListElement":[{"@type":"ListItem","position":1,"name":"In\u00edcio","item":"https:\/\/portaltela.pt\/"},{"@type":"ListItem","position":2,"name":"Nova via no vale do Neiva corta ruas, alertam moradores"}]},{"@type":"WebSite","@id":"https:\/\/portaltela.pt\/#website","url":"https:\/\/portaltela.pt\/","name":"Portal Tela Portugal","description":"","potentialAction":[{"@type":"SearchAction","target":{"@type":"EntryPoint","urlTemplate":"https:\/\/portaltela.pt\/?s={search_term_string}"},"query-input":{"@type":"PropertyValueSpecification","valueRequired":true,"valueName":"search_term_string"}}],"inLanguage":"pt-PT"},{"@type":"Person","@id":"https:\/\/portaltela.pt\/#\/schema\/person\/c4278d4a6028830caff9ee44b42d32ed","name":"Telinha","image":{"@type":"ImageObject","inLanguage":"pt-PT","@id":"https:\/\/portaltela.pt\/s.01k8rhncp4jt1\/2025\/11\/talking-bot-125x125.png","url":"https:\/\/portaltela.pt\/s.01k8rhncp4jt1\/2025\/11\/talking-bot-125x125.png","contentUrl":"https:\/\/portaltela.pt\/s.01k8rhncp4jt1\/2025\/11\/talking-bot-125x125.png","caption":"Telinha"},"sameAs":["https:\/\/portaltela.pt\/"],"url":"https:\/\/portaltela.pt\/por\/367410592786\/"}]}},"_links":{"self":[{"href":"https:\/\/portaltela.pt\/api\/wp\/v2\/posts\/460304","targetHints":{"allow":["GET"]}}],"collection":[{"href":"https:\/\/portaltela.pt\/api\/wp\/v2\/posts"}],"about":[{"href":"https:\/\/portaltela.pt\/api\/wp\/v2\/types\/post"}],"author":[{"embeddable":true,"href":"https:\/\/portaltela.pt\/api\/wp\/v2\/users\/2"}],"replies":[{"embeddable":true,"href":"https:\/\/portaltela.pt\/api\/wp\/v2\/comments?post=460304"}],"version-history":[{"count":0,"href":"https:\/\/portaltela.pt\/api\/wp\/v2\/posts\/460304\/revisions"}],"wp:featuredmedia":[{"embeddable":true,"href":"https:\/\/portaltela.pt\/api\/wp\/v2\/media\/460318"}],"wp:attachment":[{"href":"https:\/\/portaltela.pt\/api\/wp\/v2\/media?parent=460304"}],"wp:term":[{"taxonomy":"category","embeddable":true,"href":"https:\/\/portaltela.pt\/api\/wp\/v2\/categories?post=460304"},{"taxonomy":"post_tag","embeddable":true,"href":"https:\/\/portaltela.pt\/api\/wp\/v2\/tags?post=460304"}],"curies":[{"name":"wp","href":"https:\/\/api.w.org\/{rel}","templated":true}]}}