{"id":460297,"date":"2026-04-28T15:33:20","date_gmt":"2026-04-28T18:33:20","guid":{"rendered":"https:\/\/portaltela.pt\/noticias\/2026\/04\/28\/freguesias-portuguesas-terao-telefone-satelite-starlink-ainda-este-ano\/"},"modified":"2026-04-28T15:33:20","modified_gmt":"2026-04-28T18:33:20","slug":"freguesias-portuguesas-terao-telefone-satelite-starlink-ainda-este-ano","status":"publish","type":"post","link":"https:\/\/portaltela.pt\/telecomunicacoes\/2026\/04\/28\/freguesias-portuguesas-terao-telefone-satelite-starlink-ainda-este-ano\/","title":{"rendered":"Freguesias portuguesas ter\u00e3o telefone sat\u00e9lite Starlink ainda este ano"},"content":{"rendered":"<p>As juntas de freguesia portuguesas v\u00e3o ficar conectadas via Starlink, com telefones que assegurem liga\u00e7\u00f5es pela rede de sat\u00e9lites at\u00e9 ao final deste ano. A garantia foi anunciada pelo primeiro-ministro, Lu\u00eds Montenegro, durante a apresenta\u00e7\u00e3o do PTRR.<\/p>\n<p>O objetivo \u00e9 manter comunica\u00e7\u00f5es robustas em qualquer cen\u00e1rio, incluindo cat\u00e1strofes, aliando tamb\u00e9m a rede SIRESP, a rede p\u00fablica de emerg\u00eancias. Montenegro informou que os pr\u00f3ximos meses v\u00e3o trazer essa implementa\u00e7\u00e3o pr\u00e1tica.<\/p>\n<p>Mais de tr\u00eas mil juntas de freguesia devem estar abrangidas pela medida, que faz parte do Plano Portugal Transforma\u00e7\u00e3o, Recupera\u00e7\u00e3o e Resili\u00eancia. O Governo quer assegurar que as juntas acedem a dados e estejam online em qualquer altura.<\/p>\n<p>O primeiro-ministro destacou que a iniciativa tem \u201cimpacto significativo\u201d na tranquiliza\u00e7\u00e3o dos cidad\u00e3os e sublinhou o papel central das juntas de freguesia. N\u00e3o foram adiantados custos ou fontes de financiamento.<\/p>\n<p>Outra medida anunciada \u00e9 a partilha tempor\u00e1ria de infraestruturas entre operadoras, com roaming nacional para mitigar falhas na rede. O objetivo \u00e9 manter servi\u00e7os operacionais mesmo em casos de falha.<\/p>\n<p>Em resposta, a Anacom informou \u00e0 Lusa que continuam cerca de 20.000 acessos fixos afetados pela tempestade Kristin. Entre as causas est\u00e3o atrasos na reposi\u00e7\u00e3o de servi\u00e7os e falhas repetidas ap\u00f3s reparos.<\/p>\n<p>Al\u00e9m disso, persistem problemas em servi\u00e7os de telefone fixo e m\u00f3vel, Internet fixa e m\u00f3vel, televis\u00e3o por subscri\u00e7\u00e3o e televis\u00e3o digital terrestre, segundo o regulador. As a\u00e7\u00f5es visam reduzir incapacidades de comunica\u00e7\u00e3o.<\/p>\n","protected":false},"excerpt":{"rendered":"<ul>\n<li>Mais de tr\u00eas mil juntas de freguesia v\u00e3o ter telefones com liga\u00e7\u00f5es asseguradas pela rede Starlink at\u00e9 ao final deste ano, segundo o primeiro-ministro, Lu\u00eds Montenegro, no \u00e2mbito do PTRR.<\/li>\n<li>O objetivo \u00e9 garantir comunica\u00e7\u00f5es robustas para funcionar mesmo em cen\u00e1rios de cat\u00e1strofe, incluindo a rede SIRESP, com lan\u00e7amento previsto nos pr\u00f3ximos meses.<\/li>\n<li>O Governo descreve as medidas como uma das a\u00e7\u00f5es de maior impacto para tranquilizar a popula\u00e7\u00e3o, destacando o papel central das juntas de freguesia.<\/li>\n<li>N\u00e3o h\u00e1 dados p\u00fablicos sobre o custo da medida nem sobre as fontes de financiamento.<\/li>\n<li>Outra medida anunciada \u00e9 a partilha tempor\u00e1ria de infraestruturas entre operadores de telecomunica\u00e7\u00f5es, com roaming nacional para mitigar falhas no servi\u00e7o.<\/li>\n<\/ul>\n","protected":false},"author":2,"featured_media":460305,"comment_status":"closed","ping_status":"closed","sticky":false,"template":"","format":"standard","meta":{"footnotes":""},"categories":[6716,7367],"tags":[5804,1935,258,5099,250,2171],"class_list":["post-460297","post","type-post","status-publish","format-standard","has-post-thumbnail","hentry","category-tecnologia","category-telecomunicacoes","tag-comunicacao-institucional","tag-emergencias","tag-infraestruturas","tag-protecao-civil-municipal","tag-seguranca-publica","tag-telecomunicacoes"],"yoast_head":"<!-- This site is optimized with the Yoast SEO plugin v27.2 - https:\/\/yoast.com\/product\/yoast-seo-wordpress\/ -->\n<title>Freguesias portuguesas ter\u00e3o telefone sat\u00e9lite Starlink ainda este ano - Portal Tela Portugal<\/title>\n<meta name=\"robots\" content=\"index, follow, max-snippet:-1, max-image-preview:large, max-video-preview:-1\" \/>\n<meta property=\"og:locale\" content=\"pt_PT\" \/>\n<meta property=\"og:type\" content=\"article\" \/>\n<meta property=\"og:title\" content=\"Freguesias portuguesas ter\u00e3o telefone sat\u00e9lite Starlink ainda este ano - Portal Tela Portugal\" \/>\n<meta property=\"og:description\" content=\"Mais de tr\u00eas mil juntas de freguesia v\u00e3o ter telefones com liga\u00e7\u00f5es asseguradas pela rede Starlink at\u00e9 ao final deste ano, segundo o primeiro-ministro, Lu\u00eds Montenegro, no \u00e2mbito do PTRR. O objetivo \u00e9 garantir comunica\u00e7\u00f5es robustas para funcionar mesmo em cen\u00e1rios de cat\u00e1strofe, incluindo a rede SIRESP, com lan\u00e7amento previsto nos pr\u00f3ximos meses. O Governo descreve as medidas como uma das a\u00e7\u00f5es de maior impacto para tranquilizar a popula\u00e7\u00e3o, destacando o papel central das juntas de freguesia. N\u00e3o h\u00e1 dados p\u00fablicos sobre o custo da medida nem sobre as fontes de financiamento. Outra medida anunciada \u00e9 a partilha tempor\u00e1ria de infraestruturas entre operadores de telecomunica\u00e7\u00f5es, com roaming nacional para mitigar falhas no servi\u00e7o.\" \/>\n<meta property=\"og:url\" content=\"https:\/\/portaltela.pt\/noticias\/2026\/04\/28\/freguesias-portuguesas-terao-telefone-satelite-starlink-ainda-este-ano\/\" \/>\n<meta property=\"og:site_name\" content=\"Portal Tela Portugal\" \/>\n<meta property=\"article:published_time\" content=\"2026-04-28T18:33:20+00:00\" \/>\n<meta name=\"author\" content=\"Telinha\" \/>\n<meta name=\"twitter:card\" content=\"summary_large_image\" \/>\n<meta name=\"twitter:label1\" content=\"Escrito por\" \/>\n\t<meta name=\"twitter:data1\" content=\"Telinha\" \/>\n\t<meta name=\"twitter:label2\" content=\"Tempo estimado de leitura\" \/>\n\t<meta name=\"twitter:data2\" content=\"1 minuto\" \/>\n<script type=\"application\/ld+json\" class=\"yoast-schema-graph\">{\"@context\":\"https:\/\/schema.org\",\"@graph\":[{\"@type\":\"Article\",\"@id\":\"https:\/\/portaltela.pt\/noticias\/2026\/04\/28\/freguesias-portuguesas-terao-telefone-satelite-starlink-ainda-este-ano\/#article\",\"isPartOf\":{\"@id\":\"https:\/\/portaltela.pt\/noticias\/2026\/04\/28\/freguesias-portuguesas-terao-telefone-satelite-starlink-ainda-este-ano\/\"},\"author\":{\"name\":\"Telinha\",\"@id\":\"https:\/\/portaltela.pt\/#\/schema\/person\/c4278d4a6028830caff9ee44b42d32ed\"},\"headline\":\"Freguesias portuguesas ter\u00e3o telefone sat\u00e9lite Starlink ainda este ano\",\"datePublished\":\"2026-04-28T18:33:20+00:00\",\"mainEntityOfPage\":{\"@id\":\"https:\/\/portaltela.pt\/noticias\/2026\/04\/28\/freguesias-portuguesas-terao-telefone-satelite-starlink-ainda-este-ano\/\"},\"wordCount\":274,\"image\":{\"@id\":\"https:\/\/portaltela.pt\/noticias\/2026\/04\/28\/freguesias-portuguesas-terao-telefone-satelite-starlink-ainda-este-ano\/#primaryimage\"},\"thumbnailUrl\":\"https:\/\/portaltela.pt\/s.01k8rhncp4jt1\/2026\/04\/2084688.jpg\",\"keywords\":[\"comunica\u00e7\u00e3o institucional\",\"emerg\u00eancias\",\"infraestruturas\",\"Prote\u00e7\u00e3o Civil Municipal\",\"seguran\u00e7a p\u00fablica\",\"telecomunica\u00e7\u00f5es\"],\"articleSection\":[\"Tecnologia\",\"Telecomunica\u00e7\u00f5es\"],\"inLanguage\":\"pt-PT\"},{\"@type\":\"WebPage\",\"@id\":\"https:\/\/portaltela.pt\/noticias\/2026\/04\/28\/freguesias-portuguesas-terao-telefone-satelite-starlink-ainda-este-ano\/\",\"url\":\"https:\/\/portaltela.pt\/noticias\/2026\/04\/28\/freguesias-portuguesas-terao-telefone-satelite-starlink-ainda-este-ano\/\",\"name\":\"Freguesias portuguesas ter\u00e3o telefone sat\u00e9lite Starlink ainda este ano - Portal Tela Portugal\",\"isPartOf\":{\"@id\":\"https:\/\/portaltela.pt\/#website\"},\"primaryImageOfPage\":{\"@id\":\"https:\/\/portaltela.pt\/noticias\/2026\/04\/28\/freguesias-portuguesas-terao-telefone-satelite-starlink-ainda-este-ano\/#primaryimage\"},\"image\":{\"@id\":\"https:\/\/portaltela.pt\/noticias\/2026\/04\/28\/freguesias-portuguesas-terao-telefone-satelite-starlink-ainda-este-ano\/#primaryimage\"},\"thumbnailUrl\":\"https:\/\/portaltela.pt\/s.01k8rhncp4jt1\/2026\/04\/2084688.jpg\",\"datePublished\":\"2026-04-28T18:33:20+00:00\",\"author\":{\"@id\":\"https:\/\/portaltela.pt\/#\/schema\/person\/c4278d4a6028830caff9ee44b42d32ed\"},\"breadcrumb\":{\"@id\":\"https:\/\/portaltela.pt\/noticias\/2026\/04\/28\/freguesias-portuguesas-terao-telefone-satelite-starlink-ainda-este-ano\/#breadcrumb\"},\"inLanguage\":\"pt-PT\",\"potentialAction\":[{\"@type\":\"ReadAction\",\"target\":[\"https:\/\/portaltela.pt\/noticias\/2026\/04\/28\/freguesias-portuguesas-terao-telefone-satelite-starlink-ainda-este-ano\/\"]}]},{\"@type\":\"ImageObject\",\"inLanguage\":\"pt-PT\",\"@id\":\"https:\/\/portaltela.pt\/noticias\/2026\/04\/28\/freguesias-portuguesas-terao-telefone-satelite-starlink-ainda-este-ano\/#primaryimage\",\"url\":\"https:\/\/portaltela.pt\/s.01k8rhncp4jt1\/2026\/04\/2084688.jpg\",\"contentUrl\":\"https:\/\/portaltela.pt\/s.01k8rhncp4jt1\/2026\/04\/2084688.jpg\",\"width\":796,\"height\":448,\"caption\":\"Montenegro prometeu a \u201centrega de meios de comunica\u00e7\u00e3o robustos para funcionarem em qualquer cen\u00e1rio\u201d.\"},{\"@type\":\"BreadcrumbList\",\"@id\":\"https:\/\/portaltela.pt\/noticias\/2026\/04\/28\/freguesias-portuguesas-terao-telefone-satelite-starlink-ainda-este-ano\/#breadcrumb\",\"itemListElement\":[{\"@type\":\"ListItem\",\"position\":1,\"name\":\"In\u00edcio\",\"item\":\"https:\/\/portaltela.pt\/\"},{\"@type\":\"ListItem\",\"position\":2,\"name\":\"Freguesias portuguesas ter\u00e3o telefone sat\u00e9lite Starlink ainda este ano\"}]},{\"@type\":\"WebSite\",\"@id\":\"https:\/\/portaltela.pt\/#website\",\"url\":\"https:\/\/portaltela.pt\/\",\"name\":\"Portal Tela Portugal\",\"description\":\"\",\"potentialAction\":[{\"@type\":\"SearchAction\",\"target\":{\"@type\":\"EntryPoint\",\"urlTemplate\":\"https:\/\/portaltela.pt\/?s={search_term_string}\"},\"query-input\":{\"@type\":\"PropertyValueSpecification\",\"valueRequired\":true,\"valueName\":\"search_term_string\"}}],\"inLanguage\":\"pt-PT\"},{\"@type\":\"Person\",\"@id\":\"https:\/\/portaltela.pt\/#\/schema\/person\/c4278d4a6028830caff9ee44b42d32ed\",\"name\":\"Telinha\",\"image\":{\"@type\":\"ImageObject\",\"inLanguage\":\"pt-PT\",\"@id\":\"https:\/\/portaltela.pt\/s.01k8rhncp4jt1\/2025\/11\/talking-bot-125x125.png\",\"url\":\"https:\/\/portaltela.pt\/s.01k8rhncp4jt1\/2025\/11\/talking-bot-125x125.png\",\"contentUrl\":\"https:\/\/portaltela.pt\/s.01k8rhncp4jt1\/2025\/11\/talking-bot-125x125.png\",\"caption\":\"Telinha\"},\"sameAs\":[\"https:\/\/portaltela.pt\/\"],\"url\":\"https:\/\/portaltela.pt\/por\/367410592786\/\"}]}<\/script>\n<!-- \/ Yoast SEO plugin. -->","yoast_head_json":{"title":"Freguesias portuguesas ter\u00e3o telefone sat\u00e9lite Starlink ainda este ano - Portal Tela Portugal","robots":{"index":"index","follow":"follow","max-snippet":"max-snippet:-1","max-image-preview":"max-image-preview:large","max-video-preview":"max-video-preview:-1"},"og_locale":"pt_PT","og_type":"article","og_title":"Freguesias portuguesas ter\u00e3o telefone sat\u00e9lite Starlink ainda este ano - Portal Tela Portugal","og_description":"Mais de tr\u00eas mil juntas de freguesia v\u00e3o ter telefones com liga\u00e7\u00f5es asseguradas pela rede Starlink at\u00e9 ao final deste ano, segundo o primeiro-ministro, Lu\u00eds Montenegro, no \u00e2mbito do PTRR. O objetivo \u00e9 garantir comunica\u00e7\u00f5es robustas para funcionar mesmo em cen\u00e1rios de cat\u00e1strofe, incluindo a rede SIRESP, com lan\u00e7amento previsto nos pr\u00f3ximos meses. O Governo descreve as medidas como uma das a\u00e7\u00f5es de maior impacto para tranquilizar a popula\u00e7\u00e3o, destacando o papel central das juntas de freguesia. N\u00e3o h\u00e1 dados p\u00fablicos sobre o custo da medida nem sobre as fontes de financiamento. Outra medida anunciada \u00e9 a partilha tempor\u00e1ria de infraestruturas entre operadores de telecomunica\u00e7\u00f5es, com roaming nacional para mitigar falhas no servi\u00e7o.","og_url":"https:\/\/portaltela.pt\/noticias\/2026\/04\/28\/freguesias-portuguesas-terao-telefone-satelite-starlink-ainda-este-ano\/","og_site_name":"Portal Tela Portugal","article_published_time":"2026-04-28T18:33:20+00:00","author":"Telinha","twitter_card":"summary_large_image","twitter_misc":{"Escrito por":"Telinha","Tempo estimado de leitura":"1 minuto"},"schema":{"@context":"https:\/\/schema.org","@graph":[{"@type":"Article","@id":"https:\/\/portaltela.pt\/noticias\/2026\/04\/28\/freguesias-portuguesas-terao-telefone-satelite-starlink-ainda-este-ano\/#article","isPartOf":{"@id":"https:\/\/portaltela.pt\/noticias\/2026\/04\/28\/freguesias-portuguesas-terao-telefone-satelite-starlink-ainda-este-ano\/"},"author":{"name":"Telinha","@id":"https:\/\/portaltela.pt\/#\/schema\/person\/c4278d4a6028830caff9ee44b42d32ed"},"headline":"Freguesias portuguesas ter\u00e3o telefone sat\u00e9lite Starlink ainda este ano","datePublished":"2026-04-28T18:33:20+00:00","mainEntityOfPage":{"@id":"https:\/\/portaltela.pt\/noticias\/2026\/04\/28\/freguesias-portuguesas-terao-telefone-satelite-starlink-ainda-este-ano\/"},"wordCount":274,"image":{"@id":"https:\/\/portaltela.pt\/noticias\/2026\/04\/28\/freguesias-portuguesas-terao-telefone-satelite-starlink-ainda-este-ano\/#primaryimage"},"thumbnailUrl":"https:\/\/portaltela.pt\/s.01k8rhncp4jt1\/2026\/04\/2084688.jpg","keywords":["comunica\u00e7\u00e3o institucional","emerg\u00eancias","infraestruturas","Prote\u00e7\u00e3o Civil Municipal","seguran\u00e7a p\u00fablica","telecomunica\u00e7\u00f5es"],"articleSection":["Tecnologia","Telecomunica\u00e7\u00f5es"],"inLanguage":"pt-PT"},{"@type":"WebPage","@id":"https:\/\/portaltela.pt\/noticias\/2026\/04\/28\/freguesias-portuguesas-terao-telefone-satelite-starlink-ainda-este-ano\/","url":"https:\/\/portaltela.pt\/noticias\/2026\/04\/28\/freguesias-portuguesas-terao-telefone-satelite-starlink-ainda-este-ano\/","name":"Freguesias portuguesas ter\u00e3o telefone sat\u00e9lite Starlink ainda este ano - Portal Tela Portugal","isPartOf":{"@id":"https:\/\/portaltela.pt\/#website"},"primaryImageOfPage":{"@id":"https:\/\/portaltela.pt\/noticias\/2026\/04\/28\/freguesias-portuguesas-terao-telefone-satelite-starlink-ainda-este-ano\/#primaryimage"},"image":{"@id":"https:\/\/portaltela.pt\/noticias\/2026\/04\/28\/freguesias-portuguesas-terao-telefone-satelite-starlink-ainda-este-ano\/#primaryimage"},"thumbnailUrl":"https:\/\/portaltela.pt\/s.01k8rhncp4jt1\/2026\/04\/2084688.jpg","datePublished":"2026-04-28T18:33:20+00:00","author":{"@id":"https:\/\/portaltela.pt\/#\/schema\/person\/c4278d4a6028830caff9ee44b42d32ed"},"breadcrumb":{"@id":"https:\/\/portaltela.pt\/noticias\/2026\/04\/28\/freguesias-portuguesas-terao-telefone-satelite-starlink-ainda-este-ano\/#breadcrumb"},"inLanguage":"pt-PT","potentialAction":[{"@type":"ReadAction","target":["https:\/\/portaltela.pt\/noticias\/2026\/04\/28\/freguesias-portuguesas-terao-telefone-satelite-starlink-ainda-este-ano\/"]}]},{"@type":"ImageObject","inLanguage":"pt-PT","@id":"https:\/\/portaltela.pt\/noticias\/2026\/04\/28\/freguesias-portuguesas-terao-telefone-satelite-starlink-ainda-este-ano\/#primaryimage","url":"https:\/\/portaltela.pt\/s.01k8rhncp4jt1\/2026\/04\/2084688.jpg","contentUrl":"https:\/\/portaltela.pt\/s.01k8rhncp4jt1\/2026\/04\/2084688.jpg","width":796,"height":448,"caption":"Montenegro prometeu a \u201centrega de meios de comunica\u00e7\u00e3o robustos para funcionarem em qualquer cen\u00e1rio\u201d."},{"@type":"BreadcrumbList","@id":"https:\/\/portaltela.pt\/noticias\/2026\/04\/28\/freguesias-portuguesas-terao-telefone-satelite-starlink-ainda-este-ano\/#breadcrumb","itemListElement":[{"@type":"ListItem","position":1,"name":"In\u00edcio","item":"https:\/\/portaltela.pt\/"},{"@type":"ListItem","position":2,"name":"Freguesias portuguesas ter\u00e3o telefone sat\u00e9lite Starlink ainda este ano"}]},{"@type":"WebSite","@id":"https:\/\/portaltela.pt\/#website","url":"https:\/\/portaltela.pt\/","name":"Portal Tela Portugal","description":"","potentialAction":[{"@type":"SearchAction","target":{"@type":"EntryPoint","urlTemplate":"https:\/\/portaltela.pt\/?s={search_term_string}"},"query-input":{"@type":"PropertyValueSpecification","valueRequired":true,"valueName":"search_term_string"}}],"inLanguage":"pt-PT"},{"@type":"Person","@id":"https:\/\/portaltela.pt\/#\/schema\/person\/c4278d4a6028830caff9ee44b42d32ed","name":"Telinha","image":{"@type":"ImageObject","inLanguage":"pt-PT","@id":"https:\/\/portaltela.pt\/s.01k8rhncp4jt1\/2025\/11\/talking-bot-125x125.png","url":"https:\/\/portaltela.pt\/s.01k8rhncp4jt1\/2025\/11\/talking-bot-125x125.png","contentUrl":"https:\/\/portaltela.pt\/s.01k8rhncp4jt1\/2025\/11\/talking-bot-125x125.png","caption":"Telinha"},"sameAs":["https:\/\/portaltela.pt\/"],"url":"https:\/\/portaltela.pt\/por\/367410592786\/"}]}},"_links":{"self":[{"href":"https:\/\/portaltela.pt\/api\/wp\/v2\/posts\/460297","targetHints":{"allow":["GET"]}}],"collection":[{"href":"https:\/\/portaltela.pt\/api\/wp\/v2\/posts"}],"about":[{"href":"https:\/\/portaltela.pt\/api\/wp\/v2\/types\/post"}],"author":[{"embeddable":true,"href":"https:\/\/portaltela.pt\/api\/wp\/v2\/users\/2"}],"replies":[{"embeddable":true,"href":"https:\/\/portaltela.pt\/api\/wp\/v2\/comments?post=460297"}],"version-history":[{"count":0,"href":"https:\/\/portaltela.pt\/api\/wp\/v2\/posts\/460297\/revisions"}],"wp:featuredmedia":[{"embeddable":true,"href":"https:\/\/portaltela.pt\/api\/wp\/v2\/media\/460305"}],"wp:attachment":[{"href":"https:\/\/portaltela.pt\/api\/wp\/v2\/media?parent=460297"}],"wp:term":[{"taxonomy":"category","embeddable":true,"href":"https:\/\/portaltela.pt\/api\/wp\/v2\/categories?post=460297"},{"taxonomy":"post_tag","embeddable":true,"href":"https:\/\/portaltela.pt\/api\/wp\/v2\/tags?post=460297"}],"curies":[{"name":"wp","href":"https:\/\/api.w.org\/{rel}","templated":true}]}}