{"id":460292,"date":"2026-04-28T15:33:13","date_gmt":"2026-04-28T18:33:13","guid":{"rendered":"https:\/\/portaltela.pt\/noticias\/2026\/04\/28\/parlamento-europeu-promove-regioes-menos-visitadas-para-frear-turismo-excessivo\/"},"modified":"2026-04-28T15:33:13","modified_gmt":"2026-04-28T18:33:13","slug":"parlamento-europeu-promove-regioes-menos-visitadas-para-frear-turismo-excessivo","status":"publish","type":"post","link":"https:\/\/portaltela.pt\/noticias\/politica\/2026\/04\/28\/parlamento-europeu-promove-regioes-menos-visitadas-para-frear-turismo-excessivo\/","title":{"rendered":"Parlamento Europeu promove regi\u00f5es menos visitadas para frear turismo excessivo"},"content":{"rendered":"<p>O Parlamento Europeu aprovou um relat\u00f3rio que defende refor\u00e7ar regi\u00f5es remotas e menos visitadas da UE, para reduzir a press\u00e3o tur\u00edstica em locais com turismo excessivo. A medida prop\u00f5e melhorar liga\u00e7\u00f5es de transporte e criar apoios para viagens mais sustent\u00e1veis, incluindo transporte el\u00e9trico.<\/p>\n<p>O texto, com 439 votos a favor, 42 contra e 129 absten\u00e7\u00f5es, objetiva desviar visitantes de destinos muito procurados para \u00e1reas emergentes, rurais, montanhas e ilhas. O objetivo \u00e9 equilibrar o fluxo tur\u00edstico e manter a autenticidade local.<\/p>\n<h3>Liga\u00e7\u00f5es de transporte e turismo sustent\u00e1vel<\/h3>\n<p>Entre as propostas, o PE defende melhorias nas liga\u00e7\u00f5es ferrovi\u00e1rias, rodovi\u00e1rias e a\u00e9reas, bem como a cria\u00e7\u00e3o de um apoio espec\u00edfico ao aluguer de ve\u00edculos el\u00e9tricos. O objetivo \u00e9 facilitar o acesso a destinos remotos sem aumentar a pegada ambiental.<\/p>\n<p>O relat\u00f3rio tamb\u00e9m recomenda a promo\u00e7\u00e3o de experi\u00eancias locais como gastronomia, vinhos, turismo regenerativo e atividades c\u00edclicas para alargar a dura\u00e7\u00e3o das visitas, sobretudo fora das \u00e9pocas altas, gerando rendimentos adicionais para as regi\u00f5es.<\/p>\n<h3>Arrendamento de curta dura\u00e7\u00e3o e fiscaliza\u00e7\u00e3o<\/h3>\n<p>Para aliviar a press\u00e3o nos locais mais tur\u00edsticos, o PE considera as novas regras da UE para arrendamentos de curta dura\u00e7\u00e3o um passo positivo, mas exige medidas adicionais para evitar coworking irregular e desloca\u00e7\u00e3o de residentes. Prop\u00f5e um quadro harmonizado para arrendamento de curta dura\u00e7\u00e3o, com normas de servi\u00e7os e regimes de autoriza\u00e7\u00e3o regionais.<\/p>\n<p>Em resposta \u00e0 escassez de m\u00e3o-de-obra no turismo, o relat\u00f3rio recomenda a cria\u00e7\u00e3o de um cart\u00e3o de compet\u00eancias para documentar forma\u00e7\u00e3o e qualifica\u00e7\u00f5es no setor. O objetivo \u00e9 facilitar a mobilidade profissional e elevar a qualidade dos servi\u00e7os.<\/p>\n<h3>Conectividade e estrat\u00e9gia futura<\/h3>\n<p>O relator, o eurodeputado Daniel Attard, afirma que o relat\u00f3rio dever\u00e1 influenciar a pr\u00f3xima estrat\u00e9gia da UE para turismo sustent\u00e1vel. O documento pretende tamb\u00e9m distribuir o turismo de forma mais equitativa, melhorar a conectividade, apoiar condi\u00e7\u00f5es de trabalho e proteger o ambiente, mantendo uma identidade europeia \u00fanica.<\/p>\n","protected":false},"excerpt":{"rendered":"<ul>\n<li>O Parlamento Europeu aprovou um relat\u00f3rio com medidas para promover regi\u00f5es remotas e menos visitadas da UE, visando aliviar o turismo excessivo.<\/li>\n<li>O texto foi aprovado com 439 votos a favor, 42 contra e 129 absten\u00e7\u00f5es, e defende tornar o turismo europeu mais sustent\u00e1vel, reduzindo press\u00e3o sobre locais procurados.<\/li>\n<li>Prop\u00f5e redirecionar visitantes para destinos menos conhecidos, emergentes ou remotos, como zonas rurais, montanhas e \u00e1reas insulares, destacando oportunidades ligadas \u00e0 gastronomia, vinho e patrim\u00f3nio.<\/li>\n<li>Sugere melhorar as liga\u00e7\u00f5es de transporte, apoiar o aluguer de ve\u00edculos el\u00e9tricos, criar mais comboios nocturnos transfronteiri\u00e7os e implementar sistemas de bilh\u00e9tica integrados.<\/li>\n<li>Refor\u00e7a as regras para arrendamentos de curta dura\u00e7\u00e3o, defendendo um quadro da UE que permita limitar dormidas ou exigir autoriza\u00e7\u00e3o, e prev\u00ea a cria\u00e7\u00e3o de um cart\u00e3o de compet\u00eancias para o turismo.<\/li>\n<\/ul>\n","protected":false},"author":2,"featured_media":460296,"comment_status":"closed","ping_status":"closed","sticky":false,"template":"","format":"standard","meta":{"footnotes":""},"categories":[1,5],"tags":[1409,2487,192,169,3445,2055],"class_list":["post-460292","post","type-post","status-publish","format-standard","has-post-thumbnail","hentry","category-noticias","category-politica","tag-desenvolvimento-regional","tag-europa","tag-transporte","tag-turismo","tag-turismo-sustentavel","tag-uniao-europeia"],"yoast_head":"<!-- This site is optimized with the Yoast SEO plugin v27.2 - https:\/\/yoast.com\/product\/yoast-seo-wordpress\/ -->\n<title>Parlamento Europeu promove regi\u00f5es menos visitadas para frear turismo excessivo - Portal Tela Portugal<\/title>\n<meta name=\"robots\" content=\"index, follow, max-snippet:-1, max-image-preview:large, max-video-preview:-1\" \/>\n<meta property=\"og:locale\" content=\"pt_PT\" \/>\n<meta property=\"og:type\" content=\"article\" \/>\n<meta property=\"og:title\" content=\"Parlamento Europeu promove regi\u00f5es menos visitadas para frear turismo excessivo - Portal Tela Portugal\" \/>\n<meta property=\"og:description\" content=\"O Parlamento Europeu aprovou um relat\u00f3rio com medidas para promover regi\u00f5es remotas e menos visitadas da UE, visando aliviar o turismo excessivo. O texto foi aprovado com 439 votos a favor, 42 contra e 129 absten\u00e7\u00f5es, e defende tornar o turismo europeu mais sustent\u00e1vel, reduzindo press\u00e3o sobre locais procurados. Prop\u00f5e redirecionar visitantes para destinos menos conhecidos, emergentes ou remotos, como zonas rurais, montanhas e \u00e1reas insulares, destacando oportunidades ligadas \u00e0 gastronomia, vinho e patrim\u00f3nio. Sugere melhorar as liga\u00e7\u00f5es de transporte, apoiar o aluguer de ve\u00edculos el\u00e9tricos, criar mais comboios nocturnos transfronteiri\u00e7os e implementar sistemas de bilh\u00e9tica integrados. Refor\u00e7a as regras para arrendamentos de curta dura\u00e7\u00e3o, defendendo um quadro da UE que permita limitar dormidas ou exigir autoriza\u00e7\u00e3o, e prev\u00ea a cria\u00e7\u00e3o de um cart\u00e3o de compet\u00eancias para o turismo.\" \/>\n<meta property=\"og:url\" content=\"https:\/\/portaltela.pt\/noticias\/2026\/04\/28\/parlamento-europeu-promove-regioes-menos-visitadas-para-frear-turismo-excessivo\/\" \/>\n<meta property=\"og:site_name\" content=\"Portal Tela Portugal\" \/>\n<meta property=\"article:published_time\" content=\"2026-04-28T18:33:13+00:00\" \/>\n<meta name=\"author\" content=\"Telinha\" \/>\n<meta name=\"twitter:card\" content=\"summary_large_image\" \/>\n<meta name=\"twitter:label1\" content=\"Escrito por\" \/>\n\t<meta name=\"twitter:data1\" content=\"Telinha\" \/>\n\t<meta name=\"twitter:label2\" content=\"Tempo estimado de leitura\" \/>\n\t<meta name=\"twitter:data2\" content=\"2 minutos\" \/>\n<script type=\"application\/ld+json\" class=\"yoast-schema-graph\">{\"@context\":\"https:\/\/schema.org\",\"@graph\":[{\"@type\":\"Article\",\"@id\":\"https:\/\/portaltela.pt\/noticias\/2026\/04\/28\/parlamento-europeu-promove-regioes-menos-visitadas-para-frear-turismo-excessivo\/#article\",\"isPartOf\":{\"@id\":\"https:\/\/portaltela.pt\/noticias\/2026\/04\/28\/parlamento-europeu-promove-regioes-menos-visitadas-para-frear-turismo-excessivo\/\"},\"author\":{\"name\":\"Telinha\",\"@id\":\"https:\/\/portaltela.pt\/#\/schema\/person\/c4278d4a6028830caff9ee44b42d32ed\"},\"headline\":\"Parlamento Europeu promove regi\u00f5es menos visitadas para frear turismo excessivo\",\"datePublished\":\"2026-04-28T18:33:13+00:00\",\"mainEntityOfPage\":{\"@id\":\"https:\/\/portaltela.pt\/noticias\/2026\/04\/28\/parlamento-europeu-promove-regioes-menos-visitadas-para-frear-turismo-excessivo\/\"},\"wordCount\":367,\"image\":{\"@id\":\"https:\/\/portaltela.pt\/noticias\/2026\/04\/28\/parlamento-europeu-promove-regioes-menos-visitadas-para-frear-turismo-excessivo\/#primaryimage\"},\"thumbnailUrl\":\"https:\/\/portaltela.pt\/s.01k8rhncp4jt1\/2026\/04\/2084700.jpg\",\"keywords\":[\"desenvolvimento regional\",\"Europa\",\"transporte\",\"turismo\",\"Turismo Sustent\u00e1vel\",\"Uni\u00e3o Europeia\"],\"articleSection\":[\"Not\u00edcias\",\"Pol\u00edtica\"],\"inLanguage\":\"pt-PT\"},{\"@type\":\"WebPage\",\"@id\":\"https:\/\/portaltela.pt\/noticias\/2026\/04\/28\/parlamento-europeu-promove-regioes-menos-visitadas-para-frear-turismo-excessivo\/\",\"url\":\"https:\/\/portaltela.pt\/noticias\/2026\/04\/28\/parlamento-europeu-promove-regioes-menos-visitadas-para-frear-turismo-excessivo\/\",\"name\":\"Parlamento Europeu promove regi\u00f5es menos visitadas para frear turismo excessivo - Portal Tela Portugal\",\"isPartOf\":{\"@id\":\"https:\/\/portaltela.pt\/#website\"},\"primaryImageOfPage\":{\"@id\":\"https:\/\/portaltela.pt\/noticias\/2026\/04\/28\/parlamento-europeu-promove-regioes-menos-visitadas-para-frear-turismo-excessivo\/#primaryimage\"},\"image\":{\"@id\":\"https:\/\/portaltela.pt\/noticias\/2026\/04\/28\/parlamento-europeu-promove-regioes-menos-visitadas-para-frear-turismo-excessivo\/#primaryimage\"},\"thumbnailUrl\":\"https:\/\/portaltela.pt\/s.01k8rhncp4jt1\/2026\/04\/2084700.jpg\",\"datePublished\":\"2026-04-28T18:33:13+00:00\",\"author\":{\"@id\":\"https:\/\/portaltela.pt\/#\/schema\/person\/c4278d4a6028830caff9ee44b42d32ed\"},\"breadcrumb\":{\"@id\":\"https:\/\/portaltela.pt\/noticias\/2026\/04\/28\/parlamento-europeu-promove-regioes-menos-visitadas-para-frear-turismo-excessivo\/#breadcrumb\"},\"inLanguage\":\"pt-PT\",\"potentialAction\":[{\"@type\":\"ReadAction\",\"target\":[\"https:\/\/portaltela.pt\/noticias\/2026\/04\/28\/parlamento-europeu-promove-regioes-menos-visitadas-para-frear-turismo-excessivo\/\"]}]},{\"@type\":\"ImageObject\",\"inLanguage\":\"pt-PT\",\"@id\":\"https:\/\/portaltela.pt\/noticias\/2026\/04\/28\/parlamento-europeu-promove-regioes-menos-visitadas-para-frear-turismo-excessivo\/#primaryimage\",\"url\":\"https:\/\/portaltela.pt\/s.01k8rhncp4jt1\/2026\/04\/2084700.jpg\",\"contentUrl\":\"https:\/\/portaltela.pt\/s.01k8rhncp4jt1\/2026\/04\/2084700.jpg\",\"width\":796,\"height\":448,\"caption\":\"O relat\u00f3rio visa influenciar a pr\u00f3xima estrat\u00e9gia da UE para o turismo sustent\u00e1vel (Na foto: o miradouro da Senhora do Monte, Lisboa)\"},{\"@type\":\"BreadcrumbList\",\"@id\":\"https:\/\/portaltela.pt\/noticias\/2026\/04\/28\/parlamento-europeu-promove-regioes-menos-visitadas-para-frear-turismo-excessivo\/#breadcrumb\",\"itemListElement\":[{\"@type\":\"ListItem\",\"position\":1,\"name\":\"In\u00edcio\",\"item\":\"https:\/\/portaltela.pt\/\"},{\"@type\":\"ListItem\",\"position\":2,\"name\":\"Parlamento Europeu promove regi\u00f5es menos visitadas para frear turismo excessivo\"}]},{\"@type\":\"WebSite\",\"@id\":\"https:\/\/portaltela.pt\/#website\",\"url\":\"https:\/\/portaltela.pt\/\",\"name\":\"Portal Tela Portugal\",\"description\":\"\",\"potentialAction\":[{\"@type\":\"SearchAction\",\"target\":{\"@type\":\"EntryPoint\",\"urlTemplate\":\"https:\/\/portaltela.pt\/?s={search_term_string}\"},\"query-input\":{\"@type\":\"PropertyValueSpecification\",\"valueRequired\":true,\"valueName\":\"search_term_string\"}}],\"inLanguage\":\"pt-PT\"},{\"@type\":\"Person\",\"@id\":\"https:\/\/portaltela.pt\/#\/schema\/person\/c4278d4a6028830caff9ee44b42d32ed\",\"name\":\"Telinha\",\"image\":{\"@type\":\"ImageObject\",\"inLanguage\":\"pt-PT\",\"@id\":\"https:\/\/portaltela.pt\/s.01k8rhncp4jt1\/2025\/11\/talking-bot-125x125.png\",\"url\":\"https:\/\/portaltela.pt\/s.01k8rhncp4jt1\/2025\/11\/talking-bot-125x125.png\",\"contentUrl\":\"https:\/\/portaltela.pt\/s.01k8rhncp4jt1\/2025\/11\/talking-bot-125x125.png\",\"caption\":\"Telinha\"},\"sameAs\":[\"https:\/\/portaltela.pt\/\"],\"url\":\"https:\/\/portaltela.pt\/por\/367410592786\/\"}]}<\/script>\n<!-- \/ Yoast SEO plugin. -->","yoast_head_json":{"title":"Parlamento Europeu promove regi\u00f5es menos visitadas para frear turismo excessivo - Portal Tela Portugal","robots":{"index":"index","follow":"follow","max-snippet":"max-snippet:-1","max-image-preview":"max-image-preview:large","max-video-preview":"max-video-preview:-1"},"og_locale":"pt_PT","og_type":"article","og_title":"Parlamento Europeu promove regi\u00f5es menos visitadas para frear turismo excessivo - Portal Tela Portugal","og_description":"O Parlamento Europeu aprovou um relat\u00f3rio com medidas para promover regi\u00f5es remotas e menos visitadas da UE, visando aliviar o turismo excessivo. O texto foi aprovado com 439 votos a favor, 42 contra e 129 absten\u00e7\u00f5es, e defende tornar o turismo europeu mais sustent\u00e1vel, reduzindo press\u00e3o sobre locais procurados. Prop\u00f5e redirecionar visitantes para destinos menos conhecidos, emergentes ou remotos, como zonas rurais, montanhas e \u00e1reas insulares, destacando oportunidades ligadas \u00e0 gastronomia, vinho e patrim\u00f3nio. Sugere melhorar as liga\u00e7\u00f5es de transporte, apoiar o aluguer de ve\u00edculos el\u00e9tricos, criar mais comboios nocturnos transfronteiri\u00e7os e implementar sistemas de bilh\u00e9tica integrados. Refor\u00e7a as regras para arrendamentos de curta dura\u00e7\u00e3o, defendendo um quadro da UE que permita limitar dormidas ou exigir autoriza\u00e7\u00e3o, e prev\u00ea a cria\u00e7\u00e3o de um cart\u00e3o de compet\u00eancias para o turismo.","og_url":"https:\/\/portaltela.pt\/noticias\/2026\/04\/28\/parlamento-europeu-promove-regioes-menos-visitadas-para-frear-turismo-excessivo\/","og_site_name":"Portal Tela Portugal","article_published_time":"2026-04-28T18:33:13+00:00","author":"Telinha","twitter_card":"summary_large_image","twitter_misc":{"Escrito por":"Telinha","Tempo estimado de leitura":"2 minutos"},"schema":{"@context":"https:\/\/schema.org","@graph":[{"@type":"Article","@id":"https:\/\/portaltela.pt\/noticias\/2026\/04\/28\/parlamento-europeu-promove-regioes-menos-visitadas-para-frear-turismo-excessivo\/#article","isPartOf":{"@id":"https:\/\/portaltela.pt\/noticias\/2026\/04\/28\/parlamento-europeu-promove-regioes-menos-visitadas-para-frear-turismo-excessivo\/"},"author":{"name":"Telinha","@id":"https:\/\/portaltela.pt\/#\/schema\/person\/c4278d4a6028830caff9ee44b42d32ed"},"headline":"Parlamento Europeu promove regi\u00f5es menos visitadas para frear turismo excessivo","datePublished":"2026-04-28T18:33:13+00:00","mainEntityOfPage":{"@id":"https:\/\/portaltela.pt\/noticias\/2026\/04\/28\/parlamento-europeu-promove-regioes-menos-visitadas-para-frear-turismo-excessivo\/"},"wordCount":367,"image":{"@id":"https:\/\/portaltela.pt\/noticias\/2026\/04\/28\/parlamento-europeu-promove-regioes-menos-visitadas-para-frear-turismo-excessivo\/#primaryimage"},"thumbnailUrl":"https:\/\/portaltela.pt\/s.01k8rhncp4jt1\/2026\/04\/2084700.jpg","keywords":["desenvolvimento regional","Europa","transporte","turismo","Turismo Sustent\u00e1vel","Uni\u00e3o Europeia"],"articleSection":["Not\u00edcias","Pol\u00edtica"],"inLanguage":"pt-PT"},{"@type":"WebPage","@id":"https:\/\/portaltela.pt\/noticias\/2026\/04\/28\/parlamento-europeu-promove-regioes-menos-visitadas-para-frear-turismo-excessivo\/","url":"https:\/\/portaltela.pt\/noticias\/2026\/04\/28\/parlamento-europeu-promove-regioes-menos-visitadas-para-frear-turismo-excessivo\/","name":"Parlamento Europeu promove regi\u00f5es menos visitadas para frear turismo excessivo - Portal Tela Portugal","isPartOf":{"@id":"https:\/\/portaltela.pt\/#website"},"primaryImageOfPage":{"@id":"https:\/\/portaltela.pt\/noticias\/2026\/04\/28\/parlamento-europeu-promove-regioes-menos-visitadas-para-frear-turismo-excessivo\/#primaryimage"},"image":{"@id":"https:\/\/portaltela.pt\/noticias\/2026\/04\/28\/parlamento-europeu-promove-regioes-menos-visitadas-para-frear-turismo-excessivo\/#primaryimage"},"thumbnailUrl":"https:\/\/portaltela.pt\/s.01k8rhncp4jt1\/2026\/04\/2084700.jpg","datePublished":"2026-04-28T18:33:13+00:00","author":{"@id":"https:\/\/portaltela.pt\/#\/schema\/person\/c4278d4a6028830caff9ee44b42d32ed"},"breadcrumb":{"@id":"https:\/\/portaltela.pt\/noticias\/2026\/04\/28\/parlamento-europeu-promove-regioes-menos-visitadas-para-frear-turismo-excessivo\/#breadcrumb"},"inLanguage":"pt-PT","potentialAction":[{"@type":"ReadAction","target":["https:\/\/portaltela.pt\/noticias\/2026\/04\/28\/parlamento-europeu-promove-regioes-menos-visitadas-para-frear-turismo-excessivo\/"]}]},{"@type":"ImageObject","inLanguage":"pt-PT","@id":"https:\/\/portaltela.pt\/noticias\/2026\/04\/28\/parlamento-europeu-promove-regioes-menos-visitadas-para-frear-turismo-excessivo\/#primaryimage","url":"https:\/\/portaltela.pt\/s.01k8rhncp4jt1\/2026\/04\/2084700.jpg","contentUrl":"https:\/\/portaltela.pt\/s.01k8rhncp4jt1\/2026\/04\/2084700.jpg","width":796,"height":448,"caption":"O relat\u00f3rio visa influenciar a pr\u00f3xima estrat\u00e9gia da UE para o turismo sustent\u00e1vel (Na foto: o miradouro da Senhora do Monte, Lisboa)"},{"@type":"BreadcrumbList","@id":"https:\/\/portaltela.pt\/noticias\/2026\/04\/28\/parlamento-europeu-promove-regioes-menos-visitadas-para-frear-turismo-excessivo\/#breadcrumb","itemListElement":[{"@type":"ListItem","position":1,"name":"In\u00edcio","item":"https:\/\/portaltela.pt\/"},{"@type":"ListItem","position":2,"name":"Parlamento Europeu promove regi\u00f5es menos visitadas para frear turismo excessivo"}]},{"@type":"WebSite","@id":"https:\/\/portaltela.pt\/#website","url":"https:\/\/portaltela.pt\/","name":"Portal Tela Portugal","description":"","potentialAction":[{"@type":"SearchAction","target":{"@type":"EntryPoint","urlTemplate":"https:\/\/portaltela.pt\/?s={search_term_string}"},"query-input":{"@type":"PropertyValueSpecification","valueRequired":true,"valueName":"search_term_string"}}],"inLanguage":"pt-PT"},{"@type":"Person","@id":"https:\/\/portaltela.pt\/#\/schema\/person\/c4278d4a6028830caff9ee44b42d32ed","name":"Telinha","image":{"@type":"ImageObject","inLanguage":"pt-PT","@id":"https:\/\/portaltela.pt\/s.01k8rhncp4jt1\/2025\/11\/talking-bot-125x125.png","url":"https:\/\/portaltela.pt\/s.01k8rhncp4jt1\/2025\/11\/talking-bot-125x125.png","contentUrl":"https:\/\/portaltela.pt\/s.01k8rhncp4jt1\/2025\/11\/talking-bot-125x125.png","caption":"Telinha"},"sameAs":["https:\/\/portaltela.pt\/"],"url":"https:\/\/portaltela.pt\/por\/367410592786\/"}]}},"_links":{"self":[{"href":"https:\/\/portaltela.pt\/api\/wp\/v2\/posts\/460292","targetHints":{"allow":["GET"]}}],"collection":[{"href":"https:\/\/portaltela.pt\/api\/wp\/v2\/posts"}],"about":[{"href":"https:\/\/portaltela.pt\/api\/wp\/v2\/types\/post"}],"author":[{"embeddable":true,"href":"https:\/\/portaltela.pt\/api\/wp\/v2\/users\/2"}],"replies":[{"embeddable":true,"href":"https:\/\/portaltela.pt\/api\/wp\/v2\/comments?post=460292"}],"version-history":[{"count":0,"href":"https:\/\/portaltela.pt\/api\/wp\/v2\/posts\/460292\/revisions"}],"wp:featuredmedia":[{"embeddable":true,"href":"https:\/\/portaltela.pt\/api\/wp\/v2\/media\/460296"}],"wp:attachment":[{"href":"https:\/\/portaltela.pt\/api\/wp\/v2\/media?parent=460292"}],"wp:term":[{"taxonomy":"category","embeddable":true,"href":"https:\/\/portaltela.pt\/api\/wp\/v2\/categories?post=460292"},{"taxonomy":"post_tag","embeddable":true,"href":"https:\/\/portaltela.pt\/api\/wp\/v2\/tags?post=460292"}],"curies":[{"name":"wp","href":"https:\/\/api.w.org\/{rel}","templated":true}]}}