{"id":460270,"date":"2026-04-28T14:52:00","date_gmt":"2026-04-28T17:52:00","guid":{"rendered":"https:\/\/portaltela.pt\/noticias\/2026\/04\/28\/trump-destaca-relacao-especial-com-reino-unido-na-visita-de-carlos-iii\/"},"modified":"2026-04-28T14:52:00","modified_gmt":"2026-04-28T17:52:00","slug":"trump-destaca-relacao-especial-com-reino-unido-na-visita-de-carlos-iii","status":"publish","type":"post","link":"https:\/\/portaltela.pt\/noticias\/internacional\/2026\/04\/28\/trump-destaca-relacao-especial-com-reino-unido-na-visita-de-carlos-iii\/","title":{"rendered":"Trump destaca rela\u00e7\u00e3o especial com Reino Unido na visita de Carlos III"},"content":{"rendered":"<p>Donald Trump destacou a rela\u00e7\u00e3o especial entre os Estados Unidos e o Reino Unido durante a primeira visita oficial de Carlos III aos EUA, enfatizando a proximidade hist\u00f3rica entre os dois pa\u00edses desde a independ\u00eancia. O l\u00edder norte\u2011americano sublinhou que os dois povos partilham ra\u00edzes, l\u00edngua e valores.<\/p>\n<p>No ceremonial de rece\u00e7\u00e3o, Trump e a primeira-dama Melania receberam o rei Carlos III e Camilla com honras militares nos jardins da Casa Branca, marcando o in\u00edcio de uma viagem de quatro dias. A agenda inclui encontros institucionais e um discurso de Carlos III numa sess\u00e3o conjunta do Congresso.<\/p>\n<h3>Contexto e enquadramento diplom\u00e1tico<\/h3>\n<p>A desloca\u00e7\u00e3o decorre num momento de tens\u00f5es diplom\u00e1ticas, agravadas por cr\u00edticas do presidente norte\u2011americano ao Governo brit\u00e2nico, ent\u00e3o liderado por Keir Starmer, sobretudo no \u00e2mbito da posi\u00e7\u00e3o sobre o Ir\u00e3o. Apesar disso, Trump enalteceu o simbolismo da visita como um privil\u00e9gio para Washington.<\/p>\n<p>Carlos III reuniu\u2011se com Trump na Sala Oval ap\u00f3s a cerim\u00f3nia de rece\u00e7\u00e3o, com v\u00e1rias atividades protocolares previstas ao longo da estadia. O programa prev\u00ea, entre outros momentos, a interven\u00e7\u00e3o do monarca no Congresso norte\u2011americano, retomando uma tradi\u00e7\u00e3o interrompida desde 1991 com a coroa\u00e7\u00e3o de Isabel II.<\/p>\n","protected":false},"excerpt":{"rendered":"<ul>\n<li>Donald Trump destacou uma \u201crela\u00e7\u00e3o especial\u201d entre os Estados Unidos e o Reino Unido, lembrando a hist\u00f3ria comum e a coopera\u00e7\u00e3o militar.<\/li>\n<li>O presidente norte\u2011americano afirmou que os dois pa\u00edses partilham ra\u00edzes, l\u00edngua e valores.<\/li>\n<li>Trump e a primeira-dama receberam Charles III e Camilla na Casa Branca, no in\u00edcio da primeira visita oficial de monarcas brit\u00e2nicos aos EUA desde a coroa\u00e7\u00e3o.<\/li>\n<li>A visita, de quatro dias, inclui encontros institucionais e um discurso de Charles III perante o Congresso, retomando uma tradi\u00e7\u00e3o desde 1991.<\/li>\n<li>O contexto inclui tens\u00f5es diplom\u00e1ticas recentes, com cr\u00edticas de Trump ao Governo brit\u00e2nico, mas Trump descreveu a estadia como um \u201cenorme privil\u00e9gio\u201d e houve encontro na Sala Oval.<\/li>\n<\/ul>\n","protected":false},"author":2,"featured_media":460278,"comment_status":"closed","ping_status":"closed","sticky":false,"template":"","format":"standard","meta":{"footnotes":""},"categories":[6814,4],"tags":[42,6703,1600,2832,2111,27],"class_list":["post-460270","post","type-post","status-publish","format-standard","has-post-thumbnail","hentry","category-geopolitica","category-internacional","tag-congresso","tag-diplomacia-internacional","tag-estados-unidos","tag-politica","tag-reino-unido","tag-relacoes-internacionais"],"yoast_head":"<!-- This site is optimized with the Yoast SEO plugin v27.2 - https:\/\/yoast.com\/product\/yoast-seo-wordpress\/ -->\n<title>Trump destaca rela\u00e7\u00e3o especial com Reino Unido na visita de Carlos III - Portal Tela Portugal<\/title>\n<meta name=\"robots\" content=\"index, follow, max-snippet:-1, max-image-preview:large, max-video-preview:-1\" \/>\n<meta property=\"og:locale\" content=\"pt_PT\" \/>\n<meta property=\"og:type\" content=\"article\" \/>\n<meta property=\"og:title\" content=\"Trump destaca rela\u00e7\u00e3o especial com Reino Unido na visita de Carlos III - Portal Tela Portugal\" \/>\n<meta property=\"og:description\" content=\"Donald Trump destacou uma \u201crela\u00e7\u00e3o especial\u201d entre os Estados Unidos e o Reino Unido, lembrando a hist\u00f3ria comum e a coopera\u00e7\u00e3o militar. O presidente norte\u2011americano afirmou que os dois pa\u00edses partilham ra\u00edzes, l\u00edngua e valores. Trump e a primeira-dama receberam Charles III e Camilla na Casa Branca, no in\u00edcio da primeira visita oficial de monarcas brit\u00e2nicos aos EUA desde a coroa\u00e7\u00e3o. A visita, de quatro dias, inclui encontros institucionais e um discurso de Charles III perante o Congresso, retomando uma tradi\u00e7\u00e3o desde 1991. O contexto inclui tens\u00f5es diplom\u00e1ticas recentes, com cr\u00edticas de Trump ao Governo brit\u00e2nico, mas Trump descreveu a estadia como um \u201cenorme privil\u00e9gio\u201d e houve encontro na Sala Oval.\" \/>\n<meta property=\"og:url\" content=\"https:\/\/portaltela.pt\/noticias\/2026\/04\/28\/trump-destaca-relacao-especial-com-reino-unido-na-visita-de-carlos-iii\/\" \/>\n<meta property=\"og:site_name\" content=\"Portal Tela Portugal\" \/>\n<meta property=\"article:published_time\" content=\"2026-04-28T17:52:00+00:00\" \/>\n<meta name=\"author\" content=\"Telinha\" \/>\n<meta name=\"twitter:card\" content=\"summary_large_image\" \/>\n<meta name=\"twitter:label1\" content=\"Escrito por\" \/>\n\t<meta name=\"twitter:data1\" content=\"Telinha\" \/>\n\t<meta name=\"twitter:label2\" content=\"Tempo estimado de leitura\" \/>\n\t<meta name=\"twitter:data2\" content=\"1 minuto\" \/>\n<script type=\"application\/ld+json\" class=\"yoast-schema-graph\">{\"@context\":\"https:\/\/schema.org\",\"@graph\":[{\"@type\":\"Article\",\"@id\":\"https:\/\/portaltela.pt\/noticias\/2026\/04\/28\/trump-destaca-relacao-especial-com-reino-unido-na-visita-de-carlos-iii\/#article\",\"isPartOf\":{\"@id\":\"https:\/\/portaltela.pt\/noticias\/2026\/04\/28\/trump-destaca-relacao-especial-com-reino-unido-na-visita-de-carlos-iii\/\"},\"author\":{\"name\":\"Telinha\",\"@id\":\"https:\/\/portaltela.pt\/#\/schema\/person\/c4278d4a6028830caff9ee44b42d32ed\"},\"headline\":\"Trump destaca rela\u00e7\u00e3o especial com Reino Unido na visita de Carlos III\",\"datePublished\":\"2026-04-28T17:52:00+00:00\",\"mainEntityOfPage\":{\"@id\":\"https:\/\/portaltela.pt\/noticias\/2026\/04\/28\/trump-destaca-relacao-especial-com-reino-unido-na-visita-de-carlos-iii\/\"},\"wordCount\":234,\"image\":{\"@id\":\"https:\/\/portaltela.pt\/noticias\/2026\/04\/28\/trump-destaca-relacao-especial-com-reino-unido-na-visita-de-carlos-iii\/#primaryimage\"},\"thumbnailUrl\":\"https:\/\/portaltela.pt\/s.01k8rhncp4jt1\/2026\/04\/55531e9e-6681-4406-baa5-156eea14b1bb_1200x675.jpg\",\"keywords\":[\"congresso\",\"diplomacia internacional\",\"Estados Unidos\",\"pol\u00edtica\",\"Reino Unido\",\"rela\u00e7\u00f5es internacionais\"],\"articleSection\":[\"Geopol\u00edtica\",\"Internacional\"],\"inLanguage\":\"pt-PT\"},{\"@type\":\"WebPage\",\"@id\":\"https:\/\/portaltela.pt\/noticias\/2026\/04\/28\/trump-destaca-relacao-especial-com-reino-unido-na-visita-de-carlos-iii\/\",\"url\":\"https:\/\/portaltela.pt\/noticias\/2026\/04\/28\/trump-destaca-relacao-especial-com-reino-unido-na-visita-de-carlos-iii\/\",\"name\":\"Trump destaca rela\u00e7\u00e3o especial com Reino Unido na visita de Carlos III - Portal Tela Portugal\",\"isPartOf\":{\"@id\":\"https:\/\/portaltela.pt\/#website\"},\"primaryImageOfPage\":{\"@id\":\"https:\/\/portaltela.pt\/noticias\/2026\/04\/28\/trump-destaca-relacao-especial-com-reino-unido-na-visita-de-carlos-iii\/#primaryimage\"},\"image\":{\"@id\":\"https:\/\/portaltela.pt\/noticias\/2026\/04\/28\/trump-destaca-relacao-especial-com-reino-unido-na-visita-de-carlos-iii\/#primaryimage\"},\"thumbnailUrl\":\"https:\/\/portaltela.pt\/s.01k8rhncp4jt1\/2026\/04\/55531e9e-6681-4406-baa5-156eea14b1bb_1200x675.jpg\",\"datePublished\":\"2026-04-28T17:52:00+00:00\",\"author\":{\"@id\":\"https:\/\/portaltela.pt\/#\/schema\/person\/c4278d4a6028830caff9ee44b42d32ed\"},\"breadcrumb\":{\"@id\":\"https:\/\/portaltela.pt\/noticias\/2026\/04\/28\/trump-destaca-relacao-especial-com-reino-unido-na-visita-de-carlos-iii\/#breadcrumb\"},\"inLanguage\":\"pt-PT\",\"potentialAction\":[{\"@type\":\"ReadAction\",\"target\":[\"https:\/\/portaltela.pt\/noticias\/2026\/04\/28\/trump-destaca-relacao-especial-com-reino-unido-na-visita-de-carlos-iii\/\"]}]},{\"@type\":\"ImageObject\",\"inLanguage\":\"pt-PT\",\"@id\":\"https:\/\/portaltela.pt\/noticias\/2026\/04\/28\/trump-destaca-relacao-especial-com-reino-unido-na-visita-de-carlos-iii\/#primaryimage\",\"url\":\"https:\/\/portaltela.pt\/s.01k8rhncp4jt1\/2026\/04\/55531e9e-6681-4406-baa5-156eea14b1bb_1200x675.jpg\",\"contentUrl\":\"https:\/\/portaltela.pt\/s.01k8rhncp4jt1\/2026\/04\/55531e9e-6681-4406-baa5-156eea14b1bb_1200x675.jpg\",\"width\":796,\"height\":448,\"caption\":\"Photo\"},{\"@type\":\"BreadcrumbList\",\"@id\":\"https:\/\/portaltela.pt\/noticias\/2026\/04\/28\/trump-destaca-relacao-especial-com-reino-unido-na-visita-de-carlos-iii\/#breadcrumb\",\"itemListElement\":[{\"@type\":\"ListItem\",\"position\":1,\"name\":\"In\u00edcio\",\"item\":\"https:\/\/portaltela.pt\/\"},{\"@type\":\"ListItem\",\"position\":2,\"name\":\"Trump destaca rela\u00e7\u00e3o especial com Reino Unido na visita de Carlos III\"}]},{\"@type\":\"WebSite\",\"@id\":\"https:\/\/portaltela.pt\/#website\",\"url\":\"https:\/\/portaltela.pt\/\",\"name\":\"Portal Tela Portugal\",\"description\":\"\",\"potentialAction\":[{\"@type\":\"SearchAction\",\"target\":{\"@type\":\"EntryPoint\",\"urlTemplate\":\"https:\/\/portaltela.pt\/?s={search_term_string}\"},\"query-input\":{\"@type\":\"PropertyValueSpecification\",\"valueRequired\":true,\"valueName\":\"search_term_string\"}}],\"inLanguage\":\"pt-PT\"},{\"@type\":\"Person\",\"@id\":\"https:\/\/portaltela.pt\/#\/schema\/person\/c4278d4a6028830caff9ee44b42d32ed\",\"name\":\"Telinha\",\"image\":{\"@type\":\"ImageObject\",\"inLanguage\":\"pt-PT\",\"@id\":\"https:\/\/portaltela.pt\/s.01k8rhncp4jt1\/2025\/11\/talking-bot-125x125.png\",\"url\":\"https:\/\/portaltela.pt\/s.01k8rhncp4jt1\/2025\/11\/talking-bot-125x125.png\",\"contentUrl\":\"https:\/\/portaltela.pt\/s.01k8rhncp4jt1\/2025\/11\/talking-bot-125x125.png\",\"caption\":\"Telinha\"},\"sameAs\":[\"https:\/\/portaltela.pt\/\"],\"url\":\"https:\/\/portaltela.pt\/por\/367410592786\/\"}]}<\/script>\n<!-- \/ Yoast SEO plugin. -->","yoast_head_json":{"title":"Trump destaca rela\u00e7\u00e3o especial com Reino Unido na visita de Carlos III - Portal Tela Portugal","robots":{"index":"index","follow":"follow","max-snippet":"max-snippet:-1","max-image-preview":"max-image-preview:large","max-video-preview":"max-video-preview:-1"},"og_locale":"pt_PT","og_type":"article","og_title":"Trump destaca rela\u00e7\u00e3o especial com Reino Unido na visita de Carlos III - Portal Tela Portugal","og_description":"Donald Trump destacou uma \u201crela\u00e7\u00e3o especial\u201d entre os Estados Unidos e o Reino Unido, lembrando a hist\u00f3ria comum e a coopera\u00e7\u00e3o militar. O presidente norte\u2011americano afirmou que os dois pa\u00edses partilham ra\u00edzes, l\u00edngua e valores. Trump e a primeira-dama receberam Charles III e Camilla na Casa Branca, no in\u00edcio da primeira visita oficial de monarcas brit\u00e2nicos aos EUA desde a coroa\u00e7\u00e3o. A visita, de quatro dias, inclui encontros institucionais e um discurso de Charles III perante o Congresso, retomando uma tradi\u00e7\u00e3o desde 1991. O contexto inclui tens\u00f5es diplom\u00e1ticas recentes, com cr\u00edticas de Trump ao Governo brit\u00e2nico, mas Trump descreveu a estadia como um \u201cenorme privil\u00e9gio\u201d e houve encontro na Sala Oval.","og_url":"https:\/\/portaltela.pt\/noticias\/2026\/04\/28\/trump-destaca-relacao-especial-com-reino-unido-na-visita-de-carlos-iii\/","og_site_name":"Portal Tela Portugal","article_published_time":"2026-04-28T17:52:00+00:00","author":"Telinha","twitter_card":"summary_large_image","twitter_misc":{"Escrito por":"Telinha","Tempo estimado de leitura":"1 minuto"},"schema":{"@context":"https:\/\/schema.org","@graph":[{"@type":"Article","@id":"https:\/\/portaltela.pt\/noticias\/2026\/04\/28\/trump-destaca-relacao-especial-com-reino-unido-na-visita-de-carlos-iii\/#article","isPartOf":{"@id":"https:\/\/portaltela.pt\/noticias\/2026\/04\/28\/trump-destaca-relacao-especial-com-reino-unido-na-visita-de-carlos-iii\/"},"author":{"name":"Telinha","@id":"https:\/\/portaltela.pt\/#\/schema\/person\/c4278d4a6028830caff9ee44b42d32ed"},"headline":"Trump destaca rela\u00e7\u00e3o especial com Reino Unido na visita de Carlos III","datePublished":"2026-04-28T17:52:00+00:00","mainEntityOfPage":{"@id":"https:\/\/portaltela.pt\/noticias\/2026\/04\/28\/trump-destaca-relacao-especial-com-reino-unido-na-visita-de-carlos-iii\/"},"wordCount":234,"image":{"@id":"https:\/\/portaltela.pt\/noticias\/2026\/04\/28\/trump-destaca-relacao-especial-com-reino-unido-na-visita-de-carlos-iii\/#primaryimage"},"thumbnailUrl":"https:\/\/portaltela.pt\/s.01k8rhncp4jt1\/2026\/04\/55531e9e-6681-4406-baa5-156eea14b1bb_1200x675.jpg","keywords":["congresso","diplomacia internacional","Estados Unidos","pol\u00edtica","Reino Unido","rela\u00e7\u00f5es internacionais"],"articleSection":["Geopol\u00edtica","Internacional"],"inLanguage":"pt-PT"},{"@type":"WebPage","@id":"https:\/\/portaltela.pt\/noticias\/2026\/04\/28\/trump-destaca-relacao-especial-com-reino-unido-na-visita-de-carlos-iii\/","url":"https:\/\/portaltela.pt\/noticias\/2026\/04\/28\/trump-destaca-relacao-especial-com-reino-unido-na-visita-de-carlos-iii\/","name":"Trump destaca rela\u00e7\u00e3o especial com Reino Unido na visita de Carlos III - Portal Tela Portugal","isPartOf":{"@id":"https:\/\/portaltela.pt\/#website"},"primaryImageOfPage":{"@id":"https:\/\/portaltela.pt\/noticias\/2026\/04\/28\/trump-destaca-relacao-especial-com-reino-unido-na-visita-de-carlos-iii\/#primaryimage"},"image":{"@id":"https:\/\/portaltela.pt\/noticias\/2026\/04\/28\/trump-destaca-relacao-especial-com-reino-unido-na-visita-de-carlos-iii\/#primaryimage"},"thumbnailUrl":"https:\/\/portaltela.pt\/s.01k8rhncp4jt1\/2026\/04\/55531e9e-6681-4406-baa5-156eea14b1bb_1200x675.jpg","datePublished":"2026-04-28T17:52:00+00:00","author":{"@id":"https:\/\/portaltela.pt\/#\/schema\/person\/c4278d4a6028830caff9ee44b42d32ed"},"breadcrumb":{"@id":"https:\/\/portaltela.pt\/noticias\/2026\/04\/28\/trump-destaca-relacao-especial-com-reino-unido-na-visita-de-carlos-iii\/#breadcrumb"},"inLanguage":"pt-PT","potentialAction":[{"@type":"ReadAction","target":["https:\/\/portaltela.pt\/noticias\/2026\/04\/28\/trump-destaca-relacao-especial-com-reino-unido-na-visita-de-carlos-iii\/"]}]},{"@type":"ImageObject","inLanguage":"pt-PT","@id":"https:\/\/portaltela.pt\/noticias\/2026\/04\/28\/trump-destaca-relacao-especial-com-reino-unido-na-visita-de-carlos-iii\/#primaryimage","url":"https:\/\/portaltela.pt\/s.01k8rhncp4jt1\/2026\/04\/55531e9e-6681-4406-baa5-156eea14b1bb_1200x675.jpg","contentUrl":"https:\/\/portaltela.pt\/s.01k8rhncp4jt1\/2026\/04\/55531e9e-6681-4406-baa5-156eea14b1bb_1200x675.jpg","width":796,"height":448,"caption":"Photo"},{"@type":"BreadcrumbList","@id":"https:\/\/portaltela.pt\/noticias\/2026\/04\/28\/trump-destaca-relacao-especial-com-reino-unido-na-visita-de-carlos-iii\/#breadcrumb","itemListElement":[{"@type":"ListItem","position":1,"name":"In\u00edcio","item":"https:\/\/portaltela.pt\/"},{"@type":"ListItem","position":2,"name":"Trump destaca rela\u00e7\u00e3o especial com Reino Unido na visita de Carlos III"}]},{"@type":"WebSite","@id":"https:\/\/portaltela.pt\/#website","url":"https:\/\/portaltela.pt\/","name":"Portal Tela Portugal","description":"","potentialAction":[{"@type":"SearchAction","target":{"@type":"EntryPoint","urlTemplate":"https:\/\/portaltela.pt\/?s={search_term_string}"},"query-input":{"@type":"PropertyValueSpecification","valueRequired":true,"valueName":"search_term_string"}}],"inLanguage":"pt-PT"},{"@type":"Person","@id":"https:\/\/portaltela.pt\/#\/schema\/person\/c4278d4a6028830caff9ee44b42d32ed","name":"Telinha","image":{"@type":"ImageObject","inLanguage":"pt-PT","@id":"https:\/\/portaltela.pt\/s.01k8rhncp4jt1\/2025\/11\/talking-bot-125x125.png","url":"https:\/\/portaltela.pt\/s.01k8rhncp4jt1\/2025\/11\/talking-bot-125x125.png","contentUrl":"https:\/\/portaltela.pt\/s.01k8rhncp4jt1\/2025\/11\/talking-bot-125x125.png","caption":"Telinha"},"sameAs":["https:\/\/portaltela.pt\/"],"url":"https:\/\/portaltela.pt\/por\/367410592786\/"}]}},"_links":{"self":[{"href":"https:\/\/portaltela.pt\/api\/wp\/v2\/posts\/460270","targetHints":{"allow":["GET"]}}],"collection":[{"href":"https:\/\/portaltela.pt\/api\/wp\/v2\/posts"}],"about":[{"href":"https:\/\/portaltela.pt\/api\/wp\/v2\/types\/post"}],"author":[{"embeddable":true,"href":"https:\/\/portaltela.pt\/api\/wp\/v2\/users\/2"}],"replies":[{"embeddable":true,"href":"https:\/\/portaltela.pt\/api\/wp\/v2\/comments?post=460270"}],"version-history":[{"count":0,"href":"https:\/\/portaltela.pt\/api\/wp\/v2\/posts\/460270\/revisions"}],"wp:featuredmedia":[{"embeddable":true,"href":"https:\/\/portaltela.pt\/api\/wp\/v2\/media\/460278"}],"wp:attachment":[{"href":"https:\/\/portaltela.pt\/api\/wp\/v2\/media?parent=460270"}],"wp:term":[{"taxonomy":"category","embeddable":true,"href":"https:\/\/portaltela.pt\/api\/wp\/v2\/categories?post=460270"},{"taxonomy":"post_tag","embeddable":true,"href":"https:\/\/portaltela.pt\/api\/wp\/v2\/tags?post=460270"}],"curies":[{"name":"wp","href":"https:\/\/api.w.org\/{rel}","templated":true}]}}