{"id":460268,"date":"2026-04-28T15:17:51","date_gmt":"2026-04-28T18:17:51","guid":{"rendered":"https:\/\/portaltela.pt\/noticias\/2026\/04\/28\/vitor-pereira-e-bruno-fernandes-distinguidos-na-premier-league\/"},"modified":"2026-04-28T15:17:51","modified_gmt":"2026-04-28T18:17:51","slug":"vitor-pereira-e-bruno-fernandes-distinguidos-na-premier-league","status":"publish","type":"post","link":"https:\/\/portaltela.pt\/desporto\/futebol\/2026\/04\/28\/vitor-pereira-e-bruno-fernandes-distinguidos-na-premier-league\/","title":{"rendered":"V\u00edtor Pereira e Bruno Fernandes distinguidos na Premier League"},"content":{"rendered":"<p>Dois portugueses integram a equipa da semana da 34.\u00aa jornada da Premier League, conforme a escolha de Alan Shearer. Bruno Fernandes (Manchester United) aparece entre os selecionados, ap\u00f3s a 19.\u00aa assist\u00eancia da liga na vit\u00f3ria sobre o Brentford (2-1). V\u00edtor Pereira, treinador do Nottingham Forest, \u00e9 tamb\u00e9m distinguido pela goleada fora frente ao Sunderland (5-0).<\/p>\n<p>A vit\u00f3ria fora de casa por cinco golos de diferen\u00e7a foi a primeira desse valor na liga desde a goleada de 1995 frente ao Sheffield Wednesday (7-1). O feito valeu ainda a nomea\u00e7\u00e3o de cinco jogadores do Nottingham Forest para a equipa da semana: Nikola Milenkovic, Elliot Anderson, Omari Hutchinson, Morgan Gibbs-White e Igor Jesus.<\/p>\n<h3>Equipa da Semana: Cristiano destaque entre os lusos<\/h3>\n<p>Bruno Fernandes soma uma nova distin\u00e7\u00e3o individual na liga, com o registo de passes decisivos a contribuir para o triunfo frente aos Adeptos de Brentford. O m\u00e9dio do United refor\u00e7a assim a sua volatividade criativa na temporada.<\/p>\n<p>V\u00edtor Pereira assume o papel de treinador distinguido pela remodela\u00e7\u00e3o da equipa de Nottingham Forest, que consolidou uma goleada expressiva fora de casa. Os cinco elementos nomeados destacam-se pela atua\u00e7\u00e3o coletiva sob o comando t\u00e9cnico do t\u00e9cnico portugu\u00eas.<\/p>\n","protected":false},"excerpt":{"rendered":"<ul>\n<li>Alan Shearer divulgou a equipa da 34.\u00aa jornada da Premier League, conforme a sele\u00e7\u00e3o oficial da liga.<\/li>\n<li>Bruno Fernandes, m\u00e9dio do Manchester United, integra a equipa ap\u00f3s chegar \u00e0 19.\u00aa assist\u00eancia no jogo contra o Brentford (2-1).<\/li>\n<li>V\u00edtor Pereira, treinador do Nottingham Forest, tamb\u00e9m \u00e9 distinguido, ap\u00f3s a vit\u00f3ria fora de casa frente ao Sunderland (5-0).<\/li>\n<li>A goleada fora de casa por cinco golos foi a primeira desse tipo na primeira divis\u00e3o inglesa desde 1995.<\/li>\n<li>Foram inclu\u00eddos cinco jogadores do Nottingham Forest na equipa: Nikola Milenkovic, Elliot Anderson, Omari Hutchinson, Morgan Gibbs-White e Igor Jesus.<\/li>\n<\/ul>\n","protected":false},"author":2,"featured_media":460283,"comment_status":"closed","ping_status":"closed","sticky":false,"template":"","format":"standard","meta":{"footnotes":""},"categories":[21,24],"tags":[1941,32,242,4159,1014,9882],"class_list":["post-460268","post","type-post","status-publish","format-standard","has-post-thumbnail","hentry","category-desporto","category-futebol","tag-bruno-fernandes","tag-futebol","tag-jogadores","tag-jogo","tag-portugal","tag-vitor-pereira"],"yoast_head":"<!-- This site is optimized with the Yoast SEO plugin v27.2 - https:\/\/yoast.com\/product\/yoast-seo-wordpress\/ -->\n<title>V\u00edtor Pereira e Bruno Fernandes distinguidos na Premier League - Portal Tela Portugal<\/title>\n<meta name=\"robots\" content=\"index, follow, max-snippet:-1, max-image-preview:large, max-video-preview:-1\" \/>\n<meta property=\"og:locale\" content=\"pt_PT\" \/>\n<meta property=\"og:type\" content=\"article\" \/>\n<meta property=\"og:title\" content=\"V\u00edtor Pereira e Bruno Fernandes distinguidos na Premier League - Portal Tela Portugal\" \/>\n<meta property=\"og:description\" content=\"Alan Shearer divulgou a equipa da 34.\u00aa jornada da Premier League, conforme a sele\u00e7\u00e3o oficial da liga. Bruno Fernandes, m\u00e9dio do Manchester United, integra a equipa ap\u00f3s chegar \u00e0 19.\u00aa assist\u00eancia no jogo contra o Brentford (2-1). V\u00edtor Pereira, treinador do Nottingham Forest, tamb\u00e9m \u00e9 distinguido, ap\u00f3s a vit\u00f3ria fora de casa frente ao Sunderland (5-0). A goleada fora de casa por cinco golos foi a primeira desse tipo na primeira divis\u00e3o inglesa desde 1995. Foram inclu\u00eddos cinco jogadores do Nottingham Forest na equipa: Nikola Milenkovic, Elliot Anderson, Omari Hutchinson, Morgan Gibbs-White e Igor Jesus.\" \/>\n<meta property=\"og:url\" content=\"https:\/\/portaltela.pt\/noticias\/2026\/04\/28\/vitor-pereira-e-bruno-fernandes-distinguidos-na-premier-league\/\" \/>\n<meta property=\"og:site_name\" content=\"Portal Tela Portugal\" \/>\n<meta property=\"article:published_time\" content=\"2026-04-28T18:17:51+00:00\" \/>\n<meta name=\"author\" content=\"Telinha\" \/>\n<meta name=\"twitter:card\" content=\"summary_large_image\" \/>\n<meta name=\"twitter:label1\" content=\"Escrito por\" \/>\n\t<meta name=\"twitter:data1\" content=\"Telinha\" \/>\n\t<meta name=\"twitter:label2\" content=\"Tempo estimado de leitura\" \/>\n\t<meta name=\"twitter:data2\" content=\"1 minuto\" \/>\n<script type=\"application\/ld+json\" class=\"yoast-schema-graph\">{\"@context\":\"https:\/\/schema.org\",\"@graph\":[{\"@type\":\"Article\",\"@id\":\"https:\/\/portaltela.pt\/noticias\/2026\/04\/28\/vitor-pereira-e-bruno-fernandes-distinguidos-na-premier-league\/#article\",\"isPartOf\":{\"@id\":\"https:\/\/portaltela.pt\/noticias\/2026\/04\/28\/vitor-pereira-e-bruno-fernandes-distinguidos-na-premier-league\/\"},\"author\":{\"name\":\"Telinha\",\"@id\":\"https:\/\/portaltela.pt\/#\/schema\/person\/c4278d4a6028830caff9ee44b42d32ed\"},\"headline\":\"V\u00edtor Pereira e Bruno Fernandes distinguidos na Premier League\",\"datePublished\":\"2026-04-28T18:17:51+00:00\",\"mainEntityOfPage\":{\"@id\":\"https:\/\/portaltela.pt\/noticias\/2026\/04\/28\/vitor-pereira-e-bruno-fernandes-distinguidos-na-premier-league\/\"},\"wordCount\":216,\"image\":{\"@id\":\"https:\/\/portaltela.pt\/noticias\/2026\/04\/28\/vitor-pereira-e-bruno-fernandes-distinguidos-na-premier-league\/#primaryimage\"},\"thumbnailUrl\":\"https:\/\/portaltela.pt\/s.01k8rhncp4jt1\/2026\/04\/img_920x518uu2026-02-22-14-15-41-2423075.jpg\",\"keywords\":[\"Bruno Fernandes\",\"futebol\",\"jogadores\",\"jogo\",\"Portugal\",\"V\u00edtor Pereira\"],\"articleSection\":[\"Desporto\",\"Futebol\"],\"inLanguage\":\"pt-PT\"},{\"@type\":\"WebPage\",\"@id\":\"https:\/\/portaltela.pt\/noticias\/2026\/04\/28\/vitor-pereira-e-bruno-fernandes-distinguidos-na-premier-league\/\",\"url\":\"https:\/\/portaltela.pt\/noticias\/2026\/04\/28\/vitor-pereira-e-bruno-fernandes-distinguidos-na-premier-league\/\",\"name\":\"V\u00edtor Pereira e Bruno Fernandes distinguidos na Premier League - Portal Tela Portugal\",\"isPartOf\":{\"@id\":\"https:\/\/portaltela.pt\/#website\"},\"primaryImageOfPage\":{\"@id\":\"https:\/\/portaltela.pt\/noticias\/2026\/04\/28\/vitor-pereira-e-bruno-fernandes-distinguidos-na-premier-league\/#primaryimage\"},\"image\":{\"@id\":\"https:\/\/portaltela.pt\/noticias\/2026\/04\/28\/vitor-pereira-e-bruno-fernandes-distinguidos-na-premier-league\/#primaryimage\"},\"thumbnailUrl\":\"https:\/\/portaltela.pt\/s.01k8rhncp4jt1\/2026\/04\/img_920x518uu2026-02-22-14-15-41-2423075.jpg\",\"datePublished\":\"2026-04-28T18:17:51+00:00\",\"author\":{\"@id\":\"https:\/\/portaltela.pt\/#\/schema\/person\/c4278d4a6028830caff9ee44b42d32ed\"},\"breadcrumb\":{\"@id\":\"https:\/\/portaltela.pt\/noticias\/2026\/04\/28\/vitor-pereira-e-bruno-fernandes-distinguidos-na-premier-league\/#breadcrumb\"},\"inLanguage\":\"pt-PT\",\"potentialAction\":[{\"@type\":\"ReadAction\",\"target\":[\"https:\/\/portaltela.pt\/noticias\/2026\/04\/28\/vitor-pereira-e-bruno-fernandes-distinguidos-na-premier-league\/\"]}]},{\"@type\":\"ImageObject\",\"inLanguage\":\"pt-PT\",\"@id\":\"https:\/\/portaltela.pt\/noticias\/2026\/04\/28\/vitor-pereira-e-bruno-fernandes-distinguidos-na-premier-league\/#primaryimage\",\"url\":\"https:\/\/portaltela.pt\/s.01k8rhncp4jt1\/2026\/04\/img_920x518uu2026-02-22-14-15-41-2423075.jpg\",\"contentUrl\":\"https:\/\/portaltela.pt\/s.01k8rhncp4jt1\/2026\/04\/img_920x518uu2026-02-22-14-15-41-2423075.jpg\",\"width\":796,\"height\":448,\"caption\":\"V\u00edtor Pereira no banco do Nottingham Forest\"},{\"@type\":\"BreadcrumbList\",\"@id\":\"https:\/\/portaltela.pt\/noticias\/2026\/04\/28\/vitor-pereira-e-bruno-fernandes-distinguidos-na-premier-league\/#breadcrumb\",\"itemListElement\":[{\"@type\":\"ListItem\",\"position\":1,\"name\":\"In\u00edcio\",\"item\":\"https:\/\/portaltela.pt\/\"},{\"@type\":\"ListItem\",\"position\":2,\"name\":\"V\u00edtor Pereira e Bruno Fernandes distinguidos na Premier League\"}]},{\"@type\":\"WebSite\",\"@id\":\"https:\/\/portaltela.pt\/#website\",\"url\":\"https:\/\/portaltela.pt\/\",\"name\":\"Portal Tela Portugal\",\"description\":\"\",\"potentialAction\":[{\"@type\":\"SearchAction\",\"target\":{\"@type\":\"EntryPoint\",\"urlTemplate\":\"https:\/\/portaltela.pt\/?s={search_term_string}\"},\"query-input\":{\"@type\":\"PropertyValueSpecification\",\"valueRequired\":true,\"valueName\":\"search_term_string\"}}],\"inLanguage\":\"pt-PT\"},{\"@type\":\"Person\",\"@id\":\"https:\/\/portaltela.pt\/#\/schema\/person\/c4278d4a6028830caff9ee44b42d32ed\",\"name\":\"Telinha\",\"image\":{\"@type\":\"ImageObject\",\"inLanguage\":\"pt-PT\",\"@id\":\"https:\/\/portaltela.pt\/s.01k8rhncp4jt1\/2025\/11\/talking-bot-125x125.png\",\"url\":\"https:\/\/portaltela.pt\/s.01k8rhncp4jt1\/2025\/11\/talking-bot-125x125.png\",\"contentUrl\":\"https:\/\/portaltela.pt\/s.01k8rhncp4jt1\/2025\/11\/talking-bot-125x125.png\",\"caption\":\"Telinha\"},\"sameAs\":[\"https:\/\/portaltela.pt\/\"],\"url\":\"https:\/\/portaltela.pt\/por\/367410592786\/\"}]}<\/script>\n<!-- \/ Yoast SEO plugin. -->","yoast_head_json":{"title":"V\u00edtor Pereira e Bruno Fernandes distinguidos na Premier League - Portal Tela Portugal","robots":{"index":"index","follow":"follow","max-snippet":"max-snippet:-1","max-image-preview":"max-image-preview:large","max-video-preview":"max-video-preview:-1"},"og_locale":"pt_PT","og_type":"article","og_title":"V\u00edtor Pereira e Bruno Fernandes distinguidos na Premier League - Portal Tela Portugal","og_description":"Alan Shearer divulgou a equipa da 34.\u00aa jornada da Premier League, conforme a sele\u00e7\u00e3o oficial da liga. Bruno Fernandes, m\u00e9dio do Manchester United, integra a equipa ap\u00f3s chegar \u00e0 19.\u00aa assist\u00eancia no jogo contra o Brentford (2-1). V\u00edtor Pereira, treinador do Nottingham Forest, tamb\u00e9m \u00e9 distinguido, ap\u00f3s a vit\u00f3ria fora de casa frente ao Sunderland (5-0). A goleada fora de casa por cinco golos foi a primeira desse tipo na primeira divis\u00e3o inglesa desde 1995. Foram inclu\u00eddos cinco jogadores do Nottingham Forest na equipa: Nikola Milenkovic, Elliot Anderson, Omari Hutchinson, Morgan Gibbs-White e Igor Jesus.","og_url":"https:\/\/portaltela.pt\/noticias\/2026\/04\/28\/vitor-pereira-e-bruno-fernandes-distinguidos-na-premier-league\/","og_site_name":"Portal Tela Portugal","article_published_time":"2026-04-28T18:17:51+00:00","author":"Telinha","twitter_card":"summary_large_image","twitter_misc":{"Escrito por":"Telinha","Tempo estimado de leitura":"1 minuto"},"schema":{"@context":"https:\/\/schema.org","@graph":[{"@type":"Article","@id":"https:\/\/portaltela.pt\/noticias\/2026\/04\/28\/vitor-pereira-e-bruno-fernandes-distinguidos-na-premier-league\/#article","isPartOf":{"@id":"https:\/\/portaltela.pt\/noticias\/2026\/04\/28\/vitor-pereira-e-bruno-fernandes-distinguidos-na-premier-league\/"},"author":{"name":"Telinha","@id":"https:\/\/portaltela.pt\/#\/schema\/person\/c4278d4a6028830caff9ee44b42d32ed"},"headline":"V\u00edtor Pereira e Bruno Fernandes distinguidos na Premier League","datePublished":"2026-04-28T18:17:51+00:00","mainEntityOfPage":{"@id":"https:\/\/portaltela.pt\/noticias\/2026\/04\/28\/vitor-pereira-e-bruno-fernandes-distinguidos-na-premier-league\/"},"wordCount":216,"image":{"@id":"https:\/\/portaltela.pt\/noticias\/2026\/04\/28\/vitor-pereira-e-bruno-fernandes-distinguidos-na-premier-league\/#primaryimage"},"thumbnailUrl":"https:\/\/portaltela.pt\/s.01k8rhncp4jt1\/2026\/04\/img_920x518uu2026-02-22-14-15-41-2423075.jpg","keywords":["Bruno Fernandes","futebol","jogadores","jogo","Portugal","V\u00edtor Pereira"],"articleSection":["Desporto","Futebol"],"inLanguage":"pt-PT"},{"@type":"WebPage","@id":"https:\/\/portaltela.pt\/noticias\/2026\/04\/28\/vitor-pereira-e-bruno-fernandes-distinguidos-na-premier-league\/","url":"https:\/\/portaltela.pt\/noticias\/2026\/04\/28\/vitor-pereira-e-bruno-fernandes-distinguidos-na-premier-league\/","name":"V\u00edtor Pereira e Bruno Fernandes distinguidos na Premier League - Portal Tela Portugal","isPartOf":{"@id":"https:\/\/portaltela.pt\/#website"},"primaryImageOfPage":{"@id":"https:\/\/portaltela.pt\/noticias\/2026\/04\/28\/vitor-pereira-e-bruno-fernandes-distinguidos-na-premier-league\/#primaryimage"},"image":{"@id":"https:\/\/portaltela.pt\/noticias\/2026\/04\/28\/vitor-pereira-e-bruno-fernandes-distinguidos-na-premier-league\/#primaryimage"},"thumbnailUrl":"https:\/\/portaltela.pt\/s.01k8rhncp4jt1\/2026\/04\/img_920x518uu2026-02-22-14-15-41-2423075.jpg","datePublished":"2026-04-28T18:17:51+00:00","author":{"@id":"https:\/\/portaltela.pt\/#\/schema\/person\/c4278d4a6028830caff9ee44b42d32ed"},"breadcrumb":{"@id":"https:\/\/portaltela.pt\/noticias\/2026\/04\/28\/vitor-pereira-e-bruno-fernandes-distinguidos-na-premier-league\/#breadcrumb"},"inLanguage":"pt-PT","potentialAction":[{"@type":"ReadAction","target":["https:\/\/portaltela.pt\/noticias\/2026\/04\/28\/vitor-pereira-e-bruno-fernandes-distinguidos-na-premier-league\/"]}]},{"@type":"ImageObject","inLanguage":"pt-PT","@id":"https:\/\/portaltela.pt\/noticias\/2026\/04\/28\/vitor-pereira-e-bruno-fernandes-distinguidos-na-premier-league\/#primaryimage","url":"https:\/\/portaltela.pt\/s.01k8rhncp4jt1\/2026\/04\/img_920x518uu2026-02-22-14-15-41-2423075.jpg","contentUrl":"https:\/\/portaltela.pt\/s.01k8rhncp4jt1\/2026\/04\/img_920x518uu2026-02-22-14-15-41-2423075.jpg","width":796,"height":448,"caption":"V\u00edtor Pereira no banco do Nottingham Forest"},{"@type":"BreadcrumbList","@id":"https:\/\/portaltela.pt\/noticias\/2026\/04\/28\/vitor-pereira-e-bruno-fernandes-distinguidos-na-premier-league\/#breadcrumb","itemListElement":[{"@type":"ListItem","position":1,"name":"In\u00edcio","item":"https:\/\/portaltela.pt\/"},{"@type":"ListItem","position":2,"name":"V\u00edtor Pereira e Bruno Fernandes distinguidos na Premier League"}]},{"@type":"WebSite","@id":"https:\/\/portaltela.pt\/#website","url":"https:\/\/portaltela.pt\/","name":"Portal Tela Portugal","description":"","potentialAction":[{"@type":"SearchAction","target":{"@type":"EntryPoint","urlTemplate":"https:\/\/portaltela.pt\/?s={search_term_string}"},"query-input":{"@type":"PropertyValueSpecification","valueRequired":true,"valueName":"search_term_string"}}],"inLanguage":"pt-PT"},{"@type":"Person","@id":"https:\/\/portaltela.pt\/#\/schema\/person\/c4278d4a6028830caff9ee44b42d32ed","name":"Telinha","image":{"@type":"ImageObject","inLanguage":"pt-PT","@id":"https:\/\/portaltela.pt\/s.01k8rhncp4jt1\/2025\/11\/talking-bot-125x125.png","url":"https:\/\/portaltela.pt\/s.01k8rhncp4jt1\/2025\/11\/talking-bot-125x125.png","contentUrl":"https:\/\/portaltela.pt\/s.01k8rhncp4jt1\/2025\/11\/talking-bot-125x125.png","caption":"Telinha"},"sameAs":["https:\/\/portaltela.pt\/"],"url":"https:\/\/portaltela.pt\/por\/367410592786\/"}]}},"_links":{"self":[{"href":"https:\/\/portaltela.pt\/api\/wp\/v2\/posts\/460268","targetHints":{"allow":["GET"]}}],"collection":[{"href":"https:\/\/portaltela.pt\/api\/wp\/v2\/posts"}],"about":[{"href":"https:\/\/portaltela.pt\/api\/wp\/v2\/types\/post"}],"author":[{"embeddable":true,"href":"https:\/\/portaltela.pt\/api\/wp\/v2\/users\/2"}],"replies":[{"embeddable":true,"href":"https:\/\/portaltela.pt\/api\/wp\/v2\/comments?post=460268"}],"version-history":[{"count":0,"href":"https:\/\/portaltela.pt\/api\/wp\/v2\/posts\/460268\/revisions"}],"wp:featuredmedia":[{"embeddable":true,"href":"https:\/\/portaltela.pt\/api\/wp\/v2\/media\/460283"}],"wp:attachment":[{"href":"https:\/\/portaltela.pt\/api\/wp\/v2\/media?parent=460268"}],"wp:term":[{"taxonomy":"category","embeddable":true,"href":"https:\/\/portaltela.pt\/api\/wp\/v2\/categories?post=460268"},{"taxonomy":"post_tag","embeddable":true,"href":"https:\/\/portaltela.pt\/api\/wp\/v2\/tags?post=460268"}],"curies":[{"name":"wp","href":"https:\/\/api.w.org\/{rel}","templated":true}]}}