{"id":460251,"date":"2026-04-28T15:03:35","date_gmt":"2026-04-28T18:03:35","guid":{"rendered":"https:\/\/portaltela.pt\/noticias\/2026\/04\/28\/mondim-da-beira-casas-rurais-de-charme-preservam-memorias-locais\/"},"modified":"2026-04-28T15:03:35","modified_gmt":"2026-04-28T18:03:35","slug":"mondim-da-beira-casas-rurais-de-charme-preservam-memorias-locais","status":"publish","type":"post","link":"https:\/\/portaltela.pt\/lazer\/2026\/04\/28\/mondim-da-beira-casas-rurais-de-charme-preservam-memorias-locais\/","title":{"rendered":"Mondim da Beira: casas rurais de charme preservam mem\u00f3rias locais"},"content":{"rendered":"<p>Em Mondim da Beira, um conjunto de cinco Casas da Mem\u00f3ria preserva o modo de vida rural da vila. Situadas aos p\u00e9s da serra de Santa Helena, as casas convivem com vinhedos, montanhas e uma praia fluvial, num cen\u00e1rio de patrim\u00f3nio medieval e religioso. A iniciativa transforma uma hist\u00f3ria familiar em hospitalidade localizada no interior.<\/p>\n<p>As Casas da Mem\u00f3ria destacam-se pela integra\u00e7\u00e3o com o patrim\u00f3nio local e pela hospitalidade crescente. Em cada casa, a documenta\u00e7\u00e3o da hist\u00f3ria familiar \u00e9 partilhada com visitantes, que podem conhecer os testemunhos da mem\u00f3ria local, sem perder a autenticidade do espa\u00e7o rural.<\/p>\n<h3>Casa do Lagar e a mem\u00f3ria da vila<\/h3>\n<p>A Casa do Lagar \u00e9 apresentada como uma das cinco Casas da Mem\u00f3ria de Mondim da Beira. O anfitri\u00e3o, Pedro Vasconcelos Cardoso, real\u00e7a detalhes como o batente original da porta e o bras\u00e3o na fachada de granito. O espa\u00e7o acolhe visitas guiadas que exploram a hist\u00f3ria familiar, j\u00e1 bem documentada.<\/p>\n<p>Para al\u00e9m da casa, o atento visitante pode ver sal\u00f5es com tetos em madeira de maceira, o orat\u00f3rio privado e a biblioteca associada ao ex-banqueiro Jardim Gon\u00e7alves. O tio de Cardoso, fundador do BCP, \u00e9 citado como figura que costuma descansar na casa durante per\u00edodos festivos.<\/p>\n","protected":false},"excerpt":{"rendered":"<ul>\n<li>Mondim da Beira celebra as Casas da Mem\u00f3ria, cinco casas rurais que preservam o modo de vida local, vinhedos, montanhas, uma praia fluvial e patrim\u00f3nio medieval e religioso.<\/li>\n<li>A Casa do Lagar \u00e9 uma das cinco casas, apresentada ao p\u00fablico no contexto de hospitalidade hist\u00f3rica.<\/li>\n<li>O anfitri\u00e3o Pedro Vasconcelos Cardoso destaca o batente original da porta e o bras\u00e3o na fachada de granito, ligada \u00e0 fam\u00edlia.<\/li>\n<li>O tio do anfitri\u00e3o, Jardim Gon\u00e7alves, fundador do Banco Comercial Portugu\u00eas, \u00e9 quem costuma descansar na casa durante per\u00edodos festivos.<\/li>\n<li>Visitas guiadas \u00e0 casa da fam\u00edlia s\u00e3o poss\u00edveis, com sala de sal\u00e3o nobre, tetos em madeira de maceira, orat\u00f3rio privado e biblioteca do ex-banqueiro.<\/li>\n<\/ul>\n","protected":false},"author":2,"featured_media":460257,"comment_status":"closed","ping_status":"closed","sticky":false,"template":"","format":"standard","meta":{"footnotes":""},"categories":[7375,7381],"tags":[8941,9881,8865,8112,8304,8205],"class_list":["post-460251","post","type-post","status-publish","format-standard","has-post-thumbnail","hentry","category-cultura","category-lazer","tag-_casa","tag-_casas","tag-_interior-centro","tag-_patrimonio","tag-_patrimonio-cultural","tag-_vinho"],"yoast_head":"<!-- This site is optimized with the Yoast SEO plugin v27.2 - https:\/\/yoast.com\/product\/yoast-seo-wordpress\/ -->\n<title>Mondim da Beira: casas rurais de charme preservam mem\u00f3rias locais - Portal Tela Portugal<\/title>\n<meta name=\"robots\" content=\"index, follow, max-snippet:-1, max-image-preview:large, max-video-preview:-1\" \/>\n<meta property=\"og:locale\" content=\"pt_PT\" \/>\n<meta property=\"og:type\" content=\"article\" \/>\n<meta property=\"og:title\" content=\"Mondim da Beira: casas rurais de charme preservam mem\u00f3rias locais - Portal Tela Portugal\" \/>\n<meta property=\"og:description\" content=\"Mondim da Beira celebra as Casas da Mem\u00f3ria, cinco casas rurais que preservam o modo de vida local, vinhedos, montanhas, uma praia fluvial e patrim\u00f3nio medieval e religioso. A Casa do Lagar \u00e9 uma das cinco casas, apresentada ao p\u00fablico no contexto de hospitalidade hist\u00f3rica. O anfitri\u00e3o Pedro Vasconcelos Cardoso destaca o batente original da porta e o bras\u00e3o na fachada de granito, ligada \u00e0 fam\u00edlia. O tio do anfitri\u00e3o, Jardim Gon\u00e7alves, fundador do Banco Comercial Portugu\u00eas, \u00e9 quem costuma descansar na casa durante per\u00edodos festivos. Visitas guiadas \u00e0 casa da fam\u00edlia s\u00e3o poss\u00edveis, com sala de sal\u00e3o nobre, tetos em madeira de maceira, orat\u00f3rio privado e biblioteca do ex-banqueiro.\" \/>\n<meta property=\"og:url\" content=\"https:\/\/portaltela.pt\/noticias\/2026\/04\/28\/mondim-da-beira-casas-rurais-de-charme-preservam-memorias-locais\/\" \/>\n<meta property=\"og:site_name\" content=\"Portal Tela Portugal\" \/>\n<meta property=\"article:published_time\" content=\"2026-04-28T18:03:35+00:00\" \/>\n<meta name=\"author\" content=\"Telinha\" \/>\n<meta name=\"twitter:card\" content=\"summary_large_image\" \/>\n<meta name=\"twitter:label1\" content=\"Escrito por\" \/>\n\t<meta name=\"twitter:data1\" content=\"Telinha\" \/>\n\t<meta name=\"twitter:label2\" content=\"Tempo estimado de leitura\" \/>\n\t<meta name=\"twitter:data2\" content=\"1 minuto\" \/>\n<script type=\"application\/ld+json\" class=\"yoast-schema-graph\">{\"@context\":\"https:\/\/schema.org\",\"@graph\":[{\"@type\":\"Article\",\"@id\":\"https:\/\/portaltela.pt\/noticias\/2026\/04\/28\/mondim-da-beira-casas-rurais-de-charme-preservam-memorias-locais\/#article\",\"isPartOf\":{\"@id\":\"https:\/\/portaltela.pt\/noticias\/2026\/04\/28\/mondim-da-beira-casas-rurais-de-charme-preservam-memorias-locais\/\"},\"author\":{\"name\":\"Telinha\",\"@id\":\"https:\/\/portaltela.pt\/#\/schema\/person\/c4278d4a6028830caff9ee44b42d32ed\"},\"headline\":\"Mondim da Beira: casas rurais de charme preservam mem\u00f3rias locais\",\"datePublished\":\"2026-04-28T18:03:35+00:00\",\"mainEntityOfPage\":{\"@id\":\"https:\/\/portaltela.pt\/noticias\/2026\/04\/28\/mondim-da-beira-casas-rurais-de-charme-preservam-memorias-locais\/\"},\"wordCount\":233,\"image\":{\"@id\":\"https:\/\/portaltela.pt\/noticias\/2026\/04\/28\/mondim-da-beira-casas-rurais-de-charme-preservam-memorias-locais\/#primaryimage\"},\"thumbnailUrl\":\"https:\/\/portaltela.pt\/s.01k8rhncp4jt1\/2026\/04\/image-98.webp\",\"keywords\":[\"_casa\",\"_casas\",\"_Interior Centro\",\"_patrim\u00f3nio\",\"_Patrim\u00f3nio Cultural\",\"_vinho\"],\"articleSection\":[\"Cultura\",\"Lazer\"],\"inLanguage\":\"pt-PT\"},{\"@type\":\"WebPage\",\"@id\":\"https:\/\/portaltela.pt\/noticias\/2026\/04\/28\/mondim-da-beira-casas-rurais-de-charme-preservam-memorias-locais\/\",\"url\":\"https:\/\/portaltela.pt\/noticias\/2026\/04\/28\/mondim-da-beira-casas-rurais-de-charme-preservam-memorias-locais\/\",\"name\":\"Mondim da Beira: casas rurais de charme preservam mem\u00f3rias locais - Portal Tela Portugal\",\"isPartOf\":{\"@id\":\"https:\/\/portaltela.pt\/#website\"},\"primaryImageOfPage\":{\"@id\":\"https:\/\/portaltela.pt\/noticias\/2026\/04\/28\/mondim-da-beira-casas-rurais-de-charme-preservam-memorias-locais\/#primaryimage\"},\"image\":{\"@id\":\"https:\/\/portaltela.pt\/noticias\/2026\/04\/28\/mondim-da-beira-casas-rurais-de-charme-preservam-memorias-locais\/#primaryimage\"},\"thumbnailUrl\":\"https:\/\/portaltela.pt\/s.01k8rhncp4jt1\/2026\/04\/image-98.webp\",\"datePublished\":\"2026-04-28T18:03:35+00:00\",\"author\":{\"@id\":\"https:\/\/portaltela.pt\/#\/schema\/person\/c4278d4a6028830caff9ee44b42d32ed\"},\"breadcrumb\":{\"@id\":\"https:\/\/portaltela.pt\/noticias\/2026\/04\/28\/mondim-da-beira-casas-rurais-de-charme-preservam-memorias-locais\/#breadcrumb\"},\"inLanguage\":\"pt-PT\",\"potentialAction\":[{\"@type\":\"ReadAction\",\"target\":[\"https:\/\/portaltela.pt\/noticias\/2026\/04\/28\/mondim-da-beira-casas-rurais-de-charme-preservam-memorias-locais\/\"]}]},{\"@type\":\"ImageObject\",\"inLanguage\":\"pt-PT\",\"@id\":\"https:\/\/portaltela.pt\/noticias\/2026\/04\/28\/mondim-da-beira-casas-rurais-de-charme-preservam-memorias-locais\/#primaryimage\",\"url\":\"https:\/\/portaltela.pt\/s.01k8rhncp4jt1\/2026\/04\/image-98.webp\",\"contentUrl\":\"https:\/\/portaltela.pt\/s.01k8rhncp4jt1\/2026\/04\/image-98.webp\",\"width\":1200,\"height\":800,\"caption\":\"A Casa do Lagar \u00e9 uma das cinco Casas da Mem\u00f3ria, em Mondim da Beira.\"},{\"@type\":\"BreadcrumbList\",\"@id\":\"https:\/\/portaltela.pt\/noticias\/2026\/04\/28\/mondim-da-beira-casas-rurais-de-charme-preservam-memorias-locais\/#breadcrumb\",\"itemListElement\":[{\"@type\":\"ListItem\",\"position\":1,\"name\":\"In\u00edcio\",\"item\":\"https:\/\/portaltela.pt\/\"},{\"@type\":\"ListItem\",\"position\":2,\"name\":\"Mondim da Beira: casas rurais de charme preservam mem\u00f3rias locais\"}]},{\"@type\":\"WebSite\",\"@id\":\"https:\/\/portaltela.pt\/#website\",\"url\":\"https:\/\/portaltela.pt\/\",\"name\":\"Portal Tela Portugal\",\"description\":\"\",\"potentialAction\":[{\"@type\":\"SearchAction\",\"target\":{\"@type\":\"EntryPoint\",\"urlTemplate\":\"https:\/\/portaltela.pt\/?s={search_term_string}\"},\"query-input\":{\"@type\":\"PropertyValueSpecification\",\"valueRequired\":true,\"valueName\":\"search_term_string\"}}],\"inLanguage\":\"pt-PT\"},{\"@type\":\"Person\",\"@id\":\"https:\/\/portaltela.pt\/#\/schema\/person\/c4278d4a6028830caff9ee44b42d32ed\",\"name\":\"Telinha\",\"image\":{\"@type\":\"ImageObject\",\"inLanguage\":\"pt-PT\",\"@id\":\"https:\/\/portaltela.pt\/s.01k8rhncp4jt1\/2025\/11\/talking-bot-125x125.png\",\"url\":\"https:\/\/portaltela.pt\/s.01k8rhncp4jt1\/2025\/11\/talking-bot-125x125.png\",\"contentUrl\":\"https:\/\/portaltela.pt\/s.01k8rhncp4jt1\/2025\/11\/talking-bot-125x125.png\",\"caption\":\"Telinha\"},\"sameAs\":[\"https:\/\/portaltela.pt\/\"],\"url\":\"https:\/\/portaltela.pt\/por\/367410592786\/\"}]}<\/script>\n<!-- \/ Yoast SEO plugin. -->","yoast_head_json":{"title":"Mondim da Beira: casas rurais de charme preservam mem\u00f3rias locais - Portal Tela Portugal","robots":{"index":"index","follow":"follow","max-snippet":"max-snippet:-1","max-image-preview":"max-image-preview:large","max-video-preview":"max-video-preview:-1"},"og_locale":"pt_PT","og_type":"article","og_title":"Mondim da Beira: casas rurais de charme preservam mem\u00f3rias locais - Portal Tela Portugal","og_description":"Mondim da Beira celebra as Casas da Mem\u00f3ria, cinco casas rurais que preservam o modo de vida local, vinhedos, montanhas, uma praia fluvial e patrim\u00f3nio medieval e religioso. A Casa do Lagar \u00e9 uma das cinco casas, apresentada ao p\u00fablico no contexto de hospitalidade hist\u00f3rica. O anfitri\u00e3o Pedro Vasconcelos Cardoso destaca o batente original da porta e o bras\u00e3o na fachada de granito, ligada \u00e0 fam\u00edlia. O tio do anfitri\u00e3o, Jardim Gon\u00e7alves, fundador do Banco Comercial Portugu\u00eas, \u00e9 quem costuma descansar na casa durante per\u00edodos festivos. Visitas guiadas \u00e0 casa da fam\u00edlia s\u00e3o poss\u00edveis, com sala de sal\u00e3o nobre, tetos em madeira de maceira, orat\u00f3rio privado e biblioteca do ex-banqueiro.","og_url":"https:\/\/portaltela.pt\/noticias\/2026\/04\/28\/mondim-da-beira-casas-rurais-de-charme-preservam-memorias-locais\/","og_site_name":"Portal Tela Portugal","article_published_time":"2026-04-28T18:03:35+00:00","author":"Telinha","twitter_card":"summary_large_image","twitter_misc":{"Escrito por":"Telinha","Tempo estimado de leitura":"1 minuto"},"schema":{"@context":"https:\/\/schema.org","@graph":[{"@type":"Article","@id":"https:\/\/portaltela.pt\/noticias\/2026\/04\/28\/mondim-da-beira-casas-rurais-de-charme-preservam-memorias-locais\/#article","isPartOf":{"@id":"https:\/\/portaltela.pt\/noticias\/2026\/04\/28\/mondim-da-beira-casas-rurais-de-charme-preservam-memorias-locais\/"},"author":{"name":"Telinha","@id":"https:\/\/portaltela.pt\/#\/schema\/person\/c4278d4a6028830caff9ee44b42d32ed"},"headline":"Mondim da Beira: casas rurais de charme preservam mem\u00f3rias locais","datePublished":"2026-04-28T18:03:35+00:00","mainEntityOfPage":{"@id":"https:\/\/portaltela.pt\/noticias\/2026\/04\/28\/mondim-da-beira-casas-rurais-de-charme-preservam-memorias-locais\/"},"wordCount":233,"image":{"@id":"https:\/\/portaltela.pt\/noticias\/2026\/04\/28\/mondim-da-beira-casas-rurais-de-charme-preservam-memorias-locais\/#primaryimage"},"thumbnailUrl":"https:\/\/portaltela.pt\/s.01k8rhncp4jt1\/2026\/04\/image-98.webp","keywords":["_casa","_casas","_Interior Centro","_patrim\u00f3nio","_Patrim\u00f3nio Cultural","_vinho"],"articleSection":["Cultura","Lazer"],"inLanguage":"pt-PT"},{"@type":"WebPage","@id":"https:\/\/portaltela.pt\/noticias\/2026\/04\/28\/mondim-da-beira-casas-rurais-de-charme-preservam-memorias-locais\/","url":"https:\/\/portaltela.pt\/noticias\/2026\/04\/28\/mondim-da-beira-casas-rurais-de-charme-preservam-memorias-locais\/","name":"Mondim da Beira: casas rurais de charme preservam mem\u00f3rias locais - Portal Tela Portugal","isPartOf":{"@id":"https:\/\/portaltela.pt\/#website"},"primaryImageOfPage":{"@id":"https:\/\/portaltela.pt\/noticias\/2026\/04\/28\/mondim-da-beira-casas-rurais-de-charme-preservam-memorias-locais\/#primaryimage"},"image":{"@id":"https:\/\/portaltela.pt\/noticias\/2026\/04\/28\/mondim-da-beira-casas-rurais-de-charme-preservam-memorias-locais\/#primaryimage"},"thumbnailUrl":"https:\/\/portaltela.pt\/s.01k8rhncp4jt1\/2026\/04\/image-98.webp","datePublished":"2026-04-28T18:03:35+00:00","author":{"@id":"https:\/\/portaltela.pt\/#\/schema\/person\/c4278d4a6028830caff9ee44b42d32ed"},"breadcrumb":{"@id":"https:\/\/portaltela.pt\/noticias\/2026\/04\/28\/mondim-da-beira-casas-rurais-de-charme-preservam-memorias-locais\/#breadcrumb"},"inLanguage":"pt-PT","potentialAction":[{"@type":"ReadAction","target":["https:\/\/portaltela.pt\/noticias\/2026\/04\/28\/mondim-da-beira-casas-rurais-de-charme-preservam-memorias-locais\/"]}]},{"@type":"ImageObject","inLanguage":"pt-PT","@id":"https:\/\/portaltela.pt\/noticias\/2026\/04\/28\/mondim-da-beira-casas-rurais-de-charme-preservam-memorias-locais\/#primaryimage","url":"https:\/\/portaltela.pt\/s.01k8rhncp4jt1\/2026\/04\/image-98.webp","contentUrl":"https:\/\/portaltela.pt\/s.01k8rhncp4jt1\/2026\/04\/image-98.webp","width":1200,"height":800,"caption":"A Casa do Lagar \u00e9 uma das cinco Casas da Mem\u00f3ria, em Mondim da Beira."},{"@type":"BreadcrumbList","@id":"https:\/\/portaltela.pt\/noticias\/2026\/04\/28\/mondim-da-beira-casas-rurais-de-charme-preservam-memorias-locais\/#breadcrumb","itemListElement":[{"@type":"ListItem","position":1,"name":"In\u00edcio","item":"https:\/\/portaltela.pt\/"},{"@type":"ListItem","position":2,"name":"Mondim da Beira: casas rurais de charme preservam mem\u00f3rias locais"}]},{"@type":"WebSite","@id":"https:\/\/portaltela.pt\/#website","url":"https:\/\/portaltela.pt\/","name":"Portal Tela Portugal","description":"","potentialAction":[{"@type":"SearchAction","target":{"@type":"EntryPoint","urlTemplate":"https:\/\/portaltela.pt\/?s={search_term_string}"},"query-input":{"@type":"PropertyValueSpecification","valueRequired":true,"valueName":"search_term_string"}}],"inLanguage":"pt-PT"},{"@type":"Person","@id":"https:\/\/portaltela.pt\/#\/schema\/person\/c4278d4a6028830caff9ee44b42d32ed","name":"Telinha","image":{"@type":"ImageObject","inLanguage":"pt-PT","@id":"https:\/\/portaltela.pt\/s.01k8rhncp4jt1\/2025\/11\/talking-bot-125x125.png","url":"https:\/\/portaltela.pt\/s.01k8rhncp4jt1\/2025\/11\/talking-bot-125x125.png","contentUrl":"https:\/\/portaltela.pt\/s.01k8rhncp4jt1\/2025\/11\/talking-bot-125x125.png","caption":"Telinha"},"sameAs":["https:\/\/portaltela.pt\/"],"url":"https:\/\/portaltela.pt\/por\/367410592786\/"}]}},"_links":{"self":[{"href":"https:\/\/portaltela.pt\/api\/wp\/v2\/posts\/460251","targetHints":{"allow":["GET"]}}],"collection":[{"href":"https:\/\/portaltela.pt\/api\/wp\/v2\/posts"}],"about":[{"href":"https:\/\/portaltela.pt\/api\/wp\/v2\/types\/post"}],"author":[{"embeddable":true,"href":"https:\/\/portaltela.pt\/api\/wp\/v2\/users\/2"}],"replies":[{"embeddable":true,"href":"https:\/\/portaltela.pt\/api\/wp\/v2\/comments?post=460251"}],"version-history":[{"count":0,"href":"https:\/\/portaltela.pt\/api\/wp\/v2\/posts\/460251\/revisions"}],"wp:featuredmedia":[{"embeddable":true,"href":"https:\/\/portaltela.pt\/api\/wp\/v2\/media\/460257"}],"wp:attachment":[{"href":"https:\/\/portaltela.pt\/api\/wp\/v2\/media?parent=460251"}],"wp:term":[{"taxonomy":"category","embeddable":true,"href":"https:\/\/portaltela.pt\/api\/wp\/v2\/categories?post=460251"},{"taxonomy":"post_tag","embeddable":true,"href":"https:\/\/portaltela.pt\/api\/wp\/v2\/tags?post=460251"}],"curies":[{"name":"wp","href":"https:\/\/api.w.org\/{rel}","templated":true}]}}