{"id":460250,"date":"2026-04-28T15:03:28","date_gmt":"2026-04-28T18:03:28","guid":{"rendered":"https:\/\/portaltela.pt\/noticias\/2026\/04\/28\/torino-nao-ativa-opcao-por-rafa-obrador-italianos-avancam\/"},"modified":"2026-04-28T15:03:28","modified_gmt":"2026-04-28T18:03:28","slug":"torino-nao-ativa-opcao-por-rafa-obrador-italianos-avancam","status":"publish","type":"post","link":"https:\/\/portaltela.pt\/desporto\/futebol\/2026\/04\/28\/torino-nao-ativa-opcao-por-rafa-obrador-italianos-avancam\/","title":{"rendered":"Torino n\u00e3o ativa op\u00e7\u00e3o por Rafa Obrador; italianos avan\u00e7am"},"content":{"rendered":"<p>Rafa Obrador pode n\u00e3o continuar no Torino na pr\u00f3xima \u00e9poca, segundo o jornalista Nicol\u00f2 Schira, especialista em mercado de transfer\u00eancias. O clube italiano pretende acionar a op\u00e7\u00e3o de compra apenas se o Benfica, atual dono do empr\u00e9stimo, reduzir o valor da cl\u00e1usula.<\/p>\n<p>O defesa-esquerdo espanhol, de 22 anos, foi titular em 10 dos 13 jogos disputados pelo Torino nesta temporada. O clube portugu\u00eas cedeu Obrador ao Torino com uma cl\u00e1usula de compra de 9 milh\u00f5es de euros.<\/p>\n<p>O acordo inicial prev\u00ea que, se a op\u00e7\u00e3o for exercida, o Benfica recebe 7 milh\u00f5es de euros, ficando 2 milh\u00f5es para o Torino. O Benfica manteria ainda 10% de uma futura transfer\u00eancia.<\/p>\n<p>O neg\u00f3cio envolveu a transfer\u00eancia de \u00c1lvaro Carreras para Madrid, com Obrador contratado pelo Benfica por 5 milh\u00f5es de euros. O jogador tem contrato com o Benfica at\u00e9 junho de 2030.<\/p>\n<p>O Torino avalia a situa\u00e7\u00e3o com cautela, aguardando poss\u00edvel movimento do Benfica para definir o desfecho do empr\u00e9stimo e da cl\u00e1usula de compra. Obrador est\u00e1 cedido at\u00e9 ao final da temporada em curso.<\/p>\n","protected":false},"excerpt":{"rendered":"<ul>\n<li>Torino n\u00e3o acionar\u00e1 a cl\u00e1usula de compra de Rafa Obrador se o Benfica n\u00e3o reduzir o valor da op\u00e7\u00e3o de compra.<\/li>\n<li>Obrador tem sido titular em 10 dos 13 jogos pelo Torino nesta temporada e est\u00e1 emprestado pelo Benfica at\u00e9 ao fim da \u00e9poca.<\/li>\n<li>A cl\u00e1usula de compra acordada \u00e9 de 9 milh\u00f5es de euros; se acionada, Benfica recebe 7 milh\u00f5es de euros e o Benfica tamb\u00e9m fica com 10% numa eventual transfer\u00eancia futura, enquanto o Real Madrid recebe 2 milh\u00f5es de euros (50% da mais-valia).<\/li>\n<li>O valor de avalia\u00e7\u00e3o de Rafa Obrador pela Transfermarkt \u00e9 de 4 milh\u00f5es de euros; o jogador tem contrato com o Benfica at\u00e9 junho de 2030.<\/li>\n<li>O Benfica manteve o direito de receber parte da mais-valia e o Real Madrid mant\u00e9m uma fatiaoriz\u00e7\u00e3o associada \u00e0 opera\u00e7\u00e3o, dependendo do neg\u00f3cio final entre Torino e o clube portugu\u00eas.<\/li>\n<\/ul>\n","protected":false},"author":2,"featured_media":460259,"comment_status":"closed","ping_status":"closed","sticky":false,"template":"","format":"standard","meta":{"footnotes":""},"categories":[21,24],"tags":[1946,3972,32,50,1633],"class_list":["post-460250","post","type-post","status-publish","format-standard","has-post-thumbnail","hentry","category-desporto","category-futebol","tag-benfica","tag-benfica-sad","tag-futebol","tag-mercado-da-bola","tag-transferencias-internacionais"],"yoast_head":"<!-- This site is optimized with the Yoast SEO plugin v27.2 - https:\/\/yoast.com\/product\/yoast-seo-wordpress\/ -->\n<title>Torino n\u00e3o ativa op\u00e7\u00e3o por Rafa Obrador; italianos avan\u00e7am - Portal Tela Portugal<\/title>\n<meta name=\"robots\" content=\"index, follow, max-snippet:-1, max-image-preview:large, max-video-preview:-1\" \/>\n<meta property=\"og:locale\" content=\"pt_PT\" \/>\n<meta property=\"og:type\" content=\"article\" \/>\n<meta property=\"og:title\" content=\"Torino n\u00e3o ativa op\u00e7\u00e3o por Rafa Obrador; italianos avan\u00e7am - Portal Tela Portugal\" \/>\n<meta property=\"og:description\" content=\"Torino n\u00e3o acionar\u00e1 a cl\u00e1usula de compra de Rafa Obrador se o Benfica n\u00e3o reduzir o valor da op\u00e7\u00e3o de compra. Obrador tem sido titular em 10 dos 13 jogos pelo Torino nesta temporada e est\u00e1 emprestado pelo Benfica at\u00e9 ao fim da \u00e9poca. A cl\u00e1usula de compra acordada \u00e9 de 9 milh\u00f5es de euros; se acionada, Benfica recebe 7 milh\u00f5es de euros e o Benfica tamb\u00e9m fica com 10% numa eventual transfer\u00eancia futura, enquanto o Real Madrid recebe 2 milh\u00f5es de euros (50% da mais-valia). O valor de avalia\u00e7\u00e3o de Rafa Obrador pela Transfermarkt \u00e9 de 4 milh\u00f5es de euros; o jogador tem contrato com o Benfica at\u00e9 junho de 2030. O Benfica manteve o direito de receber parte da mais-valia e o Real Madrid mant\u00e9m uma fatiaoriz\u00e7\u00e3o associada \u00e0 opera\u00e7\u00e3o, dependendo do neg\u00f3cio final entre Torino e o clube portugu\u00eas.\" \/>\n<meta property=\"og:url\" content=\"https:\/\/portaltela.pt\/noticias\/2026\/04\/28\/torino-nao-ativa-opcao-por-rafa-obrador-italianos-avancam\/\" \/>\n<meta property=\"og:site_name\" content=\"Portal Tela Portugal\" \/>\n<meta property=\"article:published_time\" content=\"2026-04-28T18:03:28+00:00\" \/>\n<meta name=\"author\" content=\"Telinha\" \/>\n<meta name=\"twitter:card\" content=\"summary_large_image\" \/>\n<meta name=\"twitter:label1\" content=\"Escrito por\" \/>\n\t<meta name=\"twitter:data1\" content=\"Telinha\" \/>\n\t<meta name=\"twitter:label2\" content=\"Tempo estimado de leitura\" \/>\n\t<meta name=\"twitter:data2\" content=\"1 minuto\" \/>\n<script type=\"application\/ld+json\" class=\"yoast-schema-graph\">{\"@context\":\"https:\/\/schema.org\",\"@graph\":[{\"@type\":\"Article\",\"@id\":\"https:\/\/portaltela.pt\/noticias\/2026\/04\/28\/torino-nao-ativa-opcao-por-rafa-obrador-italianos-avancam\/#article\",\"isPartOf\":{\"@id\":\"https:\/\/portaltela.pt\/noticias\/2026\/04\/28\/torino-nao-ativa-opcao-por-rafa-obrador-italianos-avancam\/\"},\"author\":{\"name\":\"Telinha\",\"@id\":\"https:\/\/portaltela.pt\/#\/schema\/person\/c4278d4a6028830caff9ee44b42d32ed\"},\"headline\":\"Torino n\u00e3o ativa op\u00e7\u00e3o por Rafa Obrador; italianos avan\u00e7am\",\"datePublished\":\"2026-04-28T18:03:28+00:00\",\"mainEntityOfPage\":{\"@id\":\"https:\/\/portaltela.pt\/noticias\/2026\/04\/28\/torino-nao-ativa-opcao-por-rafa-obrador-italianos-avancam\/\"},\"wordCount\":196,\"image\":{\"@id\":\"https:\/\/portaltela.pt\/noticias\/2026\/04\/28\/torino-nao-ativa-opcao-por-rafa-obrador-italianos-avancam\/#primaryimage\"},\"thumbnailUrl\":\"https:\/\/portaltela.pt\/s.01k8rhncp4jt1\/2026\/04\/img_920x518uu2026-01-19-18-18-16-2415791.jpg\",\"keywords\":[\"Benfica\",\"Benfica SAD\",\"futebol\",\"mercado da bola\",\"transfer\u00eancias internacionais\"],\"articleSection\":[\"Desporto\",\"Futebol\"],\"inLanguage\":\"pt-PT\"},{\"@type\":\"WebPage\",\"@id\":\"https:\/\/portaltela.pt\/noticias\/2026\/04\/28\/torino-nao-ativa-opcao-por-rafa-obrador-italianos-avancam\/\",\"url\":\"https:\/\/portaltela.pt\/noticias\/2026\/04\/28\/torino-nao-ativa-opcao-por-rafa-obrador-italianos-avancam\/\",\"name\":\"Torino n\u00e3o ativa op\u00e7\u00e3o por Rafa Obrador; italianos avan\u00e7am - Portal Tela Portugal\",\"isPartOf\":{\"@id\":\"https:\/\/portaltela.pt\/#website\"},\"primaryImageOfPage\":{\"@id\":\"https:\/\/portaltela.pt\/noticias\/2026\/04\/28\/torino-nao-ativa-opcao-por-rafa-obrador-italianos-avancam\/#primaryimage\"},\"image\":{\"@id\":\"https:\/\/portaltela.pt\/noticias\/2026\/04\/28\/torino-nao-ativa-opcao-por-rafa-obrador-italianos-avancam\/#primaryimage\"},\"thumbnailUrl\":\"https:\/\/portaltela.pt\/s.01k8rhncp4jt1\/2026\/04\/img_920x518uu2026-01-19-18-18-16-2415791.jpg\",\"datePublished\":\"2026-04-28T18:03:28+00:00\",\"author\":{\"@id\":\"https:\/\/portaltela.pt\/#\/schema\/person\/c4278d4a6028830caff9ee44b42d32ed\"},\"breadcrumb\":{\"@id\":\"https:\/\/portaltela.pt\/noticias\/2026\/04\/28\/torino-nao-ativa-opcao-por-rafa-obrador-italianos-avancam\/#breadcrumb\"},\"inLanguage\":\"pt-PT\",\"potentialAction\":[{\"@type\":\"ReadAction\",\"target\":[\"https:\/\/portaltela.pt\/noticias\/2026\/04\/28\/torino-nao-ativa-opcao-por-rafa-obrador-italianos-avancam\/\"]}]},{\"@type\":\"ImageObject\",\"inLanguage\":\"pt-PT\",\"@id\":\"https:\/\/portaltela.pt\/noticias\/2026\/04\/28\/torino-nao-ativa-opcao-por-rafa-obrador-italianos-avancam\/#primaryimage\",\"url\":\"https:\/\/portaltela.pt\/s.01k8rhncp4jt1\/2026\/04\/img_920x518uu2026-01-19-18-18-16-2415791.jpg\",\"contentUrl\":\"https:\/\/portaltela.pt\/s.01k8rhncp4jt1\/2026\/04\/img_920x518uu2026-01-19-18-18-16-2415791.jpg\",\"width\":796,\"height\":448,\"caption\":\"Obrador refor\u00e7a Torino\"},{\"@type\":\"BreadcrumbList\",\"@id\":\"https:\/\/portaltela.pt\/noticias\/2026\/04\/28\/torino-nao-ativa-opcao-por-rafa-obrador-italianos-avancam\/#breadcrumb\",\"itemListElement\":[{\"@type\":\"ListItem\",\"position\":1,\"name\":\"In\u00edcio\",\"item\":\"https:\/\/portaltela.pt\/\"},{\"@type\":\"ListItem\",\"position\":2,\"name\":\"Torino n\u00e3o ativa op\u00e7\u00e3o por Rafa Obrador; italianos avan\u00e7am\"}]},{\"@type\":\"WebSite\",\"@id\":\"https:\/\/portaltela.pt\/#website\",\"url\":\"https:\/\/portaltela.pt\/\",\"name\":\"Portal Tela Portugal\",\"description\":\"\",\"potentialAction\":[{\"@type\":\"SearchAction\",\"target\":{\"@type\":\"EntryPoint\",\"urlTemplate\":\"https:\/\/portaltela.pt\/?s={search_term_string}\"},\"query-input\":{\"@type\":\"PropertyValueSpecification\",\"valueRequired\":true,\"valueName\":\"search_term_string\"}}],\"inLanguage\":\"pt-PT\"},{\"@type\":\"Person\",\"@id\":\"https:\/\/portaltela.pt\/#\/schema\/person\/c4278d4a6028830caff9ee44b42d32ed\",\"name\":\"Telinha\",\"image\":{\"@type\":\"ImageObject\",\"inLanguage\":\"pt-PT\",\"@id\":\"https:\/\/portaltela.pt\/s.01k8rhncp4jt1\/2025\/11\/talking-bot-125x125.png\",\"url\":\"https:\/\/portaltela.pt\/s.01k8rhncp4jt1\/2025\/11\/talking-bot-125x125.png\",\"contentUrl\":\"https:\/\/portaltela.pt\/s.01k8rhncp4jt1\/2025\/11\/talking-bot-125x125.png\",\"caption\":\"Telinha\"},\"sameAs\":[\"https:\/\/portaltela.pt\/\"],\"url\":\"https:\/\/portaltela.pt\/por\/367410592786\/\"}]}<\/script>\n<!-- \/ Yoast SEO plugin. -->","yoast_head_json":{"title":"Torino n\u00e3o ativa op\u00e7\u00e3o por Rafa Obrador; italianos avan\u00e7am - Portal Tela Portugal","robots":{"index":"index","follow":"follow","max-snippet":"max-snippet:-1","max-image-preview":"max-image-preview:large","max-video-preview":"max-video-preview:-1"},"og_locale":"pt_PT","og_type":"article","og_title":"Torino n\u00e3o ativa op\u00e7\u00e3o por Rafa Obrador; italianos avan\u00e7am - Portal Tela Portugal","og_description":"Torino n\u00e3o acionar\u00e1 a cl\u00e1usula de compra de Rafa Obrador se o Benfica n\u00e3o reduzir o valor da op\u00e7\u00e3o de compra. Obrador tem sido titular em 10 dos 13 jogos pelo Torino nesta temporada e est\u00e1 emprestado pelo Benfica at\u00e9 ao fim da \u00e9poca. A cl\u00e1usula de compra acordada \u00e9 de 9 milh\u00f5es de euros; se acionada, Benfica recebe 7 milh\u00f5es de euros e o Benfica tamb\u00e9m fica com 10% numa eventual transfer\u00eancia futura, enquanto o Real Madrid recebe 2 milh\u00f5es de euros (50% da mais-valia). O valor de avalia\u00e7\u00e3o de Rafa Obrador pela Transfermarkt \u00e9 de 4 milh\u00f5es de euros; o jogador tem contrato com o Benfica at\u00e9 junho de 2030. O Benfica manteve o direito de receber parte da mais-valia e o Real Madrid mant\u00e9m uma fatiaoriz\u00e7\u00e3o associada \u00e0 opera\u00e7\u00e3o, dependendo do neg\u00f3cio final entre Torino e o clube portugu\u00eas.","og_url":"https:\/\/portaltela.pt\/noticias\/2026\/04\/28\/torino-nao-ativa-opcao-por-rafa-obrador-italianos-avancam\/","og_site_name":"Portal Tela Portugal","article_published_time":"2026-04-28T18:03:28+00:00","author":"Telinha","twitter_card":"summary_large_image","twitter_misc":{"Escrito por":"Telinha","Tempo estimado de leitura":"1 minuto"},"schema":{"@context":"https:\/\/schema.org","@graph":[{"@type":"Article","@id":"https:\/\/portaltela.pt\/noticias\/2026\/04\/28\/torino-nao-ativa-opcao-por-rafa-obrador-italianos-avancam\/#article","isPartOf":{"@id":"https:\/\/portaltela.pt\/noticias\/2026\/04\/28\/torino-nao-ativa-opcao-por-rafa-obrador-italianos-avancam\/"},"author":{"name":"Telinha","@id":"https:\/\/portaltela.pt\/#\/schema\/person\/c4278d4a6028830caff9ee44b42d32ed"},"headline":"Torino n\u00e3o ativa op\u00e7\u00e3o por Rafa Obrador; italianos avan\u00e7am","datePublished":"2026-04-28T18:03:28+00:00","mainEntityOfPage":{"@id":"https:\/\/portaltela.pt\/noticias\/2026\/04\/28\/torino-nao-ativa-opcao-por-rafa-obrador-italianos-avancam\/"},"wordCount":196,"image":{"@id":"https:\/\/portaltela.pt\/noticias\/2026\/04\/28\/torino-nao-ativa-opcao-por-rafa-obrador-italianos-avancam\/#primaryimage"},"thumbnailUrl":"https:\/\/portaltela.pt\/s.01k8rhncp4jt1\/2026\/04\/img_920x518uu2026-01-19-18-18-16-2415791.jpg","keywords":["Benfica","Benfica SAD","futebol","mercado da bola","transfer\u00eancias internacionais"],"articleSection":["Desporto","Futebol"],"inLanguage":"pt-PT"},{"@type":"WebPage","@id":"https:\/\/portaltela.pt\/noticias\/2026\/04\/28\/torino-nao-ativa-opcao-por-rafa-obrador-italianos-avancam\/","url":"https:\/\/portaltela.pt\/noticias\/2026\/04\/28\/torino-nao-ativa-opcao-por-rafa-obrador-italianos-avancam\/","name":"Torino n\u00e3o ativa op\u00e7\u00e3o por Rafa Obrador; italianos avan\u00e7am - Portal Tela Portugal","isPartOf":{"@id":"https:\/\/portaltela.pt\/#website"},"primaryImageOfPage":{"@id":"https:\/\/portaltela.pt\/noticias\/2026\/04\/28\/torino-nao-ativa-opcao-por-rafa-obrador-italianos-avancam\/#primaryimage"},"image":{"@id":"https:\/\/portaltela.pt\/noticias\/2026\/04\/28\/torino-nao-ativa-opcao-por-rafa-obrador-italianos-avancam\/#primaryimage"},"thumbnailUrl":"https:\/\/portaltela.pt\/s.01k8rhncp4jt1\/2026\/04\/img_920x518uu2026-01-19-18-18-16-2415791.jpg","datePublished":"2026-04-28T18:03:28+00:00","author":{"@id":"https:\/\/portaltela.pt\/#\/schema\/person\/c4278d4a6028830caff9ee44b42d32ed"},"breadcrumb":{"@id":"https:\/\/portaltela.pt\/noticias\/2026\/04\/28\/torino-nao-ativa-opcao-por-rafa-obrador-italianos-avancam\/#breadcrumb"},"inLanguage":"pt-PT","potentialAction":[{"@type":"ReadAction","target":["https:\/\/portaltela.pt\/noticias\/2026\/04\/28\/torino-nao-ativa-opcao-por-rafa-obrador-italianos-avancam\/"]}]},{"@type":"ImageObject","inLanguage":"pt-PT","@id":"https:\/\/portaltela.pt\/noticias\/2026\/04\/28\/torino-nao-ativa-opcao-por-rafa-obrador-italianos-avancam\/#primaryimage","url":"https:\/\/portaltela.pt\/s.01k8rhncp4jt1\/2026\/04\/img_920x518uu2026-01-19-18-18-16-2415791.jpg","contentUrl":"https:\/\/portaltela.pt\/s.01k8rhncp4jt1\/2026\/04\/img_920x518uu2026-01-19-18-18-16-2415791.jpg","width":796,"height":448,"caption":"Obrador refor\u00e7a Torino"},{"@type":"BreadcrumbList","@id":"https:\/\/portaltela.pt\/noticias\/2026\/04\/28\/torino-nao-ativa-opcao-por-rafa-obrador-italianos-avancam\/#breadcrumb","itemListElement":[{"@type":"ListItem","position":1,"name":"In\u00edcio","item":"https:\/\/portaltela.pt\/"},{"@type":"ListItem","position":2,"name":"Torino n\u00e3o ativa op\u00e7\u00e3o por Rafa Obrador; italianos avan\u00e7am"}]},{"@type":"WebSite","@id":"https:\/\/portaltela.pt\/#website","url":"https:\/\/portaltela.pt\/","name":"Portal Tela Portugal","description":"","potentialAction":[{"@type":"SearchAction","target":{"@type":"EntryPoint","urlTemplate":"https:\/\/portaltela.pt\/?s={search_term_string}"},"query-input":{"@type":"PropertyValueSpecification","valueRequired":true,"valueName":"search_term_string"}}],"inLanguage":"pt-PT"},{"@type":"Person","@id":"https:\/\/portaltela.pt\/#\/schema\/person\/c4278d4a6028830caff9ee44b42d32ed","name":"Telinha","image":{"@type":"ImageObject","inLanguage":"pt-PT","@id":"https:\/\/portaltela.pt\/s.01k8rhncp4jt1\/2025\/11\/talking-bot-125x125.png","url":"https:\/\/portaltela.pt\/s.01k8rhncp4jt1\/2025\/11\/talking-bot-125x125.png","contentUrl":"https:\/\/portaltela.pt\/s.01k8rhncp4jt1\/2025\/11\/talking-bot-125x125.png","caption":"Telinha"},"sameAs":["https:\/\/portaltela.pt\/"],"url":"https:\/\/portaltela.pt\/por\/367410592786\/"}]}},"_links":{"self":[{"href":"https:\/\/portaltela.pt\/api\/wp\/v2\/posts\/460250","targetHints":{"allow":["GET"]}}],"collection":[{"href":"https:\/\/portaltela.pt\/api\/wp\/v2\/posts"}],"about":[{"href":"https:\/\/portaltela.pt\/api\/wp\/v2\/types\/post"}],"author":[{"embeddable":true,"href":"https:\/\/portaltela.pt\/api\/wp\/v2\/users\/2"}],"replies":[{"embeddable":true,"href":"https:\/\/portaltela.pt\/api\/wp\/v2\/comments?post=460250"}],"version-history":[{"count":0,"href":"https:\/\/portaltela.pt\/api\/wp\/v2\/posts\/460250\/revisions"}],"wp:featuredmedia":[{"embeddable":true,"href":"https:\/\/portaltela.pt\/api\/wp\/v2\/media\/460259"}],"wp:attachment":[{"href":"https:\/\/portaltela.pt\/api\/wp\/v2\/media?parent=460250"}],"wp:term":[{"taxonomy":"category","embeddable":true,"href":"https:\/\/portaltela.pt\/api\/wp\/v2\/categories?post=460250"},{"taxonomy":"post_tag","embeddable":true,"href":"https:\/\/portaltela.pt\/api\/wp\/v2\/tags?post=460250"}],"curies":[{"name":"wp","href":"https:\/\/api.w.org\/{rel}","templated":true}]}}