{"id":460246,"date":"2026-04-28T15:03:24","date_gmt":"2026-04-28T18:03:24","guid":{"rendered":"https:\/\/portaltela.pt\/noticias\/2026\/04\/28\/princesa-leonor-herdeira-do-trono-espanhol-realiza-novo-voo-solo\/"},"modified":"2026-04-28T15:03:24","modified_gmt":"2026-04-28T18:03:24","slug":"princesa-leonor-herdeira-do-trono-espanhol-realiza-novo-voo-solo","status":"publish","type":"post","link":"https:\/\/portaltela.pt\/sociedade\/2026\/04\/28\/princesa-leonor-herdeira-do-trono-espanhol-realiza-novo-voo-solo\/","title":{"rendered":"Princesa Leonor, herdeira do trono espanhol, realiza novo voo solo"},"content":{"rendered":"<p>O que aconteceu: a princesa Leonor realizou um novo voo a solo, conduzindo o avi\u00e3o Pilatus PC-21, sob forma\u00e7\u00e3o militar. O momento ocorreu na manh\u00e3 de segunda-feira, 27 de abril, acompanhado de instru\u00e7\u00e3o te\u00f3rica, simuladores e voos de treino.<\/p>\n<p>Quem est\u00e1 envolvido: a not\u00edcia envolve a Princesa Leonor, herdeira do trono espanhol, filha mais velha de Felipe VI. Participam ainda instrutores e unidades da forma\u00e7\u00e3o militar, conforme divulgado pela Casa Real.<\/p>\n<p>Quando e onde: o voo solit\u00e1rio ocorreu na manh\u00e3 de 27 de abril, nos recursos de forma\u00e7\u00e3o da defesa. A Casa Real confirmou que seguiu o programa de instru\u00e7\u00e3o previsto, com opera\u00e7\u00f5es sob supervis\u00e3o de instrutores.<\/p>\n<p>Porqu\u00ea: o objetivo \u00e9 cont\u00ednuo aperfei\u00e7oamento na carreira militar da princesa, j\u00e1 iniciada com o voo de estreia. Este treino faz parte de uma etapa pr\u00e1tica da forma\u00e7\u00e3o, complementada por estudos te\u00f3ricos e simuladores.<\/p>\n<h3>Forma\u00e7\u00e3o militar e perspetiva acad\u00e9mica<\/h3>\n<p>A Casa Real informou que Leonor j\u00e1 cumpriu a etapa te\u00f3rica, sess\u00f5es de simulador e voos de instru\u00e7\u00e3o anteriores. A estreia ocorreu a 18 de dezembro e o novo voo refor\u00e7a a progress\u00e3o no programa.<\/p>\n<p>Paralelamente, ficou anunciado que Leonor dever\u00e1 prosseguir para licenciatura em Ci\u00eancias Pol\u00edticas na Universidade Carlos III de Madrid, ap\u00f3s conclu\u00edda a forma\u00e7\u00e3o militar. O campus de Getafe acolher\u00e1 o curso, que inclui disciplinas de Pol\u00edtica, Direito, Economia e Rela\u00e7\u00f5es Internacionais.<\/p>\n<p>A institui\u00e7\u00e3o universit\u00e1ria ser\u00e1 integrada aos compromissos institucionais da herdeira da coroa, mantendo as responsabilidades p\u00fablicas j\u00e1 presentes durante o ensino secund\u00e1rio e as tr\u00eas \u00e9pocas de forma\u00e7\u00e3o militar.<\/p>\n","protected":false},"excerpt":{"rendered":"<ul>\n<li>A princesa Leonor realizou o seu segundo voo a solo aos comandos de um avi\u00e3o Pilatus PC-21, com imagens oficiais divulgadas pela Casa Real.<\/li>\n<li>O feito ocorreu em 27 de abril, ap\u00f3s a princesa cumprir forma\u00e7\u00e3o te\u00f3rica, sess\u00f5es de simulador e voos de instru\u00e7\u00e3o.<\/li>\n<li>A estreia aconteceu a 18 de dezembro; desta vez repetiu a fa\u00e7anha, dando continuidade \u00e0 prepara\u00e7\u00e3o militar.<\/li>\n<li>A Zarzuela confirmou que Leonor dever\u00e1 prosseguir com uma licenciatura em Ci\u00eancias Pol\u00edticas na Universidade Carlos III de Madrid, no campus de Getafe, depois da forma\u00e7\u00e3o militar.<\/li>\n<li>O curso inclui disciplinas de Ci\u00eancia Pol\u00edtica, Humanidades, Direito, Economia, Sociologia, Hist\u00f3ria e Rela\u00e7\u00f5es Internacionais, funcionando em paralelo com os compromissos oficiais de herdeira da coroa.<\/li>\n<\/ul>\n","protected":false},"author":2,"featured_media":460254,"comment_status":"closed","ping_status":"closed","sticky":false,"template":"","format":"standard","meta":{"footnotes":""},"categories":[7384,6871],"tags":[7910,7891,7795,8387,8587,8003,8884],"class_list":["post-460246","post","type-post","status-publish","format-standard","has-post-thumbnail","hentry","category-curiosidades","category-sociedade","tag-_a-aeronautica","tag-_aeronautica","tag-_educacao","tag-_ensino-superior","tag-_forca-aerea","tag-_pessoas-publicas","tag-_universidades"],"yoast_head":"<!-- This site is optimized with the Yoast SEO plugin v27.2 - https:\/\/yoast.com\/product\/yoast-seo-wordpress\/ -->\n<title>Princesa Leonor, herdeira do trono espanhol, realiza novo voo solo - Portal Tela Portugal<\/title>\n<meta name=\"robots\" content=\"index, follow, max-snippet:-1, max-image-preview:large, max-video-preview:-1\" \/>\n<meta property=\"og:locale\" content=\"pt_PT\" \/>\n<meta property=\"og:type\" content=\"article\" \/>\n<meta property=\"og:title\" content=\"Princesa Leonor, herdeira do trono espanhol, realiza novo voo solo - Portal Tela Portugal\" \/>\n<meta property=\"og:description\" content=\"A princesa Leonor realizou o seu segundo voo a solo aos comandos de um avi\u00e3o Pilatus PC-21, com imagens oficiais divulgadas pela Casa Real. O feito ocorreu em 27 de abril, ap\u00f3s a princesa cumprir forma\u00e7\u00e3o te\u00f3rica, sess\u00f5es de simulador e voos de instru\u00e7\u00e3o. A estreia aconteceu a 18 de dezembro; desta vez repetiu a fa\u00e7anha, dando continuidade \u00e0 prepara\u00e7\u00e3o militar. A Zarzuela confirmou que Leonor dever\u00e1 prosseguir com uma licenciatura em Ci\u00eancias Pol\u00edticas na Universidade Carlos III de Madrid, no campus de Getafe, depois da forma\u00e7\u00e3o militar. O curso inclui disciplinas de Ci\u00eancia Pol\u00edtica, Humanidades, Direito, Economia, Sociologia, Hist\u00f3ria e Rela\u00e7\u00f5es Internacionais, funcionando em paralelo com os compromissos oficiais de herdeira da coroa.\" \/>\n<meta property=\"og:url\" content=\"https:\/\/portaltela.pt\/noticias\/2026\/04\/28\/princesa-leonor-herdeira-do-trono-espanhol-realiza-novo-voo-solo\/\" \/>\n<meta property=\"og:site_name\" content=\"Portal Tela Portugal\" \/>\n<meta property=\"article:published_time\" content=\"2026-04-28T18:03:24+00:00\" \/>\n<meta name=\"author\" content=\"Telinha\" \/>\n<meta name=\"twitter:card\" content=\"summary_large_image\" \/>\n<meta name=\"twitter:label1\" content=\"Escrito por\" \/>\n\t<meta name=\"twitter:data1\" content=\"Telinha\" \/>\n\t<meta name=\"twitter:label2\" content=\"Tempo estimado de leitura\" \/>\n\t<meta name=\"twitter:data2\" content=\"1 minuto\" \/>\n<script type=\"application\/ld+json\" class=\"yoast-schema-graph\">{\"@context\":\"https:\/\/schema.org\",\"@graph\":[{\"@type\":\"Article\",\"@id\":\"https:\/\/portaltela.pt\/noticias\/2026\/04\/28\/princesa-leonor-herdeira-do-trono-espanhol-realiza-novo-voo-solo\/#article\",\"isPartOf\":{\"@id\":\"https:\/\/portaltela.pt\/noticias\/2026\/04\/28\/princesa-leonor-herdeira-do-trono-espanhol-realiza-novo-voo-solo\/\"},\"author\":{\"name\":\"Telinha\",\"@id\":\"https:\/\/portaltela.pt\/#\/schema\/person\/c4278d4a6028830caff9ee44b42d32ed\"},\"headline\":\"Princesa Leonor, herdeira do trono espanhol, realiza novo voo solo\",\"datePublished\":\"2026-04-28T18:03:24+00:00\",\"mainEntityOfPage\":{\"@id\":\"https:\/\/portaltela.pt\/noticias\/2026\/04\/28\/princesa-leonor-herdeira-do-trono-espanhol-realiza-novo-voo-solo\/\"},\"wordCount\":292,\"image\":{\"@id\":\"https:\/\/portaltela.pt\/noticias\/2026\/04\/28\/princesa-leonor-herdeira-do-trono-espanhol-realiza-novo-voo-solo\/#primaryimage\"},\"thumbnailUrl\":\"https:\/\/portaltela.pt\/s.01k8rhncp4jt1\/2026\/04\/image-1612.jpg\",\"keywords\":[\"_a aeron\u00e1utica\",\"_aeron\u00e1utica\",\"_educa\u00e7\u00e3o\",\"_Ensino Superior\",\"_For\u00e7a A\u00e9rea\",\"_pessoas p\u00fablicas\",\"_universidades\"],\"articleSection\":[\"Curiosidades\",\"Sociedade\"],\"inLanguage\":\"pt-PT\"},{\"@type\":\"WebPage\",\"@id\":\"https:\/\/portaltela.pt\/noticias\/2026\/04\/28\/princesa-leonor-herdeira-do-trono-espanhol-realiza-novo-voo-solo\/\",\"url\":\"https:\/\/portaltela.pt\/noticias\/2026\/04\/28\/princesa-leonor-herdeira-do-trono-espanhol-realiza-novo-voo-solo\/\",\"name\":\"Princesa Leonor, herdeira do trono espanhol, realiza novo voo solo - Portal Tela Portugal\",\"isPartOf\":{\"@id\":\"https:\/\/portaltela.pt\/#website\"},\"primaryImageOfPage\":{\"@id\":\"https:\/\/portaltela.pt\/noticias\/2026\/04\/28\/princesa-leonor-herdeira-do-trono-espanhol-realiza-novo-voo-solo\/#primaryimage\"},\"image\":{\"@id\":\"https:\/\/portaltela.pt\/noticias\/2026\/04\/28\/princesa-leonor-herdeira-do-trono-espanhol-realiza-novo-voo-solo\/#primaryimage\"},\"thumbnailUrl\":\"https:\/\/portaltela.pt\/s.01k8rhncp4jt1\/2026\/04\/image-1612.jpg\",\"datePublished\":\"2026-04-28T18:03:24+00:00\",\"author\":{\"@id\":\"https:\/\/portaltela.pt\/#\/schema\/person\/c4278d4a6028830caff9ee44b42d32ed\"},\"breadcrumb\":{\"@id\":\"https:\/\/portaltela.pt\/noticias\/2026\/04\/28\/princesa-leonor-herdeira-do-trono-espanhol-realiza-novo-voo-solo\/#breadcrumb\"},\"inLanguage\":\"pt-PT\",\"potentialAction\":[{\"@type\":\"ReadAction\",\"target\":[\"https:\/\/portaltela.pt\/noticias\/2026\/04\/28\/princesa-leonor-herdeira-do-trono-espanhol-realiza-novo-voo-solo\/\"]}]},{\"@type\":\"ImageObject\",\"inLanguage\":\"pt-PT\",\"@id\":\"https:\/\/portaltela.pt\/noticias\/2026\/04\/28\/princesa-leonor-herdeira-do-trono-espanhol-realiza-novo-voo-solo\/#primaryimage\",\"url\":\"https:\/\/portaltela.pt\/s.01k8rhncp4jt1\/2026\/04\/image-1612.jpg\",\"contentUrl\":\"https:\/\/portaltela.pt\/s.01k8rhncp4jt1\/2026\/04\/image-1612.jpg\",\"width\":796,\"height\":448,\"caption\":\"Princesa Leonor em voo solit\u00e1rio, esta segunda-feira, 27 de abril\"},{\"@type\":\"BreadcrumbList\",\"@id\":\"https:\/\/portaltela.pt\/noticias\/2026\/04\/28\/princesa-leonor-herdeira-do-trono-espanhol-realiza-novo-voo-solo\/#breadcrumb\",\"itemListElement\":[{\"@type\":\"ListItem\",\"position\":1,\"name\":\"In\u00edcio\",\"item\":\"https:\/\/portaltela.pt\/\"},{\"@type\":\"ListItem\",\"position\":2,\"name\":\"Princesa Leonor, herdeira do trono espanhol, realiza novo voo solo\"}]},{\"@type\":\"WebSite\",\"@id\":\"https:\/\/portaltela.pt\/#website\",\"url\":\"https:\/\/portaltela.pt\/\",\"name\":\"Portal Tela Portugal\",\"description\":\"\",\"potentialAction\":[{\"@type\":\"SearchAction\",\"target\":{\"@type\":\"EntryPoint\",\"urlTemplate\":\"https:\/\/portaltela.pt\/?s={search_term_string}\"},\"query-input\":{\"@type\":\"PropertyValueSpecification\",\"valueRequired\":true,\"valueName\":\"search_term_string\"}}],\"inLanguage\":\"pt-PT\"},{\"@type\":\"Person\",\"@id\":\"https:\/\/portaltela.pt\/#\/schema\/person\/c4278d4a6028830caff9ee44b42d32ed\",\"name\":\"Telinha\",\"image\":{\"@type\":\"ImageObject\",\"inLanguage\":\"pt-PT\",\"@id\":\"https:\/\/portaltela.pt\/s.01k8rhncp4jt1\/2025\/11\/talking-bot-125x125.png\",\"url\":\"https:\/\/portaltela.pt\/s.01k8rhncp4jt1\/2025\/11\/talking-bot-125x125.png\",\"contentUrl\":\"https:\/\/portaltela.pt\/s.01k8rhncp4jt1\/2025\/11\/talking-bot-125x125.png\",\"caption\":\"Telinha\"},\"sameAs\":[\"https:\/\/portaltela.pt\/\"],\"url\":\"https:\/\/portaltela.pt\/por\/367410592786\/\"}]}<\/script>\n<!-- \/ Yoast SEO plugin. -->","yoast_head_json":{"title":"Princesa Leonor, herdeira do trono espanhol, realiza novo voo solo - Portal Tela Portugal","robots":{"index":"index","follow":"follow","max-snippet":"max-snippet:-1","max-image-preview":"max-image-preview:large","max-video-preview":"max-video-preview:-1"},"og_locale":"pt_PT","og_type":"article","og_title":"Princesa Leonor, herdeira do trono espanhol, realiza novo voo solo - Portal Tela Portugal","og_description":"A princesa Leonor realizou o seu segundo voo a solo aos comandos de um avi\u00e3o Pilatus PC-21, com imagens oficiais divulgadas pela Casa Real. O feito ocorreu em 27 de abril, ap\u00f3s a princesa cumprir forma\u00e7\u00e3o te\u00f3rica, sess\u00f5es de simulador e voos de instru\u00e7\u00e3o. A estreia aconteceu a 18 de dezembro; desta vez repetiu a fa\u00e7anha, dando continuidade \u00e0 prepara\u00e7\u00e3o militar. A Zarzuela confirmou que Leonor dever\u00e1 prosseguir com uma licenciatura em Ci\u00eancias Pol\u00edticas na Universidade Carlos III de Madrid, no campus de Getafe, depois da forma\u00e7\u00e3o militar. O curso inclui disciplinas de Ci\u00eancia Pol\u00edtica, Humanidades, Direito, Economia, Sociologia, Hist\u00f3ria e Rela\u00e7\u00f5es Internacionais, funcionando em paralelo com os compromissos oficiais de herdeira da coroa.","og_url":"https:\/\/portaltela.pt\/noticias\/2026\/04\/28\/princesa-leonor-herdeira-do-trono-espanhol-realiza-novo-voo-solo\/","og_site_name":"Portal Tela Portugal","article_published_time":"2026-04-28T18:03:24+00:00","author":"Telinha","twitter_card":"summary_large_image","twitter_misc":{"Escrito por":"Telinha","Tempo estimado de leitura":"1 minuto"},"schema":{"@context":"https:\/\/schema.org","@graph":[{"@type":"Article","@id":"https:\/\/portaltela.pt\/noticias\/2026\/04\/28\/princesa-leonor-herdeira-do-trono-espanhol-realiza-novo-voo-solo\/#article","isPartOf":{"@id":"https:\/\/portaltela.pt\/noticias\/2026\/04\/28\/princesa-leonor-herdeira-do-trono-espanhol-realiza-novo-voo-solo\/"},"author":{"name":"Telinha","@id":"https:\/\/portaltela.pt\/#\/schema\/person\/c4278d4a6028830caff9ee44b42d32ed"},"headline":"Princesa Leonor, herdeira do trono espanhol, realiza novo voo solo","datePublished":"2026-04-28T18:03:24+00:00","mainEntityOfPage":{"@id":"https:\/\/portaltela.pt\/noticias\/2026\/04\/28\/princesa-leonor-herdeira-do-trono-espanhol-realiza-novo-voo-solo\/"},"wordCount":292,"image":{"@id":"https:\/\/portaltela.pt\/noticias\/2026\/04\/28\/princesa-leonor-herdeira-do-trono-espanhol-realiza-novo-voo-solo\/#primaryimage"},"thumbnailUrl":"https:\/\/portaltela.pt\/s.01k8rhncp4jt1\/2026\/04\/image-1612.jpg","keywords":["_a aeron\u00e1utica","_aeron\u00e1utica","_educa\u00e7\u00e3o","_Ensino Superior","_For\u00e7a A\u00e9rea","_pessoas p\u00fablicas","_universidades"],"articleSection":["Curiosidades","Sociedade"],"inLanguage":"pt-PT"},{"@type":"WebPage","@id":"https:\/\/portaltela.pt\/noticias\/2026\/04\/28\/princesa-leonor-herdeira-do-trono-espanhol-realiza-novo-voo-solo\/","url":"https:\/\/portaltela.pt\/noticias\/2026\/04\/28\/princesa-leonor-herdeira-do-trono-espanhol-realiza-novo-voo-solo\/","name":"Princesa Leonor, herdeira do trono espanhol, realiza novo voo solo - Portal Tela Portugal","isPartOf":{"@id":"https:\/\/portaltela.pt\/#website"},"primaryImageOfPage":{"@id":"https:\/\/portaltela.pt\/noticias\/2026\/04\/28\/princesa-leonor-herdeira-do-trono-espanhol-realiza-novo-voo-solo\/#primaryimage"},"image":{"@id":"https:\/\/portaltela.pt\/noticias\/2026\/04\/28\/princesa-leonor-herdeira-do-trono-espanhol-realiza-novo-voo-solo\/#primaryimage"},"thumbnailUrl":"https:\/\/portaltela.pt\/s.01k8rhncp4jt1\/2026\/04\/image-1612.jpg","datePublished":"2026-04-28T18:03:24+00:00","author":{"@id":"https:\/\/portaltela.pt\/#\/schema\/person\/c4278d4a6028830caff9ee44b42d32ed"},"breadcrumb":{"@id":"https:\/\/portaltela.pt\/noticias\/2026\/04\/28\/princesa-leonor-herdeira-do-trono-espanhol-realiza-novo-voo-solo\/#breadcrumb"},"inLanguage":"pt-PT","potentialAction":[{"@type":"ReadAction","target":["https:\/\/portaltela.pt\/noticias\/2026\/04\/28\/princesa-leonor-herdeira-do-trono-espanhol-realiza-novo-voo-solo\/"]}]},{"@type":"ImageObject","inLanguage":"pt-PT","@id":"https:\/\/portaltela.pt\/noticias\/2026\/04\/28\/princesa-leonor-herdeira-do-trono-espanhol-realiza-novo-voo-solo\/#primaryimage","url":"https:\/\/portaltela.pt\/s.01k8rhncp4jt1\/2026\/04\/image-1612.jpg","contentUrl":"https:\/\/portaltela.pt\/s.01k8rhncp4jt1\/2026\/04\/image-1612.jpg","width":796,"height":448,"caption":"Princesa Leonor em voo solit\u00e1rio, esta segunda-feira, 27 de abril"},{"@type":"BreadcrumbList","@id":"https:\/\/portaltela.pt\/noticias\/2026\/04\/28\/princesa-leonor-herdeira-do-trono-espanhol-realiza-novo-voo-solo\/#breadcrumb","itemListElement":[{"@type":"ListItem","position":1,"name":"In\u00edcio","item":"https:\/\/portaltela.pt\/"},{"@type":"ListItem","position":2,"name":"Princesa Leonor, herdeira do trono espanhol, realiza novo voo solo"}]},{"@type":"WebSite","@id":"https:\/\/portaltela.pt\/#website","url":"https:\/\/portaltela.pt\/","name":"Portal Tela Portugal","description":"","potentialAction":[{"@type":"SearchAction","target":{"@type":"EntryPoint","urlTemplate":"https:\/\/portaltela.pt\/?s={search_term_string}"},"query-input":{"@type":"PropertyValueSpecification","valueRequired":true,"valueName":"search_term_string"}}],"inLanguage":"pt-PT"},{"@type":"Person","@id":"https:\/\/portaltela.pt\/#\/schema\/person\/c4278d4a6028830caff9ee44b42d32ed","name":"Telinha","image":{"@type":"ImageObject","inLanguage":"pt-PT","@id":"https:\/\/portaltela.pt\/s.01k8rhncp4jt1\/2025\/11\/talking-bot-125x125.png","url":"https:\/\/portaltela.pt\/s.01k8rhncp4jt1\/2025\/11\/talking-bot-125x125.png","contentUrl":"https:\/\/portaltela.pt\/s.01k8rhncp4jt1\/2025\/11\/talking-bot-125x125.png","caption":"Telinha"},"sameAs":["https:\/\/portaltela.pt\/"],"url":"https:\/\/portaltela.pt\/por\/367410592786\/"}]}},"_links":{"self":[{"href":"https:\/\/portaltela.pt\/api\/wp\/v2\/posts\/460246","targetHints":{"allow":["GET"]}}],"collection":[{"href":"https:\/\/portaltela.pt\/api\/wp\/v2\/posts"}],"about":[{"href":"https:\/\/portaltela.pt\/api\/wp\/v2\/types\/post"}],"author":[{"embeddable":true,"href":"https:\/\/portaltela.pt\/api\/wp\/v2\/users\/2"}],"replies":[{"embeddable":true,"href":"https:\/\/portaltela.pt\/api\/wp\/v2\/comments?post=460246"}],"version-history":[{"count":0,"href":"https:\/\/portaltela.pt\/api\/wp\/v2\/posts\/460246\/revisions"}],"wp:featuredmedia":[{"embeddable":true,"href":"https:\/\/portaltela.pt\/api\/wp\/v2\/media\/460254"}],"wp:attachment":[{"href":"https:\/\/portaltela.pt\/api\/wp\/v2\/media?parent=460246"}],"wp:term":[{"taxonomy":"category","embeddable":true,"href":"https:\/\/portaltela.pt\/api\/wp\/v2\/categories?post=460246"},{"taxonomy":"post_tag","embeddable":true,"href":"https:\/\/portaltela.pt\/api\/wp\/v2\/tags?post=460246"}],"curies":[{"name":"wp","href":"https:\/\/api.w.org\/{rel}","templated":true}]}}