{"id":460245,"date":"2026-04-28T15:03:19","date_gmt":"2026-04-28T18:03:19","guid":{"rendered":"https:\/\/portaltela.pt\/noticias\/2026\/04\/28\/administrador-da-benfica-sad-vai-colocar-lugar-a-disposicao\/"},"modified":"2026-04-28T15:03:19","modified_gmt":"2026-04-28T18:03:19","slug":"administrador-da-benfica-sad-vai-colocar-lugar-a-disposicao","status":"publish","type":"post","link":"https:\/\/portaltela.pt\/desporto\/futebol\/2026\/04\/28\/administrador-da-benfica-sad-vai-colocar-lugar-a-disposicao\/","title":{"rendered":"Administrador da Benfica SAD vai colocar lugar \u00e0 disposi\u00e7\u00e3o"},"content":{"rendered":"<p>Ant\u00f3nio Pires de Andrade, administrador da Benfica, SAD, vai colocar o lugar \u00e0 disposi\u00e7\u00e3o assim que o novo acionista tomar posse, segundo o Record. O vogal foi nomeado por Jos\u00e9 Ant\u00f3nio dos Santos, que vendeu 16,38% da sociedade ao fundo norte-americano Entrepreneur Equity Partners.<\/p>\n<p>Pires de Andrade liderou a Mesa da Assembleia Geral at\u00e9 2021 e, em 2022, integrou a Administra\u00e7\u00e3o da SAD representando o empres\u00e1rio da agro-pecu\u00e1ria. S\u00e3o conhecidos la\u00e7os de amizade de longa data, tendo j\u00e1 trabalhado juntos na importa\u00e7\u00e3o de cereais nos finais dos anos 80 e in\u00edcio dos 90.<\/p>\n<p>Em dezembro passado, voltou a ser eleito como representante de Jos\u00e9 Ant\u00f3nio dos Santos, integrando a lista liderada por Rui Costa. A mudan\u00e7a de titularidade das a\u00e7\u00f5es imp\u00f5e a reformula\u00e7\u00e3o da representa\u00e7\u00e3o na Administra\u00e7\u00e3o.<\/p>\n<h3>Altera\u00e7\u00e3o na Administra\u00e7\u00e3o<\/h3>\n<p>A transmiss\u00e3o de a\u00e7\u00f5es est\u00e1 prevista para o final de julho, o que dever\u00e1 permitir ao fundo decidir quem o deve substituir na Administra\u00e7\u00e3o. O acordo est\u00e1 condicionado \u00e0 conformidade com os estatutos da Benfica, SAD. A comunica\u00e7\u00e3o foi feita pela gest\u00e3o do clube.<\/p>\n","protected":false},"excerpt":{"rendered":"<ul>\n<li>Ant\u00f3nio Pires de Andrade, administrador da Benfica, SAD, vai colocar o lugar \u00e0 disposi\u00e7\u00e3o assim que o novo acionista entrar em posse.<\/li>\n<li>O novo acionista \u00e9 o fundo norte-americano Entrepreneur Equity Partners, que comprou 16,38% da participa\u00e7\u00e3o de Jos\u00e9 Ant\u00f3nio dos Santos.<\/li>\n<li>Pires de Andrade ocupa o cargo de vogal na Administra\u00e7\u00e3o em representa\u00e7\u00e3o de dos Santos, com liga\u00e7\u00e3o profissional antiga ao empres\u00e1rio.<\/li>\n<li>A transmiss\u00e3o de a\u00e7\u00f5es est\u00e1 prevista para o final de julho, depois de confirma\u00e7\u00e3o de que o acordo n\u00e3o viola os estatutos da Benfica, SAD.<\/li>\n<\/ul>\n","protected":false},"author":2,"featured_media":460258,"comment_status":"closed","ping_status":"closed","sticky":false,"template":"","format":"standard","meta":{"footnotes":""},"categories":[21,24],"tags":[8874,5798,1946,3972,2697,34],"class_list":["post-460245","post","type-post","status-publish","format-standard","has-post-thumbnail","hentry","category-desporto","category-futebol","tag-acordo","tag-administracao-interna","tag-benfica","tag-benfica-sad","tag-empresas","tag-governo"],"yoast_head":"<!-- This site is optimized with the Yoast SEO plugin v27.2 - https:\/\/yoast.com\/product\/yoast-seo-wordpress\/ -->\n<title>Administrador da Benfica SAD vai colocar lugar \u00e0 disposi\u00e7\u00e3o - Portal Tela Portugal<\/title>\n<meta name=\"robots\" content=\"index, follow, max-snippet:-1, max-image-preview:large, max-video-preview:-1\" \/>\n<meta property=\"og:locale\" content=\"pt_PT\" \/>\n<meta property=\"og:type\" content=\"article\" \/>\n<meta property=\"og:title\" content=\"Administrador da Benfica SAD vai colocar lugar \u00e0 disposi\u00e7\u00e3o - Portal Tela Portugal\" \/>\n<meta property=\"og:description\" content=\"Ant\u00f3nio Pires de Andrade, administrador da Benfica, SAD, vai colocar o lugar \u00e0 disposi\u00e7\u00e3o assim que o novo acionista entrar em posse. O novo acionista \u00e9 o fundo norte-americano Entrepreneur Equity Partners, que comprou 16,38% da participa\u00e7\u00e3o de Jos\u00e9 Ant\u00f3nio dos Santos. Pires de Andrade ocupa o cargo de vogal na Administra\u00e7\u00e3o em representa\u00e7\u00e3o de dos Santos, com liga\u00e7\u00e3o profissional antiga ao empres\u00e1rio. A transmiss\u00e3o de a\u00e7\u00f5es est\u00e1 prevista para o final de julho, depois de confirma\u00e7\u00e3o de que o acordo n\u00e3o viola os estatutos da Benfica, SAD.\" \/>\n<meta property=\"og:url\" content=\"https:\/\/portaltela.pt\/noticias\/2026\/04\/28\/administrador-da-benfica-sad-vai-colocar-lugar-a-disposicao\/\" \/>\n<meta property=\"og:site_name\" content=\"Portal Tela Portugal\" \/>\n<meta property=\"article:published_time\" content=\"2026-04-28T18:03:19+00:00\" \/>\n<meta name=\"author\" content=\"Telinha\" \/>\n<meta name=\"twitter:card\" content=\"summary_large_image\" \/>\n<meta name=\"twitter:label1\" content=\"Escrito por\" \/>\n\t<meta name=\"twitter:data1\" content=\"Telinha\" \/>\n\t<meta name=\"twitter:label2\" content=\"Tempo estimado de leitura\" \/>\n\t<meta name=\"twitter:data2\" content=\"1 minuto\" \/>\n<script type=\"application\/ld+json\" class=\"yoast-schema-graph\">{\"@context\":\"https:\/\/schema.org\",\"@graph\":[{\"@type\":\"Article\",\"@id\":\"https:\/\/portaltela.pt\/noticias\/2026\/04\/28\/administrador-da-benfica-sad-vai-colocar-lugar-a-disposicao\/#article\",\"isPartOf\":{\"@id\":\"https:\/\/portaltela.pt\/noticias\/2026\/04\/28\/administrador-da-benfica-sad-vai-colocar-lugar-a-disposicao\/\"},\"author\":{\"name\":\"Telinha\",\"@id\":\"https:\/\/portaltela.pt\/#\/schema\/person\/c4278d4a6028830caff9ee44b42d32ed\"},\"headline\":\"Administrador da Benfica SAD vai colocar lugar \u00e0 disposi\u00e7\u00e3o\",\"datePublished\":\"2026-04-28T18:03:19+00:00\",\"mainEntityOfPage\":{\"@id\":\"https:\/\/portaltela.pt\/noticias\/2026\/04\/28\/administrador-da-benfica-sad-vai-colocar-lugar-a-disposicao\/\"},\"wordCount\":200,\"image\":{\"@id\":\"https:\/\/portaltela.pt\/noticias\/2026\/04\/28\/administrador-da-benfica-sad-vai-colocar-lugar-a-disposicao\/#primaryimage\"},\"thumbnailUrl\":\"https:\/\/portaltela.pt\/s.01k8rhncp4jt1\/2026\/04\/img_920x518uu2026-04-28-18-48-46-2435788.jpg\",\"keywords\":[\"acordo\",\"Administra\u00e7\u00e3o Interna\",\"Benfica\",\"Benfica SAD\",\"empresas\",\"governo\"],\"articleSection\":[\"Desporto\",\"Futebol\"],\"inLanguage\":\"pt-PT\"},{\"@type\":\"WebPage\",\"@id\":\"https:\/\/portaltela.pt\/noticias\/2026\/04\/28\/administrador-da-benfica-sad-vai-colocar-lugar-a-disposicao\/\",\"url\":\"https:\/\/portaltela.pt\/noticias\/2026\/04\/28\/administrador-da-benfica-sad-vai-colocar-lugar-a-disposicao\/\",\"name\":\"Administrador da Benfica SAD vai colocar lugar \u00e0 disposi\u00e7\u00e3o - Portal Tela Portugal\",\"isPartOf\":{\"@id\":\"https:\/\/portaltela.pt\/#website\"},\"primaryImageOfPage\":{\"@id\":\"https:\/\/portaltela.pt\/noticias\/2026\/04\/28\/administrador-da-benfica-sad-vai-colocar-lugar-a-disposicao\/#primaryimage\"},\"image\":{\"@id\":\"https:\/\/portaltela.pt\/noticias\/2026\/04\/28\/administrador-da-benfica-sad-vai-colocar-lugar-a-disposicao\/#primaryimage\"},\"thumbnailUrl\":\"https:\/\/portaltela.pt\/s.01k8rhncp4jt1\/2026\/04\/img_920x518uu2026-04-28-18-48-46-2435788.jpg\",\"datePublished\":\"2026-04-28T18:03:19+00:00\",\"author\":{\"@id\":\"https:\/\/portaltela.pt\/#\/schema\/person\/c4278d4a6028830caff9ee44b42d32ed\"},\"breadcrumb\":{\"@id\":\"https:\/\/portaltela.pt\/noticias\/2026\/04\/28\/administrador-da-benfica-sad-vai-colocar-lugar-a-disposicao\/#breadcrumb\"},\"inLanguage\":\"pt-PT\",\"potentialAction\":[{\"@type\":\"ReadAction\",\"target\":[\"https:\/\/portaltela.pt\/noticias\/2026\/04\/28\/administrador-da-benfica-sad-vai-colocar-lugar-a-disposicao\/\"]}]},{\"@type\":\"ImageObject\",\"inLanguage\":\"pt-PT\",\"@id\":\"https:\/\/portaltela.pt\/noticias\/2026\/04\/28\/administrador-da-benfica-sad-vai-colocar-lugar-a-disposicao\/#primaryimage\",\"url\":\"https:\/\/portaltela.pt\/s.01k8rhncp4jt1\/2026\/04\/img_920x518uu2026-04-28-18-48-46-2435788.jpg\",\"contentUrl\":\"https:\/\/portaltela.pt\/s.01k8rhncp4jt1\/2026\/04\/img_920x518uu2026-04-28-18-48-46-2435788.jpg\",\"width\":796,\"height\":448,\"caption\":\"Pires de Andrade\"},{\"@type\":\"BreadcrumbList\",\"@id\":\"https:\/\/portaltela.pt\/noticias\/2026\/04\/28\/administrador-da-benfica-sad-vai-colocar-lugar-a-disposicao\/#breadcrumb\",\"itemListElement\":[{\"@type\":\"ListItem\",\"position\":1,\"name\":\"In\u00edcio\",\"item\":\"https:\/\/portaltela.pt\/\"},{\"@type\":\"ListItem\",\"position\":2,\"name\":\"Administrador da Benfica SAD vai colocar lugar \u00e0 disposi\u00e7\u00e3o\"}]},{\"@type\":\"WebSite\",\"@id\":\"https:\/\/portaltela.pt\/#website\",\"url\":\"https:\/\/portaltela.pt\/\",\"name\":\"Portal Tela Portugal\",\"description\":\"\",\"potentialAction\":[{\"@type\":\"SearchAction\",\"target\":{\"@type\":\"EntryPoint\",\"urlTemplate\":\"https:\/\/portaltela.pt\/?s={search_term_string}\"},\"query-input\":{\"@type\":\"PropertyValueSpecification\",\"valueRequired\":true,\"valueName\":\"search_term_string\"}}],\"inLanguage\":\"pt-PT\"},{\"@type\":\"Person\",\"@id\":\"https:\/\/portaltela.pt\/#\/schema\/person\/c4278d4a6028830caff9ee44b42d32ed\",\"name\":\"Telinha\",\"image\":{\"@type\":\"ImageObject\",\"inLanguage\":\"pt-PT\",\"@id\":\"https:\/\/portaltela.pt\/s.01k8rhncp4jt1\/2025\/11\/talking-bot-125x125.png\",\"url\":\"https:\/\/portaltela.pt\/s.01k8rhncp4jt1\/2025\/11\/talking-bot-125x125.png\",\"contentUrl\":\"https:\/\/portaltela.pt\/s.01k8rhncp4jt1\/2025\/11\/talking-bot-125x125.png\",\"caption\":\"Telinha\"},\"sameAs\":[\"https:\/\/portaltela.pt\/\"],\"url\":\"https:\/\/portaltela.pt\/por\/367410592786\/\"}]}<\/script>\n<!-- \/ Yoast SEO plugin. -->","yoast_head_json":{"title":"Administrador da Benfica SAD vai colocar lugar \u00e0 disposi\u00e7\u00e3o - Portal Tela Portugal","robots":{"index":"index","follow":"follow","max-snippet":"max-snippet:-1","max-image-preview":"max-image-preview:large","max-video-preview":"max-video-preview:-1"},"og_locale":"pt_PT","og_type":"article","og_title":"Administrador da Benfica SAD vai colocar lugar \u00e0 disposi\u00e7\u00e3o - Portal Tela Portugal","og_description":"Ant\u00f3nio Pires de Andrade, administrador da Benfica, SAD, vai colocar o lugar \u00e0 disposi\u00e7\u00e3o assim que o novo acionista entrar em posse. O novo acionista \u00e9 o fundo norte-americano Entrepreneur Equity Partners, que comprou 16,38% da participa\u00e7\u00e3o de Jos\u00e9 Ant\u00f3nio dos Santos. Pires de Andrade ocupa o cargo de vogal na Administra\u00e7\u00e3o em representa\u00e7\u00e3o de dos Santos, com liga\u00e7\u00e3o profissional antiga ao empres\u00e1rio. A transmiss\u00e3o de a\u00e7\u00f5es est\u00e1 prevista para o final de julho, depois de confirma\u00e7\u00e3o de que o acordo n\u00e3o viola os estatutos da Benfica, SAD.","og_url":"https:\/\/portaltela.pt\/noticias\/2026\/04\/28\/administrador-da-benfica-sad-vai-colocar-lugar-a-disposicao\/","og_site_name":"Portal Tela Portugal","article_published_time":"2026-04-28T18:03:19+00:00","author":"Telinha","twitter_card":"summary_large_image","twitter_misc":{"Escrito por":"Telinha","Tempo estimado de leitura":"1 minuto"},"schema":{"@context":"https:\/\/schema.org","@graph":[{"@type":"Article","@id":"https:\/\/portaltela.pt\/noticias\/2026\/04\/28\/administrador-da-benfica-sad-vai-colocar-lugar-a-disposicao\/#article","isPartOf":{"@id":"https:\/\/portaltela.pt\/noticias\/2026\/04\/28\/administrador-da-benfica-sad-vai-colocar-lugar-a-disposicao\/"},"author":{"name":"Telinha","@id":"https:\/\/portaltela.pt\/#\/schema\/person\/c4278d4a6028830caff9ee44b42d32ed"},"headline":"Administrador da Benfica SAD vai colocar lugar \u00e0 disposi\u00e7\u00e3o","datePublished":"2026-04-28T18:03:19+00:00","mainEntityOfPage":{"@id":"https:\/\/portaltela.pt\/noticias\/2026\/04\/28\/administrador-da-benfica-sad-vai-colocar-lugar-a-disposicao\/"},"wordCount":200,"image":{"@id":"https:\/\/portaltela.pt\/noticias\/2026\/04\/28\/administrador-da-benfica-sad-vai-colocar-lugar-a-disposicao\/#primaryimage"},"thumbnailUrl":"https:\/\/portaltela.pt\/s.01k8rhncp4jt1\/2026\/04\/img_920x518uu2026-04-28-18-48-46-2435788.jpg","keywords":["acordo","Administra\u00e7\u00e3o Interna","Benfica","Benfica SAD","empresas","governo"],"articleSection":["Desporto","Futebol"],"inLanguage":"pt-PT"},{"@type":"WebPage","@id":"https:\/\/portaltela.pt\/noticias\/2026\/04\/28\/administrador-da-benfica-sad-vai-colocar-lugar-a-disposicao\/","url":"https:\/\/portaltela.pt\/noticias\/2026\/04\/28\/administrador-da-benfica-sad-vai-colocar-lugar-a-disposicao\/","name":"Administrador da Benfica SAD vai colocar lugar \u00e0 disposi\u00e7\u00e3o - Portal Tela Portugal","isPartOf":{"@id":"https:\/\/portaltela.pt\/#website"},"primaryImageOfPage":{"@id":"https:\/\/portaltela.pt\/noticias\/2026\/04\/28\/administrador-da-benfica-sad-vai-colocar-lugar-a-disposicao\/#primaryimage"},"image":{"@id":"https:\/\/portaltela.pt\/noticias\/2026\/04\/28\/administrador-da-benfica-sad-vai-colocar-lugar-a-disposicao\/#primaryimage"},"thumbnailUrl":"https:\/\/portaltela.pt\/s.01k8rhncp4jt1\/2026\/04\/img_920x518uu2026-04-28-18-48-46-2435788.jpg","datePublished":"2026-04-28T18:03:19+00:00","author":{"@id":"https:\/\/portaltela.pt\/#\/schema\/person\/c4278d4a6028830caff9ee44b42d32ed"},"breadcrumb":{"@id":"https:\/\/portaltela.pt\/noticias\/2026\/04\/28\/administrador-da-benfica-sad-vai-colocar-lugar-a-disposicao\/#breadcrumb"},"inLanguage":"pt-PT","potentialAction":[{"@type":"ReadAction","target":["https:\/\/portaltela.pt\/noticias\/2026\/04\/28\/administrador-da-benfica-sad-vai-colocar-lugar-a-disposicao\/"]}]},{"@type":"ImageObject","inLanguage":"pt-PT","@id":"https:\/\/portaltela.pt\/noticias\/2026\/04\/28\/administrador-da-benfica-sad-vai-colocar-lugar-a-disposicao\/#primaryimage","url":"https:\/\/portaltela.pt\/s.01k8rhncp4jt1\/2026\/04\/img_920x518uu2026-04-28-18-48-46-2435788.jpg","contentUrl":"https:\/\/portaltela.pt\/s.01k8rhncp4jt1\/2026\/04\/img_920x518uu2026-04-28-18-48-46-2435788.jpg","width":796,"height":448,"caption":"Pires de Andrade"},{"@type":"BreadcrumbList","@id":"https:\/\/portaltela.pt\/noticias\/2026\/04\/28\/administrador-da-benfica-sad-vai-colocar-lugar-a-disposicao\/#breadcrumb","itemListElement":[{"@type":"ListItem","position":1,"name":"In\u00edcio","item":"https:\/\/portaltela.pt\/"},{"@type":"ListItem","position":2,"name":"Administrador da Benfica SAD vai colocar lugar \u00e0 disposi\u00e7\u00e3o"}]},{"@type":"WebSite","@id":"https:\/\/portaltela.pt\/#website","url":"https:\/\/portaltela.pt\/","name":"Portal Tela Portugal","description":"","potentialAction":[{"@type":"SearchAction","target":{"@type":"EntryPoint","urlTemplate":"https:\/\/portaltela.pt\/?s={search_term_string}"},"query-input":{"@type":"PropertyValueSpecification","valueRequired":true,"valueName":"search_term_string"}}],"inLanguage":"pt-PT"},{"@type":"Person","@id":"https:\/\/portaltela.pt\/#\/schema\/person\/c4278d4a6028830caff9ee44b42d32ed","name":"Telinha","image":{"@type":"ImageObject","inLanguage":"pt-PT","@id":"https:\/\/portaltela.pt\/s.01k8rhncp4jt1\/2025\/11\/talking-bot-125x125.png","url":"https:\/\/portaltela.pt\/s.01k8rhncp4jt1\/2025\/11\/talking-bot-125x125.png","contentUrl":"https:\/\/portaltela.pt\/s.01k8rhncp4jt1\/2025\/11\/talking-bot-125x125.png","caption":"Telinha"},"sameAs":["https:\/\/portaltela.pt\/"],"url":"https:\/\/portaltela.pt\/por\/367410592786\/"}]}},"_links":{"self":[{"href":"https:\/\/portaltela.pt\/api\/wp\/v2\/posts\/460245","targetHints":{"allow":["GET"]}}],"collection":[{"href":"https:\/\/portaltela.pt\/api\/wp\/v2\/posts"}],"about":[{"href":"https:\/\/portaltela.pt\/api\/wp\/v2\/types\/post"}],"author":[{"embeddable":true,"href":"https:\/\/portaltela.pt\/api\/wp\/v2\/users\/2"}],"replies":[{"embeddable":true,"href":"https:\/\/portaltela.pt\/api\/wp\/v2\/comments?post=460245"}],"version-history":[{"count":0,"href":"https:\/\/portaltela.pt\/api\/wp\/v2\/posts\/460245\/revisions"}],"wp:featuredmedia":[{"embeddable":true,"href":"https:\/\/portaltela.pt\/api\/wp\/v2\/media\/460258"}],"wp:attachment":[{"href":"https:\/\/portaltela.pt\/api\/wp\/v2\/media?parent=460245"}],"wp:term":[{"taxonomy":"category","embeddable":true,"href":"https:\/\/portaltela.pt\/api\/wp\/v2\/categories?post=460245"},{"taxonomy":"post_tag","embeddable":true,"href":"https:\/\/portaltela.pt\/api\/wp\/v2\/tags?post=460245"}],"curies":[{"name":"wp","href":"https:\/\/api.w.org\/{rel}","templated":true}]}}