{"id":460244,"date":"2026-04-28T15:03:20","date_gmt":"2026-04-28T18:03:20","guid":{"rendered":"https:\/\/portaltela.pt\/noticias\/2026\/04\/28\/ruinas-romanas-de-milreu-em-faro-fecham-ao-publico-ate-setembro\/"},"modified":"2026-04-28T15:03:20","modified_gmt":"2026-04-28T18:03:20","slug":"ruinas-romanas-de-milreu-em-faro-fecham-ao-publico-ate-setembro","status":"publish","type":"post","link":"https:\/\/portaltela.pt\/lazer\/2026\/04\/28\/ruinas-romanas-de-milreu-em-faro-fecham-ao-publico-ate-setembro\/","title":{"rendered":"Ru\u00ednas Romanas de Milreu em Faro fecham ao p\u00fablico at\u00e9 setembro"},"content":{"rendered":"<p>As ru\u00ednas romanas de Milreu, em Estoi (Faro), v\u00e3o ficar encerradas ao p\u00fablico durante quatro meses, devido a obras de requalifica\u00e7\u00e3o do centro interpretativo e \u00e0 melhoria da rece\u00e7\u00e3o aos visitantes, informou o instituto Patrim\u00f3nio Cultural.<\/p>\n<p>Os trabalhos visam beneficiar\/modernizar as condi\u00e7\u00f5es de acolhimento e acessibilidade ao monumento, assegurando um espa\u00e7o mais eficiente para quem visita o recinto.<\/p>\n<p>O s\u00edtio situa-se a poente da vila de Estoi, a menos de 10 quil\u00f3metros de Faro, e est\u00e1 entre os monumentos mais visitados do Algarve, juntamente com a Fortaleza de Sagres e a Ermida de Nossa Senhora da Guadalupe.<\/p>\n<h3>Interven\u00e7\u00e3o em curso<\/h3>\n<p>A villa senhorial, ocupada entre os s\u00e9culos I e XI por fam\u00edlias de elevado estatuto social, apresentava uma viv\u00eancia que combinava uso rural com atividades l\u00fadicas, segundo registos de refer\u00eancia.<\/p>\n<p>No local existem vest\u00edgios de um edif\u00edcio religioso do s\u00e9culo IV, destinado ao culto privado da fam\u00edlia, cristianizado no s\u00e9culo VI e usado at\u00e9 ao s\u00e9culo XI durante o per\u00edodo isl\u00e2mico.<\/p>\n<p>Entre os s\u00e9culos XVI e XIX foi constru\u00edda uma casa rural com contrafortes cil\u00edndricos, ligada \u00e0s divis\u00f5es privadas da antiga casa romana.<\/p>\n<p>A riqueza arqueol\u00f3gica da villa \u00e9 destacada pela presen\u00e7a de mosaicos marinhos, revestimentos marm\u00f3reos, cer\u00e2micas diversas, estuques pintados e escultura decorativa.<\/p>\n","protected":false},"excerpt":{"rendered":"<ul>\n<li>As Ru\u00ednas Romanas de Milreu, em Estoi (concelho de Faro), v\u00e3o ficar encerradas ao p\u00fablico durante quatro meses por obras no centro interpretativo.<\/li>\n<li>Os trabalhos visam a beneficia\u00e7\u00e3o\/moderniza\u00e7\u00e3o das condi\u00e7\u00f5es de acolhimento e de acessibilidade aos visitantes.<\/li>\n<li>O Patrim\u00f3nio Cultural indica que a interven\u00e7\u00e3o pretende melhorar a rece\u00e7\u00e3o ao monumento nacional.<\/li>\n<li>O espa\u00e7o inclui vest\u00edgios de uma villa senhorial (s\u00e9culos I a XI) e de um edif\u00edcio religioso do s\u00e9culo IV, entre outros registos arqueol\u00f3gicos.<\/li>\n<li>Milreu \u00e9 um dos monumentos mais visitados do Algarve, localizado a poente de Estoi, a menos de dez quil\u00f4metros de Faro.<\/li>\n<\/ul>\n","protected":false},"author":2,"featured_media":460253,"comment_status":"closed","ping_status":"closed","sticky":false,"template":"","format":"standard","meta":{"footnotes":""},"categories":[7375,7381],"tags":[8318,8099,8575,8687,7983,8304],"class_list":["post-460244","post","type-post","status-publish","format-standard","has-post-thumbnail","hentry","category-cultura","category-lazer","tag-_acessibilidade","tag-_algarve","tag-_arqueologia","tag-_faro","tag-_historia","tag-_patrimonio-cultural"],"yoast_head":"<!-- This site is optimized with the Yoast SEO plugin v27.2 - https:\/\/yoast.com\/product\/yoast-seo-wordpress\/ -->\n<title>Ru\u00ednas Romanas de Milreu em Faro fecham ao p\u00fablico at\u00e9 setembro - Portal Tela Portugal<\/title>\n<meta name=\"robots\" content=\"index, follow, max-snippet:-1, max-image-preview:large, max-video-preview:-1\" \/>\n<meta property=\"og:locale\" content=\"pt_PT\" \/>\n<meta property=\"og:type\" content=\"article\" \/>\n<meta property=\"og:title\" content=\"Ru\u00ednas Romanas de Milreu em Faro fecham ao p\u00fablico at\u00e9 setembro - Portal Tela Portugal\" \/>\n<meta property=\"og:description\" content=\"As Ru\u00ednas Romanas de Milreu, em Estoi (concelho de Faro), v\u00e3o ficar encerradas ao p\u00fablico durante quatro meses por obras no centro interpretativo. Os trabalhos visam a beneficia\u00e7\u00e3o\/moderniza\u00e7\u00e3o das condi\u00e7\u00f5es de acolhimento e de acessibilidade aos visitantes. O Patrim\u00f3nio Cultural indica que a interven\u00e7\u00e3o pretende melhorar a rece\u00e7\u00e3o ao monumento nacional. O espa\u00e7o inclui vest\u00edgios de uma villa senhorial (s\u00e9culos I a XI) e de um edif\u00edcio religioso do s\u00e9culo IV, entre outros registos arqueol\u00f3gicos. Milreu \u00e9 um dos monumentos mais visitados do Algarve, localizado a poente de Estoi, a menos de dez quil\u00f4metros de Faro.\" \/>\n<meta property=\"og:url\" content=\"https:\/\/portaltela.pt\/noticias\/2026\/04\/28\/ruinas-romanas-de-milreu-em-faro-fecham-ao-publico-ate-setembro\/\" \/>\n<meta property=\"og:site_name\" content=\"Portal Tela Portugal\" \/>\n<meta property=\"article:published_time\" content=\"2026-04-28T18:03:20+00:00\" \/>\n<meta name=\"author\" content=\"Telinha\" \/>\n<meta name=\"twitter:card\" content=\"summary_large_image\" \/>\n<meta name=\"twitter:label1\" content=\"Escrito por\" \/>\n\t<meta name=\"twitter:data1\" content=\"Telinha\" \/>\n\t<meta name=\"twitter:label2\" content=\"Tempo estimado de leitura\" \/>\n\t<meta name=\"twitter:data2\" content=\"1 minuto\" \/>\n<script type=\"application\/ld+json\" class=\"yoast-schema-graph\">{\"@context\":\"https:\/\/schema.org\",\"@graph\":[{\"@type\":\"Article\",\"@id\":\"https:\/\/portaltela.pt\/noticias\/2026\/04\/28\/ruinas-romanas-de-milreu-em-faro-fecham-ao-publico-ate-setembro\/#article\",\"isPartOf\":{\"@id\":\"https:\/\/portaltela.pt\/noticias\/2026\/04\/28\/ruinas-romanas-de-milreu-em-faro-fecham-ao-publico-ate-setembro\/\"},\"author\":{\"name\":\"Telinha\",\"@id\":\"https:\/\/portaltela.pt\/#\/schema\/person\/c4278d4a6028830caff9ee44b42d32ed\"},\"headline\":\"Ru\u00ednas Romanas de Milreu em Faro fecham ao p\u00fablico at\u00e9 setembro\",\"datePublished\":\"2026-04-28T18:03:20+00:00\",\"mainEntityOfPage\":{\"@id\":\"https:\/\/portaltela.pt\/noticias\/2026\/04\/28\/ruinas-romanas-de-milreu-em-faro-fecham-ao-publico-ate-setembro\/\"},\"wordCount\":247,\"image\":{\"@id\":\"https:\/\/portaltela.pt\/noticias\/2026\/04\/28\/ruinas-romanas-de-milreu-em-faro-fecham-ao-publico-ate-setembro\/#primaryimage\"},\"thumbnailUrl\":\"https:\/\/portaltela.pt\/s.01k8rhncp4jt1\/2026\/04\/2084673.jpg\",\"keywords\":[\"_acessibilidade\",\"_Algarve\",\"_arqueologia\",\"_Faro\",\"_hist\u00f3ria\",\"_Patrim\u00f3nio Cultural\"],\"articleSection\":[\"Cultura\",\"Lazer\"],\"inLanguage\":\"pt-PT\"},{\"@type\":\"WebPage\",\"@id\":\"https:\/\/portaltela.pt\/noticias\/2026\/04\/28\/ruinas-romanas-de-milreu-em-faro-fecham-ao-publico-ate-setembro\/\",\"url\":\"https:\/\/portaltela.pt\/noticias\/2026\/04\/28\/ruinas-romanas-de-milreu-em-faro-fecham-ao-publico-ate-setembro\/\",\"name\":\"Ru\u00ednas Romanas de Milreu em Faro fecham ao p\u00fablico at\u00e9 setembro - Portal Tela Portugal\",\"isPartOf\":{\"@id\":\"https:\/\/portaltela.pt\/#website\"},\"primaryImageOfPage\":{\"@id\":\"https:\/\/portaltela.pt\/noticias\/2026\/04\/28\/ruinas-romanas-de-milreu-em-faro-fecham-ao-publico-ate-setembro\/#primaryimage\"},\"image\":{\"@id\":\"https:\/\/portaltela.pt\/noticias\/2026\/04\/28\/ruinas-romanas-de-milreu-em-faro-fecham-ao-publico-ate-setembro\/#primaryimage\"},\"thumbnailUrl\":\"https:\/\/portaltela.pt\/s.01k8rhncp4jt1\/2026\/04\/2084673.jpg\",\"datePublished\":\"2026-04-28T18:03:20+00:00\",\"author\":{\"@id\":\"https:\/\/portaltela.pt\/#\/schema\/person\/c4278d4a6028830caff9ee44b42d32ed\"},\"breadcrumb\":{\"@id\":\"https:\/\/portaltela.pt\/noticias\/2026\/04\/28\/ruinas-romanas-de-milreu-em-faro-fecham-ao-publico-ate-setembro\/#breadcrumb\"},\"inLanguage\":\"pt-PT\",\"potentialAction\":[{\"@type\":\"ReadAction\",\"target\":[\"https:\/\/portaltela.pt\/noticias\/2026\/04\/28\/ruinas-romanas-de-milreu-em-faro-fecham-ao-publico-ate-setembro\/\"]}]},{\"@type\":\"ImageObject\",\"inLanguage\":\"pt-PT\",\"@id\":\"https:\/\/portaltela.pt\/noticias\/2026\/04\/28\/ruinas-romanas-de-milreu-em-faro-fecham-ao-publico-ate-setembro\/#primaryimage\",\"url\":\"https:\/\/portaltela.pt\/s.01k8rhncp4jt1\/2026\/04\/2084673.jpg\",\"contentUrl\":\"https:\/\/portaltela.pt\/s.01k8rhncp4jt1\/2026\/04\/2084673.jpg\",\"width\":796,\"height\":448,\"caption\":\"Ser\u00e3o qatro meses de obras na \u00e1rea das ru\u00ednas romanas de Milreu\"},{\"@type\":\"BreadcrumbList\",\"@id\":\"https:\/\/portaltela.pt\/noticias\/2026\/04\/28\/ruinas-romanas-de-milreu-em-faro-fecham-ao-publico-ate-setembro\/#breadcrumb\",\"itemListElement\":[{\"@type\":\"ListItem\",\"position\":1,\"name\":\"In\u00edcio\",\"item\":\"https:\/\/portaltela.pt\/\"},{\"@type\":\"ListItem\",\"position\":2,\"name\":\"Ru\u00ednas Romanas de Milreu em Faro fecham ao p\u00fablico at\u00e9 setembro\"}]},{\"@type\":\"WebSite\",\"@id\":\"https:\/\/portaltela.pt\/#website\",\"url\":\"https:\/\/portaltela.pt\/\",\"name\":\"Portal Tela Portugal\",\"description\":\"\",\"potentialAction\":[{\"@type\":\"SearchAction\",\"target\":{\"@type\":\"EntryPoint\",\"urlTemplate\":\"https:\/\/portaltela.pt\/?s={search_term_string}\"},\"query-input\":{\"@type\":\"PropertyValueSpecification\",\"valueRequired\":true,\"valueName\":\"search_term_string\"}}],\"inLanguage\":\"pt-PT\"},{\"@type\":\"Person\",\"@id\":\"https:\/\/portaltela.pt\/#\/schema\/person\/c4278d4a6028830caff9ee44b42d32ed\",\"name\":\"Telinha\",\"image\":{\"@type\":\"ImageObject\",\"inLanguage\":\"pt-PT\",\"@id\":\"https:\/\/portaltela.pt\/s.01k8rhncp4jt1\/2025\/11\/talking-bot-125x125.png\",\"url\":\"https:\/\/portaltela.pt\/s.01k8rhncp4jt1\/2025\/11\/talking-bot-125x125.png\",\"contentUrl\":\"https:\/\/portaltela.pt\/s.01k8rhncp4jt1\/2025\/11\/talking-bot-125x125.png\",\"caption\":\"Telinha\"},\"sameAs\":[\"https:\/\/portaltela.pt\/\"],\"url\":\"https:\/\/portaltela.pt\/por\/367410592786\/\"}]}<\/script>\n<!-- \/ Yoast SEO plugin. -->","yoast_head_json":{"title":"Ru\u00ednas Romanas de Milreu em Faro fecham ao p\u00fablico at\u00e9 setembro - Portal Tela Portugal","robots":{"index":"index","follow":"follow","max-snippet":"max-snippet:-1","max-image-preview":"max-image-preview:large","max-video-preview":"max-video-preview:-1"},"og_locale":"pt_PT","og_type":"article","og_title":"Ru\u00ednas Romanas de Milreu em Faro fecham ao p\u00fablico at\u00e9 setembro - Portal Tela Portugal","og_description":"As Ru\u00ednas Romanas de Milreu, em Estoi (concelho de Faro), v\u00e3o ficar encerradas ao p\u00fablico durante quatro meses por obras no centro interpretativo. Os trabalhos visam a beneficia\u00e7\u00e3o\/moderniza\u00e7\u00e3o das condi\u00e7\u00f5es de acolhimento e de acessibilidade aos visitantes. O Patrim\u00f3nio Cultural indica que a interven\u00e7\u00e3o pretende melhorar a rece\u00e7\u00e3o ao monumento nacional. O espa\u00e7o inclui vest\u00edgios de uma villa senhorial (s\u00e9culos I a XI) e de um edif\u00edcio religioso do s\u00e9culo IV, entre outros registos arqueol\u00f3gicos. Milreu \u00e9 um dos monumentos mais visitados do Algarve, localizado a poente de Estoi, a menos de dez quil\u00f4metros de Faro.","og_url":"https:\/\/portaltela.pt\/noticias\/2026\/04\/28\/ruinas-romanas-de-milreu-em-faro-fecham-ao-publico-ate-setembro\/","og_site_name":"Portal Tela Portugal","article_published_time":"2026-04-28T18:03:20+00:00","author":"Telinha","twitter_card":"summary_large_image","twitter_misc":{"Escrito por":"Telinha","Tempo estimado de leitura":"1 minuto"},"schema":{"@context":"https:\/\/schema.org","@graph":[{"@type":"Article","@id":"https:\/\/portaltela.pt\/noticias\/2026\/04\/28\/ruinas-romanas-de-milreu-em-faro-fecham-ao-publico-ate-setembro\/#article","isPartOf":{"@id":"https:\/\/portaltela.pt\/noticias\/2026\/04\/28\/ruinas-romanas-de-milreu-em-faro-fecham-ao-publico-ate-setembro\/"},"author":{"name":"Telinha","@id":"https:\/\/portaltela.pt\/#\/schema\/person\/c4278d4a6028830caff9ee44b42d32ed"},"headline":"Ru\u00ednas Romanas de Milreu em Faro fecham ao p\u00fablico at\u00e9 setembro","datePublished":"2026-04-28T18:03:20+00:00","mainEntityOfPage":{"@id":"https:\/\/portaltela.pt\/noticias\/2026\/04\/28\/ruinas-romanas-de-milreu-em-faro-fecham-ao-publico-ate-setembro\/"},"wordCount":247,"image":{"@id":"https:\/\/portaltela.pt\/noticias\/2026\/04\/28\/ruinas-romanas-de-milreu-em-faro-fecham-ao-publico-ate-setembro\/#primaryimage"},"thumbnailUrl":"https:\/\/portaltela.pt\/s.01k8rhncp4jt1\/2026\/04\/2084673.jpg","keywords":["_acessibilidade","_Algarve","_arqueologia","_Faro","_hist\u00f3ria","_Patrim\u00f3nio Cultural"],"articleSection":["Cultura","Lazer"],"inLanguage":"pt-PT"},{"@type":"WebPage","@id":"https:\/\/portaltela.pt\/noticias\/2026\/04\/28\/ruinas-romanas-de-milreu-em-faro-fecham-ao-publico-ate-setembro\/","url":"https:\/\/portaltela.pt\/noticias\/2026\/04\/28\/ruinas-romanas-de-milreu-em-faro-fecham-ao-publico-ate-setembro\/","name":"Ru\u00ednas Romanas de Milreu em Faro fecham ao p\u00fablico at\u00e9 setembro - Portal Tela Portugal","isPartOf":{"@id":"https:\/\/portaltela.pt\/#website"},"primaryImageOfPage":{"@id":"https:\/\/portaltela.pt\/noticias\/2026\/04\/28\/ruinas-romanas-de-milreu-em-faro-fecham-ao-publico-ate-setembro\/#primaryimage"},"image":{"@id":"https:\/\/portaltela.pt\/noticias\/2026\/04\/28\/ruinas-romanas-de-milreu-em-faro-fecham-ao-publico-ate-setembro\/#primaryimage"},"thumbnailUrl":"https:\/\/portaltela.pt\/s.01k8rhncp4jt1\/2026\/04\/2084673.jpg","datePublished":"2026-04-28T18:03:20+00:00","author":{"@id":"https:\/\/portaltela.pt\/#\/schema\/person\/c4278d4a6028830caff9ee44b42d32ed"},"breadcrumb":{"@id":"https:\/\/portaltela.pt\/noticias\/2026\/04\/28\/ruinas-romanas-de-milreu-em-faro-fecham-ao-publico-ate-setembro\/#breadcrumb"},"inLanguage":"pt-PT","potentialAction":[{"@type":"ReadAction","target":["https:\/\/portaltela.pt\/noticias\/2026\/04\/28\/ruinas-romanas-de-milreu-em-faro-fecham-ao-publico-ate-setembro\/"]}]},{"@type":"ImageObject","inLanguage":"pt-PT","@id":"https:\/\/portaltela.pt\/noticias\/2026\/04\/28\/ruinas-romanas-de-milreu-em-faro-fecham-ao-publico-ate-setembro\/#primaryimage","url":"https:\/\/portaltela.pt\/s.01k8rhncp4jt1\/2026\/04\/2084673.jpg","contentUrl":"https:\/\/portaltela.pt\/s.01k8rhncp4jt1\/2026\/04\/2084673.jpg","width":796,"height":448,"caption":"Ser\u00e3o qatro meses de obras na \u00e1rea das ru\u00ednas romanas de Milreu"},{"@type":"BreadcrumbList","@id":"https:\/\/portaltela.pt\/noticias\/2026\/04\/28\/ruinas-romanas-de-milreu-em-faro-fecham-ao-publico-ate-setembro\/#breadcrumb","itemListElement":[{"@type":"ListItem","position":1,"name":"In\u00edcio","item":"https:\/\/portaltela.pt\/"},{"@type":"ListItem","position":2,"name":"Ru\u00ednas Romanas de Milreu em Faro fecham ao p\u00fablico at\u00e9 setembro"}]},{"@type":"WebSite","@id":"https:\/\/portaltela.pt\/#website","url":"https:\/\/portaltela.pt\/","name":"Portal Tela Portugal","description":"","potentialAction":[{"@type":"SearchAction","target":{"@type":"EntryPoint","urlTemplate":"https:\/\/portaltela.pt\/?s={search_term_string}"},"query-input":{"@type":"PropertyValueSpecification","valueRequired":true,"valueName":"search_term_string"}}],"inLanguage":"pt-PT"},{"@type":"Person","@id":"https:\/\/portaltela.pt\/#\/schema\/person\/c4278d4a6028830caff9ee44b42d32ed","name":"Telinha","image":{"@type":"ImageObject","inLanguage":"pt-PT","@id":"https:\/\/portaltela.pt\/s.01k8rhncp4jt1\/2025\/11\/talking-bot-125x125.png","url":"https:\/\/portaltela.pt\/s.01k8rhncp4jt1\/2025\/11\/talking-bot-125x125.png","contentUrl":"https:\/\/portaltela.pt\/s.01k8rhncp4jt1\/2025\/11\/talking-bot-125x125.png","caption":"Telinha"},"sameAs":["https:\/\/portaltela.pt\/"],"url":"https:\/\/portaltela.pt\/por\/367410592786\/"}]}},"_links":{"self":[{"href":"https:\/\/portaltela.pt\/api\/wp\/v2\/posts\/460244","targetHints":{"allow":["GET"]}}],"collection":[{"href":"https:\/\/portaltela.pt\/api\/wp\/v2\/posts"}],"about":[{"href":"https:\/\/portaltela.pt\/api\/wp\/v2\/types\/post"}],"author":[{"embeddable":true,"href":"https:\/\/portaltela.pt\/api\/wp\/v2\/users\/2"}],"replies":[{"embeddable":true,"href":"https:\/\/portaltela.pt\/api\/wp\/v2\/comments?post=460244"}],"version-history":[{"count":0,"href":"https:\/\/portaltela.pt\/api\/wp\/v2\/posts\/460244\/revisions"}],"wp:featuredmedia":[{"embeddable":true,"href":"https:\/\/portaltela.pt\/api\/wp\/v2\/media\/460253"}],"wp:attachment":[{"href":"https:\/\/portaltela.pt\/api\/wp\/v2\/media?parent=460244"}],"wp:term":[{"taxonomy":"category","embeddable":true,"href":"https:\/\/portaltela.pt\/api\/wp\/v2\/categories?post=460244"},{"taxonomy":"post_tag","embeddable":true,"href":"https:\/\/portaltela.pt\/api\/wp\/v2\/tags?post=460244"}],"curies":[{"name":"wp","href":"https:\/\/api.w.org\/{rel}","templated":true}]}}