{"id":460226,"date":"2026-04-28T14:49:20","date_gmt":"2026-04-28T17:49:20","guid":{"rendered":"https:\/\/portaltela.pt\/noticias\/2026\/04\/28\/67-dos-profissionais-de-saude-defendem-revisar-o-programa-nacional-de-vacinacao\/"},"modified":"2026-04-28T14:49:20","modified_gmt":"2026-04-28T17:49:20","slug":"67-dos-profissionais-de-saude-defendem-revisar-o-programa-nacional-de-vacinacao","status":"publish","type":"post","link":"https:\/\/portaltela.pt\/saude\/2026\/04\/28\/67-dos-profissionais-de-saude-defendem-revisar-o-programa-nacional-de-vacinacao\/","title":{"rendered":"67% dos profissionais de sa\u00fade defendem revisar o Programa Nacional de Vacina\u00e7\u00e3o"},"content":{"rendered":"<p>O estudo apresentado nesta ter\u00e7a-feira pela Apifarma, sobre o Programa Nacional de Vacina\u00e7\u00e3o (PNV), revela que 67% dos profissionais de sa\u00fade defendem uma revis\u00e3o do plano para acompanhar a realidade da popula\u00e7\u00e3o, cada vez mais envelhecida. As perguntas foram recolhidas entre 28 de janeiro e 6 de abril, junto de quase 800 profissionais de sa\u00fade e de mais de 2 mil cidad\u00e3os.<\/p>\n<p>Entre os profissionais, a opini\u00e3o varia por \u00e1rea: 82,9% dos farmac\u00eauticos concordam com a revis\u00e3o voltada aos adultos; entre m\u00e9dicos, o \u00edndice \u00e9 de 75,5%. Os dados trazem uma perspetiva ampla sobre o papel da vacina\u00e7\u00e3o na sa\u00fade p\u00fablica e na preven\u00e7\u00e3o ao longo da vida.<\/p>\n<p>A an\u00e1lise aponta ainda uma descida de 5,7 pontos percentuais na perce\u00e7\u00e3o de que o PNV se destina a todas as crian\u00e7as e adultos residentes em Portugal, situando-se agora em 51,9%. A queda \u00e9 apresentada como um alerta para comunica\u00e7\u00e3o institucional.<\/p>\n<p>Os dados foram recolhidos junto de m\u00e9dicos de Medicina Geral e Familiar (151), pediatras (79), m\u00e9dicos de Medicina Interna (104), pneumologistas (42), ginecologistas (57), enfermeiros (202) e farmac\u00eauticos (158). O conjunto indica satisfa\u00e7\u00e3o com o PNV, mas com espa\u00e7o para evolu\u00e7\u00e3o.<\/p>\n<p>No que diz respeito aos pais, 95,2% continuam a ver valor no PNV, embora haja uma diminui\u00e7\u00e3o de 1,2 pontos percentuais no desejo de que os filhos sejam chamados para vacina\u00e7\u00e3o. Os autores defendem refor\u00e7ar a literacia sobre vacinas.<\/p>\n<h3>Vacinas fora do PNV e custos<\/h3>\n<p>Entre as vacinas fora do PNV, a recomenda\u00e7\u00e3o m\u00e9dica continua a ser o principal fator de decis\u00e3o. Contudo, 57,2% dos respondentes apontam o custo como grande condicionante para adquirir estas vacinas. Esta limita\u00e7\u00e3o \u00e9 reconhecida pelos profissionais de sa\u00fade.<\/p>\n<p>Todos os grupos concordam que a vacina\u00e7\u00e3o desempenha um papel fundamental na sa\u00fade p\u00fablica e no envelhecimento saud\u00e1vel, embora o entusiasmo tenha diminu\u00eddo face a 2023. As doen\u00e7as respirat\u00f3rias e a meningoc\u00f3cica permanecem entre as maiores preocupa\u00e7\u00f5es.<\/p>\n<p>No que toca a d\u00favidas, as vacinas de rotav\u00edrus, pneumoc\u00f3cica e Haemophilus influenzae b geram maior incerteza entre os enfermeiros. A popula\u00e7\u00e3o associa maioritariamente o esquema vacinal \u00e0s vacinas pedi\u00e1tricas e \u00e0s vacinas do viajante, com d\u00favidas sobre vacinas de crian\u00e7as versus adultos.<\/p>\n<p>Os profissionais destacam que a comunica\u00e7\u00e3o e a literacia em vacina\u00e7\u00e3o devem evoluir. A perce\u00e7\u00e3o sobre o papel do PNV permanece positiva, mas com evolu\u00e7\u00e3o necess\u00e1ria para acompanhar a din\u00e2mica demogr\u00e1fica.<\/p>\n","protected":false},"excerpt":{"rendered":"<ul>\n<li>Cerca de 67% dos profissionais de sa\u00fade defendem a revis\u00e3o do Programa Nacional de Vacina\u00e7\u00e3o para acompanhar as necessidades de uma popula\u00e7\u00e3o cada vez mais envelhecida; entre farmac\u00eauticos \u00e9 de 82,9% e entre m\u00e9dicos, 75,5%.<\/li>\n<li>O estudo, apresentado pela Apifarma, foi realizado entre 28 de janeiro e 6 de abril com quase 800 profissionais de sa\u00fade e mais de 2 mil cidad\u00e3os; houve uma descida de 5,7 pontos percentuais na perce\u00e7\u00e3o de que o PNV se destina a todas as crian\u00e7as e adultos, ficando em 51,9%.<\/li>\n<li>A aprova\u00e7\u00e3o do papel da vacina\u00e7\u00e3o na sa\u00fade p\u00fablica mant\u00e9m-se, mas os profissionais entendem que o PNV pode evoluir para melhor responder ao envelhecimento da popula\u00e7\u00e3o.<\/li>\n<li>Entre os pais, 95,2% consideram desej\u00e1vel que os filhos sejam chamados para vacina\u00e7\u00e3o, ainda que tenha recuado 1,2 pontos percentuais.<\/li>\n<li>Mais de metade dos entrevistados (57,2%) aponta o custo como maior condicionante para vacinas fora do PNV, destacando a import\u00e2ncia da indica\u00e7\u00e3o m\u00e9dica na decis\u00e3o.<\/li>\n<\/ul>\n","protected":false},"author":2,"featured_media":460228,"comment_status":"closed","ping_status":"closed","sticky":false,"template":"","format":"standard","meta":{"footnotes":""},"categories":[6745],"tags":[2788,2736,972,172,271,3949],"class_list":["post-460226","post","type-post","status-publish","format-standard","has-post-thumbnail","hentry","category-saude","tag-envelhecimento","tag-idosos","tag-literacia-em-saude","tag-saude","tag-saude-publica","tag-vacinacoes"],"yoast_head":"<!-- This site is optimized with the Yoast SEO plugin v27.2 - https:\/\/yoast.com\/product\/yoast-seo-wordpress\/ -->\n<title>67% dos profissionais de sa\u00fade defendem revisar o Programa Nacional de Vacina\u00e7\u00e3o - Portal Tela Portugal<\/title>\n<meta name=\"robots\" content=\"index, follow, max-snippet:-1, max-image-preview:large, max-video-preview:-1\" \/>\n<meta property=\"og:locale\" content=\"pt_PT\" \/>\n<meta property=\"og:type\" content=\"article\" \/>\n<meta property=\"og:title\" content=\"67% dos profissionais de sa\u00fade defendem revisar o Programa Nacional de Vacina\u00e7\u00e3o - Portal Tela Portugal\" \/>\n<meta property=\"og:description\" content=\"Cerca de 67% dos profissionais de sa\u00fade defendem a revis\u00e3o do Programa Nacional de Vacina\u00e7\u00e3o para acompanhar as necessidades de uma popula\u00e7\u00e3o cada vez mais envelhecida; entre farmac\u00eauticos \u00e9 de 82,9% e entre m\u00e9dicos, 75,5%. O estudo, apresentado pela Apifarma, foi realizado entre 28 de janeiro e 6 de abril com quase 800 profissionais de sa\u00fade e mais de 2 mil cidad\u00e3os; houve uma descida de 5,7 pontos percentuais na perce\u00e7\u00e3o de que o PNV se destina a todas as crian\u00e7as e adultos, ficando em 51,9%. A aprova\u00e7\u00e3o do papel da vacina\u00e7\u00e3o na sa\u00fade p\u00fablica mant\u00e9m-se, mas os profissionais entendem que o PNV pode evoluir para melhor responder ao envelhecimento da popula\u00e7\u00e3o. Entre os pais, 95,2% consideram desej\u00e1vel que os filhos sejam chamados para vacina\u00e7\u00e3o, ainda que tenha recuado 1,2 pontos percentuais. Mais de metade dos entrevistados (57,2%) aponta o custo como maior condicionante para vacinas fora do PNV, destacando a import\u00e2ncia da indica\u00e7\u00e3o m\u00e9dica na decis\u00e3o.\" \/>\n<meta property=\"og:url\" content=\"https:\/\/portaltela.pt\/noticias\/2026\/04\/28\/67-dos-profissionais-de-saude-defendem-revisar-o-programa-nacional-de-vacinacao\/\" \/>\n<meta property=\"og:site_name\" content=\"Portal Tela Portugal\" \/>\n<meta property=\"article:published_time\" content=\"2026-04-28T17:49:20+00:00\" \/>\n<meta name=\"author\" content=\"Telinha\" \/>\n<meta name=\"twitter:card\" content=\"summary_large_image\" \/>\n<meta name=\"twitter:label1\" content=\"Escrito por\" \/>\n\t<meta name=\"twitter:data1\" content=\"Telinha\" \/>\n\t<meta name=\"twitter:label2\" content=\"Tempo estimado de leitura\" \/>\n\t<meta name=\"twitter:data2\" content=\"2 minutos\" \/>\n<script type=\"application\/ld+json\" class=\"yoast-schema-graph\">{\"@context\":\"https:\/\/schema.org\",\"@graph\":[{\"@type\":\"Article\",\"@id\":\"https:\/\/portaltela.pt\/noticias\/2026\/04\/28\/67-dos-profissionais-de-saude-defendem-revisar-o-programa-nacional-de-vacinacao\/#article\",\"isPartOf\":{\"@id\":\"https:\/\/portaltela.pt\/noticias\/2026\/04\/28\/67-dos-profissionais-de-saude-defendem-revisar-o-programa-nacional-de-vacinacao\/\"},\"author\":{\"name\":\"Telinha\",\"@id\":\"https:\/\/portaltela.pt\/#\/schema\/person\/c4278d4a6028830caff9ee44b42d32ed\"},\"headline\":\"67% dos profissionais de sa\u00fade defendem revisar o Programa Nacional de Vacina\u00e7\u00e3o\",\"datePublished\":\"2026-04-28T17:49:20+00:00\",\"mainEntityOfPage\":{\"@id\":\"https:\/\/portaltela.pt\/noticias\/2026\/04\/28\/67-dos-profissionais-de-saude-defendem-revisar-o-programa-nacional-de-vacinacao\/\"},\"wordCount\":431,\"image\":{\"@id\":\"https:\/\/portaltela.pt\/noticias\/2026\/04\/28\/67-dos-profissionais-de-saude-defendem-revisar-o-programa-nacional-de-vacinacao\/#primaryimage\"},\"thumbnailUrl\":\"https:\/\/portaltela.pt\/s.01k8rhncp4jt1\/2026\/04\/img_1500x1000uu2024-09-24-21-26-28-1755007.jpg\",\"keywords\":[\"envelhecimento\",\"idosos\",\"literacia em sa\u00fade\",\"sa\u00fade\",\"sa\u00fade p\u00fablica\",\"vacina\u00e7\u00f5es\"],\"articleSection\":[\"Sa\u00fade\"],\"inLanguage\":\"pt-PT\"},{\"@type\":\"WebPage\",\"@id\":\"https:\/\/portaltela.pt\/noticias\/2026\/04\/28\/67-dos-profissionais-de-saude-defendem-revisar-o-programa-nacional-de-vacinacao\/\",\"url\":\"https:\/\/portaltela.pt\/noticias\/2026\/04\/28\/67-dos-profissionais-de-saude-defendem-revisar-o-programa-nacional-de-vacinacao\/\",\"name\":\"67% dos profissionais de sa\u00fade defendem revisar o Programa Nacional de Vacina\u00e7\u00e3o - Portal Tela Portugal\",\"isPartOf\":{\"@id\":\"https:\/\/portaltela.pt\/#website\"},\"primaryImageOfPage\":{\"@id\":\"https:\/\/portaltela.pt\/noticias\/2026\/04\/28\/67-dos-profissionais-de-saude-defendem-revisar-o-programa-nacional-de-vacinacao\/#primaryimage\"},\"image\":{\"@id\":\"https:\/\/portaltela.pt\/noticias\/2026\/04\/28\/67-dos-profissionais-de-saude-defendem-revisar-o-programa-nacional-de-vacinacao\/#primaryimage\"},\"thumbnailUrl\":\"https:\/\/portaltela.pt\/s.01k8rhncp4jt1\/2026\/04\/img_1500x1000uu2024-09-24-21-26-28-1755007.jpg\",\"datePublished\":\"2026-04-28T17:49:20+00:00\",\"author\":{\"@id\":\"https:\/\/portaltela.pt\/#\/schema\/person\/c4278d4a6028830caff9ee44b42d32ed\"},\"breadcrumb\":{\"@id\":\"https:\/\/portaltela.pt\/noticias\/2026\/04\/28\/67-dos-profissionais-de-saude-defendem-revisar-o-programa-nacional-de-vacinacao\/#breadcrumb\"},\"inLanguage\":\"pt-PT\",\"potentialAction\":[{\"@type\":\"ReadAction\",\"target\":[\"https:\/\/portaltela.pt\/noticias\/2026\/04\/28\/67-dos-profissionais-de-saude-defendem-revisar-o-programa-nacional-de-vacinacao\/\"]}]},{\"@type\":\"ImageObject\",\"inLanguage\":\"pt-PT\",\"@id\":\"https:\/\/portaltela.pt\/noticias\/2026\/04\/28\/67-dos-profissionais-de-saude-defendem-revisar-o-programa-nacional-de-vacinacao\/#primaryimage\",\"url\":\"https:\/\/portaltela.pt\/s.01k8rhncp4jt1\/2026\/04\/img_1500x1000uu2024-09-24-21-26-28-1755007.jpg\",\"contentUrl\":\"https:\/\/portaltela.pt\/s.01k8rhncp4jt1\/2026\/04\/img_1500x1000uu2024-09-24-21-26-28-1755007.jpg\",\"width\":796,\"height\":448,\"caption\":\"Vacina\u00e7\u00e3o\"},{\"@type\":\"BreadcrumbList\",\"@id\":\"https:\/\/portaltela.pt\/noticias\/2026\/04\/28\/67-dos-profissionais-de-saude-defendem-revisar-o-programa-nacional-de-vacinacao\/#breadcrumb\",\"itemListElement\":[{\"@type\":\"ListItem\",\"position\":1,\"name\":\"In\u00edcio\",\"item\":\"https:\/\/portaltela.pt\/\"},{\"@type\":\"ListItem\",\"position\":2,\"name\":\"67% dos profissionais de sa\u00fade defendem revisar o Programa Nacional de Vacina\u00e7\u00e3o\"}]},{\"@type\":\"WebSite\",\"@id\":\"https:\/\/portaltela.pt\/#website\",\"url\":\"https:\/\/portaltela.pt\/\",\"name\":\"Portal Tela Portugal\",\"description\":\"\",\"potentialAction\":[{\"@type\":\"SearchAction\",\"target\":{\"@type\":\"EntryPoint\",\"urlTemplate\":\"https:\/\/portaltela.pt\/?s={search_term_string}\"},\"query-input\":{\"@type\":\"PropertyValueSpecification\",\"valueRequired\":true,\"valueName\":\"search_term_string\"}}],\"inLanguage\":\"pt-PT\"},{\"@type\":\"Person\",\"@id\":\"https:\/\/portaltela.pt\/#\/schema\/person\/c4278d4a6028830caff9ee44b42d32ed\",\"name\":\"Telinha\",\"image\":{\"@type\":\"ImageObject\",\"inLanguage\":\"pt-PT\",\"@id\":\"https:\/\/portaltela.pt\/s.01k8rhncp4jt1\/2025\/11\/talking-bot-125x125.png\",\"url\":\"https:\/\/portaltela.pt\/s.01k8rhncp4jt1\/2025\/11\/talking-bot-125x125.png\",\"contentUrl\":\"https:\/\/portaltela.pt\/s.01k8rhncp4jt1\/2025\/11\/talking-bot-125x125.png\",\"caption\":\"Telinha\"},\"sameAs\":[\"https:\/\/portaltela.pt\/\"],\"url\":\"https:\/\/portaltela.pt\/por\/367410592786\/\"}]}<\/script>\n<!-- \/ Yoast SEO plugin. -->","yoast_head_json":{"title":"67% dos profissionais de sa\u00fade defendem revisar o Programa Nacional de Vacina\u00e7\u00e3o - Portal Tela Portugal","robots":{"index":"index","follow":"follow","max-snippet":"max-snippet:-1","max-image-preview":"max-image-preview:large","max-video-preview":"max-video-preview:-1"},"og_locale":"pt_PT","og_type":"article","og_title":"67% dos profissionais de sa\u00fade defendem revisar o Programa Nacional de Vacina\u00e7\u00e3o - Portal Tela Portugal","og_description":"Cerca de 67% dos profissionais de sa\u00fade defendem a revis\u00e3o do Programa Nacional de Vacina\u00e7\u00e3o para acompanhar as necessidades de uma popula\u00e7\u00e3o cada vez mais envelhecida; entre farmac\u00eauticos \u00e9 de 82,9% e entre m\u00e9dicos, 75,5%. O estudo, apresentado pela Apifarma, foi realizado entre 28 de janeiro e 6 de abril com quase 800 profissionais de sa\u00fade e mais de 2 mil cidad\u00e3os; houve uma descida de 5,7 pontos percentuais na perce\u00e7\u00e3o de que o PNV se destina a todas as crian\u00e7as e adultos, ficando em 51,9%. A aprova\u00e7\u00e3o do papel da vacina\u00e7\u00e3o na sa\u00fade p\u00fablica mant\u00e9m-se, mas os profissionais entendem que o PNV pode evoluir para melhor responder ao envelhecimento da popula\u00e7\u00e3o. Entre os pais, 95,2% consideram desej\u00e1vel que os filhos sejam chamados para vacina\u00e7\u00e3o, ainda que tenha recuado 1,2 pontos percentuais. Mais de metade dos entrevistados (57,2%) aponta o custo como maior condicionante para vacinas fora do PNV, destacando a import\u00e2ncia da indica\u00e7\u00e3o m\u00e9dica na decis\u00e3o.","og_url":"https:\/\/portaltela.pt\/noticias\/2026\/04\/28\/67-dos-profissionais-de-saude-defendem-revisar-o-programa-nacional-de-vacinacao\/","og_site_name":"Portal Tela Portugal","article_published_time":"2026-04-28T17:49:20+00:00","author":"Telinha","twitter_card":"summary_large_image","twitter_misc":{"Escrito por":"Telinha","Tempo estimado de leitura":"2 minutos"},"schema":{"@context":"https:\/\/schema.org","@graph":[{"@type":"Article","@id":"https:\/\/portaltela.pt\/noticias\/2026\/04\/28\/67-dos-profissionais-de-saude-defendem-revisar-o-programa-nacional-de-vacinacao\/#article","isPartOf":{"@id":"https:\/\/portaltela.pt\/noticias\/2026\/04\/28\/67-dos-profissionais-de-saude-defendem-revisar-o-programa-nacional-de-vacinacao\/"},"author":{"name":"Telinha","@id":"https:\/\/portaltela.pt\/#\/schema\/person\/c4278d4a6028830caff9ee44b42d32ed"},"headline":"67% dos profissionais de sa\u00fade defendem revisar o Programa Nacional de Vacina\u00e7\u00e3o","datePublished":"2026-04-28T17:49:20+00:00","mainEntityOfPage":{"@id":"https:\/\/portaltela.pt\/noticias\/2026\/04\/28\/67-dos-profissionais-de-saude-defendem-revisar-o-programa-nacional-de-vacinacao\/"},"wordCount":431,"image":{"@id":"https:\/\/portaltela.pt\/noticias\/2026\/04\/28\/67-dos-profissionais-de-saude-defendem-revisar-o-programa-nacional-de-vacinacao\/#primaryimage"},"thumbnailUrl":"https:\/\/portaltela.pt\/s.01k8rhncp4jt1\/2026\/04\/img_1500x1000uu2024-09-24-21-26-28-1755007.jpg","keywords":["envelhecimento","idosos","literacia em sa\u00fade","sa\u00fade","sa\u00fade p\u00fablica","vacina\u00e7\u00f5es"],"articleSection":["Sa\u00fade"],"inLanguage":"pt-PT"},{"@type":"WebPage","@id":"https:\/\/portaltela.pt\/noticias\/2026\/04\/28\/67-dos-profissionais-de-saude-defendem-revisar-o-programa-nacional-de-vacinacao\/","url":"https:\/\/portaltela.pt\/noticias\/2026\/04\/28\/67-dos-profissionais-de-saude-defendem-revisar-o-programa-nacional-de-vacinacao\/","name":"67% dos profissionais de sa\u00fade defendem revisar o Programa Nacional de Vacina\u00e7\u00e3o - Portal Tela Portugal","isPartOf":{"@id":"https:\/\/portaltela.pt\/#website"},"primaryImageOfPage":{"@id":"https:\/\/portaltela.pt\/noticias\/2026\/04\/28\/67-dos-profissionais-de-saude-defendem-revisar-o-programa-nacional-de-vacinacao\/#primaryimage"},"image":{"@id":"https:\/\/portaltela.pt\/noticias\/2026\/04\/28\/67-dos-profissionais-de-saude-defendem-revisar-o-programa-nacional-de-vacinacao\/#primaryimage"},"thumbnailUrl":"https:\/\/portaltela.pt\/s.01k8rhncp4jt1\/2026\/04\/img_1500x1000uu2024-09-24-21-26-28-1755007.jpg","datePublished":"2026-04-28T17:49:20+00:00","author":{"@id":"https:\/\/portaltela.pt\/#\/schema\/person\/c4278d4a6028830caff9ee44b42d32ed"},"breadcrumb":{"@id":"https:\/\/portaltela.pt\/noticias\/2026\/04\/28\/67-dos-profissionais-de-saude-defendem-revisar-o-programa-nacional-de-vacinacao\/#breadcrumb"},"inLanguage":"pt-PT","potentialAction":[{"@type":"ReadAction","target":["https:\/\/portaltela.pt\/noticias\/2026\/04\/28\/67-dos-profissionais-de-saude-defendem-revisar-o-programa-nacional-de-vacinacao\/"]}]},{"@type":"ImageObject","inLanguage":"pt-PT","@id":"https:\/\/portaltela.pt\/noticias\/2026\/04\/28\/67-dos-profissionais-de-saude-defendem-revisar-o-programa-nacional-de-vacinacao\/#primaryimage","url":"https:\/\/portaltela.pt\/s.01k8rhncp4jt1\/2026\/04\/img_1500x1000uu2024-09-24-21-26-28-1755007.jpg","contentUrl":"https:\/\/portaltela.pt\/s.01k8rhncp4jt1\/2026\/04\/img_1500x1000uu2024-09-24-21-26-28-1755007.jpg","width":796,"height":448,"caption":"Vacina\u00e7\u00e3o"},{"@type":"BreadcrumbList","@id":"https:\/\/portaltela.pt\/noticias\/2026\/04\/28\/67-dos-profissionais-de-saude-defendem-revisar-o-programa-nacional-de-vacinacao\/#breadcrumb","itemListElement":[{"@type":"ListItem","position":1,"name":"In\u00edcio","item":"https:\/\/portaltela.pt\/"},{"@type":"ListItem","position":2,"name":"67% dos profissionais de sa\u00fade defendem revisar o Programa Nacional de Vacina\u00e7\u00e3o"}]},{"@type":"WebSite","@id":"https:\/\/portaltela.pt\/#website","url":"https:\/\/portaltela.pt\/","name":"Portal Tela Portugal","description":"","potentialAction":[{"@type":"SearchAction","target":{"@type":"EntryPoint","urlTemplate":"https:\/\/portaltela.pt\/?s={search_term_string}"},"query-input":{"@type":"PropertyValueSpecification","valueRequired":true,"valueName":"search_term_string"}}],"inLanguage":"pt-PT"},{"@type":"Person","@id":"https:\/\/portaltela.pt\/#\/schema\/person\/c4278d4a6028830caff9ee44b42d32ed","name":"Telinha","image":{"@type":"ImageObject","inLanguage":"pt-PT","@id":"https:\/\/portaltela.pt\/s.01k8rhncp4jt1\/2025\/11\/talking-bot-125x125.png","url":"https:\/\/portaltela.pt\/s.01k8rhncp4jt1\/2025\/11\/talking-bot-125x125.png","contentUrl":"https:\/\/portaltela.pt\/s.01k8rhncp4jt1\/2025\/11\/talking-bot-125x125.png","caption":"Telinha"},"sameAs":["https:\/\/portaltela.pt\/"],"url":"https:\/\/portaltela.pt\/por\/367410592786\/"}]}},"_links":{"self":[{"href":"https:\/\/portaltela.pt\/api\/wp\/v2\/posts\/460226","targetHints":{"allow":["GET"]}}],"collection":[{"href":"https:\/\/portaltela.pt\/api\/wp\/v2\/posts"}],"about":[{"href":"https:\/\/portaltela.pt\/api\/wp\/v2\/types\/post"}],"author":[{"embeddable":true,"href":"https:\/\/portaltela.pt\/api\/wp\/v2\/users\/2"}],"replies":[{"embeddable":true,"href":"https:\/\/portaltela.pt\/api\/wp\/v2\/comments?post=460226"}],"version-history":[{"count":0,"href":"https:\/\/portaltela.pt\/api\/wp\/v2\/posts\/460226\/revisions"}],"wp:featuredmedia":[{"embeddable":true,"href":"https:\/\/portaltela.pt\/api\/wp\/v2\/media\/460228"}],"wp:attachment":[{"href":"https:\/\/portaltela.pt\/api\/wp\/v2\/media?parent=460226"}],"wp:term":[{"taxonomy":"category","embeddable":true,"href":"https:\/\/portaltela.pt\/api\/wp\/v2\/categories?post=460226"},{"taxonomy":"post_tag","embeddable":true,"href":"https:\/\/portaltela.pt\/api\/wp\/v2\/tags?post=460226"}],"curies":[{"name":"wp","href":"https:\/\/api.w.org\/{rel}","templated":true}]}}