{"id":460216,"date":"2026-04-28T14:49:06","date_gmt":"2026-04-28T17:49:06","guid":{"rendered":"https:\/\/portaltela.pt\/noticias\/2026\/04\/28\/caracas-e-colombia-assinam-acordo-para-reativar-ligacao-de-energia\/"},"modified":"2026-04-28T14:49:06","modified_gmt":"2026-04-28T17:49:06","slug":"caracas-e-colombia-assinam-acordo-para-reativar-ligacao-de-energia","status":"publish","type":"post","link":"https:\/\/portaltela.pt\/energia\/2026\/04\/28\/caracas-e-colombia-assinam-acordo-para-reativar-ligacao-de-energia\/","title":{"rendered":"Caracas e Col\u00f4mbia assinam acordo para reativar liga\u00e7\u00e3o de energia"},"content":{"rendered":"<p>O Governo da Venezuela e o da Col\u00f4mbia assinaram um acordo para restabelecer a liga\u00e7\u00e3o de energia el\u00e9trica entre os dois pa\u00edses. A confirma\u00e7\u00e3o foi feita pelo Minist\u00e9rio da Energia El\u00e9trica da Venezuela na manh\u00e3 de hoje.<\/p>\n<p>O acordo foi assinado pela Corpoelec, a empresa estatal de eletricidade venezuelana, e pelo IPSE, institui\u00e7\u00e3o colombiana de planeamento e promo\u00e7\u00e3o de solu\u00e7\u00f5es energ\u00e9ticas para zonas n\u00e3o interligadas. A informa\u00e7\u00e3o foi divulgada nas redes sociais do Minist\u00e9rio.<\/p>\n<p>O an\u00fancio surge quatro dias depois de uma reuni\u00e3o entre os chefes de Estado dos dois pa\u00edses, na qual se discutiu a integra\u00e7\u00e3o energ\u00e9tica e de g\u00e1s. A presid\u00eancia interina venezuelana destacou a coopera\u00e7\u00e3o como base de soberania energ\u00e9tica.<\/p>\n<p>A presidente interina venezuelana, Delcy Rodr\u00edguez, e o presidente colombiano, Gustavo Petro, haviam garantido que a interliga\u00e7\u00e3o el\u00e9trica na regi\u00e3o oeste da fronteira era um objetivo, associando-a a melhorias de desinvestimento e manuten\u00e7\u00e3o do sistema el\u00e9trico.<\/p>\n<p>Rodr\u00edguez indicou que a interliga\u00e7\u00e3o el\u00e9trica est\u00e1 pr\u00f3xima de conclus\u00e3o, com a possibilidade de tamb\u00e9m avan\u00e7ar a interliga\u00e7\u00e3o de g\u00e1s, sem detalhar cronologias ou financiamentos. As san\u00e7\u00f5es t\u00eam afetado o fornecimento de pe\u00e7as sobresselentes.<\/p>\n<p>A Venezuela enfrenta falhas constantes de energia, especialmente em zonas afastadas de Caracas, enquanto o Governo atribui parte da responsabilidade \u00e0 oposi\u00e7\u00e3o. As instala\u00e7\u00f5es do setor mant\u00eam supervis\u00e3o militar em algumas \u00e1reas.<\/p>\n<h3>Coopera\u00e7\u00e3o entre energia e seguran\u00e7a<\/h3>\n<p>Durante o mesmo an\u00fancio, Caracas e Bogot\u00e1 anunciaram coopera\u00e7\u00e3o militar para combate ao crime organizado. Os dois governaos disseram que v\u00e3o trabalhar de forma coordenada para reduzir atividades il\u00edcitas na fronteira, incluindo tr\u00e1fico de droga, ouro e pessoas.<\/p>\n","protected":false},"excerpt":{"rendered":"<ul>\n<li>Venezuela e Col\u00f4mbia assinam acordo para restabelecer a liga\u00e7\u00e3o de energia el\u00e9trica entre os dois pa\u00edses, assinado pela Corpoelec e pelo IPSE.<\/li>\n<li>O an\u00fancio surge quatro dias depois de os chefes de Estado dos dois pa\u00edses terem discutido a mat\u00e9ria.<\/li>\n<li>A Presidente interina venezuelana, Delcy Rodr\u00edguez, e o Presidente colombiano, Gustavo Petro, comprometeram-se com a integra\u00e7\u00e3o dos sectores de energia el\u00e9ctrica e g\u00e1s.<\/li>\n<li>A interliga\u00e7\u00e3o el\u00e9trica ocorrer\u00e1 na regi\u00e3o ocidental da Venezuela, na fronteira com a Col\u00f4mbia, citando impactos causados por san\u00e7\u00f5es que afetaram pe\u00e7as e manuten\u00e7\u00e3o.<\/li>\n<li>Al\u00e9m da energia, foi anunciada coopera\u00e7\u00e3o militar para combater o crime organizado na fronteira, incluindo a\u00e7\u00f5es contra atividades il\u00edcitas como coca\u00edna, ouro e tr\u00e1fico de pessoas.<\/li>\n<\/ul>\n","protected":false},"author":2,"featured_media":460222,"comment_status":"closed","ping_status":"closed","sticky":false,"template":"","format":"standard","meta":{"footnotes":""},"categories":[6806],"tags":[8874,2469,256,174,2349,2758],"class_list":["post-460216","post","type-post","status-publish","format-standard","has-post-thumbnail","hentry","category-energia","tag-acordo","tag-colombia","tag-cooperacao-internacional","tag-energia","tag-trafico-de-drogas","tag-venezuela"],"yoast_head":"<!-- This site is optimized with the Yoast SEO plugin v27.2 - https:\/\/yoast.com\/product\/yoast-seo-wordpress\/ -->\n<title>Caracas e Col\u00f4mbia assinam acordo para reativar liga\u00e7\u00e3o de energia - Portal Tela Portugal<\/title>\n<meta name=\"robots\" content=\"index, follow, max-snippet:-1, max-image-preview:large, max-video-preview:-1\" \/>\n<meta property=\"og:locale\" content=\"pt_PT\" \/>\n<meta property=\"og:type\" content=\"article\" \/>\n<meta property=\"og:title\" content=\"Caracas e Col\u00f4mbia assinam acordo para reativar liga\u00e7\u00e3o de energia - Portal Tela Portugal\" \/>\n<meta property=\"og:description\" content=\"Venezuela e Col\u00f4mbia assinam acordo para restabelecer a liga\u00e7\u00e3o de energia el\u00e9trica entre os dois pa\u00edses, assinado pela Corpoelec e pelo IPSE. O an\u00fancio surge quatro dias depois de os chefes de Estado dos dois pa\u00edses terem discutido a mat\u00e9ria. A Presidente interina venezuelana, Delcy Rodr\u00edguez, e o Presidente colombiano, Gustavo Petro, comprometeram-se com a integra\u00e7\u00e3o dos sectores de energia el\u00e9ctrica e g\u00e1s. A interliga\u00e7\u00e3o el\u00e9trica ocorrer\u00e1 na regi\u00e3o ocidental da Venezuela, na fronteira com a Col\u00f4mbia, citando impactos causados por san\u00e7\u00f5es que afetaram pe\u00e7as e manuten\u00e7\u00e3o. Al\u00e9m da energia, foi anunciada coopera\u00e7\u00e3o militar para combater o crime organizado na fronteira, incluindo a\u00e7\u00f5es contra atividades il\u00edcitas como coca\u00edna, ouro e tr\u00e1fico de pessoas.\" \/>\n<meta property=\"og:url\" content=\"https:\/\/portaltela.pt\/noticias\/2026\/04\/28\/caracas-e-colombia-assinam-acordo-para-reativar-ligacao-de-energia\/\" \/>\n<meta property=\"og:site_name\" content=\"Portal Tela Portugal\" \/>\n<meta property=\"article:published_time\" content=\"2026-04-28T17:49:06+00:00\" \/>\n<meta name=\"author\" content=\"Telinha\" \/>\n<meta name=\"twitter:card\" content=\"summary_large_image\" \/>\n<meta name=\"twitter:label1\" content=\"Escrito por\" \/>\n\t<meta name=\"twitter:data1\" content=\"Telinha\" \/>\n\t<meta name=\"twitter:label2\" content=\"Tempo estimado de leitura\" \/>\n\t<meta name=\"twitter:data2\" content=\"2 minutos\" \/>\n<script type=\"application\/ld+json\" class=\"yoast-schema-graph\">{\"@context\":\"https:\/\/schema.org\",\"@graph\":[{\"@type\":\"Article\",\"@id\":\"https:\/\/portaltela.pt\/noticias\/2026\/04\/28\/caracas-e-colombia-assinam-acordo-para-reativar-ligacao-de-energia\/#article\",\"isPartOf\":{\"@id\":\"https:\/\/portaltela.pt\/noticias\/2026\/04\/28\/caracas-e-colombia-assinam-acordo-para-reativar-ligacao-de-energia\/\"},\"author\":{\"name\":\"Telinha\",\"@id\":\"https:\/\/portaltela.pt\/#\/schema\/person\/c4278d4a6028830caff9ee44b42d32ed\"},\"headline\":\"Caracas e Col\u00f4mbia assinam acordo para reativar liga\u00e7\u00e3o de energia\",\"datePublished\":\"2026-04-28T17:49:06+00:00\",\"mainEntityOfPage\":{\"@id\":\"https:\/\/portaltela.pt\/noticias\/2026\/04\/28\/caracas-e-colombia-assinam-acordo-para-reativar-ligacao-de-energia\/\"},\"wordCount\":321,\"image\":{\"@id\":\"https:\/\/portaltela.pt\/noticias\/2026\/04\/28\/caracas-e-colombia-assinam-acordo-para-reativar-ligacao-de-energia\/#primaryimage\"},\"thumbnailUrl\":\"https:\/\/portaltela.pt\/s.01k8rhncp4jt1\/2026\/04\/img_1500x1000uu2026-04-28-18-41-21-2281677.jpg\",\"keywords\":[\"acordo\",\"Col\u00f4mbia\",\"coopera\u00e7\u00e3o internacional\",\"energia\",\"tr\u00e1fico de drogas\",\"Venezuela\"],\"articleSection\":[\"Energia\"],\"inLanguage\":\"pt-PT\"},{\"@type\":\"WebPage\",\"@id\":\"https:\/\/portaltela.pt\/noticias\/2026\/04\/28\/caracas-e-colombia-assinam-acordo-para-reativar-ligacao-de-energia\/\",\"url\":\"https:\/\/portaltela.pt\/noticias\/2026\/04\/28\/caracas-e-colombia-assinam-acordo-para-reativar-ligacao-de-energia\/\",\"name\":\"Caracas e Col\u00f4mbia assinam acordo para reativar liga\u00e7\u00e3o de energia - Portal Tela Portugal\",\"isPartOf\":{\"@id\":\"https:\/\/portaltela.pt\/#website\"},\"primaryImageOfPage\":{\"@id\":\"https:\/\/portaltela.pt\/noticias\/2026\/04\/28\/caracas-e-colombia-assinam-acordo-para-reativar-ligacao-de-energia\/#primaryimage\"},\"image\":{\"@id\":\"https:\/\/portaltela.pt\/noticias\/2026\/04\/28\/caracas-e-colombia-assinam-acordo-para-reativar-ligacao-de-energia\/#primaryimage\"},\"thumbnailUrl\":\"https:\/\/portaltela.pt\/s.01k8rhncp4jt1\/2026\/04\/img_1500x1000uu2026-04-28-18-41-21-2281677.jpg\",\"datePublished\":\"2026-04-28T17:49:06+00:00\",\"author\":{\"@id\":\"https:\/\/portaltela.pt\/#\/schema\/person\/c4278d4a6028830caff9ee44b42d32ed\"},\"breadcrumb\":{\"@id\":\"https:\/\/portaltela.pt\/noticias\/2026\/04\/28\/caracas-e-colombia-assinam-acordo-para-reativar-ligacao-de-energia\/#breadcrumb\"},\"inLanguage\":\"pt-PT\",\"potentialAction\":[{\"@type\":\"ReadAction\",\"target\":[\"https:\/\/portaltela.pt\/noticias\/2026\/04\/28\/caracas-e-colombia-assinam-acordo-para-reativar-ligacao-de-energia\/\"]}]},{\"@type\":\"ImageObject\",\"inLanguage\":\"pt-PT\",\"@id\":\"https:\/\/portaltela.pt\/noticias\/2026\/04\/28\/caracas-e-colombia-assinam-acordo-para-reativar-ligacao-de-energia\/#primaryimage\",\"url\":\"https:\/\/portaltela.pt\/s.01k8rhncp4jt1\/2026\/04\/img_1500x1000uu2026-04-28-18-41-21-2281677.jpg\",\"contentUrl\":\"https:\/\/portaltela.pt\/s.01k8rhncp4jt1\/2026\/04\/img_1500x1000uu2026-04-28-18-41-21-2281677.jpg\",\"width\":796,\"height\":448,\"caption\":\"Caracas e Col\u00f4mbia assinam acordo para reativar liga\u00e7\u00e3o de energia el\u00e9trica\"},{\"@type\":\"BreadcrumbList\",\"@id\":\"https:\/\/portaltela.pt\/noticias\/2026\/04\/28\/caracas-e-colombia-assinam-acordo-para-reativar-ligacao-de-energia\/#breadcrumb\",\"itemListElement\":[{\"@type\":\"ListItem\",\"position\":1,\"name\":\"In\u00edcio\",\"item\":\"https:\/\/portaltela.pt\/\"},{\"@type\":\"ListItem\",\"position\":2,\"name\":\"Caracas e Col\u00f4mbia assinam acordo para reativar liga\u00e7\u00e3o de energia\"}]},{\"@type\":\"WebSite\",\"@id\":\"https:\/\/portaltela.pt\/#website\",\"url\":\"https:\/\/portaltela.pt\/\",\"name\":\"Portal Tela Portugal\",\"description\":\"\",\"potentialAction\":[{\"@type\":\"SearchAction\",\"target\":{\"@type\":\"EntryPoint\",\"urlTemplate\":\"https:\/\/portaltela.pt\/?s={search_term_string}\"},\"query-input\":{\"@type\":\"PropertyValueSpecification\",\"valueRequired\":true,\"valueName\":\"search_term_string\"}}],\"inLanguage\":\"pt-PT\"},{\"@type\":\"Person\",\"@id\":\"https:\/\/portaltela.pt\/#\/schema\/person\/c4278d4a6028830caff9ee44b42d32ed\",\"name\":\"Telinha\",\"image\":{\"@type\":\"ImageObject\",\"inLanguage\":\"pt-PT\",\"@id\":\"https:\/\/portaltela.pt\/s.01k8rhncp4jt1\/2025\/11\/talking-bot-125x125.png\",\"url\":\"https:\/\/portaltela.pt\/s.01k8rhncp4jt1\/2025\/11\/talking-bot-125x125.png\",\"contentUrl\":\"https:\/\/portaltela.pt\/s.01k8rhncp4jt1\/2025\/11\/talking-bot-125x125.png\",\"caption\":\"Telinha\"},\"sameAs\":[\"https:\/\/portaltela.pt\/\"],\"url\":\"https:\/\/portaltela.pt\/por\/367410592786\/\"}]}<\/script>\n<!-- \/ Yoast SEO plugin. -->","yoast_head_json":{"title":"Caracas e Col\u00f4mbia assinam acordo para reativar liga\u00e7\u00e3o de energia - Portal Tela Portugal","robots":{"index":"index","follow":"follow","max-snippet":"max-snippet:-1","max-image-preview":"max-image-preview:large","max-video-preview":"max-video-preview:-1"},"og_locale":"pt_PT","og_type":"article","og_title":"Caracas e Col\u00f4mbia assinam acordo para reativar liga\u00e7\u00e3o de energia - Portal Tela Portugal","og_description":"Venezuela e Col\u00f4mbia assinam acordo para restabelecer a liga\u00e7\u00e3o de energia el\u00e9trica entre os dois pa\u00edses, assinado pela Corpoelec e pelo IPSE. O an\u00fancio surge quatro dias depois de os chefes de Estado dos dois pa\u00edses terem discutido a mat\u00e9ria. A Presidente interina venezuelana, Delcy Rodr\u00edguez, e o Presidente colombiano, Gustavo Petro, comprometeram-se com a integra\u00e7\u00e3o dos sectores de energia el\u00e9ctrica e g\u00e1s. A interliga\u00e7\u00e3o el\u00e9trica ocorrer\u00e1 na regi\u00e3o ocidental da Venezuela, na fronteira com a Col\u00f4mbia, citando impactos causados por san\u00e7\u00f5es que afetaram pe\u00e7as e manuten\u00e7\u00e3o. Al\u00e9m da energia, foi anunciada coopera\u00e7\u00e3o militar para combater o crime organizado na fronteira, incluindo a\u00e7\u00f5es contra atividades il\u00edcitas como coca\u00edna, ouro e tr\u00e1fico de pessoas.","og_url":"https:\/\/portaltela.pt\/noticias\/2026\/04\/28\/caracas-e-colombia-assinam-acordo-para-reativar-ligacao-de-energia\/","og_site_name":"Portal Tela Portugal","article_published_time":"2026-04-28T17:49:06+00:00","author":"Telinha","twitter_card":"summary_large_image","twitter_misc":{"Escrito por":"Telinha","Tempo estimado de leitura":"2 minutos"},"schema":{"@context":"https:\/\/schema.org","@graph":[{"@type":"Article","@id":"https:\/\/portaltela.pt\/noticias\/2026\/04\/28\/caracas-e-colombia-assinam-acordo-para-reativar-ligacao-de-energia\/#article","isPartOf":{"@id":"https:\/\/portaltela.pt\/noticias\/2026\/04\/28\/caracas-e-colombia-assinam-acordo-para-reativar-ligacao-de-energia\/"},"author":{"name":"Telinha","@id":"https:\/\/portaltela.pt\/#\/schema\/person\/c4278d4a6028830caff9ee44b42d32ed"},"headline":"Caracas e Col\u00f4mbia assinam acordo para reativar liga\u00e7\u00e3o de energia","datePublished":"2026-04-28T17:49:06+00:00","mainEntityOfPage":{"@id":"https:\/\/portaltela.pt\/noticias\/2026\/04\/28\/caracas-e-colombia-assinam-acordo-para-reativar-ligacao-de-energia\/"},"wordCount":321,"image":{"@id":"https:\/\/portaltela.pt\/noticias\/2026\/04\/28\/caracas-e-colombia-assinam-acordo-para-reativar-ligacao-de-energia\/#primaryimage"},"thumbnailUrl":"https:\/\/portaltela.pt\/s.01k8rhncp4jt1\/2026\/04\/img_1500x1000uu2026-04-28-18-41-21-2281677.jpg","keywords":["acordo","Col\u00f4mbia","coopera\u00e7\u00e3o internacional","energia","tr\u00e1fico de drogas","Venezuela"],"articleSection":["Energia"],"inLanguage":"pt-PT"},{"@type":"WebPage","@id":"https:\/\/portaltela.pt\/noticias\/2026\/04\/28\/caracas-e-colombia-assinam-acordo-para-reativar-ligacao-de-energia\/","url":"https:\/\/portaltela.pt\/noticias\/2026\/04\/28\/caracas-e-colombia-assinam-acordo-para-reativar-ligacao-de-energia\/","name":"Caracas e Col\u00f4mbia assinam acordo para reativar liga\u00e7\u00e3o de energia - Portal Tela Portugal","isPartOf":{"@id":"https:\/\/portaltela.pt\/#website"},"primaryImageOfPage":{"@id":"https:\/\/portaltela.pt\/noticias\/2026\/04\/28\/caracas-e-colombia-assinam-acordo-para-reativar-ligacao-de-energia\/#primaryimage"},"image":{"@id":"https:\/\/portaltela.pt\/noticias\/2026\/04\/28\/caracas-e-colombia-assinam-acordo-para-reativar-ligacao-de-energia\/#primaryimage"},"thumbnailUrl":"https:\/\/portaltela.pt\/s.01k8rhncp4jt1\/2026\/04\/img_1500x1000uu2026-04-28-18-41-21-2281677.jpg","datePublished":"2026-04-28T17:49:06+00:00","author":{"@id":"https:\/\/portaltela.pt\/#\/schema\/person\/c4278d4a6028830caff9ee44b42d32ed"},"breadcrumb":{"@id":"https:\/\/portaltela.pt\/noticias\/2026\/04\/28\/caracas-e-colombia-assinam-acordo-para-reativar-ligacao-de-energia\/#breadcrumb"},"inLanguage":"pt-PT","potentialAction":[{"@type":"ReadAction","target":["https:\/\/portaltela.pt\/noticias\/2026\/04\/28\/caracas-e-colombia-assinam-acordo-para-reativar-ligacao-de-energia\/"]}]},{"@type":"ImageObject","inLanguage":"pt-PT","@id":"https:\/\/portaltela.pt\/noticias\/2026\/04\/28\/caracas-e-colombia-assinam-acordo-para-reativar-ligacao-de-energia\/#primaryimage","url":"https:\/\/portaltela.pt\/s.01k8rhncp4jt1\/2026\/04\/img_1500x1000uu2026-04-28-18-41-21-2281677.jpg","contentUrl":"https:\/\/portaltela.pt\/s.01k8rhncp4jt1\/2026\/04\/img_1500x1000uu2026-04-28-18-41-21-2281677.jpg","width":796,"height":448,"caption":"Caracas e Col\u00f4mbia assinam acordo para reativar liga\u00e7\u00e3o de energia el\u00e9trica"},{"@type":"BreadcrumbList","@id":"https:\/\/portaltela.pt\/noticias\/2026\/04\/28\/caracas-e-colombia-assinam-acordo-para-reativar-ligacao-de-energia\/#breadcrumb","itemListElement":[{"@type":"ListItem","position":1,"name":"In\u00edcio","item":"https:\/\/portaltela.pt\/"},{"@type":"ListItem","position":2,"name":"Caracas e Col\u00f4mbia assinam acordo para reativar liga\u00e7\u00e3o de energia"}]},{"@type":"WebSite","@id":"https:\/\/portaltela.pt\/#website","url":"https:\/\/portaltela.pt\/","name":"Portal Tela Portugal","description":"","potentialAction":[{"@type":"SearchAction","target":{"@type":"EntryPoint","urlTemplate":"https:\/\/portaltela.pt\/?s={search_term_string}"},"query-input":{"@type":"PropertyValueSpecification","valueRequired":true,"valueName":"search_term_string"}}],"inLanguage":"pt-PT"},{"@type":"Person","@id":"https:\/\/portaltela.pt\/#\/schema\/person\/c4278d4a6028830caff9ee44b42d32ed","name":"Telinha","image":{"@type":"ImageObject","inLanguage":"pt-PT","@id":"https:\/\/portaltela.pt\/s.01k8rhncp4jt1\/2025\/11\/talking-bot-125x125.png","url":"https:\/\/portaltela.pt\/s.01k8rhncp4jt1\/2025\/11\/talking-bot-125x125.png","contentUrl":"https:\/\/portaltela.pt\/s.01k8rhncp4jt1\/2025\/11\/talking-bot-125x125.png","caption":"Telinha"},"sameAs":["https:\/\/portaltela.pt\/"],"url":"https:\/\/portaltela.pt\/por\/367410592786\/"}]}},"_links":{"self":[{"href":"https:\/\/portaltela.pt\/api\/wp\/v2\/posts\/460216","targetHints":{"allow":["GET"]}}],"collection":[{"href":"https:\/\/portaltela.pt\/api\/wp\/v2\/posts"}],"about":[{"href":"https:\/\/portaltela.pt\/api\/wp\/v2\/types\/post"}],"author":[{"embeddable":true,"href":"https:\/\/portaltela.pt\/api\/wp\/v2\/users\/2"}],"replies":[{"embeddable":true,"href":"https:\/\/portaltela.pt\/api\/wp\/v2\/comments?post=460216"}],"version-history":[{"count":0,"href":"https:\/\/portaltela.pt\/api\/wp\/v2\/posts\/460216\/revisions"}],"wp:featuredmedia":[{"embeddable":true,"href":"https:\/\/portaltela.pt\/api\/wp\/v2\/media\/460222"}],"wp:attachment":[{"href":"https:\/\/portaltela.pt\/api\/wp\/v2\/media?parent=460216"}],"wp:term":[{"taxonomy":"category","embeddable":true,"href":"https:\/\/portaltela.pt\/api\/wp\/v2\/categories?post=460216"},{"taxonomy":"post_tag","embeddable":true,"href":"https:\/\/portaltela.pt\/api\/wp\/v2\/tags?post=460216"}],"curies":[{"name":"wp","href":"https:\/\/api.w.org\/{rel}","templated":true}]}}