{"id":460215,"date":"2026-04-28T14:39:00","date_gmt":"2026-04-28T17:39:00","guid":{"rendered":"https:\/\/portaltela.pt\/noticias\/2026\/04\/28\/governo-avanca-fundo-de-catastrofes-naturais-com-seguro-obrigatorio\/"},"modified":"2026-04-28T14:39:00","modified_gmt":"2026-04-28T17:39:00","slug":"governo-avanca-fundo-de-catastrofes-naturais-com-seguro-obrigatorio","status":"publish","type":"post","link":"https:\/\/portaltela.pt\/noticias\/economia\/2026\/04\/28\/governo-avanca-fundo-de-catastrofes-naturais-com-seguro-obrigatorio\/","title":{"rendered":"Governo avan\u00e7a fundo de cat\u00e1strofes naturais com seguro obrigat\u00f3rio"},"content":{"rendered":"<p>O Governo vai criar um fundo de cat\u00e1strofes naturais e s\u00edsmicas ligado a um seguro obrigat\u00f3rio para habita\u00e7\u00f5es, com um mecanismo de solidariedade para assegurar acesso universal. A medida foi apresentada no \u00e2mbito do programa PTRR, em Lisboa.<\/p>\n<p>O an\u00fancio foi feito por Lu\u00eds Montenegro, que explicou a liga\u00e7\u00e3o entre o fundo e o seguro obrigat\u00f3rio para habita\u00e7\u00f5es e infraestruturas f\u00edsicas das empresas. O objetivo \u00e9 refor\u00e7ar a resili\u00eancia face a eventos clim\u00e1ticos e s\u00edsmicos.<\/p>\n<p>Montenegro afirmou que o Estado n\u00e3o pode assumir todas as responsabilidades nem pagar tudo a todos de forma permanente, destacando a necessidade de sustentabilidade e de manter a coes\u00e3o social. O foco \u00e9 uma solu\u00e7\u00e3o equilibrada.<\/p>\n<p>Segundo o primeiro-ministro, o fundo dever\u00e1 salvaguardar a solidariedade social, assegurando apoio para quem tem maior dificuldade econ\u00f3mica, sem deixar de financiar o acesso ao regime de seguro.<\/p>\n<p>O governante sublinhou que este passo exige conciliar responsabilidades p\u00fablicas com a participa\u00e7\u00e3o do setor privado e estruturas da sociedade, garantindo uma resposta integrada \u00e0s calamidades. O Estado n\u00e3o substituir\u00e1 os seguros.<\/p>\n<p>As linhas orientadoras destacadas s\u00e3o a obrigatoriedade do seguro de habita\u00e7\u00e3o com coberturas claras, aliadas a um apoio p\u00fablico para quem n\u00e3o consegue aceder integralmente ao seguro.<\/p>\n","protected":false},"excerpt":{"rendered":"<ul>\n<li>O Governo vai criar um fundo de cat\u00e1strofes naturais e s\u00edsmicas, ligado a um seguro obrigat\u00f3rio para habita\u00e7\u00f5es, com um mecanismo de solidariedade para garantir acesso universal.<\/li>\n<li>A proposta foi apresentada por Lu\u00eds Montenegro no an\u00fancio da vers\u00e3o final do programa PTRR, em Lisboa.<\/li>\n<li>O objetivo \u00e9 evitar que o Estado pague tudo a toda a gente, mantendo a sustentabilidade e a justi\u00e7a social, segundo Montenegro.<\/li>\n<li>O fundo ficar\u00e1 alocado a um sistema de seguro obrigat\u00f3rio para habita\u00e7\u00e3o e para as infraestruturas f\u00edsicas das empresas, com apoio p\u00fablico para quem tiver dificuldade econ\u00f3mica.<\/li>\n<li>As duas linhas orientadoras s\u00e3o: obriga\u00e7\u00e3o de seguro para habita\u00e7\u00e3o com coberturas claras e um mecanismo p\u00fablico de apoio para quem n\u00e3o consegue aceder integralmente ao seguro.<\/li>\n<\/ul>\n","protected":false},"author":2,"featured_media":460224,"comment_status":"closed","ping_status":"closed","sticky":false,"template":"","format":"standard","meta":{"footnotes":""},"categories":[2,6850],"tags":[7922,7791,7974,8044,8846,3416],"class_list":["post-460215","post","type-post","status-publish","format-standard","has-post-thumbnail","hentry","category-economia","category-financas","tag-_catastrofes-naturais","tag-_habitacao","tag-_lisboa","tag-_protecao-civil","tag-_solidariedade-social","tag-seguro"],"yoast_head":"<!-- This site is optimized with the Yoast SEO plugin v27.2 - https:\/\/yoast.com\/product\/yoast-seo-wordpress\/ -->\n<title>Governo avan\u00e7a fundo de cat\u00e1strofes naturais com seguro obrigat\u00f3rio - Portal Tela Portugal<\/title>\n<meta name=\"robots\" content=\"index, follow, max-snippet:-1, max-image-preview:large, max-video-preview:-1\" \/>\n<meta property=\"og:locale\" content=\"pt_PT\" \/>\n<meta property=\"og:type\" content=\"article\" \/>\n<meta property=\"og:title\" content=\"Governo avan\u00e7a fundo de cat\u00e1strofes naturais com seguro obrigat\u00f3rio - Portal Tela Portugal\" \/>\n<meta property=\"og:description\" content=\"O Governo vai criar um fundo de cat\u00e1strofes naturais e s\u00edsmicas, ligado a um seguro obrigat\u00f3rio para habita\u00e7\u00f5es, com um mecanismo de solidariedade para garantir acesso universal. A proposta foi apresentada por Lu\u00eds Montenegro no an\u00fancio da vers\u00e3o final do programa PTRR, em Lisboa. O objetivo \u00e9 evitar que o Estado pague tudo a toda a gente, mantendo a sustentabilidade e a justi\u00e7a social, segundo Montenegro. O fundo ficar\u00e1 alocado a um sistema de seguro obrigat\u00f3rio para habita\u00e7\u00e3o e para as infraestruturas f\u00edsicas das empresas, com apoio p\u00fablico para quem tiver dificuldade econ\u00f3mica. As duas linhas orientadoras s\u00e3o: obriga\u00e7\u00e3o de seguro para habita\u00e7\u00e3o com coberturas claras e um mecanismo p\u00fablico de apoio para quem n\u00e3o consegue aceder integralmente ao seguro.\" \/>\n<meta property=\"og:url\" content=\"https:\/\/portaltela.pt\/noticias\/2026\/04\/28\/governo-avanca-fundo-de-catastrofes-naturais-com-seguro-obrigatorio\/\" \/>\n<meta property=\"og:site_name\" content=\"Portal Tela Portugal\" \/>\n<meta property=\"article:published_time\" content=\"2026-04-28T17:39:00+00:00\" \/>\n<meta name=\"author\" content=\"Telinha\" \/>\n<meta name=\"twitter:card\" content=\"summary_large_image\" \/>\n<meta name=\"twitter:label1\" content=\"Escrito por\" \/>\n\t<meta name=\"twitter:data1\" content=\"Telinha\" \/>\n\t<meta name=\"twitter:label2\" content=\"Tempo estimado de leitura\" \/>\n\t<meta name=\"twitter:data2\" content=\"1 minuto\" \/>\n<script type=\"application\/ld+json\" class=\"yoast-schema-graph\">{\"@context\":\"https:\/\/schema.org\",\"@graph\":[{\"@type\":\"Article\",\"@id\":\"https:\/\/portaltela.pt\/noticias\/2026\/04\/28\/governo-avanca-fundo-de-catastrofes-naturais-com-seguro-obrigatorio\/#article\",\"isPartOf\":{\"@id\":\"https:\/\/portaltela.pt\/noticias\/2026\/04\/28\/governo-avanca-fundo-de-catastrofes-naturais-com-seguro-obrigatorio\/\"},\"author\":{\"name\":\"Telinha\",\"@id\":\"https:\/\/portaltela.pt\/#\/schema\/person\/c4278d4a6028830caff9ee44b42d32ed\"},\"headline\":\"Governo avan\u00e7a fundo de cat\u00e1strofes naturais com seguro obrigat\u00f3rio\",\"datePublished\":\"2026-04-28T17:39:00+00:00\",\"mainEntityOfPage\":{\"@id\":\"https:\/\/portaltela.pt\/noticias\/2026\/04\/28\/governo-avanca-fundo-de-catastrofes-naturais-com-seguro-obrigatorio\/\"},\"wordCount\":233,\"image\":{\"@id\":\"https:\/\/portaltela.pt\/noticias\/2026\/04\/28\/governo-avanca-fundo-de-catastrofes-naturais-com-seguro-obrigatorio\/#primaryimage\"},\"thumbnailUrl\":\"https:\/\/portaltela.pt\/s.01k8rhncp4jt1\/2026\/04\/image-1611.jpg\",\"keywords\":[\"_cat\u00e1strofes naturais\",\"_habita\u00e7\u00e3o\",\"_Lisboa\",\"_prote\u00e7\u00e3o civil\",\"_Solidariedade Social\",\"Seguro\"],\"articleSection\":[\"Economia\",\"Finan\u00e7as\"],\"inLanguage\":\"pt-PT\"},{\"@type\":\"WebPage\",\"@id\":\"https:\/\/portaltela.pt\/noticias\/2026\/04\/28\/governo-avanca-fundo-de-catastrofes-naturais-com-seguro-obrigatorio\/\",\"url\":\"https:\/\/portaltela.pt\/noticias\/2026\/04\/28\/governo-avanca-fundo-de-catastrofes-naturais-com-seguro-obrigatorio\/\",\"name\":\"Governo avan\u00e7a fundo de cat\u00e1strofes naturais com seguro obrigat\u00f3rio - Portal Tela Portugal\",\"isPartOf\":{\"@id\":\"https:\/\/portaltela.pt\/#website\"},\"primaryImageOfPage\":{\"@id\":\"https:\/\/portaltela.pt\/noticias\/2026\/04\/28\/governo-avanca-fundo-de-catastrofes-naturais-com-seguro-obrigatorio\/#primaryimage\"},\"image\":{\"@id\":\"https:\/\/portaltela.pt\/noticias\/2026\/04\/28\/governo-avanca-fundo-de-catastrofes-naturais-com-seguro-obrigatorio\/#primaryimage\"},\"thumbnailUrl\":\"https:\/\/portaltela.pt\/s.01k8rhncp4jt1\/2026\/04\/image-1611.jpg\",\"datePublished\":\"2026-04-28T17:39:00+00:00\",\"author\":{\"@id\":\"https:\/\/portaltela.pt\/#\/schema\/person\/c4278d4a6028830caff9ee44b42d32ed\"},\"breadcrumb\":{\"@id\":\"https:\/\/portaltela.pt\/noticias\/2026\/04\/28\/governo-avanca-fundo-de-catastrofes-naturais-com-seguro-obrigatorio\/#breadcrumb\"},\"inLanguage\":\"pt-PT\",\"potentialAction\":[{\"@type\":\"ReadAction\",\"target\":[\"https:\/\/portaltela.pt\/noticias\/2026\/04\/28\/governo-avanca-fundo-de-catastrofes-naturais-com-seguro-obrigatorio\/\"]}]},{\"@type\":\"ImageObject\",\"inLanguage\":\"pt-PT\",\"@id\":\"https:\/\/portaltela.pt\/noticias\/2026\/04\/28\/governo-avanca-fundo-de-catastrofes-naturais-com-seguro-obrigatorio\/#primaryimage\",\"url\":\"https:\/\/portaltela.pt\/s.01k8rhncp4jt1\/2026\/04\/image-1611.jpg\",\"contentUrl\":\"https:\/\/portaltela.pt\/s.01k8rhncp4jt1\/2026\/04\/image-1611.jpg\",\"width\":796,\"height\":448,\"caption\":\"O primeiro-ministro admitiu que esta medida ter\u00e1 grande impacto na \\\"organiza\u00e7\u00e3o c\u00edvica, social, econ\u00f3mica\\\"\"},{\"@type\":\"BreadcrumbList\",\"@id\":\"https:\/\/portaltela.pt\/noticias\/2026\/04\/28\/governo-avanca-fundo-de-catastrofes-naturais-com-seguro-obrigatorio\/#breadcrumb\",\"itemListElement\":[{\"@type\":\"ListItem\",\"position\":1,\"name\":\"In\u00edcio\",\"item\":\"https:\/\/portaltela.pt\/\"},{\"@type\":\"ListItem\",\"position\":2,\"name\":\"Governo avan\u00e7a fundo de cat\u00e1strofes naturais com seguro obrigat\u00f3rio\"}]},{\"@type\":\"WebSite\",\"@id\":\"https:\/\/portaltela.pt\/#website\",\"url\":\"https:\/\/portaltela.pt\/\",\"name\":\"Portal Tela Portugal\",\"description\":\"\",\"potentialAction\":[{\"@type\":\"SearchAction\",\"target\":{\"@type\":\"EntryPoint\",\"urlTemplate\":\"https:\/\/portaltela.pt\/?s={search_term_string}\"},\"query-input\":{\"@type\":\"PropertyValueSpecification\",\"valueRequired\":true,\"valueName\":\"search_term_string\"}}],\"inLanguage\":\"pt-PT\"},{\"@type\":\"Person\",\"@id\":\"https:\/\/portaltela.pt\/#\/schema\/person\/c4278d4a6028830caff9ee44b42d32ed\",\"name\":\"Telinha\",\"image\":{\"@type\":\"ImageObject\",\"inLanguage\":\"pt-PT\",\"@id\":\"https:\/\/portaltela.pt\/s.01k8rhncp4jt1\/2025\/11\/talking-bot-125x125.png\",\"url\":\"https:\/\/portaltela.pt\/s.01k8rhncp4jt1\/2025\/11\/talking-bot-125x125.png\",\"contentUrl\":\"https:\/\/portaltela.pt\/s.01k8rhncp4jt1\/2025\/11\/talking-bot-125x125.png\",\"caption\":\"Telinha\"},\"sameAs\":[\"https:\/\/portaltela.pt\/\"],\"url\":\"https:\/\/portaltela.pt\/por\/367410592786\/\"}]}<\/script>\n<!-- \/ Yoast SEO plugin. -->","yoast_head_json":{"title":"Governo avan\u00e7a fundo de cat\u00e1strofes naturais com seguro obrigat\u00f3rio - Portal Tela Portugal","robots":{"index":"index","follow":"follow","max-snippet":"max-snippet:-1","max-image-preview":"max-image-preview:large","max-video-preview":"max-video-preview:-1"},"og_locale":"pt_PT","og_type":"article","og_title":"Governo avan\u00e7a fundo de cat\u00e1strofes naturais com seguro obrigat\u00f3rio - Portal Tela Portugal","og_description":"O Governo vai criar um fundo de cat\u00e1strofes naturais e s\u00edsmicas, ligado a um seguro obrigat\u00f3rio para habita\u00e7\u00f5es, com um mecanismo de solidariedade para garantir acesso universal. A proposta foi apresentada por Lu\u00eds Montenegro no an\u00fancio da vers\u00e3o final do programa PTRR, em Lisboa. O objetivo \u00e9 evitar que o Estado pague tudo a toda a gente, mantendo a sustentabilidade e a justi\u00e7a social, segundo Montenegro. O fundo ficar\u00e1 alocado a um sistema de seguro obrigat\u00f3rio para habita\u00e7\u00e3o e para as infraestruturas f\u00edsicas das empresas, com apoio p\u00fablico para quem tiver dificuldade econ\u00f3mica. As duas linhas orientadoras s\u00e3o: obriga\u00e7\u00e3o de seguro para habita\u00e7\u00e3o com coberturas claras e um mecanismo p\u00fablico de apoio para quem n\u00e3o consegue aceder integralmente ao seguro.","og_url":"https:\/\/portaltela.pt\/noticias\/2026\/04\/28\/governo-avanca-fundo-de-catastrofes-naturais-com-seguro-obrigatorio\/","og_site_name":"Portal Tela Portugal","article_published_time":"2026-04-28T17:39:00+00:00","author":"Telinha","twitter_card":"summary_large_image","twitter_misc":{"Escrito por":"Telinha","Tempo estimado de leitura":"1 minuto"},"schema":{"@context":"https:\/\/schema.org","@graph":[{"@type":"Article","@id":"https:\/\/portaltela.pt\/noticias\/2026\/04\/28\/governo-avanca-fundo-de-catastrofes-naturais-com-seguro-obrigatorio\/#article","isPartOf":{"@id":"https:\/\/portaltela.pt\/noticias\/2026\/04\/28\/governo-avanca-fundo-de-catastrofes-naturais-com-seguro-obrigatorio\/"},"author":{"name":"Telinha","@id":"https:\/\/portaltela.pt\/#\/schema\/person\/c4278d4a6028830caff9ee44b42d32ed"},"headline":"Governo avan\u00e7a fundo de cat\u00e1strofes naturais com seguro obrigat\u00f3rio","datePublished":"2026-04-28T17:39:00+00:00","mainEntityOfPage":{"@id":"https:\/\/portaltela.pt\/noticias\/2026\/04\/28\/governo-avanca-fundo-de-catastrofes-naturais-com-seguro-obrigatorio\/"},"wordCount":233,"image":{"@id":"https:\/\/portaltela.pt\/noticias\/2026\/04\/28\/governo-avanca-fundo-de-catastrofes-naturais-com-seguro-obrigatorio\/#primaryimage"},"thumbnailUrl":"https:\/\/portaltela.pt\/s.01k8rhncp4jt1\/2026\/04\/image-1611.jpg","keywords":["_cat\u00e1strofes naturais","_habita\u00e7\u00e3o","_Lisboa","_prote\u00e7\u00e3o civil","_Solidariedade Social","Seguro"],"articleSection":["Economia","Finan\u00e7as"],"inLanguage":"pt-PT"},{"@type":"WebPage","@id":"https:\/\/portaltela.pt\/noticias\/2026\/04\/28\/governo-avanca-fundo-de-catastrofes-naturais-com-seguro-obrigatorio\/","url":"https:\/\/portaltela.pt\/noticias\/2026\/04\/28\/governo-avanca-fundo-de-catastrofes-naturais-com-seguro-obrigatorio\/","name":"Governo avan\u00e7a fundo de cat\u00e1strofes naturais com seguro obrigat\u00f3rio - Portal Tela Portugal","isPartOf":{"@id":"https:\/\/portaltela.pt\/#website"},"primaryImageOfPage":{"@id":"https:\/\/portaltela.pt\/noticias\/2026\/04\/28\/governo-avanca-fundo-de-catastrofes-naturais-com-seguro-obrigatorio\/#primaryimage"},"image":{"@id":"https:\/\/portaltela.pt\/noticias\/2026\/04\/28\/governo-avanca-fundo-de-catastrofes-naturais-com-seguro-obrigatorio\/#primaryimage"},"thumbnailUrl":"https:\/\/portaltela.pt\/s.01k8rhncp4jt1\/2026\/04\/image-1611.jpg","datePublished":"2026-04-28T17:39:00+00:00","author":{"@id":"https:\/\/portaltela.pt\/#\/schema\/person\/c4278d4a6028830caff9ee44b42d32ed"},"breadcrumb":{"@id":"https:\/\/portaltela.pt\/noticias\/2026\/04\/28\/governo-avanca-fundo-de-catastrofes-naturais-com-seguro-obrigatorio\/#breadcrumb"},"inLanguage":"pt-PT","potentialAction":[{"@type":"ReadAction","target":["https:\/\/portaltela.pt\/noticias\/2026\/04\/28\/governo-avanca-fundo-de-catastrofes-naturais-com-seguro-obrigatorio\/"]}]},{"@type":"ImageObject","inLanguage":"pt-PT","@id":"https:\/\/portaltela.pt\/noticias\/2026\/04\/28\/governo-avanca-fundo-de-catastrofes-naturais-com-seguro-obrigatorio\/#primaryimage","url":"https:\/\/portaltela.pt\/s.01k8rhncp4jt1\/2026\/04\/image-1611.jpg","contentUrl":"https:\/\/portaltela.pt\/s.01k8rhncp4jt1\/2026\/04\/image-1611.jpg","width":796,"height":448,"caption":"O primeiro-ministro admitiu que esta medida ter\u00e1 grande impacto na \"organiza\u00e7\u00e3o c\u00edvica, social, econ\u00f3mica\""},{"@type":"BreadcrumbList","@id":"https:\/\/portaltela.pt\/noticias\/2026\/04\/28\/governo-avanca-fundo-de-catastrofes-naturais-com-seguro-obrigatorio\/#breadcrumb","itemListElement":[{"@type":"ListItem","position":1,"name":"In\u00edcio","item":"https:\/\/portaltela.pt\/"},{"@type":"ListItem","position":2,"name":"Governo avan\u00e7a fundo de cat\u00e1strofes naturais com seguro obrigat\u00f3rio"}]},{"@type":"WebSite","@id":"https:\/\/portaltela.pt\/#website","url":"https:\/\/portaltela.pt\/","name":"Portal Tela Portugal","description":"","potentialAction":[{"@type":"SearchAction","target":{"@type":"EntryPoint","urlTemplate":"https:\/\/portaltela.pt\/?s={search_term_string}"},"query-input":{"@type":"PropertyValueSpecification","valueRequired":true,"valueName":"search_term_string"}}],"inLanguage":"pt-PT"},{"@type":"Person","@id":"https:\/\/portaltela.pt\/#\/schema\/person\/c4278d4a6028830caff9ee44b42d32ed","name":"Telinha","image":{"@type":"ImageObject","inLanguage":"pt-PT","@id":"https:\/\/portaltela.pt\/s.01k8rhncp4jt1\/2025\/11\/talking-bot-125x125.png","url":"https:\/\/portaltela.pt\/s.01k8rhncp4jt1\/2025\/11\/talking-bot-125x125.png","contentUrl":"https:\/\/portaltela.pt\/s.01k8rhncp4jt1\/2025\/11\/talking-bot-125x125.png","caption":"Telinha"},"sameAs":["https:\/\/portaltela.pt\/"],"url":"https:\/\/portaltela.pt\/por\/367410592786\/"}]}},"_links":{"self":[{"href":"https:\/\/portaltela.pt\/api\/wp\/v2\/posts\/460215","targetHints":{"allow":["GET"]}}],"collection":[{"href":"https:\/\/portaltela.pt\/api\/wp\/v2\/posts"}],"about":[{"href":"https:\/\/portaltela.pt\/api\/wp\/v2\/types\/post"}],"author":[{"embeddable":true,"href":"https:\/\/portaltela.pt\/api\/wp\/v2\/users\/2"}],"replies":[{"embeddable":true,"href":"https:\/\/portaltela.pt\/api\/wp\/v2\/comments?post=460215"}],"version-history":[{"count":0,"href":"https:\/\/portaltela.pt\/api\/wp\/v2\/posts\/460215\/revisions"}],"wp:featuredmedia":[{"embeddable":true,"href":"https:\/\/portaltela.pt\/api\/wp\/v2\/media\/460224"}],"wp:attachment":[{"href":"https:\/\/portaltela.pt\/api\/wp\/v2\/media?parent=460215"}],"wp:term":[{"taxonomy":"category","embeddable":true,"href":"https:\/\/portaltela.pt\/api\/wp\/v2\/categories?post=460215"},{"taxonomy":"post_tag","embeddable":true,"href":"https:\/\/portaltela.pt\/api\/wp\/v2\/tags?post=460215"}],"curies":[{"name":"wp","href":"https:\/\/api.w.org\/{rel}","templated":true}]}}