{"id":460208,"date":"2026-04-28T14:48:55","date_gmt":"2026-04-28T17:48:55","guid":{"rendered":"https:\/\/portaltela.pt\/noticias\/2026\/04\/28\/eredivisie-pode-nao-ser-concluida-devido-a-novo-caos\/"},"modified":"2026-04-28T14:48:55","modified_gmt":"2026-04-28T17:48:55","slug":"eredivisie-pode-nao-ser-concluida-devido-a-novo-caos","status":"publish","type":"post","link":"https:\/\/portaltela.pt\/desporto\/futebol\/2026\/04\/28\/eredivisie-pode-nao-ser-concluida-devido-a-novo-caos\/","title":{"rendered":"Eredivisie pode n\u00e3o ser conclu\u00edda devido a novo caos"},"content":{"rendered":"<p>A Eredivisie, o principal escal\u00e3o do futebol dos Pa\u00edses Baixos, enfrenta mais uma contenda jur\u00eddica que pode colocar em causa a conclus\u00e3o da \u00e9poca. O NAC Breda reclama a repeti\u00e7\u00e3o do jogo frente ao Go Ahead Eagles, ap\u00f3s derrota por 6-0 na 27.\u00aa jornada, alegando utiliza\u00e7\u00e3o irregular de Dean James.<\/p>\n<p>O processo est\u00e1 em curso junto da Federa\u00e7\u00e3o Holandesa de Futebol (KNVB) e a decis\u00e3o est\u00e1 prevista para 4 de maio. A queixa envolve o jogador Dean James, lateral-esquerdo do Go Ahead Eagles, alegadamente impedido de competir legalmente segundo o regulamento do campeonato.<\/p>\n<p>Segundo o NAC Breda, clube que ocupa a posi\u00e7\u00e3o 17 na tabela e est\u00e1 na zona de despromo\u00e7\u00e3o, o jogador teria sido eleg\u00edvel sob o estatuto que regeu a situa\u00e7\u00e3o. Alegam irregularidades na forma como o atleta foi autorizado a jogar.<\/p>\n<p>Aketemente, o clube aponta para a naturaliza\u00e7\u00e3o do atleta pela Indon\u00e9sia e a consequente perda da cidadania da Uni\u00e3o Europeia, alegando que isso exigiria visto de trabalho espec\u00edfico e sal\u00e1rio m\u00ednimo para atletas extra-comunit\u00e1rios, requisitos que, dizem, n\u00e3o teriam sido cumpridos.<\/p>\n<p>Caso o NAC Breda tenha raz\u00e3o, o impacto pode ser amplo: at\u00e9 seis clubes adicionais \u2014 Ajax, Feyenoord, Telstar, FC Volendam, Heracles e TOP Oss \u2014 podem apresentar protestos, com 133 jogos j\u00e1 realizados potencialmente em causa. A competi\u00e7\u00e3o ficaria em risco.<\/p>\n<p>A Federa\u00e7\u00e3o mant\u00e9m a posi\u00e7\u00e3o de que a nacionalidade \u00e9 tema sens\u00edvel e privado, sem confirmar neglig\u00eancia, mas n\u00e3o contesta a possibilidade de recurso. Marianne van Leeuwen, vice-presidente da KNVB, indicou que o campeonato pode n\u00e3o ser conclu\u00eddo se o processo favorecer a parte reclamante.<\/p>\n<p>Caso haja decis\u00e3o favor\u00e1vel ao NAC Breda, persiste a inc\u00f3gnita sobre o desfecho da \u00e9poca e a forma de resolver os jogos pendentes. O tema est\u00e1 a gerar debate entre clubes, portugueses e f\u00e3s, enquanto se aguardam desenvolvimentos oficiais.<\/p>\n","protected":false},"excerpt":{"rendered":"<ul>\n<li>A Eredivisie pode n\u00e3o ser conclu\u00edda caso o NAC Breda ven\u00e7a o processo contra a federa\u00e7\u00e3o, cuja decis\u00e3o est\u00e1 marcada para 4 de maio.<\/li>\n<li>O NAC Breda contestou a derrota por 6-0 frente ao Go Ahead Eagles na 27.\u00aa jornada, alegando utiliza\u00e7\u00e3o irregular de Dean James, lateral do advers\u00e1rio, e pediu a repeti\u00e7\u00e3o do encontro, em mais um caso conhecido como \u201cPasspoorgate\u201d.<\/li>\n<li>De acordo com o regulamento, o jogador de 25 anos n\u00e3o seria eleg\u00edvel por ter naturalizado pela Indon\u00e9sia, o que lhe retirou a cidadania da Uni\u00e3o Europeia e poderia implicar visto de trabalho espec\u00edfico e sal\u00e1rio m\u00ednimo para atletas extracomunit\u00e1rios.<\/li>\n<li>Se o NAC Breda receber raz\u00e3o, poder\u00e3o surgir queixas de pelo menos mais seis clubes \u2014 Ajax, Feyenoord, Telstar, FC Volendam, Heracles e TOP Oss \u2014 e existem 133 jogos j\u00e1 realizados que podem ser contestados, colocando em risco o desfecho da competi\u00e7\u00e3o.<\/li>\n<li>A federa\u00e7\u00e3o admite a possibilidade, mas a vice-presidente Marianne van Leeuwen disse que a nacionalidade \u00e9 tema sens\u00edvel e privado para clubes e jogadores, sem admitir neglig\u00eancia.<\/li>\n<\/ul>\n","protected":false},"author":2,"featured_media":460213,"comment_status":"closed","ping_status":"closed","sticky":false,"template":"","format":"standard","meta":{"footnotes":""},"categories":[21,24],"tags":[1714,9878,4233,32,2435,9877],"class_list":["post-460208","post","type-post","status-publish","format-standard","has-post-thumbnail","hentry","category-desporto","category-futebol","tag-ajax","tag-fc-volendam","tag-feyenoord","tag-futebol","tag-nacionalidade","tag-telstar"],"yoast_head":"<!-- This site is optimized with the Yoast SEO plugin v27.2 - https:\/\/yoast.com\/product\/yoast-seo-wordpress\/ -->\n<title>Eredivisie pode n\u00e3o ser conclu\u00edda devido a novo caos - Portal Tela Portugal<\/title>\n<meta name=\"robots\" content=\"index, follow, max-snippet:-1, max-image-preview:large, max-video-preview:-1\" \/>\n<meta property=\"og:locale\" content=\"pt_PT\" \/>\n<meta property=\"og:type\" content=\"article\" \/>\n<meta property=\"og:title\" content=\"Eredivisie pode n\u00e3o ser conclu\u00edda devido a novo caos - Portal Tela Portugal\" \/>\n<meta property=\"og:description\" content=\"A Eredivisie pode n\u00e3o ser conclu\u00edda caso o NAC Breda ven\u00e7a o processo contra a federa\u00e7\u00e3o, cuja decis\u00e3o est\u00e1 marcada para 4 de maio. O NAC Breda contestou a derrota por 6-0 frente ao Go Ahead Eagles na 27.\u00aa jornada, alegando utiliza\u00e7\u00e3o irregular de Dean James, lateral do advers\u00e1rio, e pediu a repeti\u00e7\u00e3o do encontro, em mais um caso conhecido como \u201cPasspoorgate\u201d. De acordo com o regulamento, o jogador de 25 anos n\u00e3o seria eleg\u00edvel por ter naturalizado pela Indon\u00e9sia, o que lhe retirou a cidadania da Uni\u00e3o Europeia e poderia implicar visto de trabalho espec\u00edfico e sal\u00e1rio m\u00ednimo para atletas extracomunit\u00e1rios. Se o NAC Breda receber raz\u00e3o, poder\u00e3o surgir queixas de pelo menos mais seis clubes \u2014 Ajax, Feyenoord, Telstar, FC Volendam, Heracles e TOP Oss \u2014 e existem 133 jogos j\u00e1 realizados que podem ser contestados, colocando em risco o desfecho da competi\u00e7\u00e3o. A federa\u00e7\u00e3o admite a possibilidade, mas a vice-presidente Marianne van Leeuwen disse que a nacionalidade \u00e9 tema sens\u00edvel e privado para clubes e jogadores, sem admitir neglig\u00eancia.\" \/>\n<meta property=\"og:url\" content=\"https:\/\/portaltela.pt\/noticias\/2026\/04\/28\/eredivisie-pode-nao-ser-concluida-devido-a-novo-caos\/\" \/>\n<meta property=\"og:site_name\" content=\"Portal Tela Portugal\" \/>\n<meta property=\"article:published_time\" content=\"2026-04-28T17:48:55+00:00\" \/>\n<meta name=\"author\" content=\"Telinha\" \/>\n<meta name=\"twitter:card\" content=\"summary_large_image\" \/>\n<meta name=\"twitter:label1\" content=\"Escrito por\" \/>\n\t<meta name=\"twitter:data1\" content=\"Telinha\" \/>\n\t<meta name=\"twitter:label2\" content=\"Tempo estimado de leitura\" \/>\n\t<meta name=\"twitter:data2\" content=\"2 minutos\" \/>\n<script type=\"application\/ld+json\" class=\"yoast-schema-graph\">{\"@context\":\"https:\/\/schema.org\",\"@graph\":[{\"@type\":\"Article\",\"@id\":\"https:\/\/portaltela.pt\/noticias\/2026\/04\/28\/eredivisie-pode-nao-ser-concluida-devido-a-novo-caos\/#article\",\"isPartOf\":{\"@id\":\"https:\/\/portaltela.pt\/noticias\/2026\/04\/28\/eredivisie-pode-nao-ser-concluida-devido-a-novo-caos\/\"},\"author\":{\"name\":\"Telinha\",\"@id\":\"https:\/\/portaltela.pt\/#\/schema\/person\/c4278d4a6028830caff9ee44b42d32ed\"},\"headline\":\"Eredivisie pode n\u00e3o ser conclu\u00edda devido a novo caos\",\"datePublished\":\"2026-04-28T17:48:55+00:00\",\"mainEntityOfPage\":{\"@id\":\"https:\/\/portaltela.pt\/noticias\/2026\/04\/28\/eredivisie-pode-nao-ser-concluida-devido-a-novo-caos\/\"},\"wordCount\":340,\"image\":{\"@id\":\"https:\/\/portaltela.pt\/noticias\/2026\/04\/28\/eredivisie-pode-nao-ser-concluida-devido-a-novo-caos\/#primaryimage\"},\"thumbnailUrl\":\"https:\/\/portaltela.pt\/s.01k8rhncp4jt1\/2026\/04\/img_920x518uu2026-04-28-18-36-52-2435787.png\",\"keywords\":[\"Ajax\",\"FC Volendam\",\"Feyenoord\",\"futebol\",\"nacionalidade\",\"Telstar\"],\"articleSection\":[\"Desporto\",\"Futebol\"],\"inLanguage\":\"pt-PT\"},{\"@type\":\"WebPage\",\"@id\":\"https:\/\/portaltela.pt\/noticias\/2026\/04\/28\/eredivisie-pode-nao-ser-concluida-devido-a-novo-caos\/\",\"url\":\"https:\/\/portaltela.pt\/noticias\/2026\/04\/28\/eredivisie-pode-nao-ser-concluida-devido-a-novo-caos\/\",\"name\":\"Eredivisie pode n\u00e3o ser conclu\u00edda devido a novo caos - Portal Tela Portugal\",\"isPartOf\":{\"@id\":\"https:\/\/portaltela.pt\/#website\"},\"primaryImageOfPage\":{\"@id\":\"https:\/\/portaltela.pt\/noticias\/2026\/04\/28\/eredivisie-pode-nao-ser-concluida-devido-a-novo-caos\/#primaryimage\"},\"image\":{\"@id\":\"https:\/\/portaltela.pt\/noticias\/2026\/04\/28\/eredivisie-pode-nao-ser-concluida-devido-a-novo-caos\/#primaryimage\"},\"thumbnailUrl\":\"https:\/\/portaltela.pt\/s.01k8rhncp4jt1\/2026\/04\/img_920x518uu2026-04-28-18-36-52-2435787.png\",\"datePublished\":\"2026-04-28T17:48:55+00:00\",\"author\":{\"@id\":\"https:\/\/portaltela.pt\/#\/schema\/person\/c4278d4a6028830caff9ee44b42d32ed\"},\"breadcrumb\":{\"@id\":\"https:\/\/portaltela.pt\/noticias\/2026\/04\/28\/eredivisie-pode-nao-ser-concluida-devido-a-novo-caos\/#breadcrumb\"},\"inLanguage\":\"pt-PT\",\"potentialAction\":[{\"@type\":\"ReadAction\",\"target\":[\"https:\/\/portaltela.pt\/noticias\/2026\/04\/28\/eredivisie-pode-nao-ser-concluida-devido-a-novo-caos\/\"]}]},{\"@type\":\"ImageObject\",\"inLanguage\":\"pt-PT\",\"@id\":\"https:\/\/portaltela.pt\/noticias\/2026\/04\/28\/eredivisie-pode-nao-ser-concluida-devido-a-novo-caos\/#primaryimage\",\"url\":\"https:\/\/portaltela.pt\/s.01k8rhncp4jt1\/2026\/04\/img_920x518uu2026-04-28-18-36-52-2435787.png\",\"contentUrl\":\"https:\/\/portaltela.pt\/s.01k8rhncp4jt1\/2026\/04\/img_920x518uu2026-04-28-18-36-52-2435787.png\",\"width\":920,\"height\":518,\"caption\":\"NAC Breda contesta nacionalidade de Dean James (Go Ahead Eagles)\"},{\"@type\":\"BreadcrumbList\",\"@id\":\"https:\/\/portaltela.pt\/noticias\/2026\/04\/28\/eredivisie-pode-nao-ser-concluida-devido-a-novo-caos\/#breadcrumb\",\"itemListElement\":[{\"@type\":\"ListItem\",\"position\":1,\"name\":\"In\u00edcio\",\"item\":\"https:\/\/portaltela.pt\/\"},{\"@type\":\"ListItem\",\"position\":2,\"name\":\"Eredivisie pode n\u00e3o ser conclu\u00edda devido a novo caos\"}]},{\"@type\":\"WebSite\",\"@id\":\"https:\/\/portaltela.pt\/#website\",\"url\":\"https:\/\/portaltela.pt\/\",\"name\":\"Portal Tela Portugal\",\"description\":\"\",\"potentialAction\":[{\"@type\":\"SearchAction\",\"target\":{\"@type\":\"EntryPoint\",\"urlTemplate\":\"https:\/\/portaltela.pt\/?s={search_term_string}\"},\"query-input\":{\"@type\":\"PropertyValueSpecification\",\"valueRequired\":true,\"valueName\":\"search_term_string\"}}],\"inLanguage\":\"pt-PT\"},{\"@type\":\"Person\",\"@id\":\"https:\/\/portaltela.pt\/#\/schema\/person\/c4278d4a6028830caff9ee44b42d32ed\",\"name\":\"Telinha\",\"image\":{\"@type\":\"ImageObject\",\"inLanguage\":\"pt-PT\",\"@id\":\"https:\/\/portaltela.pt\/s.01k8rhncp4jt1\/2025\/11\/talking-bot-125x125.png\",\"url\":\"https:\/\/portaltela.pt\/s.01k8rhncp4jt1\/2025\/11\/talking-bot-125x125.png\",\"contentUrl\":\"https:\/\/portaltela.pt\/s.01k8rhncp4jt1\/2025\/11\/talking-bot-125x125.png\",\"caption\":\"Telinha\"},\"sameAs\":[\"https:\/\/portaltela.pt\/\"],\"url\":\"https:\/\/portaltela.pt\/por\/367410592786\/\"}]}<\/script>\n<!-- \/ Yoast SEO plugin. -->","yoast_head_json":{"title":"Eredivisie pode n\u00e3o ser conclu\u00edda devido a novo caos - Portal Tela Portugal","robots":{"index":"index","follow":"follow","max-snippet":"max-snippet:-1","max-image-preview":"max-image-preview:large","max-video-preview":"max-video-preview:-1"},"og_locale":"pt_PT","og_type":"article","og_title":"Eredivisie pode n\u00e3o ser conclu\u00edda devido a novo caos - Portal Tela Portugal","og_description":"A Eredivisie pode n\u00e3o ser conclu\u00edda caso o NAC Breda ven\u00e7a o processo contra a federa\u00e7\u00e3o, cuja decis\u00e3o est\u00e1 marcada para 4 de maio. O NAC Breda contestou a derrota por 6-0 frente ao Go Ahead Eagles na 27.\u00aa jornada, alegando utiliza\u00e7\u00e3o irregular de Dean James, lateral do advers\u00e1rio, e pediu a repeti\u00e7\u00e3o do encontro, em mais um caso conhecido como \u201cPasspoorgate\u201d. De acordo com o regulamento, o jogador de 25 anos n\u00e3o seria eleg\u00edvel por ter naturalizado pela Indon\u00e9sia, o que lhe retirou a cidadania da Uni\u00e3o Europeia e poderia implicar visto de trabalho espec\u00edfico e sal\u00e1rio m\u00ednimo para atletas extracomunit\u00e1rios. Se o NAC Breda receber raz\u00e3o, poder\u00e3o surgir queixas de pelo menos mais seis clubes \u2014 Ajax, Feyenoord, Telstar, FC Volendam, Heracles e TOP Oss \u2014 e existem 133 jogos j\u00e1 realizados que podem ser contestados, colocando em risco o desfecho da competi\u00e7\u00e3o. A federa\u00e7\u00e3o admite a possibilidade, mas a vice-presidente Marianne van Leeuwen disse que a nacionalidade \u00e9 tema sens\u00edvel e privado para clubes e jogadores, sem admitir neglig\u00eancia.","og_url":"https:\/\/portaltela.pt\/noticias\/2026\/04\/28\/eredivisie-pode-nao-ser-concluida-devido-a-novo-caos\/","og_site_name":"Portal Tela Portugal","article_published_time":"2026-04-28T17:48:55+00:00","author":"Telinha","twitter_card":"summary_large_image","twitter_misc":{"Escrito por":"Telinha","Tempo estimado de leitura":"2 minutos"},"schema":{"@context":"https:\/\/schema.org","@graph":[{"@type":"Article","@id":"https:\/\/portaltela.pt\/noticias\/2026\/04\/28\/eredivisie-pode-nao-ser-concluida-devido-a-novo-caos\/#article","isPartOf":{"@id":"https:\/\/portaltela.pt\/noticias\/2026\/04\/28\/eredivisie-pode-nao-ser-concluida-devido-a-novo-caos\/"},"author":{"name":"Telinha","@id":"https:\/\/portaltela.pt\/#\/schema\/person\/c4278d4a6028830caff9ee44b42d32ed"},"headline":"Eredivisie pode n\u00e3o ser conclu\u00edda devido a novo caos","datePublished":"2026-04-28T17:48:55+00:00","mainEntityOfPage":{"@id":"https:\/\/portaltela.pt\/noticias\/2026\/04\/28\/eredivisie-pode-nao-ser-concluida-devido-a-novo-caos\/"},"wordCount":340,"image":{"@id":"https:\/\/portaltela.pt\/noticias\/2026\/04\/28\/eredivisie-pode-nao-ser-concluida-devido-a-novo-caos\/#primaryimage"},"thumbnailUrl":"https:\/\/portaltela.pt\/s.01k8rhncp4jt1\/2026\/04\/img_920x518uu2026-04-28-18-36-52-2435787.png","keywords":["Ajax","FC Volendam","Feyenoord","futebol","nacionalidade","Telstar"],"articleSection":["Desporto","Futebol"],"inLanguage":"pt-PT"},{"@type":"WebPage","@id":"https:\/\/portaltela.pt\/noticias\/2026\/04\/28\/eredivisie-pode-nao-ser-concluida-devido-a-novo-caos\/","url":"https:\/\/portaltela.pt\/noticias\/2026\/04\/28\/eredivisie-pode-nao-ser-concluida-devido-a-novo-caos\/","name":"Eredivisie pode n\u00e3o ser conclu\u00edda devido a novo caos - Portal Tela Portugal","isPartOf":{"@id":"https:\/\/portaltela.pt\/#website"},"primaryImageOfPage":{"@id":"https:\/\/portaltela.pt\/noticias\/2026\/04\/28\/eredivisie-pode-nao-ser-concluida-devido-a-novo-caos\/#primaryimage"},"image":{"@id":"https:\/\/portaltela.pt\/noticias\/2026\/04\/28\/eredivisie-pode-nao-ser-concluida-devido-a-novo-caos\/#primaryimage"},"thumbnailUrl":"https:\/\/portaltela.pt\/s.01k8rhncp4jt1\/2026\/04\/img_920x518uu2026-04-28-18-36-52-2435787.png","datePublished":"2026-04-28T17:48:55+00:00","author":{"@id":"https:\/\/portaltela.pt\/#\/schema\/person\/c4278d4a6028830caff9ee44b42d32ed"},"breadcrumb":{"@id":"https:\/\/portaltela.pt\/noticias\/2026\/04\/28\/eredivisie-pode-nao-ser-concluida-devido-a-novo-caos\/#breadcrumb"},"inLanguage":"pt-PT","potentialAction":[{"@type":"ReadAction","target":["https:\/\/portaltela.pt\/noticias\/2026\/04\/28\/eredivisie-pode-nao-ser-concluida-devido-a-novo-caos\/"]}]},{"@type":"ImageObject","inLanguage":"pt-PT","@id":"https:\/\/portaltela.pt\/noticias\/2026\/04\/28\/eredivisie-pode-nao-ser-concluida-devido-a-novo-caos\/#primaryimage","url":"https:\/\/portaltela.pt\/s.01k8rhncp4jt1\/2026\/04\/img_920x518uu2026-04-28-18-36-52-2435787.png","contentUrl":"https:\/\/portaltela.pt\/s.01k8rhncp4jt1\/2026\/04\/img_920x518uu2026-04-28-18-36-52-2435787.png","width":920,"height":518,"caption":"NAC Breda contesta nacionalidade de Dean James (Go Ahead Eagles)"},{"@type":"BreadcrumbList","@id":"https:\/\/portaltela.pt\/noticias\/2026\/04\/28\/eredivisie-pode-nao-ser-concluida-devido-a-novo-caos\/#breadcrumb","itemListElement":[{"@type":"ListItem","position":1,"name":"In\u00edcio","item":"https:\/\/portaltela.pt\/"},{"@type":"ListItem","position":2,"name":"Eredivisie pode n\u00e3o ser conclu\u00edda devido a novo caos"}]},{"@type":"WebSite","@id":"https:\/\/portaltela.pt\/#website","url":"https:\/\/portaltela.pt\/","name":"Portal Tela Portugal","description":"","potentialAction":[{"@type":"SearchAction","target":{"@type":"EntryPoint","urlTemplate":"https:\/\/portaltela.pt\/?s={search_term_string}"},"query-input":{"@type":"PropertyValueSpecification","valueRequired":true,"valueName":"search_term_string"}}],"inLanguage":"pt-PT"},{"@type":"Person","@id":"https:\/\/portaltela.pt\/#\/schema\/person\/c4278d4a6028830caff9ee44b42d32ed","name":"Telinha","image":{"@type":"ImageObject","inLanguage":"pt-PT","@id":"https:\/\/portaltela.pt\/s.01k8rhncp4jt1\/2025\/11\/talking-bot-125x125.png","url":"https:\/\/portaltela.pt\/s.01k8rhncp4jt1\/2025\/11\/talking-bot-125x125.png","contentUrl":"https:\/\/portaltela.pt\/s.01k8rhncp4jt1\/2025\/11\/talking-bot-125x125.png","caption":"Telinha"},"sameAs":["https:\/\/portaltela.pt\/"],"url":"https:\/\/portaltela.pt\/por\/367410592786\/"}]}},"_links":{"self":[{"href":"https:\/\/portaltela.pt\/api\/wp\/v2\/posts\/460208","targetHints":{"allow":["GET"]}}],"collection":[{"href":"https:\/\/portaltela.pt\/api\/wp\/v2\/posts"}],"about":[{"href":"https:\/\/portaltela.pt\/api\/wp\/v2\/types\/post"}],"author":[{"embeddable":true,"href":"https:\/\/portaltela.pt\/api\/wp\/v2\/users\/2"}],"replies":[{"embeddable":true,"href":"https:\/\/portaltela.pt\/api\/wp\/v2\/comments?post=460208"}],"version-history":[{"count":0,"href":"https:\/\/portaltela.pt\/api\/wp\/v2\/posts\/460208\/revisions"}],"wp:featuredmedia":[{"embeddable":true,"href":"https:\/\/portaltela.pt\/api\/wp\/v2\/media\/460213"}],"wp:attachment":[{"href":"https:\/\/portaltela.pt\/api\/wp\/v2\/media?parent=460208"}],"wp:term":[{"taxonomy":"category","embeddable":true,"href":"https:\/\/portaltela.pt\/api\/wp\/v2\/categories?post=460208"},{"taxonomy":"post_tag","embeddable":true,"href":"https:\/\/portaltela.pt\/api\/wp\/v2\/tags?post=460208"}],"curies":[{"name":"wp","href":"https:\/\/api.w.org\/{rel}","templated":true}]}}