{"id":460205,"date":"2026-04-28T14:48:49","date_gmt":"2026-04-28T17:48:49","guid":{"rendered":"https:\/\/portaltela.pt\/noticias\/2026\/04\/28\/carlos-pereira-analisa-continuidade-de-rui-borges-e-exige-avaliacao-global\/"},"modified":"2026-04-28T14:48:49","modified_gmt":"2026-04-28T17:48:49","slug":"carlos-pereira-analisa-continuidade-de-rui-borges-e-exige-avaliacao-global","status":"publish","type":"post","link":"https:\/\/portaltela.pt\/desporto\/futebol\/2026\/04\/28\/carlos-pereira-analisa-continuidade-de-rui-borges-e-exige-avaliacao-global\/","title":{"rendered":"Carlos Pereira analisa continuidade de Rui Borges e exige avalia\u00e7\u00e3o global"},"content":{"rendered":"<p>Rui Borges tem o apoio de Carlos Pereira para a continuidade no Sporting, independentemente do desfecho da temporada. O antigo treinador-adjunto, que conhece bem o clube, considera necess\u00e1ria uma an\u00e1lise global do trabalho do treinador antes de tomar qualquer decis\u00e3o sobre o futuro.<\/p>\n<p>Bruno Mascarenhas tamb\u00e9m manifestou apoio \u00e0 renova\u00e7\u00e3o do contrato do t\u00e9cnico at\u00e9 2028. A posi\u00e7\u00e3o coincide com a ideia de manter a lideran\u00e7a t\u00e9cnica est\u00e1vel para a pr\u00f3xima \u00e9poca, alinhando com o projeto do clube.<\/p>\n<p>Quem est\u00e1 envolvido neste debate central para a equipa de futebol envolve Rui Borges, atual treinador, e dois antigos nomes ligados \u00e0 estrutura do Sporting, Carlos Pereira e Bruno Mascarenhas, ambos a defenderem a continuidade.<\/p>\n<p>Contexto e leitura das etapas futuras indicam que a dire\u00e7\u00e3o do Sporting poder\u00e1 avaliar o desempenho global da equipa ao longo da temporada, sem vincular a decis\u00e3o apenas \u00e0 classifica\u00e7\u00e3o final na Liga Betclic ou ao apuramento para a fase de Champions.<\/p>\n<p>###<\/p>\n<p>Elementos-chave: Carlos Pereira, ex-treinador-adjunto, apela a uma avalia\u00e7\u00e3o global do trabalho de Rui Borges; Bruno Mascarenhas \u00e9 favor\u00e1vel \u00e0 renova\u00e7\u00e3o at\u00e9 2028; decis\u00e3o envolve a dire\u00e7\u00e3o do Sporting e poder\u00e1 depender de fatores t\u00e9cnicos de m\u00e9dio prazo.<\/p>\n","protected":false},"excerpt":{"rendered":"<ul>\n<li>Carlos Pereira, antigo treinador\u2011adjunto do Sporting, \u00e9 a favor da renova\u00e7\u00e3o de Rui Borges at\u00e9 2028.<\/li>\n<li>A posi\u00e7\u00e3o vale independentemente da classifica\u00e7\u00e3o final da equipa na Liga Betclic e do apuramento para a pr\u00f3xima edi\u00e7\u00e3o da Liga dos Campe\u00f5es.<\/li>\n<li>Bruno Mascarenhas tamb\u00e9m \u00e9 favor\u00e1vel \u00e0 renova\u00e7\u00e3o do treinador leonino.<\/li>\n<li>A idade do contrato ou data espec\u00edfica da renova\u00e7\u00e3o n\u00e3o \u00e9 referida no texto.<\/li>\n<\/ul>\n","protected":false},"author":2,"featured_media":460210,"comment_status":"closed","ping_status":"closed","sticky":false,"template":"","format":"standard","meta":{"footnotes":""},"categories":[21,24],"tags":[1125,2939,32,7120,1652,2477],"class_list":["post-460205","post","type-post","status-publish","format-standard","has-post-thumbnail","hentry","category-desporto","category-futebol","tag-contratos","tag-direcao","tag-futebol","tag-gestao-desportiva","tag-sporting","tag-treinadores"],"yoast_head":"<!-- This site is optimized with the Yoast SEO plugin v27.2 - https:\/\/yoast.com\/product\/yoast-seo-wordpress\/ -->\n<title>Carlos Pereira analisa continuidade de Rui Borges e exige avalia\u00e7\u00e3o global - Portal Tela Portugal<\/title>\n<meta name=\"robots\" content=\"index, follow, max-snippet:-1, max-image-preview:large, max-video-preview:-1\" \/>\n<meta property=\"og:locale\" content=\"pt_PT\" \/>\n<meta property=\"og:type\" content=\"article\" \/>\n<meta property=\"og:title\" content=\"Carlos Pereira analisa continuidade de Rui Borges e exige avalia\u00e7\u00e3o global - Portal Tela Portugal\" \/>\n<meta property=\"og:description\" content=\"Carlos Pereira, antigo treinador\u2011adjunto do Sporting, \u00e9 a favor da renova\u00e7\u00e3o de Rui Borges at\u00e9 2028. A posi\u00e7\u00e3o vale independentemente da classifica\u00e7\u00e3o final da equipa na Liga Betclic e do apuramento para a pr\u00f3xima edi\u00e7\u00e3o da Liga dos Campe\u00f5es. Bruno Mascarenhas tamb\u00e9m \u00e9 favor\u00e1vel \u00e0 renova\u00e7\u00e3o do treinador leonino. A idade do contrato ou data espec\u00edfica da renova\u00e7\u00e3o n\u00e3o \u00e9 referida no texto.\" \/>\n<meta property=\"og:url\" content=\"https:\/\/portaltela.pt\/noticias\/2026\/04\/28\/carlos-pereira-analisa-continuidade-de-rui-borges-e-exige-avaliacao-global\/\" \/>\n<meta property=\"og:site_name\" content=\"Portal Tela Portugal\" \/>\n<meta property=\"article:published_time\" content=\"2026-04-28T17:48:49+00:00\" \/>\n<meta name=\"author\" content=\"Telinha\" \/>\n<meta name=\"twitter:card\" content=\"summary_large_image\" \/>\n<meta name=\"twitter:label1\" content=\"Escrito por\" \/>\n\t<meta name=\"twitter:data1\" content=\"Telinha\" \/>\n\t<meta name=\"twitter:label2\" content=\"Tempo estimado de leitura\" \/>\n\t<meta name=\"twitter:data2\" content=\"1 minuto\" \/>\n<script type=\"application\/ld+json\" class=\"yoast-schema-graph\">{\"@context\":\"https:\/\/schema.org\",\"@graph\":[{\"@type\":\"Article\",\"@id\":\"https:\/\/portaltela.pt\/noticias\/2026\/04\/28\/carlos-pereira-analisa-continuidade-de-rui-borges-e-exige-avaliacao-global\/#article\",\"isPartOf\":{\"@id\":\"https:\/\/portaltela.pt\/noticias\/2026\/04\/28\/carlos-pereira-analisa-continuidade-de-rui-borges-e-exige-avaliacao-global\/\"},\"author\":{\"name\":\"Telinha\",\"@id\":\"https:\/\/portaltela.pt\/#\/schema\/person\/c4278d4a6028830caff9ee44b42d32ed\"},\"headline\":\"Carlos Pereira analisa continuidade de Rui Borges e exige avalia\u00e7\u00e3o global\",\"datePublished\":\"2026-04-28T17:48:49+00:00\",\"mainEntityOfPage\":{\"@id\":\"https:\/\/portaltela.pt\/noticias\/2026\/04\/28\/carlos-pereira-analisa-continuidade-de-rui-borges-e-exige-avaliacao-global\/\"},\"wordCount\":218,\"image\":{\"@id\":\"https:\/\/portaltela.pt\/noticias\/2026\/04\/28\/carlos-pereira-analisa-continuidade-de-rui-borges-e-exige-avaliacao-global\/#primaryimage\"},\"thumbnailUrl\":\"https:\/\/portaltela.pt\/s.01k8rhncp4jt1\/2026\/04\/img_920x518uu2026-04-26-22-44-55-2435502-im-639128403123479696.jpg\",\"keywords\":[\"contratos\",\"Dire\u00e7\u00e3o\",\"futebol\",\"gest\u00e3o desportiva\",\"Sporting\",\"treinadores\"],\"articleSection\":[\"Desporto\",\"Futebol\"],\"inLanguage\":\"pt-PT\"},{\"@type\":\"WebPage\",\"@id\":\"https:\/\/portaltela.pt\/noticias\/2026\/04\/28\/carlos-pereira-analisa-continuidade-de-rui-borges-e-exige-avaliacao-global\/\",\"url\":\"https:\/\/portaltela.pt\/noticias\/2026\/04\/28\/carlos-pereira-analisa-continuidade-de-rui-borges-e-exige-avaliacao-global\/\",\"name\":\"Carlos Pereira analisa continuidade de Rui Borges e exige avalia\u00e7\u00e3o global - Portal Tela Portugal\",\"isPartOf\":{\"@id\":\"https:\/\/portaltela.pt\/#website\"},\"primaryImageOfPage\":{\"@id\":\"https:\/\/portaltela.pt\/noticias\/2026\/04\/28\/carlos-pereira-analisa-continuidade-de-rui-borges-e-exige-avaliacao-global\/#primaryimage\"},\"image\":{\"@id\":\"https:\/\/portaltela.pt\/noticias\/2026\/04\/28\/carlos-pereira-analisa-continuidade-de-rui-borges-e-exige-avaliacao-global\/#primaryimage\"},\"thumbnailUrl\":\"https:\/\/portaltela.pt\/s.01k8rhncp4jt1\/2026\/04\/img_920x518uu2026-04-26-22-44-55-2435502-im-639128403123479696.jpg\",\"datePublished\":\"2026-04-28T17:48:49+00:00\",\"author\":{\"@id\":\"https:\/\/portaltela.pt\/#\/schema\/person\/c4278d4a6028830caff9ee44b42d32ed\"},\"breadcrumb\":{\"@id\":\"https:\/\/portaltela.pt\/noticias\/2026\/04\/28\/carlos-pereira-analisa-continuidade-de-rui-borges-e-exige-avaliacao-global\/#breadcrumb\"},\"inLanguage\":\"pt-PT\",\"potentialAction\":[{\"@type\":\"ReadAction\",\"target\":[\"https:\/\/portaltela.pt\/noticias\/2026\/04\/28\/carlos-pereira-analisa-continuidade-de-rui-borges-e-exige-avaliacao-global\/\"]}]},{\"@type\":\"ImageObject\",\"inLanguage\":\"pt-PT\",\"@id\":\"https:\/\/portaltela.pt\/noticias\/2026\/04\/28\/carlos-pereira-analisa-continuidade-de-rui-borges-e-exige-avaliacao-global\/#primaryimage\",\"url\":\"https:\/\/portaltela.pt\/s.01k8rhncp4jt1\/2026\/04\/img_920x518uu2026-04-26-22-44-55-2435502-im-639128403123479696.jpg\",\"contentUrl\":\"https:\/\/portaltela.pt\/s.01k8rhncp4jt1\/2026\/04\/img_920x518uu2026-04-26-22-44-55-2435502-im-639128403123479696.jpg\",\"width\":796,\"height\":448,\"caption\":\"Rui Borges deve permanecer em Alvalade, defente Bruno Mascarenhas\"},{\"@type\":\"BreadcrumbList\",\"@id\":\"https:\/\/portaltela.pt\/noticias\/2026\/04\/28\/carlos-pereira-analisa-continuidade-de-rui-borges-e-exige-avaliacao-global\/#breadcrumb\",\"itemListElement\":[{\"@type\":\"ListItem\",\"position\":1,\"name\":\"In\u00edcio\",\"item\":\"https:\/\/portaltela.pt\/\"},{\"@type\":\"ListItem\",\"position\":2,\"name\":\"Carlos Pereira analisa continuidade de Rui Borges e exige avalia\u00e7\u00e3o global\"}]},{\"@type\":\"WebSite\",\"@id\":\"https:\/\/portaltela.pt\/#website\",\"url\":\"https:\/\/portaltela.pt\/\",\"name\":\"Portal Tela Portugal\",\"description\":\"\",\"potentialAction\":[{\"@type\":\"SearchAction\",\"target\":{\"@type\":\"EntryPoint\",\"urlTemplate\":\"https:\/\/portaltela.pt\/?s={search_term_string}\"},\"query-input\":{\"@type\":\"PropertyValueSpecification\",\"valueRequired\":true,\"valueName\":\"search_term_string\"}}],\"inLanguage\":\"pt-PT\"},{\"@type\":\"Person\",\"@id\":\"https:\/\/portaltela.pt\/#\/schema\/person\/c4278d4a6028830caff9ee44b42d32ed\",\"name\":\"Telinha\",\"image\":{\"@type\":\"ImageObject\",\"inLanguage\":\"pt-PT\",\"@id\":\"https:\/\/portaltela.pt\/s.01k8rhncp4jt1\/2025\/11\/talking-bot-125x125.png\",\"url\":\"https:\/\/portaltela.pt\/s.01k8rhncp4jt1\/2025\/11\/talking-bot-125x125.png\",\"contentUrl\":\"https:\/\/portaltela.pt\/s.01k8rhncp4jt1\/2025\/11\/talking-bot-125x125.png\",\"caption\":\"Telinha\"},\"sameAs\":[\"https:\/\/portaltela.pt\/\"],\"url\":\"https:\/\/portaltela.pt\/por\/367410592786\/\"}]}<\/script>\n<!-- \/ Yoast SEO plugin. -->","yoast_head_json":{"title":"Carlos Pereira analisa continuidade de Rui Borges e exige avalia\u00e7\u00e3o global - Portal Tela Portugal","robots":{"index":"index","follow":"follow","max-snippet":"max-snippet:-1","max-image-preview":"max-image-preview:large","max-video-preview":"max-video-preview:-1"},"og_locale":"pt_PT","og_type":"article","og_title":"Carlos Pereira analisa continuidade de Rui Borges e exige avalia\u00e7\u00e3o global - Portal Tela Portugal","og_description":"Carlos Pereira, antigo treinador\u2011adjunto do Sporting, \u00e9 a favor da renova\u00e7\u00e3o de Rui Borges at\u00e9 2028. A posi\u00e7\u00e3o vale independentemente da classifica\u00e7\u00e3o final da equipa na Liga Betclic e do apuramento para a pr\u00f3xima edi\u00e7\u00e3o da Liga dos Campe\u00f5es. Bruno Mascarenhas tamb\u00e9m \u00e9 favor\u00e1vel \u00e0 renova\u00e7\u00e3o do treinador leonino. A idade do contrato ou data espec\u00edfica da renova\u00e7\u00e3o n\u00e3o \u00e9 referida no texto.","og_url":"https:\/\/portaltela.pt\/noticias\/2026\/04\/28\/carlos-pereira-analisa-continuidade-de-rui-borges-e-exige-avaliacao-global\/","og_site_name":"Portal Tela Portugal","article_published_time":"2026-04-28T17:48:49+00:00","author":"Telinha","twitter_card":"summary_large_image","twitter_misc":{"Escrito por":"Telinha","Tempo estimado de leitura":"1 minuto"},"schema":{"@context":"https:\/\/schema.org","@graph":[{"@type":"Article","@id":"https:\/\/portaltela.pt\/noticias\/2026\/04\/28\/carlos-pereira-analisa-continuidade-de-rui-borges-e-exige-avaliacao-global\/#article","isPartOf":{"@id":"https:\/\/portaltela.pt\/noticias\/2026\/04\/28\/carlos-pereira-analisa-continuidade-de-rui-borges-e-exige-avaliacao-global\/"},"author":{"name":"Telinha","@id":"https:\/\/portaltela.pt\/#\/schema\/person\/c4278d4a6028830caff9ee44b42d32ed"},"headline":"Carlos Pereira analisa continuidade de Rui Borges e exige avalia\u00e7\u00e3o global","datePublished":"2026-04-28T17:48:49+00:00","mainEntityOfPage":{"@id":"https:\/\/portaltela.pt\/noticias\/2026\/04\/28\/carlos-pereira-analisa-continuidade-de-rui-borges-e-exige-avaliacao-global\/"},"wordCount":218,"image":{"@id":"https:\/\/portaltela.pt\/noticias\/2026\/04\/28\/carlos-pereira-analisa-continuidade-de-rui-borges-e-exige-avaliacao-global\/#primaryimage"},"thumbnailUrl":"https:\/\/portaltela.pt\/s.01k8rhncp4jt1\/2026\/04\/img_920x518uu2026-04-26-22-44-55-2435502-im-639128403123479696.jpg","keywords":["contratos","Dire\u00e7\u00e3o","futebol","gest\u00e3o desportiva","Sporting","treinadores"],"articleSection":["Desporto","Futebol"],"inLanguage":"pt-PT"},{"@type":"WebPage","@id":"https:\/\/portaltela.pt\/noticias\/2026\/04\/28\/carlos-pereira-analisa-continuidade-de-rui-borges-e-exige-avaliacao-global\/","url":"https:\/\/portaltela.pt\/noticias\/2026\/04\/28\/carlos-pereira-analisa-continuidade-de-rui-borges-e-exige-avaliacao-global\/","name":"Carlos Pereira analisa continuidade de Rui Borges e exige avalia\u00e7\u00e3o global - Portal Tela Portugal","isPartOf":{"@id":"https:\/\/portaltela.pt\/#website"},"primaryImageOfPage":{"@id":"https:\/\/portaltela.pt\/noticias\/2026\/04\/28\/carlos-pereira-analisa-continuidade-de-rui-borges-e-exige-avaliacao-global\/#primaryimage"},"image":{"@id":"https:\/\/portaltela.pt\/noticias\/2026\/04\/28\/carlos-pereira-analisa-continuidade-de-rui-borges-e-exige-avaliacao-global\/#primaryimage"},"thumbnailUrl":"https:\/\/portaltela.pt\/s.01k8rhncp4jt1\/2026\/04\/img_920x518uu2026-04-26-22-44-55-2435502-im-639128403123479696.jpg","datePublished":"2026-04-28T17:48:49+00:00","author":{"@id":"https:\/\/portaltela.pt\/#\/schema\/person\/c4278d4a6028830caff9ee44b42d32ed"},"breadcrumb":{"@id":"https:\/\/portaltela.pt\/noticias\/2026\/04\/28\/carlos-pereira-analisa-continuidade-de-rui-borges-e-exige-avaliacao-global\/#breadcrumb"},"inLanguage":"pt-PT","potentialAction":[{"@type":"ReadAction","target":["https:\/\/portaltela.pt\/noticias\/2026\/04\/28\/carlos-pereira-analisa-continuidade-de-rui-borges-e-exige-avaliacao-global\/"]}]},{"@type":"ImageObject","inLanguage":"pt-PT","@id":"https:\/\/portaltela.pt\/noticias\/2026\/04\/28\/carlos-pereira-analisa-continuidade-de-rui-borges-e-exige-avaliacao-global\/#primaryimage","url":"https:\/\/portaltela.pt\/s.01k8rhncp4jt1\/2026\/04\/img_920x518uu2026-04-26-22-44-55-2435502-im-639128403123479696.jpg","contentUrl":"https:\/\/portaltela.pt\/s.01k8rhncp4jt1\/2026\/04\/img_920x518uu2026-04-26-22-44-55-2435502-im-639128403123479696.jpg","width":796,"height":448,"caption":"Rui Borges deve permanecer em Alvalade, defente Bruno Mascarenhas"},{"@type":"BreadcrumbList","@id":"https:\/\/portaltela.pt\/noticias\/2026\/04\/28\/carlos-pereira-analisa-continuidade-de-rui-borges-e-exige-avaliacao-global\/#breadcrumb","itemListElement":[{"@type":"ListItem","position":1,"name":"In\u00edcio","item":"https:\/\/portaltela.pt\/"},{"@type":"ListItem","position":2,"name":"Carlos Pereira analisa continuidade de Rui Borges e exige avalia\u00e7\u00e3o global"}]},{"@type":"WebSite","@id":"https:\/\/portaltela.pt\/#website","url":"https:\/\/portaltela.pt\/","name":"Portal Tela Portugal","description":"","potentialAction":[{"@type":"SearchAction","target":{"@type":"EntryPoint","urlTemplate":"https:\/\/portaltela.pt\/?s={search_term_string}"},"query-input":{"@type":"PropertyValueSpecification","valueRequired":true,"valueName":"search_term_string"}}],"inLanguage":"pt-PT"},{"@type":"Person","@id":"https:\/\/portaltela.pt\/#\/schema\/person\/c4278d4a6028830caff9ee44b42d32ed","name":"Telinha","image":{"@type":"ImageObject","inLanguage":"pt-PT","@id":"https:\/\/portaltela.pt\/s.01k8rhncp4jt1\/2025\/11\/talking-bot-125x125.png","url":"https:\/\/portaltela.pt\/s.01k8rhncp4jt1\/2025\/11\/talking-bot-125x125.png","contentUrl":"https:\/\/portaltela.pt\/s.01k8rhncp4jt1\/2025\/11\/talking-bot-125x125.png","caption":"Telinha"},"sameAs":["https:\/\/portaltela.pt\/"],"url":"https:\/\/portaltela.pt\/por\/367410592786\/"}]}},"_links":{"self":[{"href":"https:\/\/portaltela.pt\/api\/wp\/v2\/posts\/460205","targetHints":{"allow":["GET"]}}],"collection":[{"href":"https:\/\/portaltela.pt\/api\/wp\/v2\/posts"}],"about":[{"href":"https:\/\/portaltela.pt\/api\/wp\/v2\/types\/post"}],"author":[{"embeddable":true,"href":"https:\/\/portaltela.pt\/api\/wp\/v2\/users\/2"}],"replies":[{"embeddable":true,"href":"https:\/\/portaltela.pt\/api\/wp\/v2\/comments?post=460205"}],"version-history":[{"count":0,"href":"https:\/\/portaltela.pt\/api\/wp\/v2\/posts\/460205\/revisions"}],"wp:featuredmedia":[{"embeddable":true,"href":"https:\/\/portaltela.pt\/api\/wp\/v2\/media\/460210"}],"wp:attachment":[{"href":"https:\/\/portaltela.pt\/api\/wp\/v2\/media?parent=460205"}],"wp:term":[{"taxonomy":"category","embeddable":true,"href":"https:\/\/portaltela.pt\/api\/wp\/v2\/categories?post=460205"},{"taxonomy":"post_tag","embeddable":true,"href":"https:\/\/portaltela.pt\/api\/wp\/v2\/tags?post=460205"}],"curies":[{"name":"wp","href":"https:\/\/api.w.org\/{rel}","templated":true}]}}