{"id":460192,"date":"2026-04-28T14:33:33","date_gmt":"2026-04-28T17:33:33","guid":{"rendered":"https:\/\/portaltela.pt\/noticias\/2026\/04\/28\/miguel-reisinho-anteve-impacto-imediato-de-bacci-na-reboleira\/"},"modified":"2026-04-28T14:33:33","modified_gmt":"2026-04-28T17:33:33","slug":"miguel-reisinho-anteve-impacto-imediato-de-bacci-na-reboleira","status":"publish","type":"post","link":"https:\/\/portaltela.pt\/desporto\/futebol\/2026\/04\/28\/miguel-reisinho-anteve-impacto-imediato-de-bacci-na-reboleira\/","title":{"rendered":"Miguel Reisinho antev\u00ea impacto imediato de Bacci na Reboleira"},"content":{"rendered":"<p>Cristiano Bacci chegou ao Estrela da Amadora com a miss\u00e3o de manter o clube na Primeira Liga. O t\u00e9cnico italiano substitui Jo\u00e3o Nuno e fica respons\u00e1vel pelo comando at\u00e9 ao fim da \u00e9poca, preparando o plantel para as tr\u00eas jornadas finais.<\/p>\n<p>Miguel Reisinho, m\u00e9dio de 27 anos que joga no Mamelodi Sundowns, avaliou a chegada de Bacci. O jogador, treinado por Miguel Cardoso, destacaria a capacidade do treinador para enfrentar desafios dif\u00edceis e influenciar o foco da equipa.<\/p>\n<p>Bacci iniciou o seu trabalho na quarta-feira, com o objetivo de evitar a descida. O t\u00e9cnico j\u00e1 orientou o treino ap\u00f3s cumprir passagem por Tondela, Moreirense, Boavista e pelo Boavista, entre outros. O E Amadora tenta manter-se na Liga Betclic.<\/p>\n<h3>Contexto<\/h3>\n<p>O novo treinador assume a posi\u00e7\u00e3o ap\u00f3s a sa\u00edda de Jo\u00e3o Nuno. A equipa da Reboleira entra nas \u00faltimas tr\u00eas jornadas em posi\u00e7\u00e3o de lutar pela perman\u00eancia, com a press\u00e3o de resultados imediatos para confirmar o objetivo.<\/p>\n<p>O hist\u00f3rico recente de Bacci inclui passagens por v\u00e1rias parcelas da Liga, com foco na organiza\u00e7\u00e3o e motiva\u00e7\u00e3o de equipas de topo. Miguel Reisinho refor\u00e7a a import\u00e2ncia de adapta\u00e7\u00e3o r\u00e1pida do plantel \u00e0s ideias do novo t\u00e9cnico.<\/p>\n","protected":false},"excerpt":{"rendered":"<ul>\n<li>Cristiano Bacci \u00e9 o novo treinador do Estrela da Amadora, com a miss\u00e3o de manter o clube na Primeira Liga, substituindo Jo\u00e3o Nuno; come\u00e7a a trabalhar nesta quarta-feira para evitar a descida nas \u00faltimas tr\u00eas jornadas.<\/li>\n<li>O t\u00e9cnico italiano \u00e9 conhecido pela sua experi\u00eancia e pela capacidade de motivar e organizar equipas de alto n\u00edvel.<\/li>\n<li>Miguel Reisinho, m\u00e9dio de 27 anos do Mamelodi Sundowns, treinado por Miguel Cardoso, disse estar expectante quanto ao impacto imediato de Bacci no clube.<\/li>\n<li>Bacci fica no comando do Estrela da Amadora at\u00e9 ao final da \u00e9poca.<\/li>\n<li>O treinador chegou ap\u00f3s deixar o Tondela h\u00e1 cerca de um m\u00eas, com passagens por Moreirense e Boavista, entre outros, antes de assumir o E. Amadora.<\/li>\n<\/ul>\n","protected":false},"author":2,"featured_media":460199,"comment_status":"closed","ping_status":"closed","sticky":false,"template":"","format":"standard","meta":{"footnotes":""},"categories":[21,24],"tags":[4143,4059,1439,1367,32,5325],"class_list":["post-460192","post","type-post","status-publish","format-standard","has-post-thumbnail","hentry","category-desporto","category-futebol","tag-1-liga","tag-1-a-liga","tag-amadora","tag-clubes","tag-futebol","tag-reboleira"],"yoast_head":"<!-- This site is optimized with the Yoast SEO plugin v27.2 - https:\/\/yoast.com\/product\/yoast-seo-wordpress\/ -->\n<title>Miguel Reisinho antev\u00ea impacto imediato de Bacci na Reboleira - Portal Tela Portugal<\/title>\n<meta name=\"robots\" content=\"index, follow, max-snippet:-1, max-image-preview:large, max-video-preview:-1\" \/>\n<meta property=\"og:locale\" content=\"pt_PT\" \/>\n<meta property=\"og:type\" content=\"article\" \/>\n<meta property=\"og:title\" content=\"Miguel Reisinho antev\u00ea impacto imediato de Bacci na Reboleira - Portal Tela Portugal\" \/>\n<meta property=\"og:description\" content=\"Cristiano Bacci \u00e9 o novo treinador do Estrela da Amadora, com a miss\u00e3o de manter o clube na Primeira Liga, substituindo Jo\u00e3o Nuno; come\u00e7a a trabalhar nesta quarta-feira para evitar a descida nas \u00faltimas tr\u00eas jornadas. O t\u00e9cnico italiano \u00e9 conhecido pela sua experi\u00eancia e pela capacidade de motivar e organizar equipas de alto n\u00edvel. Miguel Reisinho, m\u00e9dio de 27 anos do Mamelodi Sundowns, treinado por Miguel Cardoso, disse estar expectante quanto ao impacto imediato de Bacci no clube. Bacci fica no comando do Estrela da Amadora at\u00e9 ao final da \u00e9poca. O treinador chegou ap\u00f3s deixar o Tondela h\u00e1 cerca de um m\u00eas, com passagens por Moreirense e Boavista, entre outros, antes de assumir o E. Amadora.\" \/>\n<meta property=\"og:url\" content=\"https:\/\/portaltela.pt\/noticias\/2026\/04\/28\/miguel-reisinho-anteve-impacto-imediato-de-bacci-na-reboleira\/\" \/>\n<meta property=\"og:site_name\" content=\"Portal Tela Portugal\" \/>\n<meta property=\"article:published_time\" content=\"2026-04-28T17:33:33+00:00\" \/>\n<meta name=\"author\" content=\"Telinha\" \/>\n<meta name=\"twitter:card\" content=\"summary_large_image\" \/>\n<meta name=\"twitter:label1\" content=\"Escrito por\" \/>\n\t<meta name=\"twitter:data1\" content=\"Telinha\" \/>\n\t<meta name=\"twitter:label2\" content=\"Tempo estimado de leitura\" \/>\n\t<meta name=\"twitter:data2\" content=\"1 minuto\" \/>\n<script type=\"application\/ld+json\" class=\"yoast-schema-graph\">{\"@context\":\"https:\/\/schema.org\",\"@graph\":[{\"@type\":\"Article\",\"@id\":\"https:\/\/portaltela.pt\/noticias\/2026\/04\/28\/miguel-reisinho-anteve-impacto-imediato-de-bacci-na-reboleira\/#article\",\"isPartOf\":{\"@id\":\"https:\/\/portaltela.pt\/noticias\/2026\/04\/28\/miguel-reisinho-anteve-impacto-imediato-de-bacci-na-reboleira\/\"},\"author\":{\"name\":\"Telinha\",\"@id\":\"https:\/\/portaltela.pt\/#\/schema\/person\/c4278d4a6028830caff9ee44b42d32ed\"},\"headline\":\"Miguel Reisinho antev\u00ea impacto imediato de Bacci na Reboleira\",\"datePublished\":\"2026-04-28T17:33:33+00:00\",\"mainEntityOfPage\":{\"@id\":\"https:\/\/portaltela.pt\/noticias\/2026\/04\/28\/miguel-reisinho-anteve-impacto-imediato-de-bacci-na-reboleira\/\"},\"wordCount\":227,\"image\":{\"@id\":\"https:\/\/portaltela.pt\/noticias\/2026\/04\/28\/miguel-reisinho-anteve-impacto-imediato-de-bacci-na-reboleira\/#primaryimage\"},\"thumbnailUrl\":\"https:\/\/portaltela.pt\/s.01k8rhncp4jt1\/2026\/04\/img_920x518uu2026-04-28-14-39-21-2435724.jpg\",\"keywords\":[\"1. Liga\",\"1.\u00aa Liga\",\"Amadora\",\"clubes\",\"futebol\",\"Reboleira\"],\"articleSection\":[\"Desporto\",\"Futebol\"],\"inLanguage\":\"pt-PT\"},{\"@type\":\"WebPage\",\"@id\":\"https:\/\/portaltela.pt\/noticias\/2026\/04\/28\/miguel-reisinho-anteve-impacto-imediato-de-bacci-na-reboleira\/\",\"url\":\"https:\/\/portaltela.pt\/noticias\/2026\/04\/28\/miguel-reisinho-anteve-impacto-imediato-de-bacci-na-reboleira\/\",\"name\":\"Miguel Reisinho antev\u00ea impacto imediato de Bacci na Reboleira - Portal Tela Portugal\",\"isPartOf\":{\"@id\":\"https:\/\/portaltela.pt\/#website\"},\"primaryImageOfPage\":{\"@id\":\"https:\/\/portaltela.pt\/noticias\/2026\/04\/28\/miguel-reisinho-anteve-impacto-imediato-de-bacci-na-reboleira\/#primaryimage\"},\"image\":{\"@id\":\"https:\/\/portaltela.pt\/noticias\/2026\/04\/28\/miguel-reisinho-anteve-impacto-imediato-de-bacci-na-reboleira\/#primaryimage\"},\"thumbnailUrl\":\"https:\/\/portaltela.pt\/s.01k8rhncp4jt1\/2026\/04\/img_920x518uu2026-04-28-14-39-21-2435724.jpg\",\"datePublished\":\"2026-04-28T17:33:33+00:00\",\"author\":{\"@id\":\"https:\/\/portaltela.pt\/#\/schema\/person\/c4278d4a6028830caff9ee44b42d32ed\"},\"breadcrumb\":{\"@id\":\"https:\/\/portaltela.pt\/noticias\/2026\/04\/28\/miguel-reisinho-anteve-impacto-imediato-de-bacci-na-reboleira\/#breadcrumb\"},\"inLanguage\":\"pt-PT\",\"potentialAction\":[{\"@type\":\"ReadAction\",\"target\":[\"https:\/\/portaltela.pt\/noticias\/2026\/04\/28\/miguel-reisinho-anteve-impacto-imediato-de-bacci-na-reboleira\/\"]}]},{\"@type\":\"ImageObject\",\"inLanguage\":\"pt-PT\",\"@id\":\"https:\/\/portaltela.pt\/noticias\/2026\/04\/28\/miguel-reisinho-anteve-impacto-imediato-de-bacci-na-reboleira\/#primaryimage\",\"url\":\"https:\/\/portaltela.pt\/s.01k8rhncp4jt1\/2026\/04\/img_920x518uu2026-04-28-14-39-21-2435724.jpg\",\"contentUrl\":\"https:\/\/portaltela.pt\/s.01k8rhncp4jt1\/2026\/04\/img_920x518uu2026-04-28-14-39-21-2435724.jpg\",\"width\":796,\"height\":448,\"caption\":\"Cristiano Bacci com miss\u00e3o de garantir perman\u00eancia do E. Amadora\"},{\"@type\":\"BreadcrumbList\",\"@id\":\"https:\/\/portaltela.pt\/noticias\/2026\/04\/28\/miguel-reisinho-anteve-impacto-imediato-de-bacci-na-reboleira\/#breadcrumb\",\"itemListElement\":[{\"@type\":\"ListItem\",\"position\":1,\"name\":\"In\u00edcio\",\"item\":\"https:\/\/portaltela.pt\/\"},{\"@type\":\"ListItem\",\"position\":2,\"name\":\"Miguel Reisinho antev\u00ea impacto imediato de Bacci na Reboleira\"}]},{\"@type\":\"WebSite\",\"@id\":\"https:\/\/portaltela.pt\/#website\",\"url\":\"https:\/\/portaltela.pt\/\",\"name\":\"Portal Tela Portugal\",\"description\":\"\",\"potentialAction\":[{\"@type\":\"SearchAction\",\"target\":{\"@type\":\"EntryPoint\",\"urlTemplate\":\"https:\/\/portaltela.pt\/?s={search_term_string}\"},\"query-input\":{\"@type\":\"PropertyValueSpecification\",\"valueRequired\":true,\"valueName\":\"search_term_string\"}}],\"inLanguage\":\"pt-PT\"},{\"@type\":\"Person\",\"@id\":\"https:\/\/portaltela.pt\/#\/schema\/person\/c4278d4a6028830caff9ee44b42d32ed\",\"name\":\"Telinha\",\"image\":{\"@type\":\"ImageObject\",\"inLanguage\":\"pt-PT\",\"@id\":\"https:\/\/portaltela.pt\/s.01k8rhncp4jt1\/2025\/11\/talking-bot-125x125.png\",\"url\":\"https:\/\/portaltela.pt\/s.01k8rhncp4jt1\/2025\/11\/talking-bot-125x125.png\",\"contentUrl\":\"https:\/\/portaltela.pt\/s.01k8rhncp4jt1\/2025\/11\/talking-bot-125x125.png\",\"caption\":\"Telinha\"},\"sameAs\":[\"https:\/\/portaltela.pt\/\"],\"url\":\"https:\/\/portaltela.pt\/por\/367410592786\/\"}]}<\/script>\n<!-- \/ Yoast SEO plugin. -->","yoast_head_json":{"title":"Miguel Reisinho antev\u00ea impacto imediato de Bacci na Reboleira - Portal Tela Portugal","robots":{"index":"index","follow":"follow","max-snippet":"max-snippet:-1","max-image-preview":"max-image-preview:large","max-video-preview":"max-video-preview:-1"},"og_locale":"pt_PT","og_type":"article","og_title":"Miguel Reisinho antev\u00ea impacto imediato de Bacci na Reboleira - Portal Tela Portugal","og_description":"Cristiano Bacci \u00e9 o novo treinador do Estrela da Amadora, com a miss\u00e3o de manter o clube na Primeira Liga, substituindo Jo\u00e3o Nuno; come\u00e7a a trabalhar nesta quarta-feira para evitar a descida nas \u00faltimas tr\u00eas jornadas. O t\u00e9cnico italiano \u00e9 conhecido pela sua experi\u00eancia e pela capacidade de motivar e organizar equipas de alto n\u00edvel. Miguel Reisinho, m\u00e9dio de 27 anos do Mamelodi Sundowns, treinado por Miguel Cardoso, disse estar expectante quanto ao impacto imediato de Bacci no clube. Bacci fica no comando do Estrela da Amadora at\u00e9 ao final da \u00e9poca. O treinador chegou ap\u00f3s deixar o Tondela h\u00e1 cerca de um m\u00eas, com passagens por Moreirense e Boavista, entre outros, antes de assumir o E. Amadora.","og_url":"https:\/\/portaltela.pt\/noticias\/2026\/04\/28\/miguel-reisinho-anteve-impacto-imediato-de-bacci-na-reboleira\/","og_site_name":"Portal Tela Portugal","article_published_time":"2026-04-28T17:33:33+00:00","author":"Telinha","twitter_card":"summary_large_image","twitter_misc":{"Escrito por":"Telinha","Tempo estimado de leitura":"1 minuto"},"schema":{"@context":"https:\/\/schema.org","@graph":[{"@type":"Article","@id":"https:\/\/portaltela.pt\/noticias\/2026\/04\/28\/miguel-reisinho-anteve-impacto-imediato-de-bacci-na-reboleira\/#article","isPartOf":{"@id":"https:\/\/portaltela.pt\/noticias\/2026\/04\/28\/miguel-reisinho-anteve-impacto-imediato-de-bacci-na-reboleira\/"},"author":{"name":"Telinha","@id":"https:\/\/portaltela.pt\/#\/schema\/person\/c4278d4a6028830caff9ee44b42d32ed"},"headline":"Miguel Reisinho antev\u00ea impacto imediato de Bacci na Reboleira","datePublished":"2026-04-28T17:33:33+00:00","mainEntityOfPage":{"@id":"https:\/\/portaltela.pt\/noticias\/2026\/04\/28\/miguel-reisinho-anteve-impacto-imediato-de-bacci-na-reboleira\/"},"wordCount":227,"image":{"@id":"https:\/\/portaltela.pt\/noticias\/2026\/04\/28\/miguel-reisinho-anteve-impacto-imediato-de-bacci-na-reboleira\/#primaryimage"},"thumbnailUrl":"https:\/\/portaltela.pt\/s.01k8rhncp4jt1\/2026\/04\/img_920x518uu2026-04-28-14-39-21-2435724.jpg","keywords":["1. Liga","1.\u00aa Liga","Amadora","clubes","futebol","Reboleira"],"articleSection":["Desporto","Futebol"],"inLanguage":"pt-PT"},{"@type":"WebPage","@id":"https:\/\/portaltela.pt\/noticias\/2026\/04\/28\/miguel-reisinho-anteve-impacto-imediato-de-bacci-na-reboleira\/","url":"https:\/\/portaltela.pt\/noticias\/2026\/04\/28\/miguel-reisinho-anteve-impacto-imediato-de-bacci-na-reboleira\/","name":"Miguel Reisinho antev\u00ea impacto imediato de Bacci na Reboleira - Portal Tela Portugal","isPartOf":{"@id":"https:\/\/portaltela.pt\/#website"},"primaryImageOfPage":{"@id":"https:\/\/portaltela.pt\/noticias\/2026\/04\/28\/miguel-reisinho-anteve-impacto-imediato-de-bacci-na-reboleira\/#primaryimage"},"image":{"@id":"https:\/\/portaltela.pt\/noticias\/2026\/04\/28\/miguel-reisinho-anteve-impacto-imediato-de-bacci-na-reboleira\/#primaryimage"},"thumbnailUrl":"https:\/\/portaltela.pt\/s.01k8rhncp4jt1\/2026\/04\/img_920x518uu2026-04-28-14-39-21-2435724.jpg","datePublished":"2026-04-28T17:33:33+00:00","author":{"@id":"https:\/\/portaltela.pt\/#\/schema\/person\/c4278d4a6028830caff9ee44b42d32ed"},"breadcrumb":{"@id":"https:\/\/portaltela.pt\/noticias\/2026\/04\/28\/miguel-reisinho-anteve-impacto-imediato-de-bacci-na-reboleira\/#breadcrumb"},"inLanguage":"pt-PT","potentialAction":[{"@type":"ReadAction","target":["https:\/\/portaltela.pt\/noticias\/2026\/04\/28\/miguel-reisinho-anteve-impacto-imediato-de-bacci-na-reboleira\/"]}]},{"@type":"ImageObject","inLanguage":"pt-PT","@id":"https:\/\/portaltela.pt\/noticias\/2026\/04\/28\/miguel-reisinho-anteve-impacto-imediato-de-bacci-na-reboleira\/#primaryimage","url":"https:\/\/portaltela.pt\/s.01k8rhncp4jt1\/2026\/04\/img_920x518uu2026-04-28-14-39-21-2435724.jpg","contentUrl":"https:\/\/portaltela.pt\/s.01k8rhncp4jt1\/2026\/04\/img_920x518uu2026-04-28-14-39-21-2435724.jpg","width":796,"height":448,"caption":"Cristiano Bacci com miss\u00e3o de garantir perman\u00eancia do E. Amadora"},{"@type":"BreadcrumbList","@id":"https:\/\/portaltela.pt\/noticias\/2026\/04\/28\/miguel-reisinho-anteve-impacto-imediato-de-bacci-na-reboleira\/#breadcrumb","itemListElement":[{"@type":"ListItem","position":1,"name":"In\u00edcio","item":"https:\/\/portaltela.pt\/"},{"@type":"ListItem","position":2,"name":"Miguel Reisinho antev\u00ea impacto imediato de Bacci na Reboleira"}]},{"@type":"WebSite","@id":"https:\/\/portaltela.pt\/#website","url":"https:\/\/portaltela.pt\/","name":"Portal Tela Portugal","description":"","potentialAction":[{"@type":"SearchAction","target":{"@type":"EntryPoint","urlTemplate":"https:\/\/portaltela.pt\/?s={search_term_string}"},"query-input":{"@type":"PropertyValueSpecification","valueRequired":true,"valueName":"search_term_string"}}],"inLanguage":"pt-PT"},{"@type":"Person","@id":"https:\/\/portaltela.pt\/#\/schema\/person\/c4278d4a6028830caff9ee44b42d32ed","name":"Telinha","image":{"@type":"ImageObject","inLanguage":"pt-PT","@id":"https:\/\/portaltela.pt\/s.01k8rhncp4jt1\/2025\/11\/talking-bot-125x125.png","url":"https:\/\/portaltela.pt\/s.01k8rhncp4jt1\/2025\/11\/talking-bot-125x125.png","contentUrl":"https:\/\/portaltela.pt\/s.01k8rhncp4jt1\/2025\/11\/talking-bot-125x125.png","caption":"Telinha"},"sameAs":["https:\/\/portaltela.pt\/"],"url":"https:\/\/portaltela.pt\/por\/367410592786\/"}]}},"_links":{"self":[{"href":"https:\/\/portaltela.pt\/api\/wp\/v2\/posts\/460192","targetHints":{"allow":["GET"]}}],"collection":[{"href":"https:\/\/portaltela.pt\/api\/wp\/v2\/posts"}],"about":[{"href":"https:\/\/portaltela.pt\/api\/wp\/v2\/types\/post"}],"author":[{"embeddable":true,"href":"https:\/\/portaltela.pt\/api\/wp\/v2\/users\/2"}],"replies":[{"embeddable":true,"href":"https:\/\/portaltela.pt\/api\/wp\/v2\/comments?post=460192"}],"version-history":[{"count":0,"href":"https:\/\/portaltela.pt\/api\/wp\/v2\/posts\/460192\/revisions"}],"wp:featuredmedia":[{"embeddable":true,"href":"https:\/\/portaltela.pt\/api\/wp\/v2\/media\/460199"}],"wp:attachment":[{"href":"https:\/\/portaltela.pt\/api\/wp\/v2\/media?parent=460192"}],"wp:term":[{"taxonomy":"category","embeddable":true,"href":"https:\/\/portaltela.pt\/api\/wp\/v2\/categories?post=460192"},{"taxonomy":"post_tag","embeddable":true,"href":"https:\/\/portaltela.pt\/api\/wp\/v2\/tags?post=460192"}],"curies":[{"name":"wp","href":"https:\/\/api.w.org\/{rel}","templated":true}]}}