{"id":460183,"date":"2026-04-28T14:33:12","date_gmt":"2026-04-28T17:33:12","guid":{"rendered":"https:\/\/portaltela.pt\/noticias\/2026\/04\/28\/ue-propoe-definicao-de-violacao-baseada-na-ausencia-de-consentimento\/"},"modified":"2026-04-28T14:33:12","modified_gmt":"2026-04-28T17:33:12","slug":"ue-propoe-definicao-de-violacao-baseada-na-ausencia-de-consentimento","status":"publish","type":"post","link":"https:\/\/portaltela.pt\/criminalidade\/2026\/04\/28\/ue-propoe-definicao-de-violacao-baseada-na-ausencia-de-consentimento\/","title":{"rendered":"UE prop\u00f5e defini\u00e7\u00e3o de viola\u00e7\u00e3o baseada na aus\u00eancia de consentimento"},"content":{"rendered":"<p>O Parlamento Europeu aprovou uma resolu\u00e7\u00e3o que defende uma defini\u00e7\u00e3o comum de viola\u00e7\u00e3o na UE, baseada na aus\u00eancia de consentimento. A decis\u00e3o foi tomada na ter\u00e7a-feira, por votos esmagadores. A ideia \u00e9 clarificar que qualquer ato sexual sem consentimento \u00e9 viola\u00e7\u00e3o.<\/p>\n<p>A resolu\u00e7\u00e3o apela \u00e0 Comiss\u00e3o Europeia para apresentar legisla\u00e7\u00e3o harmonizada. Segue-se um processo pol\u00edtico longo, com aprova\u00e7\u00e3o necess\u00e1ria dos Estados-membros. A meta \u00e9 reduzir diverg\u00eancias entre pa\u00edses.<\/p>\n<p>A proposta sustenta que apenas uma indica\u00e7\u00e3o clara, afirmativa, livre e inequ\u00edvoca de consentimento \u00e9 v\u00e1lida. O sil\u00eancio ou a falta de resist\u00eancia n\u00e3o devem significar consentimento.<\/p>\n<p>Qualquer ato sexual fora deste quadro \u00e9 considerado viola\u00e7\u00e3o, refor\u00e7a o texto. Ressalta ainda que consentimento pr\u00e9vio ou rela\u00e7\u00f5es anteriores n\u00e3o implicam consentimento autom\u00e1tico.<\/p>\n<h3>Contexto europeu<\/h3>\n<p>Este posicionamento acompanha o princ\u00edpio &#8220;s\u00f3 sim significa sim&#8221;, adotado pela Espanha em 2022 ap\u00f3s uma viola\u00e7\u00e3o coletiva. O documento alinha-se com a Conven\u00e7\u00e3o de Istambul.<\/p>\n<p>A falta de consentimento j\u00e1 \u00e9 elemento definidor em 17 dos 27 Estados-membros, segundo o Servi\u00e7o de Estudos do Parlamento Europeu. A conven\u00e7\u00e3o teve ades\u00e3o de 22 pa\u00edses da UE.<\/p>\n<h3>Legisla\u00e7\u00e3o nacional em mudan\u00e7a<\/h3>\n<p>Alguns Estados-membros baseiam a viola\u00e7\u00e3o na for\u00e7a ou na coer\u00e7\u00e3o, exigindo prova de viol\u00eancia. Em Est\u00f3nia e Let\u00f3nia, h\u00e1 defini\u00e7\u00f5es centradas em for\u00e7a ou press\u00e3o.<\/p>\n<p>A Rom\u00e9nia foca-se na incapacidade de a v\u00edtima expressar o consentimento. It\u00e1lia, Eslov\u00e1quia, Hungria e Bulg\u00e1ria mant\u00eam abordagens mistas com tra\u00e7os de for\u00e7a.<\/p>\n<p>A pr\u00e1tica judicial muitas vezes interpreta o que constitui agress\u00e3o violenta, o que aumenta o \u00f3nus da prova e pode causar vitimiza\u00e7\u00e3o secund\u00e1ria.<\/p>\n<h3>Situa\u00e7\u00e3o atual e impactos<\/h3>\n<p>Apoiante da resolu\u00e7\u00e3o aponta que casos recentes revelam limites das defini\u00e7\u00f5es baseadas na for\u00e7a. Casos em Fran\u00e7a, envolvendo abuso online, foram citados como exemplos de evolu\u00e7\u00e3o da viol\u00eancia sexual.<\/p>\n<p>A resolu\u00e7\u00e3o foi aprovada com 447 votos a favor, 160 contra e 43 absten\u00e7\u00f5es, sinalizando apoio amplo no Parlamento. A medida n\u00e3o define aspas ou opini\u00f5es.<\/p>\n<h3>Perspetivas e pr\u00f3ximos passos<\/h3>\n<p>A Comiss\u00e3o Europeia dever\u00e1 traduzir a resolu\u00e7\u00e3o em proposta legislativa vinculativa. Os Estados-membros manter\u00e3o o debate sobre compet\u00eancias penais nacionais antes de qualquer aprova\u00e7\u00e3o.<\/p>\n","protected":false},"excerpt":{"rendered":"<ul>\n<li>O Parlamento Europeu aprovou uma resolu\u00e7\u00e3o que defende uma defini\u00e7\u00e3o comum de viola\u00e7\u00e3o na UE, baseada na aus\u00eancia de consentimento livre e esclarecido.<\/li>\n<li>A resolu\u00e7\u00e3o estabelece que apenas uma indica\u00e7\u00e3o clara, afirmativa, livre e inequ\u00edvoca de consentimento \u00e9 v\u00e1lida; o sil\u00eancio ou a aus\u00eancia de um &#8220;n\u00e3o&#8221; n\u00e3o pode ser interpretado como consentimento.<\/li>\n<li>Caber\u00e1 \u00e0 Comiss\u00e3o Europeia propor legisla\u00e7\u00e3o, que depois dever\u00e1 ser aprovada pelos Estados-membros da UE.<\/li>\n<li>A defini\u00e7\u00e3o defendida est\u00e1 alinhada com a Conven\u00e7\u00e3o de Istambul; ainda assim, v\u00e1rias legisla\u00e7\u00f5es nacionais continuam a basear-se numa perspetiva de for\u00e7a em alguns pa\u00edses.<\/li>\n<li>A resolu\u00e7\u00e3o foi aprovada por 447 votos a favor, 160 contra e 43 absten\u00e7\u00f5es; estima-se que cerca de 5% das mulheres na UE tenham sido v\u00edtimas de viola\u00e7\u00e3o desde os 15 anos.<\/li>\n<\/ul>\n","protected":false},"author":2,"featured_media":460184,"comment_status":"closed","ping_status":"closed","sticky":false,"template":"","format":"standard","meta":{"footnotes":""},"categories":[6907,7374],"tags":[8437,8209,8056,8076,7948,8018],"class_list":["post-460183","post","type-post","status-publish","format-standard","has-post-thumbnail","hentry","category-crime","category-criminalidade","tag-_direito-penal","tag-_direitos-das-mulheres","tag-_uniao-europeia","tag-_violacao","tag-_violencia-de-genero","tag-_violencia-sexual"],"yoast_head":"<!-- This site is optimized with the Yoast SEO plugin v27.2 - https:\/\/yoast.com\/product\/yoast-seo-wordpress\/ -->\n<title>UE prop\u00f5e defini\u00e7\u00e3o de viola\u00e7\u00e3o baseada na aus\u00eancia de consentimento - Portal Tela Portugal<\/title>\n<meta name=\"robots\" content=\"index, follow, max-snippet:-1, max-image-preview:large, max-video-preview:-1\" \/>\n<meta property=\"og:locale\" content=\"pt_PT\" \/>\n<meta property=\"og:type\" content=\"article\" \/>\n<meta property=\"og:title\" content=\"UE prop\u00f5e defini\u00e7\u00e3o de viola\u00e7\u00e3o baseada na aus\u00eancia de consentimento - Portal Tela Portugal\" \/>\n<meta property=\"og:description\" content=\"O Parlamento Europeu aprovou uma resolu\u00e7\u00e3o que defende uma defini\u00e7\u00e3o comum de viola\u00e7\u00e3o na UE, baseada na aus\u00eancia de consentimento livre e esclarecido. A resolu\u00e7\u00e3o estabelece que apenas uma indica\u00e7\u00e3o clara, afirmativa, livre e inequ\u00edvoca de consentimento \u00e9 v\u00e1lida; o sil\u00eancio ou a aus\u00eancia de um &quot;n\u00e3o&quot; n\u00e3o pode ser interpretado como consentimento. Caber\u00e1 \u00e0 Comiss\u00e3o Europeia propor legisla\u00e7\u00e3o, que depois dever\u00e1 ser aprovada pelos Estados-membros da UE. A defini\u00e7\u00e3o defendida est\u00e1 alinhada com a Conven\u00e7\u00e3o de Istambul; ainda assim, v\u00e1rias legisla\u00e7\u00f5es nacionais continuam a basear-se numa perspetiva de for\u00e7a em alguns pa\u00edses. A resolu\u00e7\u00e3o foi aprovada por 447 votos a favor, 160 contra e 43 absten\u00e7\u00f5es; estima-se que cerca de 5% das mulheres na UE tenham sido v\u00edtimas de viola\u00e7\u00e3o desde os 15 anos.\" \/>\n<meta property=\"og:url\" content=\"https:\/\/portaltela.pt\/noticias\/2026\/04\/28\/ue-propoe-definicao-de-violacao-baseada-na-ausencia-de-consentimento\/\" \/>\n<meta property=\"og:site_name\" content=\"Portal Tela Portugal\" \/>\n<meta property=\"article:published_time\" content=\"2026-04-28T17:33:12+00:00\" \/>\n<meta name=\"author\" content=\"Telinha\" \/>\n<meta name=\"twitter:card\" content=\"summary_large_image\" \/>\n<meta name=\"twitter:label1\" content=\"Escrito por\" \/>\n\t<meta name=\"twitter:data1\" content=\"Telinha\" \/>\n\t<meta name=\"twitter:label2\" content=\"Tempo estimado de leitura\" \/>\n\t<meta name=\"twitter:data2\" content=\"2 minutos\" \/>\n<script type=\"application\/ld+json\" class=\"yoast-schema-graph\">{\"@context\":\"https:\/\/schema.org\",\"@graph\":[{\"@type\":\"Article\",\"@id\":\"https:\/\/portaltela.pt\/noticias\/2026\/04\/28\/ue-propoe-definicao-de-violacao-baseada-na-ausencia-de-consentimento\/#article\",\"isPartOf\":{\"@id\":\"https:\/\/portaltela.pt\/noticias\/2026\/04\/28\/ue-propoe-definicao-de-violacao-baseada-na-ausencia-de-consentimento\/\"},\"author\":{\"name\":\"Telinha\",\"@id\":\"https:\/\/portaltela.pt\/#\/schema\/person\/c4278d4a6028830caff9ee44b42d32ed\"},\"headline\":\"UE prop\u00f5e defini\u00e7\u00e3o de viola\u00e7\u00e3o baseada na aus\u00eancia de consentimento\",\"datePublished\":\"2026-04-28T17:33:12+00:00\",\"mainEntityOfPage\":{\"@id\":\"https:\/\/portaltela.pt\/noticias\/2026\/04\/28\/ue-propoe-definicao-de-violacao-baseada-na-ausencia-de-consentimento\/\"},\"wordCount\":414,\"image\":{\"@id\":\"https:\/\/portaltela.pt\/noticias\/2026\/04\/28\/ue-propoe-definicao-de-violacao-baseada-na-ausencia-de-consentimento\/#primaryimage\"},\"thumbnailUrl\":\"https:\/\/portaltela.pt\/s.01k8rhncp4jt1\/2026\/04\/1536x864_cmsv2_d191bae0-74ef-52b1-9de3-5926def6b394-9738642.jpg\",\"keywords\":[\"_direito penal\",\"_direitos das mulheres\",\"_Uni\u00e3o Europeia\",\"_viola\u00e7\u00e3o\",\"_viol\u00eancia de g\u00e9nero\",\"_viol\u00eancia sexual\"],\"articleSection\":[\"Crime\",\"Criminalidade\"],\"inLanguage\":\"pt-PT\"},{\"@type\":\"WebPage\",\"@id\":\"https:\/\/portaltela.pt\/noticias\/2026\/04\/28\/ue-propoe-definicao-de-violacao-baseada-na-ausencia-de-consentimento\/\",\"url\":\"https:\/\/portaltela.pt\/noticias\/2026\/04\/28\/ue-propoe-definicao-de-violacao-baseada-na-ausencia-de-consentimento\/\",\"name\":\"UE prop\u00f5e defini\u00e7\u00e3o de viola\u00e7\u00e3o baseada na aus\u00eancia de consentimento - Portal Tela Portugal\",\"isPartOf\":{\"@id\":\"https:\/\/portaltela.pt\/#website\"},\"primaryImageOfPage\":{\"@id\":\"https:\/\/portaltela.pt\/noticias\/2026\/04\/28\/ue-propoe-definicao-de-violacao-baseada-na-ausencia-de-consentimento\/#primaryimage\"},\"image\":{\"@id\":\"https:\/\/portaltela.pt\/noticias\/2026\/04\/28\/ue-propoe-definicao-de-violacao-baseada-na-ausencia-de-consentimento\/#primaryimage\"},\"thumbnailUrl\":\"https:\/\/portaltela.pt\/s.01k8rhncp4jt1\/2026\/04\/1536x864_cmsv2_d191bae0-74ef-52b1-9de3-5926def6b394-9738642.jpg\",\"datePublished\":\"2026-04-28T17:33:12+00:00\",\"author\":{\"@id\":\"https:\/\/portaltela.pt\/#\/schema\/person\/c4278d4a6028830caff9ee44b42d32ed\"},\"breadcrumb\":{\"@id\":\"https:\/\/portaltela.pt\/noticias\/2026\/04\/28\/ue-propoe-definicao-de-violacao-baseada-na-ausencia-de-consentimento\/#breadcrumb\"},\"inLanguage\":\"pt-PT\",\"potentialAction\":[{\"@type\":\"ReadAction\",\"target\":[\"https:\/\/portaltela.pt\/noticias\/2026\/04\/28\/ue-propoe-definicao-de-violacao-baseada-na-ausencia-de-consentimento\/\"]}]},{\"@type\":\"ImageObject\",\"inLanguage\":\"pt-PT\",\"@id\":\"https:\/\/portaltela.pt\/noticias\/2026\/04\/28\/ue-propoe-definicao-de-violacao-baseada-na-ausencia-de-consentimento\/#primaryimage\",\"url\":\"https:\/\/portaltela.pt\/s.01k8rhncp4jt1\/2026\/04\/1536x864_cmsv2_d191bae0-74ef-52b1-9de3-5926def6b394-9738642.jpg\",\"contentUrl\":\"https:\/\/portaltela.pt\/s.01k8rhncp4jt1\/2026\/04\/1536x864_cmsv2_d191bae0-74ef-52b1-9de3-5926def6b394-9738642.jpg\",\"width\":796,\"height\":448,\"caption\":\"Estudantes marcham durante um protesto do Dia Internacional da Mulher em Barcelona, entoando palavras de ordem contra a viol\u00eancia contra as mulheres\"},{\"@type\":\"BreadcrumbList\",\"@id\":\"https:\/\/portaltela.pt\/noticias\/2026\/04\/28\/ue-propoe-definicao-de-violacao-baseada-na-ausencia-de-consentimento\/#breadcrumb\",\"itemListElement\":[{\"@type\":\"ListItem\",\"position\":1,\"name\":\"In\u00edcio\",\"item\":\"https:\/\/portaltela.pt\/\"},{\"@type\":\"ListItem\",\"position\":2,\"name\":\"UE prop\u00f5e defini\u00e7\u00e3o de viola\u00e7\u00e3o baseada na aus\u00eancia de consentimento\"}]},{\"@type\":\"WebSite\",\"@id\":\"https:\/\/portaltela.pt\/#website\",\"url\":\"https:\/\/portaltela.pt\/\",\"name\":\"Portal Tela Portugal\",\"description\":\"\",\"potentialAction\":[{\"@type\":\"SearchAction\",\"target\":{\"@type\":\"EntryPoint\",\"urlTemplate\":\"https:\/\/portaltela.pt\/?s={search_term_string}\"},\"query-input\":{\"@type\":\"PropertyValueSpecification\",\"valueRequired\":true,\"valueName\":\"search_term_string\"}}],\"inLanguage\":\"pt-PT\"},{\"@type\":\"Person\",\"@id\":\"https:\/\/portaltela.pt\/#\/schema\/person\/c4278d4a6028830caff9ee44b42d32ed\",\"name\":\"Telinha\",\"image\":{\"@type\":\"ImageObject\",\"inLanguage\":\"pt-PT\",\"@id\":\"https:\/\/portaltela.pt\/s.01k8rhncp4jt1\/2025\/11\/talking-bot-125x125.png\",\"url\":\"https:\/\/portaltela.pt\/s.01k8rhncp4jt1\/2025\/11\/talking-bot-125x125.png\",\"contentUrl\":\"https:\/\/portaltela.pt\/s.01k8rhncp4jt1\/2025\/11\/talking-bot-125x125.png\",\"caption\":\"Telinha\"},\"sameAs\":[\"https:\/\/portaltela.pt\/\"],\"url\":\"https:\/\/portaltela.pt\/por\/367410592786\/\"}]}<\/script>\n<!-- \/ Yoast SEO plugin. -->","yoast_head_json":{"title":"UE prop\u00f5e defini\u00e7\u00e3o de viola\u00e7\u00e3o baseada na aus\u00eancia de consentimento - Portal Tela Portugal","robots":{"index":"index","follow":"follow","max-snippet":"max-snippet:-1","max-image-preview":"max-image-preview:large","max-video-preview":"max-video-preview:-1"},"og_locale":"pt_PT","og_type":"article","og_title":"UE prop\u00f5e defini\u00e7\u00e3o de viola\u00e7\u00e3o baseada na aus\u00eancia de consentimento - Portal Tela Portugal","og_description":"O Parlamento Europeu aprovou uma resolu\u00e7\u00e3o que defende uma defini\u00e7\u00e3o comum de viola\u00e7\u00e3o na UE, baseada na aus\u00eancia de consentimento livre e esclarecido. A resolu\u00e7\u00e3o estabelece que apenas uma indica\u00e7\u00e3o clara, afirmativa, livre e inequ\u00edvoca de consentimento \u00e9 v\u00e1lida; o sil\u00eancio ou a aus\u00eancia de um \"n\u00e3o\" n\u00e3o pode ser interpretado como consentimento. Caber\u00e1 \u00e0 Comiss\u00e3o Europeia propor legisla\u00e7\u00e3o, que depois dever\u00e1 ser aprovada pelos Estados-membros da UE. A defini\u00e7\u00e3o defendida est\u00e1 alinhada com a Conven\u00e7\u00e3o de Istambul; ainda assim, v\u00e1rias legisla\u00e7\u00f5es nacionais continuam a basear-se numa perspetiva de for\u00e7a em alguns pa\u00edses. A resolu\u00e7\u00e3o foi aprovada por 447 votos a favor, 160 contra e 43 absten\u00e7\u00f5es; estima-se que cerca de 5% das mulheres na UE tenham sido v\u00edtimas de viola\u00e7\u00e3o desde os 15 anos.","og_url":"https:\/\/portaltela.pt\/noticias\/2026\/04\/28\/ue-propoe-definicao-de-violacao-baseada-na-ausencia-de-consentimento\/","og_site_name":"Portal Tela Portugal","article_published_time":"2026-04-28T17:33:12+00:00","author":"Telinha","twitter_card":"summary_large_image","twitter_misc":{"Escrito por":"Telinha","Tempo estimado de leitura":"2 minutos"},"schema":{"@context":"https:\/\/schema.org","@graph":[{"@type":"Article","@id":"https:\/\/portaltela.pt\/noticias\/2026\/04\/28\/ue-propoe-definicao-de-violacao-baseada-na-ausencia-de-consentimento\/#article","isPartOf":{"@id":"https:\/\/portaltela.pt\/noticias\/2026\/04\/28\/ue-propoe-definicao-de-violacao-baseada-na-ausencia-de-consentimento\/"},"author":{"name":"Telinha","@id":"https:\/\/portaltela.pt\/#\/schema\/person\/c4278d4a6028830caff9ee44b42d32ed"},"headline":"UE prop\u00f5e defini\u00e7\u00e3o de viola\u00e7\u00e3o baseada na aus\u00eancia de consentimento","datePublished":"2026-04-28T17:33:12+00:00","mainEntityOfPage":{"@id":"https:\/\/portaltela.pt\/noticias\/2026\/04\/28\/ue-propoe-definicao-de-violacao-baseada-na-ausencia-de-consentimento\/"},"wordCount":414,"image":{"@id":"https:\/\/portaltela.pt\/noticias\/2026\/04\/28\/ue-propoe-definicao-de-violacao-baseada-na-ausencia-de-consentimento\/#primaryimage"},"thumbnailUrl":"https:\/\/portaltela.pt\/s.01k8rhncp4jt1\/2026\/04\/1536x864_cmsv2_d191bae0-74ef-52b1-9de3-5926def6b394-9738642.jpg","keywords":["_direito penal","_direitos das mulheres","_Uni\u00e3o Europeia","_viola\u00e7\u00e3o","_viol\u00eancia de g\u00e9nero","_viol\u00eancia sexual"],"articleSection":["Crime","Criminalidade"],"inLanguage":"pt-PT"},{"@type":"WebPage","@id":"https:\/\/portaltela.pt\/noticias\/2026\/04\/28\/ue-propoe-definicao-de-violacao-baseada-na-ausencia-de-consentimento\/","url":"https:\/\/portaltela.pt\/noticias\/2026\/04\/28\/ue-propoe-definicao-de-violacao-baseada-na-ausencia-de-consentimento\/","name":"UE prop\u00f5e defini\u00e7\u00e3o de viola\u00e7\u00e3o baseada na aus\u00eancia de consentimento - Portal Tela Portugal","isPartOf":{"@id":"https:\/\/portaltela.pt\/#website"},"primaryImageOfPage":{"@id":"https:\/\/portaltela.pt\/noticias\/2026\/04\/28\/ue-propoe-definicao-de-violacao-baseada-na-ausencia-de-consentimento\/#primaryimage"},"image":{"@id":"https:\/\/portaltela.pt\/noticias\/2026\/04\/28\/ue-propoe-definicao-de-violacao-baseada-na-ausencia-de-consentimento\/#primaryimage"},"thumbnailUrl":"https:\/\/portaltela.pt\/s.01k8rhncp4jt1\/2026\/04\/1536x864_cmsv2_d191bae0-74ef-52b1-9de3-5926def6b394-9738642.jpg","datePublished":"2026-04-28T17:33:12+00:00","author":{"@id":"https:\/\/portaltela.pt\/#\/schema\/person\/c4278d4a6028830caff9ee44b42d32ed"},"breadcrumb":{"@id":"https:\/\/portaltela.pt\/noticias\/2026\/04\/28\/ue-propoe-definicao-de-violacao-baseada-na-ausencia-de-consentimento\/#breadcrumb"},"inLanguage":"pt-PT","potentialAction":[{"@type":"ReadAction","target":["https:\/\/portaltela.pt\/noticias\/2026\/04\/28\/ue-propoe-definicao-de-violacao-baseada-na-ausencia-de-consentimento\/"]}]},{"@type":"ImageObject","inLanguage":"pt-PT","@id":"https:\/\/portaltela.pt\/noticias\/2026\/04\/28\/ue-propoe-definicao-de-violacao-baseada-na-ausencia-de-consentimento\/#primaryimage","url":"https:\/\/portaltela.pt\/s.01k8rhncp4jt1\/2026\/04\/1536x864_cmsv2_d191bae0-74ef-52b1-9de3-5926def6b394-9738642.jpg","contentUrl":"https:\/\/portaltela.pt\/s.01k8rhncp4jt1\/2026\/04\/1536x864_cmsv2_d191bae0-74ef-52b1-9de3-5926def6b394-9738642.jpg","width":796,"height":448,"caption":"Estudantes marcham durante um protesto do Dia Internacional da Mulher em Barcelona, entoando palavras de ordem contra a viol\u00eancia contra as mulheres"},{"@type":"BreadcrumbList","@id":"https:\/\/portaltela.pt\/noticias\/2026\/04\/28\/ue-propoe-definicao-de-violacao-baseada-na-ausencia-de-consentimento\/#breadcrumb","itemListElement":[{"@type":"ListItem","position":1,"name":"In\u00edcio","item":"https:\/\/portaltela.pt\/"},{"@type":"ListItem","position":2,"name":"UE prop\u00f5e defini\u00e7\u00e3o de viola\u00e7\u00e3o baseada na aus\u00eancia de consentimento"}]},{"@type":"WebSite","@id":"https:\/\/portaltela.pt\/#website","url":"https:\/\/portaltela.pt\/","name":"Portal Tela Portugal","description":"","potentialAction":[{"@type":"SearchAction","target":{"@type":"EntryPoint","urlTemplate":"https:\/\/portaltela.pt\/?s={search_term_string}"},"query-input":{"@type":"PropertyValueSpecification","valueRequired":true,"valueName":"search_term_string"}}],"inLanguage":"pt-PT"},{"@type":"Person","@id":"https:\/\/portaltela.pt\/#\/schema\/person\/c4278d4a6028830caff9ee44b42d32ed","name":"Telinha","image":{"@type":"ImageObject","inLanguage":"pt-PT","@id":"https:\/\/portaltela.pt\/s.01k8rhncp4jt1\/2025\/11\/talking-bot-125x125.png","url":"https:\/\/portaltela.pt\/s.01k8rhncp4jt1\/2025\/11\/talking-bot-125x125.png","contentUrl":"https:\/\/portaltela.pt\/s.01k8rhncp4jt1\/2025\/11\/talking-bot-125x125.png","caption":"Telinha"},"sameAs":["https:\/\/portaltela.pt\/"],"url":"https:\/\/portaltela.pt\/por\/367410592786\/"}]}},"_links":{"self":[{"href":"https:\/\/portaltela.pt\/api\/wp\/v2\/posts\/460183","targetHints":{"allow":["GET"]}}],"collection":[{"href":"https:\/\/portaltela.pt\/api\/wp\/v2\/posts"}],"about":[{"href":"https:\/\/portaltela.pt\/api\/wp\/v2\/types\/post"}],"author":[{"embeddable":true,"href":"https:\/\/portaltela.pt\/api\/wp\/v2\/users\/2"}],"replies":[{"embeddable":true,"href":"https:\/\/portaltela.pt\/api\/wp\/v2\/comments?post=460183"}],"version-history":[{"count":0,"href":"https:\/\/portaltela.pt\/api\/wp\/v2\/posts\/460183\/revisions"}],"wp:featuredmedia":[{"embeddable":true,"href":"https:\/\/portaltela.pt\/api\/wp\/v2\/media\/460184"}],"wp:attachment":[{"href":"https:\/\/portaltela.pt\/api\/wp\/v2\/media?parent=460183"}],"wp:term":[{"taxonomy":"category","embeddable":true,"href":"https:\/\/portaltela.pt\/api\/wp\/v2\/categories?post=460183"},{"taxonomy":"post_tag","embeddable":true,"href":"https:\/\/portaltela.pt\/api\/wp\/v2\/tags?post=460183"}],"curies":[{"name":"wp","href":"https:\/\/api.w.org\/{rel}","templated":true}]}}