{"id":460179,"date":"2026-04-28T14:32:52","date_gmt":"2026-04-28T17:32:52","guid":{"rendered":"https:\/\/portaltela.pt\/noticias\/2026\/04\/28\/ptrr-tem-226-mil-milhoes-ate-2034-e-nao-se-pode-pagar-tudo-avisa-montenegro\/"},"modified":"2026-04-28T14:32:52","modified_gmt":"2026-04-28T17:32:52","slug":"ptrr-tem-226-mil-milhoes-ate-2034-e-nao-se-pode-pagar-tudo-avisa-montenegro","status":"publish","type":"post","link":"https:\/\/portaltela.pt\/noticias\/economia\/2026\/04\/28\/ptrr-tem-226-mil-milhoes-ate-2034-e-nao-se-pode-pagar-tudo-avisa-montenegro\/","title":{"rendered":"PTRR tem 22,6 mil milh\u00f5es at\u00e9 2034 e n\u00e3o se pode pagar tudo, avisa Montenegro"},"content":{"rendered":"<p>O Governo apresentou a vers\u00e3o final do programa Portugal Transforma\u00e7\u00e3o, Recupera\u00e7\u00e3o e Resili\u00eancia (PTRR), um ano ap\u00f3s o apag\u00e3o el\u00e9trico e tr\u00eas meses desde o in\u00edcio do ciclone de tempestades. A cerim\u00f3nia ocorreu no Pavilh\u00e3o de Portugal, em Lisboa, com o objetivo de apoiar fam\u00edlias, empresas e a economia nacional.<\/p>\n<p>O PTRR totaliza 22,6 mil milh\u00f5es de euros, com execu\u00e7\u00e3o prevista at\u00e9 2034. O montante ser\u00e1 financiado de forma m h\u00edbrida entre p\u00fablico e privado, maioritariamente nacional, incluindo uma parcela de fundos europeus, explicou o primeiro-ministro Lu\u00eds Montenegro.<\/p>\n<p>A gest\u00e3o do PTRR ficar\u00e1 a cargo do ministro da Economia e da Coes\u00e3o Territorial, Castro Almeida, com o apoio de uma ag\u00eancia especializada. O programa est\u00e1 estruturado em tr\u00eas pilares, abrangendo a resposta a desastres, reabilita\u00e7\u00e3o e investimento produtivo.<\/p>\n<p>Entre as medidas, destaca-se o fundo de cat\u00e1strofes, que prev\u00ea um seguro obrigat\u00f3rio para habita\u00e7\u00f5es. A execu\u00e7\u00e3o destas a\u00e7\u00f5es ficar\u00e1 a cargo da ag\u00eancia especializada indicada, assegurando a coordena\u00e7\u00e3o entre entidades p\u00fablicas e privadas.<\/p>\n<p>O Governo aponta 96 medidas no total, centradas em apoio direto a popula\u00e7\u00f5es e empresas afetadas pelas tempestades do in\u00edcio do ano. O objetivo \u00e9 promover a recupera\u00e7\u00e3o econ\u00f3mica, a resili\u00eancia estrutural e a reconstru\u00e7\u00e3o em \u00e1reas priorit\u00e1rias.<\/p>\n<p>Apesar do elevado montante, Montenegro sublinhou a impossibilidade de \u201cpagar tudo a todos\u201d, reiterando a necessidade de priorizar as a\u00e7\u00f5es de maior impacto e retorno econ\u00f3mico, dentro do Plano de Recupera\u00e7\u00e3o.<\/p>\n","protected":false},"excerpt":{"rendered":"<ul>\n<li>O Governo apresentou o programa Portugal Transforma\u00e7\u00e3o, Recupera\u00e7\u00e3o e Resili\u00eancia (PTRR) com um valor de 22,6 mil milh\u00f5es de euros para execu\u00e7\u00e3o at\u00e9 2034.<\/li>\n<li>O primeiro-ministro Lu\u00eds Montenegro avisou que n\u00e3o \u00e9 poss\u00edvel &#8220;pagar tudo a todos&#8221;.<\/li>\n<li>O PTRR re\u00fane 96 medidas, incluindo um fundo de cat\u00e1strofes com seguro obrigat\u00f3rio para habita\u00e7\u00f5es.<\/li>\n<li>A execu\u00e7\u00e3o ficar\u00e1 a cargo de uma ag\u00eancia especializada, com o programa gerido pelo ministro da Economia e da Coes\u00e3o Territorial, Castro Almeida.<\/li>\n<li>O PTRR baseia-se em tr\u00eas pilares, com financiamento p\u00fablico e privado, maioritariamente nacional, e uma parcela de fundos europeus.<\/li>\n<\/ul>\n","protected":false},"author":2,"featured_media":460180,"comment_status":"closed","ping_status":"closed","sticky":false,"template":"","format":"standard","meta":{"footnotes":""},"categories":[2,6735],"tags":[5215,28,34,150,1014,7821],"class_list":["post-460179","post","type-post","status-publish","format-standard","has-post-thumbnail","hentry","category-economia","category-negocios","tag-catastrofes-naturais","tag-economia","tag-governo","tag-habitacao","tag-portugal","tag-recuperacao-economica"],"yoast_head":"<!-- This site is optimized with the Yoast SEO plugin v27.2 - https:\/\/yoast.com\/product\/yoast-seo-wordpress\/ -->\n<title>PTRR tem 22,6 mil milh\u00f5es at\u00e9 2034 e n\u00e3o se pode pagar tudo, avisa Montenegro - Portal Tela Portugal<\/title>\n<meta name=\"robots\" content=\"index, follow, max-snippet:-1, max-image-preview:large, max-video-preview:-1\" \/>\n<meta property=\"og:locale\" content=\"pt_PT\" \/>\n<meta property=\"og:type\" content=\"article\" \/>\n<meta property=\"og:title\" content=\"PTRR tem 22,6 mil milh\u00f5es at\u00e9 2034 e n\u00e3o se pode pagar tudo, avisa Montenegro - Portal Tela Portugal\" \/>\n<meta property=\"og:description\" content=\"O Governo apresentou o programa Portugal Transforma\u00e7\u00e3o, Recupera\u00e7\u00e3o e Resili\u00eancia (PTRR) com um valor de 22,6 mil milh\u00f5es de euros para execu\u00e7\u00e3o at\u00e9 2034. O primeiro-ministro Lu\u00eds Montenegro avisou que n\u00e3o \u00e9 poss\u00edvel &quot;pagar tudo a todos&quot;. O PTRR re\u00fane 96 medidas, incluindo um fundo de cat\u00e1strofes com seguro obrigat\u00f3rio para habita\u00e7\u00f5es. A execu\u00e7\u00e3o ficar\u00e1 a cargo de uma ag\u00eancia especializada, com o programa gerido pelo ministro da Economia e da Coes\u00e3o Territorial, Castro Almeida. O PTRR baseia-se em tr\u00eas pilares, com financiamento p\u00fablico e privado, maioritariamente nacional, e uma parcela de fundos europeus.\" \/>\n<meta property=\"og:url\" content=\"https:\/\/portaltela.pt\/noticias\/2026\/04\/28\/ptrr-tem-226-mil-milhoes-ate-2034-e-nao-se-pode-pagar-tudo-avisa-montenegro\/\" \/>\n<meta property=\"og:site_name\" content=\"Portal Tela Portugal\" \/>\n<meta property=\"article:published_time\" content=\"2026-04-28T17:32:52+00:00\" \/>\n<meta name=\"author\" content=\"Telinha\" \/>\n<meta name=\"twitter:card\" content=\"summary_large_image\" \/>\n<meta name=\"twitter:label1\" content=\"Escrito por\" \/>\n\t<meta name=\"twitter:data1\" content=\"Telinha\" \/>\n\t<meta name=\"twitter:label2\" content=\"Tempo estimado de leitura\" \/>\n\t<meta name=\"twitter:data2\" content=\"1 minuto\" \/>\n<script type=\"application\/ld+json\" class=\"yoast-schema-graph\">{\"@context\":\"https:\/\/schema.org\",\"@graph\":[{\"@type\":\"Article\",\"@id\":\"https:\/\/portaltela.pt\/noticias\/2026\/04\/28\/ptrr-tem-226-mil-milhoes-ate-2034-e-nao-se-pode-pagar-tudo-avisa-montenegro\/#article\",\"isPartOf\":{\"@id\":\"https:\/\/portaltela.pt\/noticias\/2026\/04\/28\/ptrr-tem-226-mil-milhoes-ate-2034-e-nao-se-pode-pagar-tudo-avisa-montenegro\/\"},\"author\":{\"name\":\"Telinha\",\"@id\":\"https:\/\/portaltela.pt\/#\/schema\/person\/c4278d4a6028830caff9ee44b42d32ed\"},\"headline\":\"PTRR tem 22,6 mil milh\u00f5es at\u00e9 2034 e n\u00e3o se pode pagar tudo, avisa Montenegro\",\"datePublished\":\"2026-04-28T17:32:52+00:00\",\"mainEntityOfPage\":{\"@id\":\"https:\/\/portaltela.pt\/noticias\/2026\/04\/28\/ptrr-tem-226-mil-milhoes-ate-2034-e-nao-se-pode-pagar-tudo-avisa-montenegro\/\"},\"wordCount\":282,\"image\":{\"@id\":\"https:\/\/portaltela.pt\/noticias\/2026\/04\/28\/ptrr-tem-226-mil-milhoes-ate-2034-e-nao-se-pode-pagar-tudo-avisa-montenegro\/#primaryimage\"},\"thumbnailUrl\":\"https:\/\/portaltela.pt\/s.01k8rhncp4jt1\/2026\/04\/1536x864_cmsv2_f8aad357-0558-5248-a7be-4f1ef028f4b7-9634903.jpg\",\"keywords\":[\"cat\u00e1strofes naturais\",\"economia\",\"governo\",\"habita\u00e7\u00e3o\",\"Portugal\",\"Recupera\u00e7\u00e3o econ\u00f3mica\"],\"articleSection\":[\"Economia\",\"Neg\u00f3cios\"],\"inLanguage\":\"pt-PT\"},{\"@type\":\"WebPage\",\"@id\":\"https:\/\/portaltela.pt\/noticias\/2026\/04\/28\/ptrr-tem-226-mil-milhoes-ate-2034-e-nao-se-pode-pagar-tudo-avisa-montenegro\/\",\"url\":\"https:\/\/portaltela.pt\/noticias\/2026\/04\/28\/ptrr-tem-226-mil-milhoes-ate-2034-e-nao-se-pode-pagar-tudo-avisa-montenegro\/\",\"name\":\"PTRR tem 22,6 mil milh\u00f5es at\u00e9 2034 e n\u00e3o se pode pagar tudo, avisa Montenegro - Portal Tela Portugal\",\"isPartOf\":{\"@id\":\"https:\/\/portaltela.pt\/#website\"},\"primaryImageOfPage\":{\"@id\":\"https:\/\/portaltela.pt\/noticias\/2026\/04\/28\/ptrr-tem-226-mil-milhoes-ate-2034-e-nao-se-pode-pagar-tudo-avisa-montenegro\/#primaryimage\"},\"image\":{\"@id\":\"https:\/\/portaltela.pt\/noticias\/2026\/04\/28\/ptrr-tem-226-mil-milhoes-ate-2034-e-nao-se-pode-pagar-tudo-avisa-montenegro\/#primaryimage\"},\"thumbnailUrl\":\"https:\/\/portaltela.pt\/s.01k8rhncp4jt1\/2026\/04\/1536x864_cmsv2_f8aad357-0558-5248-a7be-4f1ef028f4b7-9634903.jpg\",\"datePublished\":\"2026-04-28T17:32:52+00:00\",\"author\":{\"@id\":\"https:\/\/portaltela.pt\/#\/schema\/person\/c4278d4a6028830caff9ee44b42d32ed\"},\"breadcrumb\":{\"@id\":\"https:\/\/portaltela.pt\/noticias\/2026\/04\/28\/ptrr-tem-226-mil-milhoes-ate-2034-e-nao-se-pode-pagar-tudo-avisa-montenegro\/#breadcrumb\"},\"inLanguage\":\"pt-PT\",\"potentialAction\":[{\"@type\":\"ReadAction\",\"target\":[\"https:\/\/portaltela.pt\/noticias\/2026\/04\/28\/ptrr-tem-226-mil-milhoes-ate-2034-e-nao-se-pode-pagar-tudo-avisa-montenegro\/\"]}]},{\"@type\":\"ImageObject\",\"inLanguage\":\"pt-PT\",\"@id\":\"https:\/\/portaltela.pt\/noticias\/2026\/04\/28\/ptrr-tem-226-mil-milhoes-ate-2034-e-nao-se-pode-pagar-tudo-avisa-montenegro\/#primaryimage\",\"url\":\"https:\/\/portaltela.pt\/s.01k8rhncp4jt1\/2026\/04\/1536x864_cmsv2_f8aad357-0558-5248-a7be-4f1ef028f4b7-9634903.jpg\",\"contentUrl\":\"https:\/\/portaltela.pt\/s.01k8rhncp4jt1\/2026\/04\/1536x864_cmsv2_f8aad357-0558-5248-a7be-4f1ef028f4b7-9634903.jpg\",\"width\":1536,\"height\":864,\"caption\":\"Roda gigante ca\u00edda no ch\u00e3o, depois de ter tombado durante a passagem da tempestade Kristin, na Figueira da Foz\"},{\"@type\":\"BreadcrumbList\",\"@id\":\"https:\/\/portaltela.pt\/noticias\/2026\/04\/28\/ptrr-tem-226-mil-milhoes-ate-2034-e-nao-se-pode-pagar-tudo-avisa-montenegro\/#breadcrumb\",\"itemListElement\":[{\"@type\":\"ListItem\",\"position\":1,\"name\":\"In\u00edcio\",\"item\":\"https:\/\/portaltela.pt\/\"},{\"@type\":\"ListItem\",\"position\":2,\"name\":\"PTRR tem 22,6 mil milh\u00f5es at\u00e9 2034 e n\u00e3o se pode pagar tudo, avisa Montenegro\"}]},{\"@type\":\"WebSite\",\"@id\":\"https:\/\/portaltela.pt\/#website\",\"url\":\"https:\/\/portaltela.pt\/\",\"name\":\"Portal Tela Portugal\",\"description\":\"\",\"potentialAction\":[{\"@type\":\"SearchAction\",\"target\":{\"@type\":\"EntryPoint\",\"urlTemplate\":\"https:\/\/portaltela.pt\/?s={search_term_string}\"},\"query-input\":{\"@type\":\"PropertyValueSpecification\",\"valueRequired\":true,\"valueName\":\"search_term_string\"}}],\"inLanguage\":\"pt-PT\"},{\"@type\":\"Person\",\"@id\":\"https:\/\/portaltela.pt\/#\/schema\/person\/c4278d4a6028830caff9ee44b42d32ed\",\"name\":\"Telinha\",\"image\":{\"@type\":\"ImageObject\",\"inLanguage\":\"pt-PT\",\"@id\":\"https:\/\/portaltela.pt\/s.01k8rhncp4jt1\/2025\/11\/talking-bot-125x125.png\",\"url\":\"https:\/\/portaltela.pt\/s.01k8rhncp4jt1\/2025\/11\/talking-bot-125x125.png\",\"contentUrl\":\"https:\/\/portaltela.pt\/s.01k8rhncp4jt1\/2025\/11\/talking-bot-125x125.png\",\"caption\":\"Telinha\"},\"sameAs\":[\"https:\/\/portaltela.pt\/\"],\"url\":\"https:\/\/portaltela.pt\/por\/367410592786\/\"}]}<\/script>\n<!-- \/ Yoast SEO plugin. -->","yoast_head_json":{"title":"PTRR tem 22,6 mil milh\u00f5es at\u00e9 2034 e n\u00e3o se pode pagar tudo, avisa Montenegro - Portal Tela Portugal","robots":{"index":"index","follow":"follow","max-snippet":"max-snippet:-1","max-image-preview":"max-image-preview:large","max-video-preview":"max-video-preview:-1"},"og_locale":"pt_PT","og_type":"article","og_title":"PTRR tem 22,6 mil milh\u00f5es at\u00e9 2034 e n\u00e3o se pode pagar tudo, avisa Montenegro - Portal Tela Portugal","og_description":"O Governo apresentou o programa Portugal Transforma\u00e7\u00e3o, Recupera\u00e7\u00e3o e Resili\u00eancia (PTRR) com um valor de 22,6 mil milh\u00f5es de euros para execu\u00e7\u00e3o at\u00e9 2034. O primeiro-ministro Lu\u00eds Montenegro avisou que n\u00e3o \u00e9 poss\u00edvel \"pagar tudo a todos\". O PTRR re\u00fane 96 medidas, incluindo um fundo de cat\u00e1strofes com seguro obrigat\u00f3rio para habita\u00e7\u00f5es. A execu\u00e7\u00e3o ficar\u00e1 a cargo de uma ag\u00eancia especializada, com o programa gerido pelo ministro da Economia e da Coes\u00e3o Territorial, Castro Almeida. O PTRR baseia-se em tr\u00eas pilares, com financiamento p\u00fablico e privado, maioritariamente nacional, e uma parcela de fundos europeus.","og_url":"https:\/\/portaltela.pt\/noticias\/2026\/04\/28\/ptrr-tem-226-mil-milhoes-ate-2034-e-nao-se-pode-pagar-tudo-avisa-montenegro\/","og_site_name":"Portal Tela Portugal","article_published_time":"2026-04-28T17:32:52+00:00","author":"Telinha","twitter_card":"summary_large_image","twitter_misc":{"Escrito por":"Telinha","Tempo estimado de leitura":"1 minuto"},"schema":{"@context":"https:\/\/schema.org","@graph":[{"@type":"Article","@id":"https:\/\/portaltela.pt\/noticias\/2026\/04\/28\/ptrr-tem-226-mil-milhoes-ate-2034-e-nao-se-pode-pagar-tudo-avisa-montenegro\/#article","isPartOf":{"@id":"https:\/\/portaltela.pt\/noticias\/2026\/04\/28\/ptrr-tem-226-mil-milhoes-ate-2034-e-nao-se-pode-pagar-tudo-avisa-montenegro\/"},"author":{"name":"Telinha","@id":"https:\/\/portaltela.pt\/#\/schema\/person\/c4278d4a6028830caff9ee44b42d32ed"},"headline":"PTRR tem 22,6 mil milh\u00f5es at\u00e9 2034 e n\u00e3o se pode pagar tudo, avisa Montenegro","datePublished":"2026-04-28T17:32:52+00:00","mainEntityOfPage":{"@id":"https:\/\/portaltela.pt\/noticias\/2026\/04\/28\/ptrr-tem-226-mil-milhoes-ate-2034-e-nao-se-pode-pagar-tudo-avisa-montenegro\/"},"wordCount":282,"image":{"@id":"https:\/\/portaltela.pt\/noticias\/2026\/04\/28\/ptrr-tem-226-mil-milhoes-ate-2034-e-nao-se-pode-pagar-tudo-avisa-montenegro\/#primaryimage"},"thumbnailUrl":"https:\/\/portaltela.pt\/s.01k8rhncp4jt1\/2026\/04\/1536x864_cmsv2_f8aad357-0558-5248-a7be-4f1ef028f4b7-9634903.jpg","keywords":["cat\u00e1strofes naturais","economia","governo","habita\u00e7\u00e3o","Portugal","Recupera\u00e7\u00e3o econ\u00f3mica"],"articleSection":["Economia","Neg\u00f3cios"],"inLanguage":"pt-PT"},{"@type":"WebPage","@id":"https:\/\/portaltela.pt\/noticias\/2026\/04\/28\/ptrr-tem-226-mil-milhoes-ate-2034-e-nao-se-pode-pagar-tudo-avisa-montenegro\/","url":"https:\/\/portaltela.pt\/noticias\/2026\/04\/28\/ptrr-tem-226-mil-milhoes-ate-2034-e-nao-se-pode-pagar-tudo-avisa-montenegro\/","name":"PTRR tem 22,6 mil milh\u00f5es at\u00e9 2034 e n\u00e3o se pode pagar tudo, avisa Montenegro - Portal Tela Portugal","isPartOf":{"@id":"https:\/\/portaltela.pt\/#website"},"primaryImageOfPage":{"@id":"https:\/\/portaltela.pt\/noticias\/2026\/04\/28\/ptrr-tem-226-mil-milhoes-ate-2034-e-nao-se-pode-pagar-tudo-avisa-montenegro\/#primaryimage"},"image":{"@id":"https:\/\/portaltela.pt\/noticias\/2026\/04\/28\/ptrr-tem-226-mil-milhoes-ate-2034-e-nao-se-pode-pagar-tudo-avisa-montenegro\/#primaryimage"},"thumbnailUrl":"https:\/\/portaltela.pt\/s.01k8rhncp4jt1\/2026\/04\/1536x864_cmsv2_f8aad357-0558-5248-a7be-4f1ef028f4b7-9634903.jpg","datePublished":"2026-04-28T17:32:52+00:00","author":{"@id":"https:\/\/portaltela.pt\/#\/schema\/person\/c4278d4a6028830caff9ee44b42d32ed"},"breadcrumb":{"@id":"https:\/\/portaltela.pt\/noticias\/2026\/04\/28\/ptrr-tem-226-mil-milhoes-ate-2034-e-nao-se-pode-pagar-tudo-avisa-montenegro\/#breadcrumb"},"inLanguage":"pt-PT","potentialAction":[{"@type":"ReadAction","target":["https:\/\/portaltela.pt\/noticias\/2026\/04\/28\/ptrr-tem-226-mil-milhoes-ate-2034-e-nao-se-pode-pagar-tudo-avisa-montenegro\/"]}]},{"@type":"ImageObject","inLanguage":"pt-PT","@id":"https:\/\/portaltela.pt\/noticias\/2026\/04\/28\/ptrr-tem-226-mil-milhoes-ate-2034-e-nao-se-pode-pagar-tudo-avisa-montenegro\/#primaryimage","url":"https:\/\/portaltela.pt\/s.01k8rhncp4jt1\/2026\/04\/1536x864_cmsv2_f8aad357-0558-5248-a7be-4f1ef028f4b7-9634903.jpg","contentUrl":"https:\/\/portaltela.pt\/s.01k8rhncp4jt1\/2026\/04\/1536x864_cmsv2_f8aad357-0558-5248-a7be-4f1ef028f4b7-9634903.jpg","width":1536,"height":864,"caption":"Roda gigante ca\u00edda no ch\u00e3o, depois de ter tombado durante a passagem da tempestade Kristin, na Figueira da Foz"},{"@type":"BreadcrumbList","@id":"https:\/\/portaltela.pt\/noticias\/2026\/04\/28\/ptrr-tem-226-mil-milhoes-ate-2034-e-nao-se-pode-pagar-tudo-avisa-montenegro\/#breadcrumb","itemListElement":[{"@type":"ListItem","position":1,"name":"In\u00edcio","item":"https:\/\/portaltela.pt\/"},{"@type":"ListItem","position":2,"name":"PTRR tem 22,6 mil milh\u00f5es at\u00e9 2034 e n\u00e3o se pode pagar tudo, avisa Montenegro"}]},{"@type":"WebSite","@id":"https:\/\/portaltela.pt\/#website","url":"https:\/\/portaltela.pt\/","name":"Portal Tela Portugal","description":"","potentialAction":[{"@type":"SearchAction","target":{"@type":"EntryPoint","urlTemplate":"https:\/\/portaltela.pt\/?s={search_term_string}"},"query-input":{"@type":"PropertyValueSpecification","valueRequired":true,"valueName":"search_term_string"}}],"inLanguage":"pt-PT"},{"@type":"Person","@id":"https:\/\/portaltela.pt\/#\/schema\/person\/c4278d4a6028830caff9ee44b42d32ed","name":"Telinha","image":{"@type":"ImageObject","inLanguage":"pt-PT","@id":"https:\/\/portaltela.pt\/s.01k8rhncp4jt1\/2025\/11\/talking-bot-125x125.png","url":"https:\/\/portaltela.pt\/s.01k8rhncp4jt1\/2025\/11\/talking-bot-125x125.png","contentUrl":"https:\/\/portaltela.pt\/s.01k8rhncp4jt1\/2025\/11\/talking-bot-125x125.png","caption":"Telinha"},"sameAs":["https:\/\/portaltela.pt\/"],"url":"https:\/\/portaltela.pt\/por\/367410592786\/"}]}},"_links":{"self":[{"href":"https:\/\/portaltela.pt\/api\/wp\/v2\/posts\/460179","targetHints":{"allow":["GET"]}}],"collection":[{"href":"https:\/\/portaltela.pt\/api\/wp\/v2\/posts"}],"about":[{"href":"https:\/\/portaltela.pt\/api\/wp\/v2\/types\/post"}],"author":[{"embeddable":true,"href":"https:\/\/portaltela.pt\/api\/wp\/v2\/users\/2"}],"replies":[{"embeddable":true,"href":"https:\/\/portaltela.pt\/api\/wp\/v2\/comments?post=460179"}],"version-history":[{"count":0,"href":"https:\/\/portaltela.pt\/api\/wp\/v2\/posts\/460179\/revisions"}],"wp:featuredmedia":[{"embeddable":true,"href":"https:\/\/portaltela.pt\/api\/wp\/v2\/media\/460180"}],"wp:attachment":[{"href":"https:\/\/portaltela.pt\/api\/wp\/v2\/media?parent=460179"}],"wp:term":[{"taxonomy":"category","embeddable":true,"href":"https:\/\/portaltela.pt\/api\/wp\/v2\/categories?post=460179"},{"taxonomy":"post_tag","embeddable":true,"href":"https:\/\/portaltela.pt\/api\/wp\/v2\/tags?post=460179"}],"curies":[{"name":"wp","href":"https:\/\/api.w.org\/{rel}","templated":true}]}}