{"id":460171,"date":"2026-04-28T14:18:29","date_gmt":"2026-04-28T17:18:29","guid":{"rendered":"https:\/\/portaltela.pt\/noticias\/2026\/04\/28\/eletricos-historicos-voltam-a-desfilar-na-marginal-do-porto-este-sabado\/"},"modified":"2026-04-28T14:18:29","modified_gmt":"2026-04-28T17:18:29","slug":"eletricos-historicos-voltam-a-desfilar-na-marginal-do-porto-este-sabado","status":"publish","type":"post","link":"https:\/\/portaltela.pt\/lazer\/2026\/04\/28\/eletricos-historicos-voltam-a-desfilar-na-marginal-do-porto-este-sabado\/","title":{"rendered":"El\u00e9tricos hist\u00f3ricos voltam a desfilar na marginal do Porto este s\u00e1bado"},"content":{"rendered":"<p>O marginal do Porto recebe, neste s\u00e1bado, o tradicional Desfile de Carros El\u00e9tricos, com in\u00edcio \u00e0s 15h. O evento, que tem como tema O El\u00e9trico e as Pessoas, re\u00fane 12 ve\u00edculos hist\u00f3ricos constru\u00eddos entre 1905 e 1952. Al\u00e9m do desfile, o Museu do Carro El\u00e9trico abre as portas para atividades gratuitas que exploram a rela\u00e7\u00e3o entre os el\u00e9tricos e a comunidade.<\/p>\n<p>As viaturas desfilam em quatro viagens, com atores a interpretar habitante da cidade em diversas \u00e9pocas. As viagens partem do Infante, na Ribeira, e chegam ao Passeio Alegre, na Foz, com dura\u00e7\u00e3o m\u00e9dia de 40 minutos. A lota\u00e7\u00e3o total \u00e9 de 239 lugares sentados e 77 em p\u00e9, distribu\u00eddos ao longo das quatro viagens.<\/p>\n<h3>Desfile e programa no Museu<\/h3>\n<p>O primeiro percurso inicia \u00e0s 15h em dire\u00e7\u00e3o ao Infante, seguindo para o retorno \u00e0s 15h40. Em seguida, o programa prev\u00ea Museu-Passeio Alegre \u00e0s 16h, Passeio Alegre-Museu \u00e0s 16h45 e Museu-Infante \u00e0s 17h15. O ponto central \u00e9 o Museu do Carro El\u00e9trico, que funciona como eixo de liga\u00e7\u00e3o entre as viagens.<\/p>\n<p>Entre as atividades do museu, o programa decorre das 10h \u00e0s 18h e inclui propostas para todas as idades. Destaque para a instala\u00e7\u00e3o art\u00edstica Palavras Entre Linhas, com bordado coletivo inspirado nos el\u00e9tricos. H\u00e1 tamb\u00e9m a oficina Passes com Hist\u00f3ria, para criar o pr\u00f3prio passe de transporte. Visitas guiadas explanam mem\u00f3rias e narrativas associadas aos carros da STCP. O grupo Cavaquinhos do Marqu\u00eas atua \u00e0s 17h30, em frente ao museu.<\/p>\n<p>A participa\u00e7\u00e3o em algumas atividades \u00e9 gratuita, mas sujeita a inscri\u00e7\u00e3o. O formul\u00e1rio de inscri\u00e7\u00e3o est\u00e1 dispon\u00edvel no site do Museu do Carro El\u00e9trico. Os bilhetes para o desfile custam 8 euros, com redu\u00e7\u00e3o de 5 euros para menores de 18 anos e para seniores. As entradas podem ser adquiridas no museu, entre as 10h30 e as 17h30, ou no pr\u00f3prio dia, junto aos ve\u00edculos, entre as 10h e as 13h.<\/p>\n","protected":false},"excerpt":{"rendered":"<ul>\n<li>O Desfile de Carros El\u00e9tricos do Porto ocorre neste s\u00e1bado, come\u00e7a \u00e0s 15 horas e tem o tema &#8220;O El\u00e9trico e as Pessoas&#8221;.<\/li>\n<li>Participam doze ve\u00edculos hist\u00f3ricos, constru\u00eddos entre 1905 e 1952, que saem \u00e0 rua.<\/li>\n<li>Al\u00e9m do desfile, o Museu do Carro El\u00e9trico abre as portas com atividades gratuitas, incluindo visitas guiadas e a instala\u00e7\u00e3o &#8220;Palavras Entre Linhas&#8221;.<\/li>\n<li>O desfile envolve quatro viagens com atores que interpretam habitantes da cidade, ligando o Infante \u00e0 Foz (Passeio Alegre), com dura\u00e7\u00e3o m\u00e9dia de quarenta minutos e capacidade total de 239 lugares sentados e 77 em p\u00e9.<\/li>\n<li>No museu, o programa funciona entre as 10 e as 18 horas, com oficinas e atividades como &#8220;Passes com Hist\u00f3ria&#8221; e apresenta\u00e7\u00f5es do grupo Cavaquinhos do Marqu\u00eas \u00e0s 17h30; a participa\u00e7\u00e3o em algumas atividades requer inscri\u00e7\u00e3o, e os bilhetes do desfile custam oito euros (cinco euros para menores de 18 anos e s\u00e9niores).<\/li>\n<\/ul>\n","protected":false},"author":2,"featured_media":460178,"comment_status":"closed","ping_status":"closed","sticky":false,"template":"","format":"standard","meta":{"footnotes":""},"categories":[7375,7381],"tags":[7756,7983,8110,8276,8088,7912],"class_list":["post-460171","post","type-post","status-publish","format-standard","has-post-thumbnail","hentry","category-cultura","category-lazer","tag-_cultura","tag-_historia","tag-_museus-arquivos","tag-_pessoas","tag-_porto","tag-_turismo"],"yoast_head":"<!-- This site is optimized with the Yoast SEO plugin v27.2 - https:\/\/yoast.com\/product\/yoast-seo-wordpress\/ -->\n<title>El\u00e9tricos hist\u00f3ricos voltam a desfilar na marginal do Porto este s\u00e1bado - Portal Tela Portugal<\/title>\n<meta name=\"robots\" content=\"index, follow, max-snippet:-1, max-image-preview:large, max-video-preview:-1\" \/>\n<meta property=\"og:locale\" content=\"pt_PT\" \/>\n<meta property=\"og:type\" content=\"article\" \/>\n<meta property=\"og:title\" content=\"El\u00e9tricos hist\u00f3ricos voltam a desfilar na marginal do Porto este s\u00e1bado - Portal Tela Portugal\" \/>\n<meta property=\"og:description\" content=\"O Desfile de Carros El\u00e9tricos do Porto ocorre neste s\u00e1bado, come\u00e7a \u00e0s 15 horas e tem o tema &quot;O El\u00e9trico e as Pessoas&quot;. Participam doze ve\u00edculos hist\u00f3ricos, constru\u00eddos entre 1905 e 1952, que saem \u00e0 rua. Al\u00e9m do desfile, o Museu do Carro El\u00e9trico abre as portas com atividades gratuitas, incluindo visitas guiadas e a instala\u00e7\u00e3o &quot;Palavras Entre Linhas&quot;. O desfile envolve quatro viagens com atores que interpretam habitantes da cidade, ligando o Infante \u00e0 Foz (Passeio Alegre), com dura\u00e7\u00e3o m\u00e9dia de quarenta minutos e capacidade total de 239 lugares sentados e 77 em p\u00e9. No museu, o programa funciona entre as 10 e as 18 horas, com oficinas e atividades como &quot;Passes com Hist\u00f3ria&quot; e apresenta\u00e7\u00f5es do grupo Cavaquinhos do Marqu\u00eas \u00e0s 17h30; a participa\u00e7\u00e3o em algumas atividades requer inscri\u00e7\u00e3o, e os bilhetes do desfile custam oito euros (cinco euros para menores de 18 anos e s\u00e9niores).\" \/>\n<meta property=\"og:url\" content=\"https:\/\/portaltela.pt\/noticias\/2026\/04\/28\/eletricos-historicos-voltam-a-desfilar-na-marginal-do-porto-este-sabado\/\" \/>\n<meta property=\"og:site_name\" content=\"Portal Tela Portugal\" \/>\n<meta property=\"article:published_time\" content=\"2026-04-28T17:18:29+00:00\" \/>\n<meta name=\"author\" content=\"Telinha\" \/>\n<meta name=\"twitter:card\" content=\"summary_large_image\" \/>\n<meta name=\"twitter:label1\" content=\"Escrito por\" \/>\n\t<meta name=\"twitter:data1\" content=\"Telinha\" \/>\n\t<meta name=\"twitter:label2\" content=\"Tempo estimado de leitura\" \/>\n\t<meta name=\"twitter:data2\" content=\"2 minutos\" \/>\n<script type=\"application\/ld+json\" class=\"yoast-schema-graph\">{\"@context\":\"https:\/\/schema.org\",\"@graph\":[{\"@type\":\"Article\",\"@id\":\"https:\/\/portaltela.pt\/noticias\/2026\/04\/28\/eletricos-historicos-voltam-a-desfilar-na-marginal-do-porto-este-sabado\/#article\",\"isPartOf\":{\"@id\":\"https:\/\/portaltela.pt\/noticias\/2026\/04\/28\/eletricos-historicos-voltam-a-desfilar-na-marginal-do-porto-este-sabado\/\"},\"author\":{\"name\":\"Telinha\",\"@id\":\"https:\/\/portaltela.pt\/#\/schema\/person\/c4278d4a6028830caff9ee44b42d32ed\"},\"headline\":\"El\u00e9tricos hist\u00f3ricos voltam a desfilar na marginal do Porto este s\u00e1bado\",\"datePublished\":\"2026-04-28T17:18:29+00:00\",\"mainEntityOfPage\":{\"@id\":\"https:\/\/portaltela.pt\/noticias\/2026\/04\/28\/eletricos-historicos-voltam-a-desfilar-na-marginal-do-porto-este-sabado\/\"},\"wordCount\":350,\"image\":{\"@id\":\"https:\/\/portaltela.pt\/noticias\/2026\/04\/28\/eletricos-historicos-voltam-a-desfilar-na-marginal-do-porto-este-sabado\/#primaryimage\"},\"thumbnailUrl\":\"https:\/\/portaltela.pt\/s.01k8rhncp4jt1\/2026\/04\/image-1610.jpg\",\"keywords\":[\"_cultura\",\"_hist\u00f3ria\",\"_museus\/arquivos\",\"_pessoas\",\"_Porto\",\"_turismo\"],\"articleSection\":[\"Cultura\",\"Lazer\"],\"inLanguage\":\"pt-PT\"},{\"@type\":\"WebPage\",\"@id\":\"https:\/\/portaltela.pt\/noticias\/2026\/04\/28\/eletricos-historicos-voltam-a-desfilar-na-marginal-do-porto-este-sabado\/\",\"url\":\"https:\/\/portaltela.pt\/noticias\/2026\/04\/28\/eletricos-historicos-voltam-a-desfilar-na-marginal-do-porto-este-sabado\/\",\"name\":\"El\u00e9tricos hist\u00f3ricos voltam a desfilar na marginal do Porto este s\u00e1bado - Portal Tela Portugal\",\"isPartOf\":{\"@id\":\"https:\/\/portaltela.pt\/#website\"},\"primaryImageOfPage\":{\"@id\":\"https:\/\/portaltela.pt\/noticias\/2026\/04\/28\/eletricos-historicos-voltam-a-desfilar-na-marginal-do-porto-este-sabado\/#primaryimage\"},\"image\":{\"@id\":\"https:\/\/portaltela.pt\/noticias\/2026\/04\/28\/eletricos-historicos-voltam-a-desfilar-na-marginal-do-porto-este-sabado\/#primaryimage\"},\"thumbnailUrl\":\"https:\/\/portaltela.pt\/s.01k8rhncp4jt1\/2026\/04\/image-1610.jpg\",\"datePublished\":\"2026-04-28T17:18:29+00:00\",\"author\":{\"@id\":\"https:\/\/portaltela.pt\/#\/schema\/person\/c4278d4a6028830caff9ee44b42d32ed\"},\"breadcrumb\":{\"@id\":\"https:\/\/portaltela.pt\/noticias\/2026\/04\/28\/eletricos-historicos-voltam-a-desfilar-na-marginal-do-porto-este-sabado\/#breadcrumb\"},\"inLanguage\":\"pt-PT\",\"potentialAction\":[{\"@type\":\"ReadAction\",\"target\":[\"https:\/\/portaltela.pt\/noticias\/2026\/04\/28\/eletricos-historicos-voltam-a-desfilar-na-marginal-do-porto-este-sabado\/\"]}]},{\"@type\":\"ImageObject\",\"inLanguage\":\"pt-PT\",\"@id\":\"https:\/\/portaltela.pt\/noticias\/2026\/04\/28\/eletricos-historicos-voltam-a-desfilar-na-marginal-do-porto-este-sabado\/#primaryimage\",\"url\":\"https:\/\/portaltela.pt\/s.01k8rhncp4jt1\/2026\/04\/image-1610.jpg\",\"contentUrl\":\"https:\/\/portaltela.pt\/s.01k8rhncp4jt1\/2026\/04\/image-1610.jpg\",\"width\":796,\"height\":448,\"caption\":\"Carros el\u00e9tricos hist\u00f3ricos voltam a sair \u00e0 rua no s\u00e1bado\"},{\"@type\":\"BreadcrumbList\",\"@id\":\"https:\/\/portaltela.pt\/noticias\/2026\/04\/28\/eletricos-historicos-voltam-a-desfilar-na-marginal-do-porto-este-sabado\/#breadcrumb\",\"itemListElement\":[{\"@type\":\"ListItem\",\"position\":1,\"name\":\"In\u00edcio\",\"item\":\"https:\/\/portaltela.pt\/\"},{\"@type\":\"ListItem\",\"position\":2,\"name\":\"El\u00e9tricos hist\u00f3ricos voltam a desfilar na marginal do Porto este s\u00e1bado\"}]},{\"@type\":\"WebSite\",\"@id\":\"https:\/\/portaltela.pt\/#website\",\"url\":\"https:\/\/portaltela.pt\/\",\"name\":\"Portal Tela Portugal\",\"description\":\"\",\"potentialAction\":[{\"@type\":\"SearchAction\",\"target\":{\"@type\":\"EntryPoint\",\"urlTemplate\":\"https:\/\/portaltela.pt\/?s={search_term_string}\"},\"query-input\":{\"@type\":\"PropertyValueSpecification\",\"valueRequired\":true,\"valueName\":\"search_term_string\"}}],\"inLanguage\":\"pt-PT\"},{\"@type\":\"Person\",\"@id\":\"https:\/\/portaltela.pt\/#\/schema\/person\/c4278d4a6028830caff9ee44b42d32ed\",\"name\":\"Telinha\",\"image\":{\"@type\":\"ImageObject\",\"inLanguage\":\"pt-PT\",\"@id\":\"https:\/\/portaltela.pt\/s.01k8rhncp4jt1\/2025\/11\/talking-bot-125x125.png\",\"url\":\"https:\/\/portaltela.pt\/s.01k8rhncp4jt1\/2025\/11\/talking-bot-125x125.png\",\"contentUrl\":\"https:\/\/portaltela.pt\/s.01k8rhncp4jt1\/2025\/11\/talking-bot-125x125.png\",\"caption\":\"Telinha\"},\"sameAs\":[\"https:\/\/portaltela.pt\/\"],\"url\":\"https:\/\/portaltela.pt\/por\/367410592786\/\"}]}<\/script>\n<!-- \/ Yoast SEO plugin. -->","yoast_head_json":{"title":"El\u00e9tricos hist\u00f3ricos voltam a desfilar na marginal do Porto este s\u00e1bado - Portal Tela Portugal","robots":{"index":"index","follow":"follow","max-snippet":"max-snippet:-1","max-image-preview":"max-image-preview:large","max-video-preview":"max-video-preview:-1"},"og_locale":"pt_PT","og_type":"article","og_title":"El\u00e9tricos hist\u00f3ricos voltam a desfilar na marginal do Porto este s\u00e1bado - Portal Tela Portugal","og_description":"O Desfile de Carros El\u00e9tricos do Porto ocorre neste s\u00e1bado, come\u00e7a \u00e0s 15 horas e tem o tema \"O El\u00e9trico e as Pessoas\". Participam doze ve\u00edculos hist\u00f3ricos, constru\u00eddos entre 1905 e 1952, que saem \u00e0 rua. Al\u00e9m do desfile, o Museu do Carro El\u00e9trico abre as portas com atividades gratuitas, incluindo visitas guiadas e a instala\u00e7\u00e3o \"Palavras Entre Linhas\". O desfile envolve quatro viagens com atores que interpretam habitantes da cidade, ligando o Infante \u00e0 Foz (Passeio Alegre), com dura\u00e7\u00e3o m\u00e9dia de quarenta minutos e capacidade total de 239 lugares sentados e 77 em p\u00e9. No museu, o programa funciona entre as 10 e as 18 horas, com oficinas e atividades como \"Passes com Hist\u00f3ria\" e apresenta\u00e7\u00f5es do grupo Cavaquinhos do Marqu\u00eas \u00e0s 17h30; a participa\u00e7\u00e3o em algumas atividades requer inscri\u00e7\u00e3o, e os bilhetes do desfile custam oito euros (cinco euros para menores de 18 anos e s\u00e9niores).","og_url":"https:\/\/portaltela.pt\/noticias\/2026\/04\/28\/eletricos-historicos-voltam-a-desfilar-na-marginal-do-porto-este-sabado\/","og_site_name":"Portal Tela Portugal","article_published_time":"2026-04-28T17:18:29+00:00","author":"Telinha","twitter_card":"summary_large_image","twitter_misc":{"Escrito por":"Telinha","Tempo estimado de leitura":"2 minutos"},"schema":{"@context":"https:\/\/schema.org","@graph":[{"@type":"Article","@id":"https:\/\/portaltela.pt\/noticias\/2026\/04\/28\/eletricos-historicos-voltam-a-desfilar-na-marginal-do-porto-este-sabado\/#article","isPartOf":{"@id":"https:\/\/portaltela.pt\/noticias\/2026\/04\/28\/eletricos-historicos-voltam-a-desfilar-na-marginal-do-porto-este-sabado\/"},"author":{"name":"Telinha","@id":"https:\/\/portaltela.pt\/#\/schema\/person\/c4278d4a6028830caff9ee44b42d32ed"},"headline":"El\u00e9tricos hist\u00f3ricos voltam a desfilar na marginal do Porto este s\u00e1bado","datePublished":"2026-04-28T17:18:29+00:00","mainEntityOfPage":{"@id":"https:\/\/portaltela.pt\/noticias\/2026\/04\/28\/eletricos-historicos-voltam-a-desfilar-na-marginal-do-porto-este-sabado\/"},"wordCount":350,"image":{"@id":"https:\/\/portaltela.pt\/noticias\/2026\/04\/28\/eletricos-historicos-voltam-a-desfilar-na-marginal-do-porto-este-sabado\/#primaryimage"},"thumbnailUrl":"https:\/\/portaltela.pt\/s.01k8rhncp4jt1\/2026\/04\/image-1610.jpg","keywords":["_cultura","_hist\u00f3ria","_museus\/arquivos","_pessoas","_Porto","_turismo"],"articleSection":["Cultura","Lazer"],"inLanguage":"pt-PT"},{"@type":"WebPage","@id":"https:\/\/portaltela.pt\/noticias\/2026\/04\/28\/eletricos-historicos-voltam-a-desfilar-na-marginal-do-porto-este-sabado\/","url":"https:\/\/portaltela.pt\/noticias\/2026\/04\/28\/eletricos-historicos-voltam-a-desfilar-na-marginal-do-porto-este-sabado\/","name":"El\u00e9tricos hist\u00f3ricos voltam a desfilar na marginal do Porto este s\u00e1bado - Portal Tela Portugal","isPartOf":{"@id":"https:\/\/portaltela.pt\/#website"},"primaryImageOfPage":{"@id":"https:\/\/portaltela.pt\/noticias\/2026\/04\/28\/eletricos-historicos-voltam-a-desfilar-na-marginal-do-porto-este-sabado\/#primaryimage"},"image":{"@id":"https:\/\/portaltela.pt\/noticias\/2026\/04\/28\/eletricos-historicos-voltam-a-desfilar-na-marginal-do-porto-este-sabado\/#primaryimage"},"thumbnailUrl":"https:\/\/portaltela.pt\/s.01k8rhncp4jt1\/2026\/04\/image-1610.jpg","datePublished":"2026-04-28T17:18:29+00:00","author":{"@id":"https:\/\/portaltela.pt\/#\/schema\/person\/c4278d4a6028830caff9ee44b42d32ed"},"breadcrumb":{"@id":"https:\/\/portaltela.pt\/noticias\/2026\/04\/28\/eletricos-historicos-voltam-a-desfilar-na-marginal-do-porto-este-sabado\/#breadcrumb"},"inLanguage":"pt-PT","potentialAction":[{"@type":"ReadAction","target":["https:\/\/portaltela.pt\/noticias\/2026\/04\/28\/eletricos-historicos-voltam-a-desfilar-na-marginal-do-porto-este-sabado\/"]}]},{"@type":"ImageObject","inLanguage":"pt-PT","@id":"https:\/\/portaltela.pt\/noticias\/2026\/04\/28\/eletricos-historicos-voltam-a-desfilar-na-marginal-do-porto-este-sabado\/#primaryimage","url":"https:\/\/portaltela.pt\/s.01k8rhncp4jt1\/2026\/04\/image-1610.jpg","contentUrl":"https:\/\/portaltela.pt\/s.01k8rhncp4jt1\/2026\/04\/image-1610.jpg","width":796,"height":448,"caption":"Carros el\u00e9tricos hist\u00f3ricos voltam a sair \u00e0 rua no s\u00e1bado"},{"@type":"BreadcrumbList","@id":"https:\/\/portaltela.pt\/noticias\/2026\/04\/28\/eletricos-historicos-voltam-a-desfilar-na-marginal-do-porto-este-sabado\/#breadcrumb","itemListElement":[{"@type":"ListItem","position":1,"name":"In\u00edcio","item":"https:\/\/portaltela.pt\/"},{"@type":"ListItem","position":2,"name":"El\u00e9tricos hist\u00f3ricos voltam a desfilar na marginal do Porto este s\u00e1bado"}]},{"@type":"WebSite","@id":"https:\/\/portaltela.pt\/#website","url":"https:\/\/portaltela.pt\/","name":"Portal Tela Portugal","description":"","potentialAction":[{"@type":"SearchAction","target":{"@type":"EntryPoint","urlTemplate":"https:\/\/portaltela.pt\/?s={search_term_string}"},"query-input":{"@type":"PropertyValueSpecification","valueRequired":true,"valueName":"search_term_string"}}],"inLanguage":"pt-PT"},{"@type":"Person","@id":"https:\/\/portaltela.pt\/#\/schema\/person\/c4278d4a6028830caff9ee44b42d32ed","name":"Telinha","image":{"@type":"ImageObject","inLanguage":"pt-PT","@id":"https:\/\/portaltela.pt\/s.01k8rhncp4jt1\/2025\/11\/talking-bot-125x125.png","url":"https:\/\/portaltela.pt\/s.01k8rhncp4jt1\/2025\/11\/talking-bot-125x125.png","contentUrl":"https:\/\/portaltela.pt\/s.01k8rhncp4jt1\/2025\/11\/talking-bot-125x125.png","caption":"Telinha"},"sameAs":["https:\/\/portaltela.pt\/"],"url":"https:\/\/portaltela.pt\/por\/367410592786\/"}]}},"_links":{"self":[{"href":"https:\/\/portaltela.pt\/api\/wp\/v2\/posts\/460171","targetHints":{"allow":["GET"]}}],"collection":[{"href":"https:\/\/portaltela.pt\/api\/wp\/v2\/posts"}],"about":[{"href":"https:\/\/portaltela.pt\/api\/wp\/v2\/types\/post"}],"author":[{"embeddable":true,"href":"https:\/\/portaltela.pt\/api\/wp\/v2\/users\/2"}],"replies":[{"embeddable":true,"href":"https:\/\/portaltela.pt\/api\/wp\/v2\/comments?post=460171"}],"version-history":[{"count":0,"href":"https:\/\/portaltela.pt\/api\/wp\/v2\/posts\/460171\/revisions"}],"wp:featuredmedia":[{"embeddable":true,"href":"https:\/\/portaltela.pt\/api\/wp\/v2\/media\/460178"}],"wp:attachment":[{"href":"https:\/\/portaltela.pt\/api\/wp\/v2\/media?parent=460171"}],"wp:term":[{"taxonomy":"category","embeddable":true,"href":"https:\/\/portaltela.pt\/api\/wp\/v2\/categories?post=460171"},{"taxonomy":"post_tag","embeddable":true,"href":"https:\/\/portaltela.pt\/api\/wp\/v2\/tags?post=460171"}],"curies":[{"name":"wp","href":"https:\/\/api.w.org\/{rel}","templated":true}]}}