{"id":460169,"date":"2026-04-28T14:18:26","date_gmt":"2026-04-28T17:18:26","guid":{"rendered":"https:\/\/portaltela.pt\/noticias\/2026\/04\/28\/gnr-detem-duas-mulheres-por-maus-tratos-a-idosos-em-obidos\/"},"modified":"2026-04-28T14:18:26","modified_gmt":"2026-04-28T17:18:26","slug":"gnr-detem-duas-mulheres-por-maus-tratos-a-idosos-em-obidos","status":"publish","type":"post","link":"https:\/\/portaltela.pt\/justica\/2026\/04\/28\/gnr-detem-duas-mulheres-por-maus-tratos-a-idosos-em-obidos\/","title":{"rendered":"GNR det\u00e9m duas mulheres por maus-tratos a idosos em \u00d3bidos"},"content":{"rendered":"<p>A GNR deteve duas mulheres, de 27 e 51 anos, por suspeitas de maus-tratos a idosos na localidade de Olho Marinho, \u00d3bidos. A opera\u00e7\u00e3o foi realizada pelo N\u00facleo de Investiga\u00e7\u00e3o e Apoio a V\u00edtimas Espec\u00edficas (NIAVE) de Leiria, na ter\u00e7a-feira, no \u00e2mbito de uma investiga\u00e7\u00e3o iniciada em julho de 2025. A a\u00e7\u00e3o surgiu depois do encerramento de uma estrutura ilegal de acolhimento de idosos em Peniche, onde tr\u00eas idosos foram encaminhados para familiares ou institui\u00e7\u00f5es licenciadas.<\/p>\n<p>As dilig\u00eancias inclu\u00edram tr\u00eas buscas em resid\u00eancias e uma em ve\u00edculo, em Olho Marinho, com a apreens\u00e3o de material inform\u00e1tico e documenta\u00e7\u00e3o relevante para o caso. Durante a opera\u00e7\u00e3o foram cumpridos dois mandados de deten\u00e7\u00e3o, com fortes ind\u00edcios de liga\u00e7\u00e3o ao funcionamento da estrutura ilegal e pr\u00e1tica de maus-tratos.<\/p>\n<p>Entre os idosos identificados, dois encontravam-se em habita\u00e7\u00f5es distintas, sendo que um deles foi encaminhado ao hospital das Caldas da Rainha devido a ferimentos. A Seguran\u00e7a Social tamb\u00e9m foi acionada para avalia\u00e7\u00e3o do caso e orienta\u00e7\u00f5es sobre o encaminhamento adequado. As detidas possuem antecedentes criminais pelo mesmo tipo de crime e dever\u00e3o comparecer ao Tribunal Judicial de Leiria para o primeiro interrogat\u00f3rio judicial e aplica\u00e7\u00e3o de medidas de coa\u00e7\u00e3o.<\/p>\n<p>A GNR sublinha a prioridade da prote\u00e7\u00e3o de pessoas idosas e incentiva a den\u00fancia de situa\u00e7\u00f5es de maus-tratos ou neglig\u00eancia. A opera\u00e7\u00e3o contou com o apoio do Destacamento de Interven\u00e7\u00e3o, do Destacamento Territorial das Caldas da Rainha e de uma equipa de fiscaliza\u00e7\u00e3o da Seguran\u00e7a Social.<\/p>\n","protected":false},"excerpt":{"rendered":"<ul>\n<li>A GNR deteve duas mulheres, de 27 e 51 anos, em Olho Marinho, \u00d3bidos, por suspeitas de maus-tratos a idosos.<\/li>\n<li>A opera\u00e7\u00e3o decorre de uma investiga\u00e7\u00e3o iniciada em julho de 2025, que j\u00e1 levou ao encerramento de uma estrutura ilegal de acolhimento de idosos em Peniche.<\/li>\n<li>Foram efetuadas tr\u00eas buscas em resid\u00eancias e uma em ve\u00edculo, resultando na apreens\u00e3o de material inform\u00e1tico e documenta\u00e7\u00e3o relevante para a investiga\u00e7\u00e3o.<\/li>\n<li>Foram cumpridos dois mandados de deten\u00e7\u00e3o; existem fortes ind\u00edcios de que as suspeitas estavam ligadas ao funcionamento da referida estrutura ilegal.<\/li>\n<li>Um idoso foi encaminhado para o hospital das Caldas da Rainha devido a ferimentos; a Seguran\u00e7a Social est\u00e1 a avaliar o encaminhamento adequado; as detidas possuem antecedentes criminais e ser\u00e3o presentes a tribunal em Leiria.<\/li>\n<\/ul>\n","protected":false},"author":2,"featured_media":460177,"comment_status":"closed","ping_status":"closed","sticky":false,"template":"","format":"standard","meta":{"footnotes":""},"categories":[7374,6815],"tags":[8227,8271,8485,8460,7895],"class_list":["post-460169","post","type-post","status-publish","format-standard","has-post-thumbnail","hentry","category-criminalidade","category-justica","tag-_gnr","tag-_idosos","tag-_maus-tratos","tag-_obidos","tag-_seguranca-social"],"yoast_head":"<!-- This site is optimized with the Yoast SEO plugin v27.2 - https:\/\/yoast.com\/product\/yoast-seo-wordpress\/ -->\n<title>GNR det\u00e9m duas mulheres por maus-tratos a idosos em \u00d3bidos - Portal Tela Portugal<\/title>\n<meta name=\"robots\" content=\"index, follow, max-snippet:-1, max-image-preview:large, max-video-preview:-1\" \/>\n<meta property=\"og:locale\" content=\"pt_PT\" \/>\n<meta property=\"og:type\" content=\"article\" \/>\n<meta property=\"og:title\" content=\"GNR det\u00e9m duas mulheres por maus-tratos a idosos em \u00d3bidos - Portal Tela Portugal\" \/>\n<meta property=\"og:description\" content=\"A GNR deteve duas mulheres, de 27 e 51 anos, em Olho Marinho, \u00d3bidos, por suspeitas de maus-tratos a idosos. A opera\u00e7\u00e3o decorre de uma investiga\u00e7\u00e3o iniciada em julho de 2025, que j\u00e1 levou ao encerramento de uma estrutura ilegal de acolhimento de idosos em Peniche. Foram efetuadas tr\u00eas buscas em resid\u00eancias e uma em ve\u00edculo, resultando na apreens\u00e3o de material inform\u00e1tico e documenta\u00e7\u00e3o relevante para a investiga\u00e7\u00e3o. Foram cumpridos dois mandados de deten\u00e7\u00e3o; existem fortes ind\u00edcios de que as suspeitas estavam ligadas ao funcionamento da referida estrutura ilegal. Um idoso foi encaminhado para o hospital das Caldas da Rainha devido a ferimentos; a Seguran\u00e7a Social est\u00e1 a avaliar o encaminhamento adequado; as detidas possuem antecedentes criminais e ser\u00e3o presentes a tribunal em Leiria.\" \/>\n<meta property=\"og:url\" content=\"https:\/\/portaltela.pt\/noticias\/2026\/04\/28\/gnr-detem-duas-mulheres-por-maus-tratos-a-idosos-em-obidos\/\" \/>\n<meta property=\"og:site_name\" content=\"Portal Tela Portugal\" \/>\n<meta property=\"article:published_time\" content=\"2026-04-28T17:18:26+00:00\" \/>\n<meta name=\"author\" content=\"Telinha\" \/>\n<meta name=\"twitter:card\" content=\"summary_large_image\" \/>\n<meta name=\"twitter:label1\" content=\"Escrito por\" \/>\n\t<meta name=\"twitter:data1\" content=\"Telinha\" \/>\n\t<meta name=\"twitter:label2\" content=\"Tempo estimado de leitura\" \/>\n\t<meta name=\"twitter:data2\" content=\"1 minuto\" \/>\n<script type=\"application\/ld+json\" class=\"yoast-schema-graph\">{\"@context\":\"https:\/\/schema.org\",\"@graph\":[{\"@type\":\"Article\",\"@id\":\"https:\/\/portaltela.pt\/noticias\/2026\/04\/28\/gnr-detem-duas-mulheres-por-maus-tratos-a-idosos-em-obidos\/#article\",\"isPartOf\":{\"@id\":\"https:\/\/portaltela.pt\/noticias\/2026\/04\/28\/gnr-detem-duas-mulheres-por-maus-tratos-a-idosos-em-obidos\/\"},\"author\":{\"name\":\"Telinha\",\"@id\":\"https:\/\/portaltela.pt\/#\/schema\/person\/c4278d4a6028830caff9ee44b42d32ed\"},\"headline\":\"GNR det\u00e9m duas mulheres por maus-tratos a idosos em \u00d3bidos\",\"datePublished\":\"2026-04-28T17:18:26+00:00\",\"mainEntityOfPage\":{\"@id\":\"https:\/\/portaltela.pt\/noticias\/2026\/04\/28\/gnr-detem-duas-mulheres-por-maus-tratos-a-idosos-em-obidos\/\"},\"wordCount\":288,\"image\":{\"@id\":\"https:\/\/portaltela.pt\/noticias\/2026\/04\/28\/gnr-detem-duas-mulheres-por-maus-tratos-a-idosos-em-obidos\/#primaryimage\"},\"thumbnailUrl\":\"https:\/\/portaltela.pt\/s.01k8rhncp4jt1\/2026\/04\/image-1610.jpg\",\"keywords\":[\"_GNR\",\"_idosos\",\"_maus-tratos\",\"_\u00d3bidos\",\"_seguran\u00e7a social\"],\"articleSection\":[\"Criminalidade\",\"Justi\u00e7a\"],\"inLanguage\":\"pt-PT\"},{\"@type\":\"WebPage\",\"@id\":\"https:\/\/portaltela.pt\/noticias\/2026\/04\/28\/gnr-detem-duas-mulheres-por-maus-tratos-a-idosos-em-obidos\/\",\"url\":\"https:\/\/portaltela.pt\/noticias\/2026\/04\/28\/gnr-detem-duas-mulheres-por-maus-tratos-a-idosos-em-obidos\/\",\"name\":\"GNR det\u00e9m duas mulheres por maus-tratos a idosos em \u00d3bidos - Portal Tela Portugal\",\"isPartOf\":{\"@id\":\"https:\/\/portaltela.pt\/#website\"},\"primaryImageOfPage\":{\"@id\":\"https:\/\/portaltela.pt\/noticias\/2026\/04\/28\/gnr-detem-duas-mulheres-por-maus-tratos-a-idosos-em-obidos\/#primaryimage\"},\"image\":{\"@id\":\"https:\/\/portaltela.pt\/noticias\/2026\/04\/28\/gnr-detem-duas-mulheres-por-maus-tratos-a-idosos-em-obidos\/#primaryimage\"},\"thumbnailUrl\":\"https:\/\/portaltela.pt\/s.01k8rhncp4jt1\/2026\/04\/image-1610.jpg\",\"datePublished\":\"2026-04-28T17:18:26+00:00\",\"author\":{\"@id\":\"https:\/\/portaltela.pt\/#\/schema\/person\/c4278d4a6028830caff9ee44b42d32ed\"},\"breadcrumb\":{\"@id\":\"https:\/\/portaltela.pt\/noticias\/2026\/04\/28\/gnr-detem-duas-mulheres-por-maus-tratos-a-idosos-em-obidos\/#breadcrumb\"},\"inLanguage\":\"pt-PT\",\"potentialAction\":[{\"@type\":\"ReadAction\",\"target\":[\"https:\/\/portaltela.pt\/noticias\/2026\/04\/28\/gnr-detem-duas-mulheres-por-maus-tratos-a-idosos-em-obidos\/\"]}]},{\"@type\":\"ImageObject\",\"inLanguage\":\"pt-PT\",\"@id\":\"https:\/\/portaltela.pt\/noticias\/2026\/04\/28\/gnr-detem-duas-mulheres-por-maus-tratos-a-idosos-em-obidos\/#primaryimage\",\"url\":\"https:\/\/portaltela.pt\/s.01k8rhncp4jt1\/2026\/04\/image-1610.jpg\",\"contentUrl\":\"https:\/\/portaltela.pt\/s.01k8rhncp4jt1\/2026\/04\/image-1610.jpg\",\"width\":796,\"height\":448,\"caption\":\"GNR deteve duas mulheres por maus tratos a idosos\"},{\"@type\":\"BreadcrumbList\",\"@id\":\"https:\/\/portaltela.pt\/noticias\/2026\/04\/28\/gnr-detem-duas-mulheres-por-maus-tratos-a-idosos-em-obidos\/#breadcrumb\",\"itemListElement\":[{\"@type\":\"ListItem\",\"position\":1,\"name\":\"In\u00edcio\",\"item\":\"https:\/\/portaltela.pt\/\"},{\"@type\":\"ListItem\",\"position\":2,\"name\":\"GNR det\u00e9m duas mulheres por maus-tratos a idosos em \u00d3bidos\"}]},{\"@type\":\"WebSite\",\"@id\":\"https:\/\/portaltela.pt\/#website\",\"url\":\"https:\/\/portaltela.pt\/\",\"name\":\"Portal Tela Portugal\",\"description\":\"\",\"potentialAction\":[{\"@type\":\"SearchAction\",\"target\":{\"@type\":\"EntryPoint\",\"urlTemplate\":\"https:\/\/portaltela.pt\/?s={search_term_string}\"},\"query-input\":{\"@type\":\"PropertyValueSpecification\",\"valueRequired\":true,\"valueName\":\"search_term_string\"}}],\"inLanguage\":\"pt-PT\"},{\"@type\":\"Person\",\"@id\":\"https:\/\/portaltela.pt\/#\/schema\/person\/c4278d4a6028830caff9ee44b42d32ed\",\"name\":\"Telinha\",\"image\":{\"@type\":\"ImageObject\",\"inLanguage\":\"pt-PT\",\"@id\":\"https:\/\/portaltela.pt\/s.01k8rhncp4jt1\/2025\/11\/talking-bot-125x125.png\",\"url\":\"https:\/\/portaltela.pt\/s.01k8rhncp4jt1\/2025\/11\/talking-bot-125x125.png\",\"contentUrl\":\"https:\/\/portaltela.pt\/s.01k8rhncp4jt1\/2025\/11\/talking-bot-125x125.png\",\"caption\":\"Telinha\"},\"sameAs\":[\"https:\/\/portaltela.pt\/\"],\"url\":\"https:\/\/portaltela.pt\/por\/367410592786\/\"}]}<\/script>\n<!-- \/ Yoast SEO plugin. -->","yoast_head_json":{"title":"GNR det\u00e9m duas mulheres por maus-tratos a idosos em \u00d3bidos - Portal Tela Portugal","robots":{"index":"index","follow":"follow","max-snippet":"max-snippet:-1","max-image-preview":"max-image-preview:large","max-video-preview":"max-video-preview:-1"},"og_locale":"pt_PT","og_type":"article","og_title":"GNR det\u00e9m duas mulheres por maus-tratos a idosos em \u00d3bidos - Portal Tela Portugal","og_description":"A GNR deteve duas mulheres, de 27 e 51 anos, em Olho Marinho, \u00d3bidos, por suspeitas de maus-tratos a idosos. A opera\u00e7\u00e3o decorre de uma investiga\u00e7\u00e3o iniciada em julho de 2025, que j\u00e1 levou ao encerramento de uma estrutura ilegal de acolhimento de idosos em Peniche. Foram efetuadas tr\u00eas buscas em resid\u00eancias e uma em ve\u00edculo, resultando na apreens\u00e3o de material inform\u00e1tico e documenta\u00e7\u00e3o relevante para a investiga\u00e7\u00e3o. Foram cumpridos dois mandados de deten\u00e7\u00e3o; existem fortes ind\u00edcios de que as suspeitas estavam ligadas ao funcionamento da referida estrutura ilegal. Um idoso foi encaminhado para o hospital das Caldas da Rainha devido a ferimentos; a Seguran\u00e7a Social est\u00e1 a avaliar o encaminhamento adequado; as detidas possuem antecedentes criminais e ser\u00e3o presentes a tribunal em Leiria.","og_url":"https:\/\/portaltela.pt\/noticias\/2026\/04\/28\/gnr-detem-duas-mulheres-por-maus-tratos-a-idosos-em-obidos\/","og_site_name":"Portal Tela Portugal","article_published_time":"2026-04-28T17:18:26+00:00","author":"Telinha","twitter_card":"summary_large_image","twitter_misc":{"Escrito por":"Telinha","Tempo estimado de leitura":"1 minuto"},"schema":{"@context":"https:\/\/schema.org","@graph":[{"@type":"Article","@id":"https:\/\/portaltela.pt\/noticias\/2026\/04\/28\/gnr-detem-duas-mulheres-por-maus-tratos-a-idosos-em-obidos\/#article","isPartOf":{"@id":"https:\/\/portaltela.pt\/noticias\/2026\/04\/28\/gnr-detem-duas-mulheres-por-maus-tratos-a-idosos-em-obidos\/"},"author":{"name":"Telinha","@id":"https:\/\/portaltela.pt\/#\/schema\/person\/c4278d4a6028830caff9ee44b42d32ed"},"headline":"GNR det\u00e9m duas mulheres por maus-tratos a idosos em \u00d3bidos","datePublished":"2026-04-28T17:18:26+00:00","mainEntityOfPage":{"@id":"https:\/\/portaltela.pt\/noticias\/2026\/04\/28\/gnr-detem-duas-mulheres-por-maus-tratos-a-idosos-em-obidos\/"},"wordCount":288,"image":{"@id":"https:\/\/portaltela.pt\/noticias\/2026\/04\/28\/gnr-detem-duas-mulheres-por-maus-tratos-a-idosos-em-obidos\/#primaryimage"},"thumbnailUrl":"https:\/\/portaltela.pt\/s.01k8rhncp4jt1\/2026\/04\/image-1610.jpg","keywords":["_GNR","_idosos","_maus-tratos","_\u00d3bidos","_seguran\u00e7a social"],"articleSection":["Criminalidade","Justi\u00e7a"],"inLanguage":"pt-PT"},{"@type":"WebPage","@id":"https:\/\/portaltela.pt\/noticias\/2026\/04\/28\/gnr-detem-duas-mulheres-por-maus-tratos-a-idosos-em-obidos\/","url":"https:\/\/portaltela.pt\/noticias\/2026\/04\/28\/gnr-detem-duas-mulheres-por-maus-tratos-a-idosos-em-obidos\/","name":"GNR det\u00e9m duas mulheres por maus-tratos a idosos em \u00d3bidos - Portal Tela Portugal","isPartOf":{"@id":"https:\/\/portaltela.pt\/#website"},"primaryImageOfPage":{"@id":"https:\/\/portaltela.pt\/noticias\/2026\/04\/28\/gnr-detem-duas-mulheres-por-maus-tratos-a-idosos-em-obidos\/#primaryimage"},"image":{"@id":"https:\/\/portaltela.pt\/noticias\/2026\/04\/28\/gnr-detem-duas-mulheres-por-maus-tratos-a-idosos-em-obidos\/#primaryimage"},"thumbnailUrl":"https:\/\/portaltela.pt\/s.01k8rhncp4jt1\/2026\/04\/image-1610.jpg","datePublished":"2026-04-28T17:18:26+00:00","author":{"@id":"https:\/\/portaltela.pt\/#\/schema\/person\/c4278d4a6028830caff9ee44b42d32ed"},"breadcrumb":{"@id":"https:\/\/portaltela.pt\/noticias\/2026\/04\/28\/gnr-detem-duas-mulheres-por-maus-tratos-a-idosos-em-obidos\/#breadcrumb"},"inLanguage":"pt-PT","potentialAction":[{"@type":"ReadAction","target":["https:\/\/portaltela.pt\/noticias\/2026\/04\/28\/gnr-detem-duas-mulheres-por-maus-tratos-a-idosos-em-obidos\/"]}]},{"@type":"ImageObject","inLanguage":"pt-PT","@id":"https:\/\/portaltela.pt\/noticias\/2026\/04\/28\/gnr-detem-duas-mulheres-por-maus-tratos-a-idosos-em-obidos\/#primaryimage","url":"https:\/\/portaltela.pt\/s.01k8rhncp4jt1\/2026\/04\/image-1610.jpg","contentUrl":"https:\/\/portaltela.pt\/s.01k8rhncp4jt1\/2026\/04\/image-1610.jpg","width":796,"height":448,"caption":"GNR deteve duas mulheres por maus tratos a idosos"},{"@type":"BreadcrumbList","@id":"https:\/\/portaltela.pt\/noticias\/2026\/04\/28\/gnr-detem-duas-mulheres-por-maus-tratos-a-idosos-em-obidos\/#breadcrumb","itemListElement":[{"@type":"ListItem","position":1,"name":"In\u00edcio","item":"https:\/\/portaltela.pt\/"},{"@type":"ListItem","position":2,"name":"GNR det\u00e9m duas mulheres por maus-tratos a idosos em \u00d3bidos"}]},{"@type":"WebSite","@id":"https:\/\/portaltela.pt\/#website","url":"https:\/\/portaltela.pt\/","name":"Portal Tela Portugal","description":"","potentialAction":[{"@type":"SearchAction","target":{"@type":"EntryPoint","urlTemplate":"https:\/\/portaltela.pt\/?s={search_term_string}"},"query-input":{"@type":"PropertyValueSpecification","valueRequired":true,"valueName":"search_term_string"}}],"inLanguage":"pt-PT"},{"@type":"Person","@id":"https:\/\/portaltela.pt\/#\/schema\/person\/c4278d4a6028830caff9ee44b42d32ed","name":"Telinha","image":{"@type":"ImageObject","inLanguage":"pt-PT","@id":"https:\/\/portaltela.pt\/s.01k8rhncp4jt1\/2025\/11\/talking-bot-125x125.png","url":"https:\/\/portaltela.pt\/s.01k8rhncp4jt1\/2025\/11\/talking-bot-125x125.png","contentUrl":"https:\/\/portaltela.pt\/s.01k8rhncp4jt1\/2025\/11\/talking-bot-125x125.png","caption":"Telinha"},"sameAs":["https:\/\/portaltela.pt\/"],"url":"https:\/\/portaltela.pt\/por\/367410592786\/"}]}},"_links":{"self":[{"href":"https:\/\/portaltela.pt\/api\/wp\/v2\/posts\/460169","targetHints":{"allow":["GET"]}}],"collection":[{"href":"https:\/\/portaltela.pt\/api\/wp\/v2\/posts"}],"about":[{"href":"https:\/\/portaltela.pt\/api\/wp\/v2\/types\/post"}],"author":[{"embeddable":true,"href":"https:\/\/portaltela.pt\/api\/wp\/v2\/users\/2"}],"replies":[{"embeddable":true,"href":"https:\/\/portaltela.pt\/api\/wp\/v2\/comments?post=460169"}],"version-history":[{"count":0,"href":"https:\/\/portaltela.pt\/api\/wp\/v2\/posts\/460169\/revisions"}],"wp:featuredmedia":[{"embeddable":true,"href":"https:\/\/portaltela.pt\/api\/wp\/v2\/media\/460177"}],"wp:attachment":[{"href":"https:\/\/portaltela.pt\/api\/wp\/v2\/media?parent=460169"}],"wp:term":[{"taxonomy":"category","embeddable":true,"href":"https:\/\/portaltela.pt\/api\/wp\/v2\/categories?post=460169"},{"taxonomy":"post_tag","embeddable":true,"href":"https:\/\/portaltela.pt\/api\/wp\/v2\/tags?post=460169"}],"curies":[{"name":"wp","href":"https:\/\/api.w.org\/{rel}","templated":true}]}}