{"id":460167,"date":"2026-04-28T14:18:21","date_gmt":"2026-04-28T17:18:21","guid":{"rendered":"https:\/\/portaltela.pt\/noticias\/2026\/04\/28\/lukebakio-pede-desculpa-a-mourinho-e-a-equipa-antes-do-treino\/"},"modified":"2026-04-28T14:18:21","modified_gmt":"2026-04-28T17:18:21","slug":"lukebakio-pede-desculpa-a-mourinho-e-a-equipa-antes-do-treino","status":"publish","type":"post","link":"https:\/\/portaltela.pt\/desporto\/futebol\/2026\/04\/28\/lukebakio-pede-desculpa-a-mourinho-e-a-equipa-antes-do-treino\/","title":{"rendered":"Lukebakio pede desculpa a Mourinho e \u00e0 equipa antes do treino"},"content":{"rendered":"<p>Pelo menos duas horas antes do treino, Lukebakio pediu desculpas a Jos\u00e9 Mourinho e a toda a equipa, numa rea\u00e7\u00e3o ao desentendimento ocorrido \u00e0 altura da substitui\u00e7\u00e3o frente ao Moreirense. O epis\u00f3dio gerou expectativa na lideran\u00e7a do clube.<\/p>\n<p>Na sua mensagem nas redes sociais, o extremo belga assumiu a frustra\u00e7\u00e3o pela forma como aconteceu a substitui\u00e7\u00e3o, recusando explica\u00e7\u00f5es, disse que \u00e9 exigente consigo e agradeceu o apoio dos adeptos, prometendo retribuir em campo.<\/p>\n<p>Jos\u00e9 Mourinho confirmou o incidente na confer\u00eancia de imprensa, ap\u00f3s o jogo com o Moreirense. O treinador salientou que o jogador n\u00e3o gostou de sair, que o incidente n\u00e3o se deve \u00e0 posi\u00e7\u00e3o no banco e reconheceu o bate-boca entre ambos.<\/p>\n<p>O contexto indica que o epis\u00f3dio ocorreu num momento tenso da partida, com Lukebakio a demonstrar elevada press\u00e3o para apresentar o seu melhor rendimento. O clube mant\u00e9m foco na recupera\u00e7\u00e3o e na continuidade da adapta\u00e7\u00e3o de jogadores ao plantel.<\/p>\n<p>N\u00e3o houve declara\u00e7\u00f5es adicionais sobre responsabilidades ou consequ\u00eancias formais, mantendo o objetivo de preservar o ambiente no balne\u00e1rio e a concentra\u00e7\u00e3o para as pr\u00f3ximas jornadas.<\/p>\n","protected":false},"excerpt":{"rendered":"<ul>\n<li>Lukebakio pediu desculpa a Jos\u00e9 Mourinho e a todo o grupo antes do treino, ap\u00f3s a substitui\u00e7\u00e3o frente ao Moreirense.<\/li>\n<li>O extremo belga mostrou arrependimento pela atitude intempestiva durante o momento da mudan\u00e7a de jogadores.<\/li>\n<li>Em story nas redes sociais, Lukebakio lamentou a frustra\u00e7\u00e3o e disse que n\u00e3o h\u00e1 desculpa para o epis\u00f3dio, refor\u00e7ando as suas altas exig\u00eancias consigo pr\u00f3prio.<\/li>\n<li>Mourinho confirmou o desentendimento na confer\u00eancia de imprensa ap\u00f3s o jogo, referindo que houve um bate-boca entre os dois.<\/li>\n<\/ul>\n","protected":false},"author":2,"featured_media":460175,"comment_status":"closed","ping_status":"closed","sticky":false,"template":"","format":"standard","meta":{"footnotes":""},"categories":[21,24],"tags":[32,242,4159,2138,5579,2477],"class_list":["post-460167","post","type-post","status-publish","format-standard","has-post-thumbnail","hentry","category-desporto","category-futebol","tag-futebol","tag-jogadores","tag-jogo","tag-jose-mourinho","tag-moreirense","tag-treinadores"],"yoast_head":"<!-- This site is optimized with the Yoast SEO plugin v27.2 - https:\/\/yoast.com\/product\/yoast-seo-wordpress\/ -->\n<title>Lukebakio pede desculpa a Mourinho e \u00e0 equipa antes do treino - Portal Tela Portugal<\/title>\n<meta name=\"robots\" content=\"index, follow, max-snippet:-1, max-image-preview:large, max-video-preview:-1\" \/>\n<meta property=\"og:locale\" content=\"pt_PT\" \/>\n<meta property=\"og:type\" content=\"article\" \/>\n<meta property=\"og:title\" content=\"Lukebakio pede desculpa a Mourinho e \u00e0 equipa antes do treino - Portal Tela Portugal\" \/>\n<meta property=\"og:description\" content=\"Lukebakio pediu desculpa a Jos\u00e9 Mourinho e a todo o grupo antes do treino, ap\u00f3s a substitui\u00e7\u00e3o frente ao Moreirense. O extremo belga mostrou arrependimento pela atitude intempestiva durante o momento da mudan\u00e7a de jogadores. Em story nas redes sociais, Lukebakio lamentou a frustra\u00e7\u00e3o e disse que n\u00e3o h\u00e1 desculpa para o epis\u00f3dio, refor\u00e7ando as suas altas exig\u00eancias consigo pr\u00f3prio. Mourinho confirmou o desentendimento na confer\u00eancia de imprensa ap\u00f3s o jogo, referindo que houve um bate-boca entre os dois.\" \/>\n<meta property=\"og:url\" content=\"https:\/\/portaltela.pt\/noticias\/2026\/04\/28\/lukebakio-pede-desculpa-a-mourinho-e-a-equipa-antes-do-treino\/\" \/>\n<meta property=\"og:site_name\" content=\"Portal Tela Portugal\" \/>\n<meta property=\"article:published_time\" content=\"2026-04-28T17:18:21+00:00\" \/>\n<meta name=\"author\" content=\"Telinha\" \/>\n<meta name=\"twitter:card\" content=\"summary_large_image\" \/>\n<meta name=\"twitter:label1\" content=\"Escrito por\" \/>\n\t<meta name=\"twitter:data1\" content=\"Telinha\" \/>\n\t<meta name=\"twitter:label2\" content=\"Tempo estimado de leitura\" \/>\n\t<meta name=\"twitter:data2\" content=\"1 minuto\" \/>\n<script type=\"application\/ld+json\" class=\"yoast-schema-graph\">{\"@context\":\"https:\/\/schema.org\",\"@graph\":[{\"@type\":\"Article\",\"@id\":\"https:\/\/portaltela.pt\/noticias\/2026\/04\/28\/lukebakio-pede-desculpa-a-mourinho-e-a-equipa-antes-do-treino\/#article\",\"isPartOf\":{\"@id\":\"https:\/\/portaltela.pt\/noticias\/2026\/04\/28\/lukebakio-pede-desculpa-a-mourinho-e-a-equipa-antes-do-treino\/\"},\"author\":{\"name\":\"Telinha\",\"@id\":\"https:\/\/portaltela.pt\/#\/schema\/person\/c4278d4a6028830caff9ee44b42d32ed\"},\"headline\":\"Lukebakio pede desculpa a Mourinho e \u00e0 equipa antes do treino\",\"datePublished\":\"2026-04-28T17:18:21+00:00\",\"mainEntityOfPage\":{\"@id\":\"https:\/\/portaltela.pt\/noticias\/2026\/04\/28\/lukebakio-pede-desculpa-a-mourinho-e-a-equipa-antes-do-treino\/\"},\"wordCount\":208,\"image\":{\"@id\":\"https:\/\/portaltela.pt\/noticias\/2026\/04\/28\/lukebakio-pede-desculpa-a-mourinho-e-a-equipa-antes-do-treino\/#primaryimage\"},\"thumbnailUrl\":\"https:\/\/portaltela.pt\/s.01k8rhncp4jt1\/2026\/04\/img_920x518uu2026-04-28-18-00-46-2435781.jpg\",\"keywords\":[\"futebol\",\"jogadores\",\"jogo\",\"Jos\u00e9 Mourinho\",\"Moreirense\",\"treinadores\"],\"articleSection\":[\"Desporto\",\"Futebol\"],\"inLanguage\":\"pt-PT\"},{\"@type\":\"WebPage\",\"@id\":\"https:\/\/portaltela.pt\/noticias\/2026\/04\/28\/lukebakio-pede-desculpa-a-mourinho-e-a-equipa-antes-do-treino\/\",\"url\":\"https:\/\/portaltela.pt\/noticias\/2026\/04\/28\/lukebakio-pede-desculpa-a-mourinho-e-a-equipa-antes-do-treino\/\",\"name\":\"Lukebakio pede desculpa a Mourinho e \u00e0 equipa antes do treino - Portal Tela Portugal\",\"isPartOf\":{\"@id\":\"https:\/\/portaltela.pt\/#website\"},\"primaryImageOfPage\":{\"@id\":\"https:\/\/portaltela.pt\/noticias\/2026\/04\/28\/lukebakio-pede-desculpa-a-mourinho-e-a-equipa-antes-do-treino\/#primaryimage\"},\"image\":{\"@id\":\"https:\/\/portaltela.pt\/noticias\/2026\/04\/28\/lukebakio-pede-desculpa-a-mourinho-e-a-equipa-antes-do-treino\/#primaryimage\"},\"thumbnailUrl\":\"https:\/\/portaltela.pt\/s.01k8rhncp4jt1\/2026\/04\/img_920x518uu2026-04-28-18-00-46-2435781.jpg\",\"datePublished\":\"2026-04-28T17:18:21+00:00\",\"author\":{\"@id\":\"https:\/\/portaltela.pt\/#\/schema\/person\/c4278d4a6028830caff9ee44b42d32ed\"},\"breadcrumb\":{\"@id\":\"https:\/\/portaltela.pt\/noticias\/2026\/04\/28\/lukebakio-pede-desculpa-a-mourinho-e-a-equipa-antes-do-treino\/#breadcrumb\"},\"inLanguage\":\"pt-PT\",\"potentialAction\":[{\"@type\":\"ReadAction\",\"target\":[\"https:\/\/portaltela.pt\/noticias\/2026\/04\/28\/lukebakio-pede-desculpa-a-mourinho-e-a-equipa-antes-do-treino\/\"]}]},{\"@type\":\"ImageObject\",\"inLanguage\":\"pt-PT\",\"@id\":\"https:\/\/portaltela.pt\/noticias\/2026\/04\/28\/lukebakio-pede-desculpa-a-mourinho-e-a-equipa-antes-do-treino\/#primaryimage\",\"url\":\"https:\/\/portaltela.pt\/s.01k8rhncp4jt1\/2026\/04\/img_920x518uu2026-04-28-18-00-46-2435781.jpg\",\"contentUrl\":\"https:\/\/portaltela.pt\/s.01k8rhncp4jt1\/2026\/04\/img_920x518uu2026-04-28-18-00-46-2435781.jpg\",\"width\":796,\"height\":448,\"caption\":\"Lukebakio sentado no banco de suplentes do Benfica\"},{\"@type\":\"BreadcrumbList\",\"@id\":\"https:\/\/portaltela.pt\/noticias\/2026\/04\/28\/lukebakio-pede-desculpa-a-mourinho-e-a-equipa-antes-do-treino\/#breadcrumb\",\"itemListElement\":[{\"@type\":\"ListItem\",\"position\":1,\"name\":\"In\u00edcio\",\"item\":\"https:\/\/portaltela.pt\/\"},{\"@type\":\"ListItem\",\"position\":2,\"name\":\"Lukebakio pede desculpa a Mourinho e \u00e0 equipa antes do treino\"}]},{\"@type\":\"WebSite\",\"@id\":\"https:\/\/portaltela.pt\/#website\",\"url\":\"https:\/\/portaltela.pt\/\",\"name\":\"Portal Tela Portugal\",\"description\":\"\",\"potentialAction\":[{\"@type\":\"SearchAction\",\"target\":{\"@type\":\"EntryPoint\",\"urlTemplate\":\"https:\/\/portaltela.pt\/?s={search_term_string}\"},\"query-input\":{\"@type\":\"PropertyValueSpecification\",\"valueRequired\":true,\"valueName\":\"search_term_string\"}}],\"inLanguage\":\"pt-PT\"},{\"@type\":\"Person\",\"@id\":\"https:\/\/portaltela.pt\/#\/schema\/person\/c4278d4a6028830caff9ee44b42d32ed\",\"name\":\"Telinha\",\"image\":{\"@type\":\"ImageObject\",\"inLanguage\":\"pt-PT\",\"@id\":\"https:\/\/portaltela.pt\/s.01k8rhncp4jt1\/2025\/11\/talking-bot-125x125.png\",\"url\":\"https:\/\/portaltela.pt\/s.01k8rhncp4jt1\/2025\/11\/talking-bot-125x125.png\",\"contentUrl\":\"https:\/\/portaltela.pt\/s.01k8rhncp4jt1\/2025\/11\/talking-bot-125x125.png\",\"caption\":\"Telinha\"},\"sameAs\":[\"https:\/\/portaltela.pt\/\"],\"url\":\"https:\/\/portaltela.pt\/por\/367410592786\/\"}]}<\/script>\n<!-- \/ Yoast SEO plugin. -->","yoast_head_json":{"title":"Lukebakio pede desculpa a Mourinho e \u00e0 equipa antes do treino - Portal Tela Portugal","robots":{"index":"index","follow":"follow","max-snippet":"max-snippet:-1","max-image-preview":"max-image-preview:large","max-video-preview":"max-video-preview:-1"},"og_locale":"pt_PT","og_type":"article","og_title":"Lukebakio pede desculpa a Mourinho e \u00e0 equipa antes do treino - Portal Tela Portugal","og_description":"Lukebakio pediu desculpa a Jos\u00e9 Mourinho e a todo o grupo antes do treino, ap\u00f3s a substitui\u00e7\u00e3o frente ao Moreirense. O extremo belga mostrou arrependimento pela atitude intempestiva durante o momento da mudan\u00e7a de jogadores. Em story nas redes sociais, Lukebakio lamentou a frustra\u00e7\u00e3o e disse que n\u00e3o h\u00e1 desculpa para o epis\u00f3dio, refor\u00e7ando as suas altas exig\u00eancias consigo pr\u00f3prio. Mourinho confirmou o desentendimento na confer\u00eancia de imprensa ap\u00f3s o jogo, referindo que houve um bate-boca entre os dois.","og_url":"https:\/\/portaltela.pt\/noticias\/2026\/04\/28\/lukebakio-pede-desculpa-a-mourinho-e-a-equipa-antes-do-treino\/","og_site_name":"Portal Tela Portugal","article_published_time":"2026-04-28T17:18:21+00:00","author":"Telinha","twitter_card":"summary_large_image","twitter_misc":{"Escrito por":"Telinha","Tempo estimado de leitura":"1 minuto"},"schema":{"@context":"https:\/\/schema.org","@graph":[{"@type":"Article","@id":"https:\/\/portaltela.pt\/noticias\/2026\/04\/28\/lukebakio-pede-desculpa-a-mourinho-e-a-equipa-antes-do-treino\/#article","isPartOf":{"@id":"https:\/\/portaltela.pt\/noticias\/2026\/04\/28\/lukebakio-pede-desculpa-a-mourinho-e-a-equipa-antes-do-treino\/"},"author":{"name":"Telinha","@id":"https:\/\/portaltela.pt\/#\/schema\/person\/c4278d4a6028830caff9ee44b42d32ed"},"headline":"Lukebakio pede desculpa a Mourinho e \u00e0 equipa antes do treino","datePublished":"2026-04-28T17:18:21+00:00","mainEntityOfPage":{"@id":"https:\/\/portaltela.pt\/noticias\/2026\/04\/28\/lukebakio-pede-desculpa-a-mourinho-e-a-equipa-antes-do-treino\/"},"wordCount":208,"image":{"@id":"https:\/\/portaltela.pt\/noticias\/2026\/04\/28\/lukebakio-pede-desculpa-a-mourinho-e-a-equipa-antes-do-treino\/#primaryimage"},"thumbnailUrl":"https:\/\/portaltela.pt\/s.01k8rhncp4jt1\/2026\/04\/img_920x518uu2026-04-28-18-00-46-2435781.jpg","keywords":["futebol","jogadores","jogo","Jos\u00e9 Mourinho","Moreirense","treinadores"],"articleSection":["Desporto","Futebol"],"inLanguage":"pt-PT"},{"@type":"WebPage","@id":"https:\/\/portaltela.pt\/noticias\/2026\/04\/28\/lukebakio-pede-desculpa-a-mourinho-e-a-equipa-antes-do-treino\/","url":"https:\/\/portaltela.pt\/noticias\/2026\/04\/28\/lukebakio-pede-desculpa-a-mourinho-e-a-equipa-antes-do-treino\/","name":"Lukebakio pede desculpa a Mourinho e \u00e0 equipa antes do treino - Portal Tela Portugal","isPartOf":{"@id":"https:\/\/portaltela.pt\/#website"},"primaryImageOfPage":{"@id":"https:\/\/portaltela.pt\/noticias\/2026\/04\/28\/lukebakio-pede-desculpa-a-mourinho-e-a-equipa-antes-do-treino\/#primaryimage"},"image":{"@id":"https:\/\/portaltela.pt\/noticias\/2026\/04\/28\/lukebakio-pede-desculpa-a-mourinho-e-a-equipa-antes-do-treino\/#primaryimage"},"thumbnailUrl":"https:\/\/portaltela.pt\/s.01k8rhncp4jt1\/2026\/04\/img_920x518uu2026-04-28-18-00-46-2435781.jpg","datePublished":"2026-04-28T17:18:21+00:00","author":{"@id":"https:\/\/portaltela.pt\/#\/schema\/person\/c4278d4a6028830caff9ee44b42d32ed"},"breadcrumb":{"@id":"https:\/\/portaltela.pt\/noticias\/2026\/04\/28\/lukebakio-pede-desculpa-a-mourinho-e-a-equipa-antes-do-treino\/#breadcrumb"},"inLanguage":"pt-PT","potentialAction":[{"@type":"ReadAction","target":["https:\/\/portaltela.pt\/noticias\/2026\/04\/28\/lukebakio-pede-desculpa-a-mourinho-e-a-equipa-antes-do-treino\/"]}]},{"@type":"ImageObject","inLanguage":"pt-PT","@id":"https:\/\/portaltela.pt\/noticias\/2026\/04\/28\/lukebakio-pede-desculpa-a-mourinho-e-a-equipa-antes-do-treino\/#primaryimage","url":"https:\/\/portaltela.pt\/s.01k8rhncp4jt1\/2026\/04\/img_920x518uu2026-04-28-18-00-46-2435781.jpg","contentUrl":"https:\/\/portaltela.pt\/s.01k8rhncp4jt1\/2026\/04\/img_920x518uu2026-04-28-18-00-46-2435781.jpg","width":796,"height":448,"caption":"Lukebakio sentado no banco de suplentes do Benfica"},{"@type":"BreadcrumbList","@id":"https:\/\/portaltela.pt\/noticias\/2026\/04\/28\/lukebakio-pede-desculpa-a-mourinho-e-a-equipa-antes-do-treino\/#breadcrumb","itemListElement":[{"@type":"ListItem","position":1,"name":"In\u00edcio","item":"https:\/\/portaltela.pt\/"},{"@type":"ListItem","position":2,"name":"Lukebakio pede desculpa a Mourinho e \u00e0 equipa antes do treino"}]},{"@type":"WebSite","@id":"https:\/\/portaltela.pt\/#website","url":"https:\/\/portaltela.pt\/","name":"Portal Tela Portugal","description":"","potentialAction":[{"@type":"SearchAction","target":{"@type":"EntryPoint","urlTemplate":"https:\/\/portaltela.pt\/?s={search_term_string}"},"query-input":{"@type":"PropertyValueSpecification","valueRequired":true,"valueName":"search_term_string"}}],"inLanguage":"pt-PT"},{"@type":"Person","@id":"https:\/\/portaltela.pt\/#\/schema\/person\/c4278d4a6028830caff9ee44b42d32ed","name":"Telinha","image":{"@type":"ImageObject","inLanguage":"pt-PT","@id":"https:\/\/portaltela.pt\/s.01k8rhncp4jt1\/2025\/11\/talking-bot-125x125.png","url":"https:\/\/portaltela.pt\/s.01k8rhncp4jt1\/2025\/11\/talking-bot-125x125.png","contentUrl":"https:\/\/portaltela.pt\/s.01k8rhncp4jt1\/2025\/11\/talking-bot-125x125.png","caption":"Telinha"},"sameAs":["https:\/\/portaltela.pt\/"],"url":"https:\/\/portaltela.pt\/por\/367410592786\/"}]}},"_links":{"self":[{"href":"https:\/\/portaltela.pt\/api\/wp\/v2\/posts\/460167","targetHints":{"allow":["GET"]}}],"collection":[{"href":"https:\/\/portaltela.pt\/api\/wp\/v2\/posts"}],"about":[{"href":"https:\/\/portaltela.pt\/api\/wp\/v2\/types\/post"}],"author":[{"embeddable":true,"href":"https:\/\/portaltela.pt\/api\/wp\/v2\/users\/2"}],"replies":[{"embeddable":true,"href":"https:\/\/portaltela.pt\/api\/wp\/v2\/comments?post=460167"}],"version-history":[{"count":0,"href":"https:\/\/portaltela.pt\/api\/wp\/v2\/posts\/460167\/revisions"}],"wp:featuredmedia":[{"embeddable":true,"href":"https:\/\/portaltela.pt\/api\/wp\/v2\/media\/460175"}],"wp:attachment":[{"href":"https:\/\/portaltela.pt\/api\/wp\/v2\/media?parent=460167"}],"wp:term":[{"taxonomy":"category","embeddable":true,"href":"https:\/\/portaltela.pt\/api\/wp\/v2\/categories?post=460167"},{"taxonomy":"post_tag","embeddable":true,"href":"https:\/\/portaltela.pt\/api\/wp\/v2\/tags?post=460167"}],"curies":[{"name":"wp","href":"https:\/\/api.w.org\/{rel}","templated":true}]}}