{"id":460163,"date":"2026-04-28T14:18:11","date_gmt":"2026-04-28T17:18:11","guid":{"rendered":"https:\/\/portaltela.pt\/noticias\/2026\/04\/28\/aumento-de-773-no-abuso-sexual-de-criancas-em-macau-em-2025\/"},"modified":"2026-04-28T14:18:11","modified_gmt":"2026-04-28T17:18:11","slug":"aumento-de-773-no-abuso-sexual-de-criancas-em-macau-em-2025","status":"publish","type":"post","link":"https:\/\/portaltela.pt\/policia\/2026\/04\/28\/aumento-de-773-no-abuso-sexual-de-criancas-em-macau-em-2025\/","title":{"rendered":"Aumento de 77,3% no abuso sexual de crian\u00e7as em Macau em 2025"},"content":{"rendered":"<p>Os dados divulgados pelas for\u00e7as de seguran\u00e7a de Macau indicam 39 casos de abuso sexual de crian\u00e7as em 2025, registados pela pol\u00edcia local. O n\u00famero representa um aumento de 77,3% em rela\u00e7\u00e3o a 2024.<\/p>\n<p>A subida de 77,3% foi verificada face ao ano anterior, que contabilizou cerca de 22 ocorr\u00eancias. A reportagem n\u00e3o especifica as circunst\u00e2ncias dos casos nem as localidades onde ocorreram.<\/p>\n<h3>Dados e contexto<\/h3>\n<p>As autoridades anunciaram hoje que a investiga\u00e7\u00e3o permanece em curso, sem detalhes sobre perfis das v\u00edtimas ou sobre os agressores. N\u00e3o h\u00e1 informa\u00e7\u00f5es p\u00fablicas sobre medidas de preven\u00e7\u00e3o ou a\u00e7\u00f5es adicionais adoptadas pela pol\u00edcia neste momento.<\/p>\n","protected":false},"excerpt":{"rendered":"<ul>\n<li>Em Macau, registaram-se 39 casos de abuso sexual de crian\u00e7as em 2025.<\/li>\n<li>O n\u00famero representa um aumento de 77,3% face a 2024.<\/li>\n<li>O an\u00fancio foi feito hoje pelas autoridades policiais.<\/li>\n<li>O acesso ao conte\u00fado completo est\u00e1 reservado a subscritores.<\/li>\n<\/ul>\n","protected":false},"author":2,"featured_media":460165,"comment_status":"closed","ping_status":"closed","sticky":false,"template":"","format":"standard","meta":{"footnotes":""},"categories":[6907,6781],"tags":[1455,7076,7683,5342,6210,250],"class_list":["post-460163","post","type-post","status-publish","format-standard","has-post-thumbnail","hentry","category-crime","category-policia","tag-abuso-de-menor-dependente","tag-abuso-de-menores","tag-abuso-sexual","tag-asia","tag-crimes-contra-menores","tag-seguranca-publica"],"yoast_head":"<!-- This site is optimized with the Yoast SEO plugin v27.2 - https:\/\/yoast.com\/product\/yoast-seo-wordpress\/ -->\n<title>Aumento de 77,3% no abuso sexual de crian\u00e7as em Macau em 2025 - Portal Tela Portugal<\/title>\n<meta name=\"robots\" content=\"index, follow, max-snippet:-1, max-image-preview:large, max-video-preview:-1\" \/>\n<meta property=\"og:locale\" content=\"pt_PT\" \/>\n<meta property=\"og:type\" content=\"article\" \/>\n<meta property=\"og:title\" content=\"Aumento de 77,3% no abuso sexual de crian\u00e7as em Macau em 2025 - Portal Tela Portugal\" \/>\n<meta property=\"og:description\" content=\"Em Macau, registaram-se 39 casos de abuso sexual de crian\u00e7as em 2025. O n\u00famero representa um aumento de 77,3% face a 2024. O an\u00fancio foi feito hoje pelas autoridades policiais. O acesso ao conte\u00fado completo est\u00e1 reservado a subscritores.\" \/>\n<meta property=\"og:url\" content=\"https:\/\/portaltela.pt\/noticias\/2026\/04\/28\/aumento-de-773-no-abuso-sexual-de-criancas-em-macau-em-2025\/\" \/>\n<meta property=\"og:site_name\" content=\"Portal Tela Portugal\" \/>\n<meta property=\"article:published_time\" content=\"2026-04-28T17:18:11+00:00\" \/>\n<meta name=\"author\" content=\"Telinha\" \/>\n<meta name=\"twitter:card\" content=\"summary_large_image\" \/>\n<meta name=\"twitter:label1\" content=\"Escrito por\" \/>\n\t<meta name=\"twitter:data1\" content=\"Telinha\" \/>\n\t<meta name=\"twitter:label2\" content=\"Tempo estimado de leitura\" \/>\n\t<meta name=\"twitter:data2\" content=\"1 minuto\" \/>\n<script type=\"application\/ld+json\" class=\"yoast-schema-graph\">{\"@context\":\"https:\/\/schema.org\",\"@graph\":[{\"@type\":\"Article\",\"@id\":\"https:\/\/portaltela.pt\/noticias\/2026\/04\/28\/aumento-de-773-no-abuso-sexual-de-criancas-em-macau-em-2025\/#article\",\"isPartOf\":{\"@id\":\"https:\/\/portaltela.pt\/noticias\/2026\/04\/28\/aumento-de-773-no-abuso-sexual-de-criancas-em-macau-em-2025\/\"},\"author\":{\"name\":\"Telinha\",\"@id\":\"https:\/\/portaltela.pt\/#\/schema\/person\/c4278d4a6028830caff9ee44b42d32ed\"},\"headline\":\"Aumento de 77,3% no abuso sexual de crian\u00e7as em Macau em 2025\",\"datePublished\":\"2026-04-28T17:18:11+00:00\",\"mainEntityOfPage\":{\"@id\":\"https:\/\/portaltela.pt\/noticias\/2026\/04\/28\/aumento-de-773-no-abuso-sexual-de-criancas-em-macau-em-2025\/\"},\"wordCount\":124,\"image\":{\"@id\":\"https:\/\/portaltela.pt\/noticias\/2026\/04\/28\/aumento-de-773-no-abuso-sexual-de-criancas-em-macau-em-2025\/#primaryimage\"},\"thumbnailUrl\":\"https:\/\/portaltela.pt\/s.01k8rhncp4jt1\/2026\/04\/CACHE_780X1200_ANALOG_WATERMARKED_26347169_634265216677591.jpg\",\"keywords\":[\"abuso de menor dependente\",\"abuso de menores\",\"abuso sexual\",\"\u00c1sia\",\"crimes contra menores\",\"seguran\u00e7a p\u00fablica\"],\"articleSection\":[\"Crime\",\"Pol\u00edcia\"],\"inLanguage\":\"pt-PT\"},{\"@type\":\"WebPage\",\"@id\":\"https:\/\/portaltela.pt\/noticias\/2026\/04\/28\/aumento-de-773-no-abuso-sexual-de-criancas-em-macau-em-2025\/\",\"url\":\"https:\/\/portaltela.pt\/noticias\/2026\/04\/28\/aumento-de-773-no-abuso-sexual-de-criancas-em-macau-em-2025\/\",\"name\":\"Aumento de 77,3% no abuso sexual de crian\u00e7as em Macau em 2025 - Portal Tela Portugal\",\"isPartOf\":{\"@id\":\"https:\/\/portaltela.pt\/#website\"},\"primaryImageOfPage\":{\"@id\":\"https:\/\/portaltela.pt\/noticias\/2026\/04\/28\/aumento-de-773-no-abuso-sexual-de-criancas-em-macau-em-2025\/#primaryimage\"},\"image\":{\"@id\":\"https:\/\/portaltela.pt\/noticias\/2026\/04\/28\/aumento-de-773-no-abuso-sexual-de-criancas-em-macau-em-2025\/#primaryimage\"},\"thumbnailUrl\":\"https:\/\/portaltela.pt\/s.01k8rhncp4jt1\/2026\/04\/CACHE_780X1200_ANALOG_WATERMARKED_26347169_634265216677591.jpg\",\"datePublished\":\"2026-04-28T17:18:11+00:00\",\"author\":{\"@id\":\"https:\/\/portaltela.pt\/#\/schema\/person\/c4278d4a6028830caff9ee44b42d32ed\"},\"breadcrumb\":{\"@id\":\"https:\/\/portaltela.pt\/noticias\/2026\/04\/28\/aumento-de-773-no-abuso-sexual-de-criancas-em-macau-em-2025\/#breadcrumb\"},\"inLanguage\":\"pt-PT\",\"potentialAction\":[{\"@type\":\"ReadAction\",\"target\":[\"https:\/\/portaltela.pt\/noticias\/2026\/04\/28\/aumento-de-773-no-abuso-sexual-de-criancas-em-macau-em-2025\/\"]}]},{\"@type\":\"ImageObject\",\"inLanguage\":\"pt-PT\",\"@id\":\"https:\/\/portaltela.pt\/noticias\/2026\/04\/28\/aumento-de-773-no-abuso-sexual-de-criancas-em-macau-em-2025\/#primaryimage\",\"url\":\"https:\/\/portaltela.pt\/s.01k8rhncp4jt1\/2026\/04\/CACHE_780X1200_ANALOG_WATERMARKED_26347169_634265216677591.jpg\",\"contentUrl\":\"https:\/\/portaltela.pt\/s.01k8rhncp4jt1\/2026\/04\/CACHE_780X1200_ANALOG_WATERMARKED_26347169_634265216677591.jpg\",\"width\":796,\"height\":448,\"caption\":\"Abuso sexual de crian\u00e7as aumentou 77,3% em Macau em 2025\"},{\"@type\":\"BreadcrumbList\",\"@id\":\"https:\/\/portaltela.pt\/noticias\/2026\/04\/28\/aumento-de-773-no-abuso-sexual-de-criancas-em-macau-em-2025\/#breadcrumb\",\"itemListElement\":[{\"@type\":\"ListItem\",\"position\":1,\"name\":\"In\u00edcio\",\"item\":\"https:\/\/portaltela.pt\/\"},{\"@type\":\"ListItem\",\"position\":2,\"name\":\"Aumento de 77,3% no abuso sexual de crian\u00e7as em Macau em 2025\"}]},{\"@type\":\"WebSite\",\"@id\":\"https:\/\/portaltela.pt\/#website\",\"url\":\"https:\/\/portaltela.pt\/\",\"name\":\"Portal Tela Portugal\",\"description\":\"\",\"potentialAction\":[{\"@type\":\"SearchAction\",\"target\":{\"@type\":\"EntryPoint\",\"urlTemplate\":\"https:\/\/portaltela.pt\/?s={search_term_string}\"},\"query-input\":{\"@type\":\"PropertyValueSpecification\",\"valueRequired\":true,\"valueName\":\"search_term_string\"}}],\"inLanguage\":\"pt-PT\"},{\"@type\":\"Person\",\"@id\":\"https:\/\/portaltela.pt\/#\/schema\/person\/c4278d4a6028830caff9ee44b42d32ed\",\"name\":\"Telinha\",\"image\":{\"@type\":\"ImageObject\",\"inLanguage\":\"pt-PT\",\"@id\":\"https:\/\/portaltela.pt\/s.01k8rhncp4jt1\/2025\/11\/talking-bot-125x125.png\",\"url\":\"https:\/\/portaltela.pt\/s.01k8rhncp4jt1\/2025\/11\/talking-bot-125x125.png\",\"contentUrl\":\"https:\/\/portaltela.pt\/s.01k8rhncp4jt1\/2025\/11\/talking-bot-125x125.png\",\"caption\":\"Telinha\"},\"sameAs\":[\"https:\/\/portaltela.pt\/\"],\"url\":\"https:\/\/portaltela.pt\/por\/367410592786\/\"}]}<\/script>\n<!-- \/ Yoast SEO plugin. -->","yoast_head_json":{"title":"Aumento de 77,3% no abuso sexual de crian\u00e7as em Macau em 2025 - Portal Tela Portugal","robots":{"index":"index","follow":"follow","max-snippet":"max-snippet:-1","max-image-preview":"max-image-preview:large","max-video-preview":"max-video-preview:-1"},"og_locale":"pt_PT","og_type":"article","og_title":"Aumento de 77,3% no abuso sexual de crian\u00e7as em Macau em 2025 - Portal Tela Portugal","og_description":"Em Macau, registaram-se 39 casos de abuso sexual de crian\u00e7as em 2025. O n\u00famero representa um aumento de 77,3% face a 2024. O an\u00fancio foi feito hoje pelas autoridades policiais. O acesso ao conte\u00fado completo est\u00e1 reservado a subscritores.","og_url":"https:\/\/portaltela.pt\/noticias\/2026\/04\/28\/aumento-de-773-no-abuso-sexual-de-criancas-em-macau-em-2025\/","og_site_name":"Portal Tela Portugal","article_published_time":"2026-04-28T17:18:11+00:00","author":"Telinha","twitter_card":"summary_large_image","twitter_misc":{"Escrito por":"Telinha","Tempo estimado de leitura":"1 minuto"},"schema":{"@context":"https:\/\/schema.org","@graph":[{"@type":"Article","@id":"https:\/\/portaltela.pt\/noticias\/2026\/04\/28\/aumento-de-773-no-abuso-sexual-de-criancas-em-macau-em-2025\/#article","isPartOf":{"@id":"https:\/\/portaltela.pt\/noticias\/2026\/04\/28\/aumento-de-773-no-abuso-sexual-de-criancas-em-macau-em-2025\/"},"author":{"name":"Telinha","@id":"https:\/\/portaltela.pt\/#\/schema\/person\/c4278d4a6028830caff9ee44b42d32ed"},"headline":"Aumento de 77,3% no abuso sexual de crian\u00e7as em Macau em 2025","datePublished":"2026-04-28T17:18:11+00:00","mainEntityOfPage":{"@id":"https:\/\/portaltela.pt\/noticias\/2026\/04\/28\/aumento-de-773-no-abuso-sexual-de-criancas-em-macau-em-2025\/"},"wordCount":124,"image":{"@id":"https:\/\/portaltela.pt\/noticias\/2026\/04\/28\/aumento-de-773-no-abuso-sexual-de-criancas-em-macau-em-2025\/#primaryimage"},"thumbnailUrl":"https:\/\/portaltela.pt\/s.01k8rhncp4jt1\/2026\/04\/CACHE_780X1200_ANALOG_WATERMARKED_26347169_634265216677591.jpg","keywords":["abuso de menor dependente","abuso de menores","abuso sexual","\u00c1sia","crimes contra menores","seguran\u00e7a p\u00fablica"],"articleSection":["Crime","Pol\u00edcia"],"inLanguage":"pt-PT"},{"@type":"WebPage","@id":"https:\/\/portaltela.pt\/noticias\/2026\/04\/28\/aumento-de-773-no-abuso-sexual-de-criancas-em-macau-em-2025\/","url":"https:\/\/portaltela.pt\/noticias\/2026\/04\/28\/aumento-de-773-no-abuso-sexual-de-criancas-em-macau-em-2025\/","name":"Aumento de 77,3% no abuso sexual de crian\u00e7as em Macau em 2025 - Portal Tela Portugal","isPartOf":{"@id":"https:\/\/portaltela.pt\/#website"},"primaryImageOfPage":{"@id":"https:\/\/portaltela.pt\/noticias\/2026\/04\/28\/aumento-de-773-no-abuso-sexual-de-criancas-em-macau-em-2025\/#primaryimage"},"image":{"@id":"https:\/\/portaltela.pt\/noticias\/2026\/04\/28\/aumento-de-773-no-abuso-sexual-de-criancas-em-macau-em-2025\/#primaryimage"},"thumbnailUrl":"https:\/\/portaltela.pt\/s.01k8rhncp4jt1\/2026\/04\/CACHE_780X1200_ANALOG_WATERMARKED_26347169_634265216677591.jpg","datePublished":"2026-04-28T17:18:11+00:00","author":{"@id":"https:\/\/portaltela.pt\/#\/schema\/person\/c4278d4a6028830caff9ee44b42d32ed"},"breadcrumb":{"@id":"https:\/\/portaltela.pt\/noticias\/2026\/04\/28\/aumento-de-773-no-abuso-sexual-de-criancas-em-macau-em-2025\/#breadcrumb"},"inLanguage":"pt-PT","potentialAction":[{"@type":"ReadAction","target":["https:\/\/portaltela.pt\/noticias\/2026\/04\/28\/aumento-de-773-no-abuso-sexual-de-criancas-em-macau-em-2025\/"]}]},{"@type":"ImageObject","inLanguage":"pt-PT","@id":"https:\/\/portaltela.pt\/noticias\/2026\/04\/28\/aumento-de-773-no-abuso-sexual-de-criancas-em-macau-em-2025\/#primaryimage","url":"https:\/\/portaltela.pt\/s.01k8rhncp4jt1\/2026\/04\/CACHE_780X1200_ANALOG_WATERMARKED_26347169_634265216677591.jpg","contentUrl":"https:\/\/portaltela.pt\/s.01k8rhncp4jt1\/2026\/04\/CACHE_780X1200_ANALOG_WATERMARKED_26347169_634265216677591.jpg","width":796,"height":448,"caption":"Abuso sexual de crian\u00e7as aumentou 77,3% em Macau em 2025"},{"@type":"BreadcrumbList","@id":"https:\/\/portaltela.pt\/noticias\/2026\/04\/28\/aumento-de-773-no-abuso-sexual-de-criancas-em-macau-em-2025\/#breadcrumb","itemListElement":[{"@type":"ListItem","position":1,"name":"In\u00edcio","item":"https:\/\/portaltela.pt\/"},{"@type":"ListItem","position":2,"name":"Aumento de 77,3% no abuso sexual de crian\u00e7as em Macau em 2025"}]},{"@type":"WebSite","@id":"https:\/\/portaltela.pt\/#website","url":"https:\/\/portaltela.pt\/","name":"Portal Tela Portugal","description":"","potentialAction":[{"@type":"SearchAction","target":{"@type":"EntryPoint","urlTemplate":"https:\/\/portaltela.pt\/?s={search_term_string}"},"query-input":{"@type":"PropertyValueSpecification","valueRequired":true,"valueName":"search_term_string"}}],"inLanguage":"pt-PT"},{"@type":"Person","@id":"https:\/\/portaltela.pt\/#\/schema\/person\/c4278d4a6028830caff9ee44b42d32ed","name":"Telinha","image":{"@type":"ImageObject","inLanguage":"pt-PT","@id":"https:\/\/portaltela.pt\/s.01k8rhncp4jt1\/2025\/11\/talking-bot-125x125.png","url":"https:\/\/portaltela.pt\/s.01k8rhncp4jt1\/2025\/11\/talking-bot-125x125.png","contentUrl":"https:\/\/portaltela.pt\/s.01k8rhncp4jt1\/2025\/11\/talking-bot-125x125.png","caption":"Telinha"},"sameAs":["https:\/\/portaltela.pt\/"],"url":"https:\/\/portaltela.pt\/por\/367410592786\/"}]}},"_links":{"self":[{"href":"https:\/\/portaltela.pt\/api\/wp\/v2\/posts\/460163","targetHints":{"allow":["GET"]}}],"collection":[{"href":"https:\/\/portaltela.pt\/api\/wp\/v2\/posts"}],"about":[{"href":"https:\/\/portaltela.pt\/api\/wp\/v2\/types\/post"}],"author":[{"embeddable":true,"href":"https:\/\/portaltela.pt\/api\/wp\/v2\/users\/2"}],"replies":[{"embeddable":true,"href":"https:\/\/portaltela.pt\/api\/wp\/v2\/comments?post=460163"}],"version-history":[{"count":0,"href":"https:\/\/portaltela.pt\/api\/wp\/v2\/posts\/460163\/revisions"}],"wp:featuredmedia":[{"embeddable":true,"href":"https:\/\/portaltela.pt\/api\/wp\/v2\/media\/460165"}],"wp:attachment":[{"href":"https:\/\/portaltela.pt\/api\/wp\/v2\/media?parent=460163"}],"wp:term":[{"taxonomy":"category","embeddable":true,"href":"https:\/\/portaltela.pt\/api\/wp\/v2\/categories?post=460163"},{"taxonomy":"post_tag","embeddable":true,"href":"https:\/\/portaltela.pt\/api\/wp\/v2\/tags?post=460163"}],"curies":[{"name":"wp","href":"https:\/\/api.w.org\/{rel}","templated":true}]}}