{"id":460162,"date":"2026-04-28T14:18:10","date_gmt":"2026-04-28T17:18:10","guid":{"rendered":"https:\/\/portaltela.pt\/noticias\/2026\/04\/28\/cientistas-alertam-para-riscos-das-tecnologias-de-verificacao-de-idade\/"},"modified":"2026-04-28T14:18:10","modified_gmt":"2026-04-28T17:18:10","slug":"cientistas-alertam-para-riscos-das-tecnologias-de-verificacao-de-idade","status":"publish","type":"post","link":"https:\/\/portaltela.pt\/tecnologia\/2026\/04\/28\/cientistas-alertam-para-riscos-das-tecnologias-de-verificacao-de-idade\/","title":{"rendered":"Cientistas alertam para riscos das tecnologias de verifica\u00e7\u00e3o de idade"},"content":{"rendered":"<p>Mais de 400 cientistas e investigadores de seguran\u00e7a e privacidade enviaram uma carta aberta ao parlamento portugu\u00eas, alertando para os riscos da verifica\u00e7\u00e3o de idade online sem estudo pr\u00e9vio dos impactos tecnol\u00f3gicos e sociais. A mensagem \u00e9 assinada por especialistas de v\u00e1rias regi\u00f5es do mundo, incluindo oito portugueses.<\/p>\n<p>Segundo os signat\u00e1rios, a verifica\u00e7\u00e3o de idade apresenta viola\u00e7\u00f5es de privacidade e discrimina\u00e7\u00e3o, sem garantias de efic\u00e1cia. Garantem que o m\u00e9todo pode ser desproporcionado em termos de impacto social e tecnol\u00f3gico.<\/p>\n<p>Os especialistas receiam que a expans\u00e3o da verifica\u00e7\u00e3o de idade leve a mecanismos de evas\u00e3o mais sofisticados, diminuindo a efic\u00e1cia global. Tamb\u00e9m consideram as tecnologias invasivas, por dependerem de dados sens\u00edveis, biom\u00e9tricos e outros.<\/p>\n<p>A carta sustenta que o uso generalizado dessas solu\u00e7\u00f5es facilita a recolha e a explora\u00e7\u00e3o de dados, incluindo de menores, aumentando riscos de rastreamento e cria\u00e7\u00e3o de perfis. Aponta ainda para erros frequentes das estimativas de idade.<\/p>\n<p>As tecnologias de estimativa de idade s\u00e3o vistas como pouco confi\u00e1veis, com enorme depend\u00eancia de IA. Constatam que estas t\u00e9cnicas apresentam margens de erro elevadas e vi\u00e9ses que atingem minorias.<\/p>\n<p>Quanto \u00e0 implementa\u00e7\u00e3o tecnol\u00f3gica, o grupo admite que mais servi\u00e7os com verifica\u00e7\u00e3o acarreta maior centraliza\u00e7\u00e3o de decis\u00f5es, contrariando a ideia de que decis\u00f5es de seguran\u00e7a devem residir nos dispositivos finais.<\/p>\n<p>Defendem que a verifica\u00e7\u00e3o de idade imp\u00f5e regras de controlo de acesso aos dispositivos, o que pode comprometer a descentraliza\u00e7\u00e3o da internet e o conceito de tecnologia soberana.<\/p>\n<p>Para al\u00e9m dos aspectos t\u00e9cnicos, os signat\u00e1rios afirmam n\u00e3o existir evid\u00eancia de que proibir menores de acesso a servi\u00e7os provoque benef\u00edcios na sa\u00fade mental ou no desenvolvimento. N\u00e3o refor\u00e7am esse argumento com dados.<\/p>\n<p>Dizem que, face aos riscos e \u00e0s alternativas, implantar uma tecnologia com alcance t\u00e3o amplo sem compreender as implica\u00e7\u00f5es n\u00e3o \u00e9 uma solu\u00e7\u00e3o proporcional. Prop\u00f5em outras medidas para evitar conte\u00fado prejudicial.<\/p>\n<p>Entre as op\u00e7\u00f5es sugeridas, destacam a regula\u00e7\u00e3o de pr\u00e1ticas algor\u00edtmicas das redes sociais e o refor\u00e7o de apoio aos pais para gerir o acesso a conte\u00fados inadequados, sem depender de verifica\u00e7\u00e3o por idade nos provedores.<\/p>\n<h3>Contexto legislativo<\/h3>\n<p>Em meados de fevereiro, o parlamento aprovou, na generalidade, um projeto de lei que visa proteger crian\u00e7as em ambientes digitais, proibindo o acesso livre \u00e0s redes sociais a menores de 16 anos. O diploma est\u00e1 em discuss\u00e3o na especialidade.<\/p>\n<p>A carta dos cientistas chega numa altura em que a comunidade internacional discute padr\u00f5es de privacidade, qualidade de algoritmos e impactos sociais da verifica\u00e7\u00e3o de idade. Os signat\u00e1rios pedem uma avalia\u00e7\u00e3o cuidadosa antes da implementa\u00e7\u00e3o.<\/p>\n<p>Fontes pr\u00f3ximas do tema indicam que a discuss\u00e3o p\u00fablica sobre verifica\u00e7\u00e3o de idade continua, com diferentes propostas a serem consideradas. O objetivo \u00e9 equilibrar prote\u00e7\u00e3o de menores e direitos digitais sem comprometer a privacidade.<\/p>\n","protected":false},"excerpt":{"rendered":"<ul>\n<li>Mais de quatrocentos cientistas e investigadores de seguran\u00e7a e privacidade assinam uma carta aberta, enviada ao parlamento portugu\u00eas, a alertar para os riscos da verifica\u00e7\u00e3o de idade online.<\/li>\n<li>O grupo cita que a avalia\u00e7\u00e3o de idade pode violar a privacidade e promover discrimina\u00e7\u00e3o, sem garantias de efic\u00e1cia, especialmente se implementada sem estudar os riscos tecnol\u00f3gicos e sociais.<\/li>\n<li>Alertam para o aumento de mecanismos de evas\u00e3o, recolha de dados sens\u00edveis e uso de Intelig\u00eancia Artificial, que pode levar a erros, vieses e maior rastreio.<\/li>\n<li>Defendem que a centraliza\u00e7\u00e3o da decis\u00e3o para aplicar verifica\u00e7\u00f5es contraria a ideia de decis\u00f5es de seguran\u00e7a residirem nos dispositivos finais, e pode afetar a descentraliza\u00e7\u00e3o da Internet.<\/li>\n<li>Sugest\u00f5es alternativas incluem regular pr\u00e1ticas algor\u00edtmicas e apoiar pais, em vez de impor verifica\u00e7\u00e3o de idade, que poderia n\u00e3o ter impactos comprovados na sa\u00fade mental das crian\u00e7as; o parlamento aprovou, em fevereiro, na generalidade, um projeto de lei para proibir o acesso livre de menores de 16 anos \u00e0s redes sociais, ainda em discuss\u00e3o na especialidade.<\/li>\n<\/ul>\n","protected":false},"author":2,"featured_media":460166,"comment_status":"closed","ping_status":"closed","sticky":false,"template":"","format":"standard","meta":{"footnotes":""},"categories":[6779,6716],"tags":[3195,51,6056,3562,6641,7393],"class_list":["post-460162","post","type-post","status-publish","format-standard","has-post-thumbnail","hentry","category-seguranca","category-tecnologia","tag-ciberseguranca","tag-inteligencia-artificial","tag-menores","tag-privacidade","tag-protecao-de-dados","tag-seguranca-digital"],"yoast_head":"<!-- This site is optimized with the Yoast SEO plugin v27.2 - https:\/\/yoast.com\/product\/yoast-seo-wordpress\/ -->\n<title>Cientistas alertam para riscos das tecnologias de verifica\u00e7\u00e3o de idade - Portal Tela Portugal<\/title>\n<meta name=\"robots\" content=\"index, follow, max-snippet:-1, max-image-preview:large, max-video-preview:-1\" \/>\n<meta property=\"og:locale\" content=\"pt_PT\" \/>\n<meta property=\"og:type\" content=\"article\" \/>\n<meta property=\"og:title\" content=\"Cientistas alertam para riscos das tecnologias de verifica\u00e7\u00e3o de idade - Portal Tela Portugal\" \/>\n<meta property=\"og:description\" content=\"Mais de quatrocentos cientistas e investigadores de seguran\u00e7a e privacidade assinam uma carta aberta, enviada ao parlamento portugu\u00eas, a alertar para os riscos da verifica\u00e7\u00e3o de idade online. O grupo cita que a avalia\u00e7\u00e3o de idade pode violar a privacidade e promover discrimina\u00e7\u00e3o, sem garantias de efic\u00e1cia, especialmente se implementada sem estudar os riscos tecnol\u00f3gicos e sociais. Alertam para o aumento de mecanismos de evas\u00e3o, recolha de dados sens\u00edveis e uso de Intelig\u00eancia Artificial, que pode levar a erros, vieses e maior rastreio. Defendem que a centraliza\u00e7\u00e3o da decis\u00e3o para aplicar verifica\u00e7\u00f5es contraria a ideia de decis\u00f5es de seguran\u00e7a residirem nos dispositivos finais, e pode afetar a descentraliza\u00e7\u00e3o da Internet. Sugest\u00f5es alternativas incluem regular pr\u00e1ticas algor\u00edtmicas e apoiar pais, em vez de impor verifica\u00e7\u00e3o de idade, que poderia n\u00e3o ter impactos comprovados na sa\u00fade mental das crian\u00e7as; o parlamento aprovou, em fevereiro, na generalidade, um projeto de lei para proibir o acesso livre de menores de 16 anos \u00e0s redes sociais, ainda em discuss\u00e3o na especialidade.\" \/>\n<meta property=\"og:url\" content=\"https:\/\/portaltela.pt\/noticias\/2026\/04\/28\/cientistas-alertam-para-riscos-das-tecnologias-de-verificacao-de-idade\/\" \/>\n<meta property=\"og:site_name\" content=\"Portal Tela Portugal\" \/>\n<meta property=\"article:published_time\" content=\"2026-04-28T17:18:10+00:00\" \/>\n<meta name=\"author\" content=\"Telinha\" \/>\n<meta name=\"twitter:card\" content=\"summary_large_image\" \/>\n<meta name=\"twitter:label1\" content=\"Escrito por\" \/>\n\t<meta name=\"twitter:data1\" content=\"Telinha\" \/>\n\t<meta name=\"twitter:label2\" content=\"Tempo estimado de leitura\" \/>\n\t<meta name=\"twitter:data2\" content=\"3 minutos\" \/>\n<script type=\"application\/ld+json\" class=\"yoast-schema-graph\">{\"@context\":\"https:\/\/schema.org\",\"@graph\":[{\"@type\":\"Article\",\"@id\":\"https:\/\/portaltela.pt\/noticias\/2026\/04\/28\/cientistas-alertam-para-riscos-das-tecnologias-de-verificacao-de-idade\/#article\",\"isPartOf\":{\"@id\":\"https:\/\/portaltela.pt\/noticias\/2026\/04\/28\/cientistas-alertam-para-riscos-das-tecnologias-de-verificacao-de-idade\/\"},\"author\":{\"name\":\"Telinha\",\"@id\":\"https:\/\/portaltela.pt\/#\/schema\/person\/c4278d4a6028830caff9ee44b42d32ed\"},\"headline\":\"Cientistas alertam para riscos das tecnologias de verifica\u00e7\u00e3o de idade\",\"datePublished\":\"2026-04-28T17:18:10+00:00\",\"mainEntityOfPage\":{\"@id\":\"https:\/\/portaltela.pt\/noticias\/2026\/04\/28\/cientistas-alertam-para-riscos-das-tecnologias-de-verificacao-de-idade\/\"},\"wordCount\":527,\"image\":{\"@id\":\"https:\/\/portaltela.pt\/noticias\/2026\/04\/28\/cientistas-alertam-para-riscos-das-tecnologias-de-verificacao-de-idade\/#primaryimage\"},\"thumbnailUrl\":\"https:\/\/portaltela.pt\/s.01k8rhncp4jt1\/2026\/04\/img_1500x1000uu2024-06-11-16-01-28-1677955.jpg\",\"keywords\":[\"ciberseguran\u00e7a\",\"intelig\u00eancia artificial\",\"menores\",\"privacidade\",\"prote\u00e7\u00e3o de dados\",\"seguran\u00e7a digital\"],\"articleSection\":[\"Seguran\u00e7a\",\"Tecnologia\"],\"inLanguage\":\"pt-PT\"},{\"@type\":\"WebPage\",\"@id\":\"https:\/\/portaltela.pt\/noticias\/2026\/04\/28\/cientistas-alertam-para-riscos-das-tecnologias-de-verificacao-de-idade\/\",\"url\":\"https:\/\/portaltela.pt\/noticias\/2026\/04\/28\/cientistas-alertam-para-riscos-das-tecnologias-de-verificacao-de-idade\/\",\"name\":\"Cientistas alertam para riscos das tecnologias de verifica\u00e7\u00e3o de idade - Portal Tela Portugal\",\"isPartOf\":{\"@id\":\"https:\/\/portaltela.pt\/#website\"},\"primaryImageOfPage\":{\"@id\":\"https:\/\/portaltela.pt\/noticias\/2026\/04\/28\/cientistas-alertam-para-riscos-das-tecnologias-de-verificacao-de-idade\/#primaryimage\"},\"image\":{\"@id\":\"https:\/\/portaltela.pt\/noticias\/2026\/04\/28\/cientistas-alertam-para-riscos-das-tecnologias-de-verificacao-de-idade\/#primaryimage\"},\"thumbnailUrl\":\"https:\/\/portaltela.pt\/s.01k8rhncp4jt1\/2026\/04\/img_1500x1000uu2024-06-11-16-01-28-1677955.jpg\",\"datePublished\":\"2026-04-28T17:18:10+00:00\",\"author\":{\"@id\":\"https:\/\/portaltela.pt\/#\/schema\/person\/c4278d4a6028830caff9ee44b42d32ed\"},\"breadcrumb\":{\"@id\":\"https:\/\/portaltela.pt\/noticias\/2026\/04\/28\/cientistas-alertam-para-riscos-das-tecnologias-de-verificacao-de-idade\/#breadcrumb\"},\"inLanguage\":\"pt-PT\",\"potentialAction\":[{\"@type\":\"ReadAction\",\"target\":[\"https:\/\/portaltela.pt\/noticias\/2026\/04\/28\/cientistas-alertam-para-riscos-das-tecnologias-de-verificacao-de-idade\/\"]}]},{\"@type\":\"ImageObject\",\"inLanguage\":\"pt-PT\",\"@id\":\"https:\/\/portaltela.pt\/noticias\/2026\/04\/28\/cientistas-alertam-para-riscos-das-tecnologias-de-verificacao-de-idade\/#primaryimage\",\"url\":\"https:\/\/portaltela.pt\/s.01k8rhncp4jt1\/2026\/04\/img_1500x1000uu2024-06-11-16-01-28-1677955.jpg\",\"contentUrl\":\"https:\/\/portaltela.pt\/s.01k8rhncp4jt1\/2026\/04\/img_1500x1000uu2024-06-11-16-01-28-1677955.jpg\",\"width\":796,\"height\":448,\"caption\":\"Cientistas alertam para perigos das tecnologias de verifica\u00e7\u00e3o de idade\"},{\"@type\":\"BreadcrumbList\",\"@id\":\"https:\/\/portaltela.pt\/noticias\/2026\/04\/28\/cientistas-alertam-para-riscos-das-tecnologias-de-verificacao-de-idade\/#breadcrumb\",\"itemListElement\":[{\"@type\":\"ListItem\",\"position\":1,\"name\":\"In\u00edcio\",\"item\":\"https:\/\/portaltela.pt\/\"},{\"@type\":\"ListItem\",\"position\":2,\"name\":\"Cientistas alertam para riscos das tecnologias de verifica\u00e7\u00e3o de idade\"}]},{\"@type\":\"WebSite\",\"@id\":\"https:\/\/portaltela.pt\/#website\",\"url\":\"https:\/\/portaltela.pt\/\",\"name\":\"Portal Tela Portugal\",\"description\":\"\",\"potentialAction\":[{\"@type\":\"SearchAction\",\"target\":{\"@type\":\"EntryPoint\",\"urlTemplate\":\"https:\/\/portaltela.pt\/?s={search_term_string}\"},\"query-input\":{\"@type\":\"PropertyValueSpecification\",\"valueRequired\":true,\"valueName\":\"search_term_string\"}}],\"inLanguage\":\"pt-PT\"},{\"@type\":\"Person\",\"@id\":\"https:\/\/portaltela.pt\/#\/schema\/person\/c4278d4a6028830caff9ee44b42d32ed\",\"name\":\"Telinha\",\"image\":{\"@type\":\"ImageObject\",\"inLanguage\":\"pt-PT\",\"@id\":\"https:\/\/portaltela.pt\/s.01k8rhncp4jt1\/2025\/11\/talking-bot-125x125.png\",\"url\":\"https:\/\/portaltela.pt\/s.01k8rhncp4jt1\/2025\/11\/talking-bot-125x125.png\",\"contentUrl\":\"https:\/\/portaltela.pt\/s.01k8rhncp4jt1\/2025\/11\/talking-bot-125x125.png\",\"caption\":\"Telinha\"},\"sameAs\":[\"https:\/\/portaltela.pt\/\"],\"url\":\"https:\/\/portaltela.pt\/por\/367410592786\/\"}]}<\/script>\n<!-- \/ Yoast SEO plugin. -->","yoast_head_json":{"title":"Cientistas alertam para riscos das tecnologias de verifica\u00e7\u00e3o de idade - Portal Tela Portugal","robots":{"index":"index","follow":"follow","max-snippet":"max-snippet:-1","max-image-preview":"max-image-preview:large","max-video-preview":"max-video-preview:-1"},"og_locale":"pt_PT","og_type":"article","og_title":"Cientistas alertam para riscos das tecnologias de verifica\u00e7\u00e3o de idade - Portal Tela Portugal","og_description":"Mais de quatrocentos cientistas e investigadores de seguran\u00e7a e privacidade assinam uma carta aberta, enviada ao parlamento portugu\u00eas, a alertar para os riscos da verifica\u00e7\u00e3o de idade online. O grupo cita que a avalia\u00e7\u00e3o de idade pode violar a privacidade e promover discrimina\u00e7\u00e3o, sem garantias de efic\u00e1cia, especialmente se implementada sem estudar os riscos tecnol\u00f3gicos e sociais. Alertam para o aumento de mecanismos de evas\u00e3o, recolha de dados sens\u00edveis e uso de Intelig\u00eancia Artificial, que pode levar a erros, vieses e maior rastreio. Defendem que a centraliza\u00e7\u00e3o da decis\u00e3o para aplicar verifica\u00e7\u00f5es contraria a ideia de decis\u00f5es de seguran\u00e7a residirem nos dispositivos finais, e pode afetar a descentraliza\u00e7\u00e3o da Internet. Sugest\u00f5es alternativas incluem regular pr\u00e1ticas algor\u00edtmicas e apoiar pais, em vez de impor verifica\u00e7\u00e3o de idade, que poderia n\u00e3o ter impactos comprovados na sa\u00fade mental das crian\u00e7as; o parlamento aprovou, em fevereiro, na generalidade, um projeto de lei para proibir o acesso livre de menores de 16 anos \u00e0s redes sociais, ainda em discuss\u00e3o na especialidade.","og_url":"https:\/\/portaltela.pt\/noticias\/2026\/04\/28\/cientistas-alertam-para-riscos-das-tecnologias-de-verificacao-de-idade\/","og_site_name":"Portal Tela Portugal","article_published_time":"2026-04-28T17:18:10+00:00","author":"Telinha","twitter_card":"summary_large_image","twitter_misc":{"Escrito por":"Telinha","Tempo estimado de leitura":"3 minutos"},"schema":{"@context":"https:\/\/schema.org","@graph":[{"@type":"Article","@id":"https:\/\/portaltela.pt\/noticias\/2026\/04\/28\/cientistas-alertam-para-riscos-das-tecnologias-de-verificacao-de-idade\/#article","isPartOf":{"@id":"https:\/\/portaltela.pt\/noticias\/2026\/04\/28\/cientistas-alertam-para-riscos-das-tecnologias-de-verificacao-de-idade\/"},"author":{"name":"Telinha","@id":"https:\/\/portaltela.pt\/#\/schema\/person\/c4278d4a6028830caff9ee44b42d32ed"},"headline":"Cientistas alertam para riscos das tecnologias de verifica\u00e7\u00e3o de idade","datePublished":"2026-04-28T17:18:10+00:00","mainEntityOfPage":{"@id":"https:\/\/portaltela.pt\/noticias\/2026\/04\/28\/cientistas-alertam-para-riscos-das-tecnologias-de-verificacao-de-idade\/"},"wordCount":527,"image":{"@id":"https:\/\/portaltela.pt\/noticias\/2026\/04\/28\/cientistas-alertam-para-riscos-das-tecnologias-de-verificacao-de-idade\/#primaryimage"},"thumbnailUrl":"https:\/\/portaltela.pt\/s.01k8rhncp4jt1\/2026\/04\/img_1500x1000uu2024-06-11-16-01-28-1677955.jpg","keywords":["ciberseguran\u00e7a","intelig\u00eancia artificial","menores","privacidade","prote\u00e7\u00e3o de dados","seguran\u00e7a digital"],"articleSection":["Seguran\u00e7a","Tecnologia"],"inLanguage":"pt-PT"},{"@type":"WebPage","@id":"https:\/\/portaltela.pt\/noticias\/2026\/04\/28\/cientistas-alertam-para-riscos-das-tecnologias-de-verificacao-de-idade\/","url":"https:\/\/portaltela.pt\/noticias\/2026\/04\/28\/cientistas-alertam-para-riscos-das-tecnologias-de-verificacao-de-idade\/","name":"Cientistas alertam para riscos das tecnologias de verifica\u00e7\u00e3o de idade - Portal Tela Portugal","isPartOf":{"@id":"https:\/\/portaltela.pt\/#website"},"primaryImageOfPage":{"@id":"https:\/\/portaltela.pt\/noticias\/2026\/04\/28\/cientistas-alertam-para-riscos-das-tecnologias-de-verificacao-de-idade\/#primaryimage"},"image":{"@id":"https:\/\/portaltela.pt\/noticias\/2026\/04\/28\/cientistas-alertam-para-riscos-das-tecnologias-de-verificacao-de-idade\/#primaryimage"},"thumbnailUrl":"https:\/\/portaltela.pt\/s.01k8rhncp4jt1\/2026\/04\/img_1500x1000uu2024-06-11-16-01-28-1677955.jpg","datePublished":"2026-04-28T17:18:10+00:00","author":{"@id":"https:\/\/portaltela.pt\/#\/schema\/person\/c4278d4a6028830caff9ee44b42d32ed"},"breadcrumb":{"@id":"https:\/\/portaltela.pt\/noticias\/2026\/04\/28\/cientistas-alertam-para-riscos-das-tecnologias-de-verificacao-de-idade\/#breadcrumb"},"inLanguage":"pt-PT","potentialAction":[{"@type":"ReadAction","target":["https:\/\/portaltela.pt\/noticias\/2026\/04\/28\/cientistas-alertam-para-riscos-das-tecnologias-de-verificacao-de-idade\/"]}]},{"@type":"ImageObject","inLanguage":"pt-PT","@id":"https:\/\/portaltela.pt\/noticias\/2026\/04\/28\/cientistas-alertam-para-riscos-das-tecnologias-de-verificacao-de-idade\/#primaryimage","url":"https:\/\/portaltela.pt\/s.01k8rhncp4jt1\/2026\/04\/img_1500x1000uu2024-06-11-16-01-28-1677955.jpg","contentUrl":"https:\/\/portaltela.pt\/s.01k8rhncp4jt1\/2026\/04\/img_1500x1000uu2024-06-11-16-01-28-1677955.jpg","width":796,"height":448,"caption":"Cientistas alertam para perigos das tecnologias de verifica\u00e7\u00e3o de idade"},{"@type":"BreadcrumbList","@id":"https:\/\/portaltela.pt\/noticias\/2026\/04\/28\/cientistas-alertam-para-riscos-das-tecnologias-de-verificacao-de-idade\/#breadcrumb","itemListElement":[{"@type":"ListItem","position":1,"name":"In\u00edcio","item":"https:\/\/portaltela.pt\/"},{"@type":"ListItem","position":2,"name":"Cientistas alertam para riscos das tecnologias de verifica\u00e7\u00e3o de idade"}]},{"@type":"WebSite","@id":"https:\/\/portaltela.pt\/#website","url":"https:\/\/portaltela.pt\/","name":"Portal Tela Portugal","description":"","potentialAction":[{"@type":"SearchAction","target":{"@type":"EntryPoint","urlTemplate":"https:\/\/portaltela.pt\/?s={search_term_string}"},"query-input":{"@type":"PropertyValueSpecification","valueRequired":true,"valueName":"search_term_string"}}],"inLanguage":"pt-PT"},{"@type":"Person","@id":"https:\/\/portaltela.pt\/#\/schema\/person\/c4278d4a6028830caff9ee44b42d32ed","name":"Telinha","image":{"@type":"ImageObject","inLanguage":"pt-PT","@id":"https:\/\/portaltela.pt\/s.01k8rhncp4jt1\/2025\/11\/talking-bot-125x125.png","url":"https:\/\/portaltela.pt\/s.01k8rhncp4jt1\/2025\/11\/talking-bot-125x125.png","contentUrl":"https:\/\/portaltela.pt\/s.01k8rhncp4jt1\/2025\/11\/talking-bot-125x125.png","caption":"Telinha"},"sameAs":["https:\/\/portaltela.pt\/"],"url":"https:\/\/portaltela.pt\/por\/367410592786\/"}]}},"_links":{"self":[{"href":"https:\/\/portaltela.pt\/api\/wp\/v2\/posts\/460162","targetHints":{"allow":["GET"]}}],"collection":[{"href":"https:\/\/portaltela.pt\/api\/wp\/v2\/posts"}],"about":[{"href":"https:\/\/portaltela.pt\/api\/wp\/v2\/types\/post"}],"author":[{"embeddable":true,"href":"https:\/\/portaltela.pt\/api\/wp\/v2\/users\/2"}],"replies":[{"embeddable":true,"href":"https:\/\/portaltela.pt\/api\/wp\/v2\/comments?post=460162"}],"version-history":[{"count":0,"href":"https:\/\/portaltela.pt\/api\/wp\/v2\/posts\/460162\/revisions"}],"wp:featuredmedia":[{"embeddable":true,"href":"https:\/\/portaltela.pt\/api\/wp\/v2\/media\/460166"}],"wp:attachment":[{"href":"https:\/\/portaltela.pt\/api\/wp\/v2\/media?parent=460162"}],"wp:term":[{"taxonomy":"category","embeddable":true,"href":"https:\/\/portaltela.pt\/api\/wp\/v2\/categories?post=460162"},{"taxonomy":"post_tag","embeddable":true,"href":"https:\/\/portaltela.pt\/api\/wp\/v2\/tags?post=460162"}],"curies":[{"name":"wp","href":"https:\/\/api.w.org\/{rel}","templated":true}]}}