{"id":460159,"date":"2026-04-28T14:18:08","date_gmt":"2026-04-28T17:18:08","guid":{"rendered":"https:\/\/portaltela.pt\/noticias\/2026\/04\/28\/alemanha-planeia-introduzir-novo-imposto-sobre-bebidas-acucaradas\/"},"modified":"2026-04-28T14:18:08","modified_gmt":"2026-04-28T17:18:08","slug":"alemanha-planeia-introduzir-novo-imposto-sobre-bebidas-acucaradas","status":"publish","type":"post","link":"https:\/\/portaltela.pt\/noticias\/economia\/2026\/04\/28\/alemanha-planeia-introduzir-novo-imposto-sobre-bebidas-acucaradas\/","title":{"rendered":"Alemanha planeia introduzir novo imposto sobre bebidas a\u00e7ucaradas"},"content":{"rendered":"<p>A Alemanha planeia introduzir um imposto sobre as bebidas a\u00e7ucaradas, com receitas destinadas a estabilizar as contribui\u00e7\u00f5es para a sa\u00fade p\u00fablica e financiar medidas de preven\u00e7\u00e3o. A ideia surge num contexto de debate sobre financimento do setor.<\/p>\n<p>Segundo jornalistas, o l\u00edder do grupo parlamentar da CDU, Jens Spahn, afirmou que, se o imposto reduzir o teor de a\u00e7\u00facar, contribuir\u00e1 para a sa\u00fade de jovens e crian\u00e7as. O coment\u00e1rio foi feito na C\u00e2mara Baixa.<\/p>\n<p>Estima-se que o imposto gere cerca de 450 milh\u00f5es de euros por ano. A proposta surgiu de uma comiss\u00e3o encarregue de estudar reformas para aliviar financeiramente a sa\u00fade p\u00fablica.<\/p>\n<p>Essa comiss\u00e3o tamb\u00e9m recomendou aumentar impostos sobre tabaco e bebidas alco\u00f3licas. A CDU, CSU e SPD planeiam apresentar um plano de poupan\u00e7a para a sa\u00fade p\u00fablica com o or\u00e7amento em vigor.<\/p>\n<p>A proposta prev\u00ea isentar bebidas com menos de cinco gramas de a\u00e7\u00facar por 100 mililitros. Entre cinco e seis gramas, aplica-se 26 c\u00eantimos por litro; acima desse n\u00edvel, o imposto sobe para 32 c\u00eantimos por litro.<\/p>\n<p>Antes de avan\u00e7ar a proposta, um grupo de 4.000 m\u00e9dicos e 1.000 profissionais de sa\u00fade enviou carta aos chefes de governo dos 16 estados federados, a manifestar apoio ao imposto.<\/p>\n<p>Ap\u00f3s a aprova\u00e7\u00e3o no Conselho de Ministros, a medida ser\u00e1 submetida \u00e0 Bundestag (C\u00e2mara Baixa) e ao Bundesrat (C\u00e2mara Alta) para vota\u00e7\u00e3o final.<\/p>\n","protected":false},"excerpt":{"rendered":"<ul>\n<li>O Governo alem\u00e3o planeia um imposto sobre bebidas a\u00e7ucaradas para financiar a sa\u00fade p\u00fablica e medidas de preven\u00e7\u00e3o, com receitas estimadas em cerca de 450 milh\u00f5es de euros por ano.<\/li>\n<li>A proposta prev\u00ea isen\u00e7\u00e3o para bebidas com menos de cinco gramas de a\u00e7\u00facar por 100 mililitros; entre cinco e seis gramas, a tarifa \u00e9 de 26 c\u00eantimos por litro; acima de seis gramas, \u00e9 de 32 c\u00eantimos por litro.<\/li>\n<li>O plano \u00e9 apoiado pela coliga\u00e7\u00e3o CDU\/CSU e SPD, com Jens Spahn a dizer que reduzir o teor de a\u00e7\u00facar ajudar\u00e1 a sa\u00fade dos jovens e crian\u00e7as.<\/li>\n<li>A comiss\u00e3o respons\u00e1vel pela reforma da sa\u00fade sugeriu tamb\u00e9m aumentar impostos sobre tabaco e bebidas espirituosas; um abaixo-assinado de m\u00e9dicos apoiou a medida.<\/li>\n<li>A proposta ainda precisa de aprova\u00e7\u00e3o no Conselho de Ministros e, posteriormente, na Bundestag e no Bundesrat.<\/li>\n<\/ul>\n","protected":false},"author":2,"featured_media":460164,"comment_status":"closed","ping_status":"closed","sticky":false,"template":"","format":"standard","meta":{"footnotes":""},"categories":[2,7370],"tags":[7987,7978,8059,7955,28],"class_list":["post-460159","post","type-post","status-publish","format-standard","has-post-thumbnail","hentry","category-economia","category-financas-publicas","tag-_alemanha","tag-_impostos","tag-_politica-interna","tag-_saude-publica","tag-economia"],"yoast_head":"<!-- This site is optimized with the Yoast SEO plugin v27.2 - https:\/\/yoast.com\/product\/yoast-seo-wordpress\/ -->\n<title>Alemanha planeia introduzir novo imposto sobre bebidas a\u00e7ucaradas - Portal Tela Portugal<\/title>\n<meta name=\"robots\" content=\"index, follow, max-snippet:-1, max-image-preview:large, max-video-preview:-1\" \/>\n<meta property=\"og:locale\" content=\"pt_PT\" \/>\n<meta property=\"og:type\" content=\"article\" \/>\n<meta property=\"og:title\" content=\"Alemanha planeia introduzir novo imposto sobre bebidas a\u00e7ucaradas - Portal Tela Portugal\" \/>\n<meta property=\"og:description\" content=\"O Governo alem\u00e3o planeia um imposto sobre bebidas a\u00e7ucaradas para financiar a sa\u00fade p\u00fablica e medidas de preven\u00e7\u00e3o, com receitas estimadas em cerca de 450 milh\u00f5es de euros por ano. A proposta prev\u00ea isen\u00e7\u00e3o para bebidas com menos de cinco gramas de a\u00e7\u00facar por 100 mililitros; entre cinco e seis gramas, a tarifa \u00e9 de 26 c\u00eantimos por litro; acima de seis gramas, \u00e9 de 32 c\u00eantimos por litro. O plano \u00e9 apoiado pela coliga\u00e7\u00e3o CDU\/CSU e SPD, com Jens Spahn a dizer que reduzir o teor de a\u00e7\u00facar ajudar\u00e1 a sa\u00fade dos jovens e crian\u00e7as. A comiss\u00e3o respons\u00e1vel pela reforma da sa\u00fade sugeriu tamb\u00e9m aumentar impostos sobre tabaco e bebidas espirituosas; um abaixo-assinado de m\u00e9dicos apoiou a medida. A proposta ainda precisa de aprova\u00e7\u00e3o no Conselho de Ministros e, posteriormente, na Bundestag e no Bundesrat.\" \/>\n<meta property=\"og:url\" content=\"https:\/\/portaltela.pt\/noticias\/2026\/04\/28\/alemanha-planeia-introduzir-novo-imposto-sobre-bebidas-acucaradas\/\" \/>\n<meta property=\"og:site_name\" content=\"Portal Tela Portugal\" \/>\n<meta property=\"article:published_time\" content=\"2026-04-28T17:18:08+00:00\" \/>\n<meta name=\"author\" content=\"Telinha\" \/>\n<meta name=\"twitter:card\" content=\"summary_large_image\" \/>\n<meta name=\"twitter:label1\" content=\"Escrito por\" \/>\n\t<meta name=\"twitter:data1\" content=\"Telinha\" \/>\n\t<meta name=\"twitter:label2\" content=\"Tempo estimado de leitura\" \/>\n\t<meta name=\"twitter:data2\" content=\"1 minuto\" \/>\n<script type=\"application\/ld+json\" class=\"yoast-schema-graph\">{\"@context\":\"https:\/\/schema.org\",\"@graph\":[{\"@type\":\"Article\",\"@id\":\"https:\/\/portaltela.pt\/noticias\/2026\/04\/28\/alemanha-planeia-introduzir-novo-imposto-sobre-bebidas-acucaradas\/#article\",\"isPartOf\":{\"@id\":\"https:\/\/portaltela.pt\/noticias\/2026\/04\/28\/alemanha-planeia-introduzir-novo-imposto-sobre-bebidas-acucaradas\/\"},\"author\":{\"name\":\"Telinha\",\"@id\":\"https:\/\/portaltela.pt\/#\/schema\/person\/c4278d4a6028830caff9ee44b42d32ed\"},\"headline\":\"Alemanha planeia introduzir novo imposto sobre bebidas a\u00e7ucaradas\",\"datePublished\":\"2026-04-28T17:18:08+00:00\",\"mainEntityOfPage\":{\"@id\":\"https:\/\/portaltela.pt\/noticias\/2026\/04\/28\/alemanha-planeia-introduzir-novo-imposto-sobre-bebidas-acucaradas\/\"},\"wordCount\":257,\"image\":{\"@id\":\"https:\/\/portaltela.pt\/noticias\/2026\/04\/28\/alemanha-planeia-introduzir-novo-imposto-sobre-bebidas-acucaradas\/#primaryimage\"},\"thumbnailUrl\":\"https:\/\/portaltela.pt\/s.01k8rhncp4jt1\/2026\/04\/img_1500x1000uu2023-10-08-00-55-28-1461216.jpg\",\"keywords\":[\"_Alemanha\",\"_impostos\",\"_pol\u00edtica interna\",\"_sa\u00fade p\u00fablica\",\"economia\"],\"articleSection\":[\"Economia\",\"Finan\u00e7as P\u00fablicas\"],\"inLanguage\":\"pt-PT\"},{\"@type\":\"WebPage\",\"@id\":\"https:\/\/portaltela.pt\/noticias\/2026\/04\/28\/alemanha-planeia-introduzir-novo-imposto-sobre-bebidas-acucaradas\/\",\"url\":\"https:\/\/portaltela.pt\/noticias\/2026\/04\/28\/alemanha-planeia-introduzir-novo-imposto-sobre-bebidas-acucaradas\/\",\"name\":\"Alemanha planeia introduzir novo imposto sobre bebidas a\u00e7ucaradas - Portal Tela Portugal\",\"isPartOf\":{\"@id\":\"https:\/\/portaltela.pt\/#website\"},\"primaryImageOfPage\":{\"@id\":\"https:\/\/portaltela.pt\/noticias\/2026\/04\/28\/alemanha-planeia-introduzir-novo-imposto-sobre-bebidas-acucaradas\/#primaryimage\"},\"image\":{\"@id\":\"https:\/\/portaltela.pt\/noticias\/2026\/04\/28\/alemanha-planeia-introduzir-novo-imposto-sobre-bebidas-acucaradas\/#primaryimage\"},\"thumbnailUrl\":\"https:\/\/portaltela.pt\/s.01k8rhncp4jt1\/2026\/04\/img_1500x1000uu2023-10-08-00-55-28-1461216.jpg\",\"datePublished\":\"2026-04-28T17:18:08+00:00\",\"author\":{\"@id\":\"https:\/\/portaltela.pt\/#\/schema\/person\/c4278d4a6028830caff9ee44b42d32ed\"},\"breadcrumb\":{\"@id\":\"https:\/\/portaltela.pt\/noticias\/2026\/04\/28\/alemanha-planeia-introduzir-novo-imposto-sobre-bebidas-acucaradas\/#breadcrumb\"},\"inLanguage\":\"pt-PT\",\"potentialAction\":[{\"@type\":\"ReadAction\",\"target\":[\"https:\/\/portaltela.pt\/noticias\/2026\/04\/28\/alemanha-planeia-introduzir-novo-imposto-sobre-bebidas-acucaradas\/\"]}]},{\"@type\":\"ImageObject\",\"inLanguage\":\"pt-PT\",\"@id\":\"https:\/\/portaltela.pt\/noticias\/2026\/04\/28\/alemanha-planeia-introduzir-novo-imposto-sobre-bebidas-acucaradas\/#primaryimage\",\"url\":\"https:\/\/portaltela.pt\/s.01k8rhncp4jt1\/2026\/04\/img_1500x1000uu2023-10-08-00-55-28-1461216.jpg\",\"contentUrl\":\"https:\/\/portaltela.pt\/s.01k8rhncp4jt1\/2026\/04\/img_1500x1000uu2023-10-08-00-55-28-1461216.jpg\",\"width\":796,\"height\":448,\"caption\":\"Alemanha planeia introduzir um novo imposto sobre as bebidas a\u00e7ucaradas\"},{\"@type\":\"BreadcrumbList\",\"@id\":\"https:\/\/portaltela.pt\/noticias\/2026\/04\/28\/alemanha-planeia-introduzir-novo-imposto-sobre-bebidas-acucaradas\/#breadcrumb\",\"itemListElement\":[{\"@type\":\"ListItem\",\"position\":1,\"name\":\"In\u00edcio\",\"item\":\"https:\/\/portaltela.pt\/\"},{\"@type\":\"ListItem\",\"position\":2,\"name\":\"Alemanha planeia introduzir novo imposto sobre bebidas a\u00e7ucaradas\"}]},{\"@type\":\"WebSite\",\"@id\":\"https:\/\/portaltela.pt\/#website\",\"url\":\"https:\/\/portaltela.pt\/\",\"name\":\"Portal Tela Portugal\",\"description\":\"\",\"potentialAction\":[{\"@type\":\"SearchAction\",\"target\":{\"@type\":\"EntryPoint\",\"urlTemplate\":\"https:\/\/portaltela.pt\/?s={search_term_string}\"},\"query-input\":{\"@type\":\"PropertyValueSpecification\",\"valueRequired\":true,\"valueName\":\"search_term_string\"}}],\"inLanguage\":\"pt-PT\"},{\"@type\":\"Person\",\"@id\":\"https:\/\/portaltela.pt\/#\/schema\/person\/c4278d4a6028830caff9ee44b42d32ed\",\"name\":\"Telinha\",\"image\":{\"@type\":\"ImageObject\",\"inLanguage\":\"pt-PT\",\"@id\":\"https:\/\/portaltela.pt\/s.01k8rhncp4jt1\/2025\/11\/talking-bot-125x125.png\",\"url\":\"https:\/\/portaltela.pt\/s.01k8rhncp4jt1\/2025\/11\/talking-bot-125x125.png\",\"contentUrl\":\"https:\/\/portaltela.pt\/s.01k8rhncp4jt1\/2025\/11\/talking-bot-125x125.png\",\"caption\":\"Telinha\"},\"sameAs\":[\"https:\/\/portaltela.pt\/\"],\"url\":\"https:\/\/portaltela.pt\/por\/367410592786\/\"}]}<\/script>\n<!-- \/ Yoast SEO plugin. -->","yoast_head_json":{"title":"Alemanha planeia introduzir novo imposto sobre bebidas a\u00e7ucaradas - Portal Tela Portugal","robots":{"index":"index","follow":"follow","max-snippet":"max-snippet:-1","max-image-preview":"max-image-preview:large","max-video-preview":"max-video-preview:-1"},"og_locale":"pt_PT","og_type":"article","og_title":"Alemanha planeia introduzir novo imposto sobre bebidas a\u00e7ucaradas - Portal Tela Portugal","og_description":"O Governo alem\u00e3o planeia um imposto sobre bebidas a\u00e7ucaradas para financiar a sa\u00fade p\u00fablica e medidas de preven\u00e7\u00e3o, com receitas estimadas em cerca de 450 milh\u00f5es de euros por ano. A proposta prev\u00ea isen\u00e7\u00e3o para bebidas com menos de cinco gramas de a\u00e7\u00facar por 100 mililitros; entre cinco e seis gramas, a tarifa \u00e9 de 26 c\u00eantimos por litro; acima de seis gramas, \u00e9 de 32 c\u00eantimos por litro. O plano \u00e9 apoiado pela coliga\u00e7\u00e3o CDU\/CSU e SPD, com Jens Spahn a dizer que reduzir o teor de a\u00e7\u00facar ajudar\u00e1 a sa\u00fade dos jovens e crian\u00e7as. A comiss\u00e3o respons\u00e1vel pela reforma da sa\u00fade sugeriu tamb\u00e9m aumentar impostos sobre tabaco e bebidas espirituosas; um abaixo-assinado de m\u00e9dicos apoiou a medida. A proposta ainda precisa de aprova\u00e7\u00e3o no Conselho de Ministros e, posteriormente, na Bundestag e no Bundesrat.","og_url":"https:\/\/portaltela.pt\/noticias\/2026\/04\/28\/alemanha-planeia-introduzir-novo-imposto-sobre-bebidas-acucaradas\/","og_site_name":"Portal Tela Portugal","article_published_time":"2026-04-28T17:18:08+00:00","author":"Telinha","twitter_card":"summary_large_image","twitter_misc":{"Escrito por":"Telinha","Tempo estimado de leitura":"1 minuto"},"schema":{"@context":"https:\/\/schema.org","@graph":[{"@type":"Article","@id":"https:\/\/portaltela.pt\/noticias\/2026\/04\/28\/alemanha-planeia-introduzir-novo-imposto-sobre-bebidas-acucaradas\/#article","isPartOf":{"@id":"https:\/\/portaltela.pt\/noticias\/2026\/04\/28\/alemanha-planeia-introduzir-novo-imposto-sobre-bebidas-acucaradas\/"},"author":{"name":"Telinha","@id":"https:\/\/portaltela.pt\/#\/schema\/person\/c4278d4a6028830caff9ee44b42d32ed"},"headline":"Alemanha planeia introduzir novo imposto sobre bebidas a\u00e7ucaradas","datePublished":"2026-04-28T17:18:08+00:00","mainEntityOfPage":{"@id":"https:\/\/portaltela.pt\/noticias\/2026\/04\/28\/alemanha-planeia-introduzir-novo-imposto-sobre-bebidas-acucaradas\/"},"wordCount":257,"image":{"@id":"https:\/\/portaltela.pt\/noticias\/2026\/04\/28\/alemanha-planeia-introduzir-novo-imposto-sobre-bebidas-acucaradas\/#primaryimage"},"thumbnailUrl":"https:\/\/portaltela.pt\/s.01k8rhncp4jt1\/2026\/04\/img_1500x1000uu2023-10-08-00-55-28-1461216.jpg","keywords":["_Alemanha","_impostos","_pol\u00edtica interna","_sa\u00fade p\u00fablica","economia"],"articleSection":["Economia","Finan\u00e7as P\u00fablicas"],"inLanguage":"pt-PT"},{"@type":"WebPage","@id":"https:\/\/portaltela.pt\/noticias\/2026\/04\/28\/alemanha-planeia-introduzir-novo-imposto-sobre-bebidas-acucaradas\/","url":"https:\/\/portaltela.pt\/noticias\/2026\/04\/28\/alemanha-planeia-introduzir-novo-imposto-sobre-bebidas-acucaradas\/","name":"Alemanha planeia introduzir novo imposto sobre bebidas a\u00e7ucaradas - Portal Tela Portugal","isPartOf":{"@id":"https:\/\/portaltela.pt\/#website"},"primaryImageOfPage":{"@id":"https:\/\/portaltela.pt\/noticias\/2026\/04\/28\/alemanha-planeia-introduzir-novo-imposto-sobre-bebidas-acucaradas\/#primaryimage"},"image":{"@id":"https:\/\/portaltela.pt\/noticias\/2026\/04\/28\/alemanha-planeia-introduzir-novo-imposto-sobre-bebidas-acucaradas\/#primaryimage"},"thumbnailUrl":"https:\/\/portaltela.pt\/s.01k8rhncp4jt1\/2026\/04\/img_1500x1000uu2023-10-08-00-55-28-1461216.jpg","datePublished":"2026-04-28T17:18:08+00:00","author":{"@id":"https:\/\/portaltela.pt\/#\/schema\/person\/c4278d4a6028830caff9ee44b42d32ed"},"breadcrumb":{"@id":"https:\/\/portaltela.pt\/noticias\/2026\/04\/28\/alemanha-planeia-introduzir-novo-imposto-sobre-bebidas-acucaradas\/#breadcrumb"},"inLanguage":"pt-PT","potentialAction":[{"@type":"ReadAction","target":["https:\/\/portaltela.pt\/noticias\/2026\/04\/28\/alemanha-planeia-introduzir-novo-imposto-sobre-bebidas-acucaradas\/"]}]},{"@type":"ImageObject","inLanguage":"pt-PT","@id":"https:\/\/portaltela.pt\/noticias\/2026\/04\/28\/alemanha-planeia-introduzir-novo-imposto-sobre-bebidas-acucaradas\/#primaryimage","url":"https:\/\/portaltela.pt\/s.01k8rhncp4jt1\/2026\/04\/img_1500x1000uu2023-10-08-00-55-28-1461216.jpg","contentUrl":"https:\/\/portaltela.pt\/s.01k8rhncp4jt1\/2026\/04\/img_1500x1000uu2023-10-08-00-55-28-1461216.jpg","width":796,"height":448,"caption":"Alemanha planeia introduzir um novo imposto sobre as bebidas a\u00e7ucaradas"},{"@type":"BreadcrumbList","@id":"https:\/\/portaltela.pt\/noticias\/2026\/04\/28\/alemanha-planeia-introduzir-novo-imposto-sobre-bebidas-acucaradas\/#breadcrumb","itemListElement":[{"@type":"ListItem","position":1,"name":"In\u00edcio","item":"https:\/\/portaltela.pt\/"},{"@type":"ListItem","position":2,"name":"Alemanha planeia introduzir novo imposto sobre bebidas a\u00e7ucaradas"}]},{"@type":"WebSite","@id":"https:\/\/portaltela.pt\/#website","url":"https:\/\/portaltela.pt\/","name":"Portal Tela Portugal","description":"","potentialAction":[{"@type":"SearchAction","target":{"@type":"EntryPoint","urlTemplate":"https:\/\/portaltela.pt\/?s={search_term_string}"},"query-input":{"@type":"PropertyValueSpecification","valueRequired":true,"valueName":"search_term_string"}}],"inLanguage":"pt-PT"},{"@type":"Person","@id":"https:\/\/portaltela.pt\/#\/schema\/person\/c4278d4a6028830caff9ee44b42d32ed","name":"Telinha","image":{"@type":"ImageObject","inLanguage":"pt-PT","@id":"https:\/\/portaltela.pt\/s.01k8rhncp4jt1\/2025\/11\/talking-bot-125x125.png","url":"https:\/\/portaltela.pt\/s.01k8rhncp4jt1\/2025\/11\/talking-bot-125x125.png","contentUrl":"https:\/\/portaltela.pt\/s.01k8rhncp4jt1\/2025\/11\/talking-bot-125x125.png","caption":"Telinha"},"sameAs":["https:\/\/portaltela.pt\/"],"url":"https:\/\/portaltela.pt\/por\/367410592786\/"}]}},"_links":{"self":[{"href":"https:\/\/portaltela.pt\/api\/wp\/v2\/posts\/460159","targetHints":{"allow":["GET"]}}],"collection":[{"href":"https:\/\/portaltela.pt\/api\/wp\/v2\/posts"}],"about":[{"href":"https:\/\/portaltela.pt\/api\/wp\/v2\/types\/post"}],"author":[{"embeddable":true,"href":"https:\/\/portaltela.pt\/api\/wp\/v2\/users\/2"}],"replies":[{"embeddable":true,"href":"https:\/\/portaltela.pt\/api\/wp\/v2\/comments?post=460159"}],"version-history":[{"count":0,"href":"https:\/\/portaltela.pt\/api\/wp\/v2\/posts\/460159\/revisions"}],"wp:featuredmedia":[{"embeddable":true,"href":"https:\/\/portaltela.pt\/api\/wp\/v2\/media\/460164"}],"wp:attachment":[{"href":"https:\/\/portaltela.pt\/api\/wp\/v2\/media?parent=460159"}],"wp:term":[{"taxonomy":"category","embeddable":true,"href":"https:\/\/portaltela.pt\/api\/wp\/v2\/categories?post=460159"},{"taxonomy":"post_tag","embeddable":true,"href":"https:\/\/portaltela.pt\/api\/wp\/v2\/tags?post=460159"}],"curies":[{"name":"wp","href":"https:\/\/api.w.org\/{rel}","templated":true}]}}