{"id":460157,"date":"2026-04-28T14:18:05","date_gmt":"2026-04-28T17:18:05","guid":{"rendered":"https:\/\/portaltela.pt\/noticias\/2026\/04\/28\/no-porto-ensaio-cafe-faz-apresentacao-no-stop\/"},"modified":"2026-04-28T14:18:05","modified_gmt":"2026-04-28T17:18:05","slug":"no-porto-ensaio-cafe-faz-apresentacao-no-stop","status":"publish","type":"post","link":"https:\/\/portaltela.pt\/musica\/2026\/04\/28\/no-porto-ensaio-cafe-faz-apresentacao-no-stop\/","title":{"rendered":"No Porto, Ensaio Caf\u00e9 faz apresenta\u00e7\u00e3o no Stop"},"content":{"rendered":"<p>O Ensaio Caf\u00e9 abriu no Centro Comercial Stop, no Porto, integrando o p\u00f3lo de salas de ensaio do espa\u00e7o. O objetivo \u00e9 criar um ponto de encontro para artistas independentes, com caf\u00e9, artes e encontros culturais.<\/p>\n<p>A iniciativa pertence a Isabel Luz, 28 anos, que deixou a \u00e1rea financeira por um projeto criativo. Abertura ocorreu no s\u00e1bado, 25 de Abril, com a ideia de ligar m\u00fasica, fotografia e literatura em ambiente de partilha.<\/p>\n<p>Isabel \u00e9 fot\u00f3grafa e j\u00e1 acompanha o lan\u00e7amento de um livro sobre o Festival de Paredes de Coura. O Caf\u00e9 funciona no piso t\u00e9rreo do Stop, que j\u00e1 acolhia salas de ensaio, mas carecia de um espa\u00e7o de conv\u00edvio.<\/p>\n<h3>Espiritualidade do espa\u00e7o<\/h3>\n<p>O Ensaio Caf\u00e9 pretende ser um hub cultural com forte liga\u00e7\u00e3o a m\u00fasica e fotografia, oferecendo artigos de cafetaria, snacks e bebidas. A ideia \u00e9 promover conversas, exposi\u00e7\u00f5es e a partilha entre artistas independentes.<\/p>\n<p>O espa\u00e7o j\u00e1 recebeu feedback da comunidade criativa local, com gente a elogiar a necessidade de um local de encontro. Aulas e encontros informais t\u00eam sido discutidos como parte do programa.<\/p>\n<h3>Abertura e programa\u00e7\u00e3o<\/h3>\n<p>Na festa de abertura houve m\u00fasica ao vivo com Ariana Gomes e Lu\u00eds Oliveira, que fizeram vers\u00f5es de temas com influ\u00eancias de jazz e neo-soul. Tamb\u00e9m inaugurou uma exposi\u00e7\u00e3o em parceria com a Flanzine XXV.<\/p>\n<p>A mostra \u201cN\u00f3s Por C\u00e1 Todos Bem\u201d re\u00fane 25 artistas nacionais, incluindo Ant\u00f3nio Jorge Gon\u00e7alves e Beatriz Bagulho. A programa\u00e7\u00e3o fotogr\u00e1fica deve seguir nos pr\u00f3ximos meses, com visitas e atividades diversas.<\/p>\n<h3>Perspetivas futuras<\/h3>\n<p>O Ensaio Caf\u00e9 re\u00fane ainda refer\u00eancias do espa\u00e7o anterior do Stop, mantendo elementos como mensagens na parede e certos objetos de antiguidade. A equipa quer testar a programa\u00e7\u00e3o e evoluir conforme a participa\u00e7\u00e3o do p\u00fablico.<\/p>\n<p>Isabel sublinha que o espa\u00e7o funciona como uma alternativa ao ritmo acelerado da cidade, promovendo encontros humanos e uma leitura mais calma. O projeto pretende criar uma comunidade de artistas que trocam experi\u00eancias.<\/p>\n<h3>Contexto e impacto<\/h3>\n<p>O Stop, j\u00e1 conhecido pela oferta de espa\u00e7os criativos, passa a contar com o Ensaio Caf\u00e9 como complemento ao p\u00f3lo art\u00edstico. A gest\u00e3o afirma que a vertente de caf\u00e9 serve de pretexto para uma troca entre artistas e criadores.<\/p>\n","protected":false},"excerpt":{"rendered":"<ul>\n<li>O Ensaio Caf\u00e9 abriu no Centro Comercial Stop, no Porto, com foco em concertos, exposi\u00e7\u00f5es e encontro entre artistas independentes.<\/li>\n<li>O espa\u00e7o funciona como hub cultural, ligando m\u00fasica, fotografia e literatura, para criar uma comunidade criativa e partilha entre criadores.<\/li>\n<li>A mentora \u00e9 Isabel Luz, de 28 anos, que deixou a \u00e1rea financeira para dedicar-se ao projecto, j\u00e1 envolvendo a \u00e1rea de fotografia e publica\u00e7\u00e3o de um livro sobre o Festival de Paredes de Coura.<\/li>\n<li>A abertura incluiu m\u00fasica ao vivo e uma exposi\u00e7\u00e3o em parceria com a Flanzine XXV \u2014 N\u00f3s Por C\u00e1 Todos Bem, com artistas portugueses, e uma retrospeta de elementos de espa\u00e7os anteriores do Stop.<\/li>\n<li>O Ensaio Caf\u00e9 pretende evoluir a programa\u00e7\u00e3o, recebendo eventos de literatura, al\u00e9m de incentivar a partilha de zines, demos e encontros entre artistas.<\/li>\n<\/ul>\n","protected":false},"author":2,"featured_media":460160,"comment_status":"closed","ping_status":"closed","sticky":false,"template":"","format":"standard","meta":{"footnotes":""},"categories":[7375,6676],"tags":[7756,8500,8733,8537,8233,8088],"class_list":["post-460157","post","type-post","status-publish","format-standard","has-post-thumbnail","hentry","category-cultura","category-musica","tag-_cultura","tag-_exposicoes","tag-_fotografia","tag-_livros","tag-_musica","tag-_porto"],"yoast_head":"<!-- This site is optimized with the Yoast SEO plugin v27.2 - https:\/\/yoast.com\/product\/yoast-seo-wordpress\/ -->\n<title>No Porto, Ensaio Caf\u00e9 faz apresenta\u00e7\u00e3o no Stop - Portal Tela Portugal<\/title>\n<meta name=\"robots\" content=\"index, follow, max-snippet:-1, max-image-preview:large, max-video-preview:-1\" \/>\n<meta property=\"og:locale\" content=\"pt_PT\" \/>\n<meta property=\"og:type\" content=\"article\" \/>\n<meta property=\"og:title\" content=\"No Porto, Ensaio Caf\u00e9 faz apresenta\u00e7\u00e3o no Stop - Portal Tela Portugal\" \/>\n<meta property=\"og:description\" content=\"O Ensaio Caf\u00e9 abriu no Centro Comercial Stop, no Porto, com foco em concertos, exposi\u00e7\u00f5es e encontro entre artistas independentes. O espa\u00e7o funciona como hub cultural, ligando m\u00fasica, fotografia e literatura, para criar uma comunidade criativa e partilha entre criadores. A mentora \u00e9 Isabel Luz, de 28 anos, que deixou a \u00e1rea financeira para dedicar-se ao projecto, j\u00e1 envolvendo a \u00e1rea de fotografia e publica\u00e7\u00e3o de um livro sobre o Festival de Paredes de Coura. A abertura incluiu m\u00fasica ao vivo e uma exposi\u00e7\u00e3o em parceria com a Flanzine XXV \u2014 N\u00f3s Por C\u00e1 Todos Bem, com artistas portugueses, e uma retrospeta de elementos de espa\u00e7os anteriores do Stop. O Ensaio Caf\u00e9 pretende evoluir a programa\u00e7\u00e3o, recebendo eventos de literatura, al\u00e9m de incentivar a partilha de zines, demos e encontros entre artistas.\" \/>\n<meta property=\"og:url\" content=\"https:\/\/portaltela.pt\/noticias\/2026\/04\/28\/no-porto-ensaio-cafe-faz-apresentacao-no-stop\/\" \/>\n<meta property=\"og:site_name\" content=\"Portal Tela Portugal\" \/>\n<meta property=\"article:published_time\" content=\"2026-04-28T17:18:05+00:00\" \/>\n<meta name=\"author\" content=\"Telinha\" \/>\n<meta name=\"twitter:card\" content=\"summary_large_image\" \/>\n<meta name=\"twitter:label1\" content=\"Escrito por\" \/>\n\t<meta name=\"twitter:data1\" content=\"Telinha\" \/>\n\t<meta name=\"twitter:label2\" content=\"Tempo estimado de leitura\" \/>\n\t<meta name=\"twitter:data2\" content=\"2 minutos\" \/>\n<script type=\"application\/ld+json\" class=\"yoast-schema-graph\">{\"@context\":\"https:\/\/schema.org\",\"@graph\":[{\"@type\":\"Article\",\"@id\":\"https:\/\/portaltela.pt\/noticias\/2026\/04\/28\/no-porto-ensaio-cafe-faz-apresentacao-no-stop\/#article\",\"isPartOf\":{\"@id\":\"https:\/\/portaltela.pt\/noticias\/2026\/04\/28\/no-porto-ensaio-cafe-faz-apresentacao-no-stop\/\"},\"author\":{\"name\":\"Telinha\",\"@id\":\"https:\/\/portaltela.pt\/#\/schema\/person\/c4278d4a6028830caff9ee44b42d32ed\"},\"headline\":\"No Porto, Ensaio Caf\u00e9 faz apresenta\u00e7\u00e3o no Stop\",\"datePublished\":\"2026-04-28T17:18:05+00:00\",\"mainEntityOfPage\":{\"@id\":\"https:\/\/portaltela.pt\/noticias\/2026\/04\/28\/no-porto-ensaio-cafe-faz-apresentacao-no-stop\/\"},\"wordCount\":405,\"image\":{\"@id\":\"https:\/\/portaltela.pt\/noticias\/2026\/04\/28\/no-porto-ensaio-cafe-faz-apresentacao-no-stop\/#primaryimage\"},\"thumbnailUrl\":\"https:\/\/portaltela.pt\/s.01k8rhncp4jt1\/2026\/04\/2084658.jpg\",\"keywords\":[\"_cultura\",\"_exposi\u00e7\u00f5es\",\"_fotografia\",\"_livros\",\"_m\u00fasica\",\"_Porto\"],\"articleSection\":[\"Cultura\",\"M\u00fasica\"],\"inLanguage\":\"pt-PT\"},{\"@type\":\"WebPage\",\"@id\":\"https:\/\/portaltela.pt\/noticias\/2026\/04\/28\/no-porto-ensaio-cafe-faz-apresentacao-no-stop\/\",\"url\":\"https:\/\/portaltela.pt\/noticias\/2026\/04\/28\/no-porto-ensaio-cafe-faz-apresentacao-no-stop\/\",\"name\":\"No Porto, Ensaio Caf\u00e9 faz apresenta\u00e7\u00e3o no Stop - Portal Tela Portugal\",\"isPartOf\":{\"@id\":\"https:\/\/portaltela.pt\/#website\"},\"primaryImageOfPage\":{\"@id\":\"https:\/\/portaltela.pt\/noticias\/2026\/04\/28\/no-porto-ensaio-cafe-faz-apresentacao-no-stop\/#primaryimage\"},\"image\":{\"@id\":\"https:\/\/portaltela.pt\/noticias\/2026\/04\/28\/no-porto-ensaio-cafe-faz-apresentacao-no-stop\/#primaryimage\"},\"thumbnailUrl\":\"https:\/\/portaltela.pt\/s.01k8rhncp4jt1\/2026\/04\/2084658.jpg\",\"datePublished\":\"2026-04-28T17:18:05+00:00\",\"author\":{\"@id\":\"https:\/\/portaltela.pt\/#\/schema\/person\/c4278d4a6028830caff9ee44b42d32ed\"},\"breadcrumb\":{\"@id\":\"https:\/\/portaltela.pt\/noticias\/2026\/04\/28\/no-porto-ensaio-cafe-faz-apresentacao-no-stop\/#breadcrumb\"},\"inLanguage\":\"pt-PT\",\"potentialAction\":[{\"@type\":\"ReadAction\",\"target\":[\"https:\/\/portaltela.pt\/noticias\/2026\/04\/28\/no-porto-ensaio-cafe-faz-apresentacao-no-stop\/\"]}]},{\"@type\":\"ImageObject\",\"inLanguage\":\"pt-PT\",\"@id\":\"https:\/\/portaltela.pt\/noticias\/2026\/04\/28\/no-porto-ensaio-cafe-faz-apresentacao-no-stop\/#primaryimage\",\"url\":\"https:\/\/portaltela.pt\/s.01k8rhncp4jt1\/2026\/04\/2084658.jpg\",\"contentUrl\":\"https:\/\/portaltela.pt\/s.01k8rhncp4jt1\/2026\/04\/2084658.jpg\",\"width\":796,\"height\":448,\"caption\":\"A nova vida do Ensaio Caf\u00e9 no Centro Comercial Stop come\u00e7ou a 25 de Abril\"},{\"@type\":\"BreadcrumbList\",\"@id\":\"https:\/\/portaltela.pt\/noticias\/2026\/04\/28\/no-porto-ensaio-cafe-faz-apresentacao-no-stop\/#breadcrumb\",\"itemListElement\":[{\"@type\":\"ListItem\",\"position\":1,\"name\":\"In\u00edcio\",\"item\":\"https:\/\/portaltela.pt\/\"},{\"@type\":\"ListItem\",\"position\":2,\"name\":\"No Porto, Ensaio Caf\u00e9 faz apresenta\u00e7\u00e3o no Stop\"}]},{\"@type\":\"WebSite\",\"@id\":\"https:\/\/portaltela.pt\/#website\",\"url\":\"https:\/\/portaltela.pt\/\",\"name\":\"Portal Tela Portugal\",\"description\":\"\",\"potentialAction\":[{\"@type\":\"SearchAction\",\"target\":{\"@type\":\"EntryPoint\",\"urlTemplate\":\"https:\/\/portaltela.pt\/?s={search_term_string}\"},\"query-input\":{\"@type\":\"PropertyValueSpecification\",\"valueRequired\":true,\"valueName\":\"search_term_string\"}}],\"inLanguage\":\"pt-PT\"},{\"@type\":\"Person\",\"@id\":\"https:\/\/portaltela.pt\/#\/schema\/person\/c4278d4a6028830caff9ee44b42d32ed\",\"name\":\"Telinha\",\"image\":{\"@type\":\"ImageObject\",\"inLanguage\":\"pt-PT\",\"@id\":\"https:\/\/portaltela.pt\/s.01k8rhncp4jt1\/2025\/11\/talking-bot-125x125.png\",\"url\":\"https:\/\/portaltela.pt\/s.01k8rhncp4jt1\/2025\/11\/talking-bot-125x125.png\",\"contentUrl\":\"https:\/\/portaltela.pt\/s.01k8rhncp4jt1\/2025\/11\/talking-bot-125x125.png\",\"caption\":\"Telinha\"},\"sameAs\":[\"https:\/\/portaltela.pt\/\"],\"url\":\"https:\/\/portaltela.pt\/por\/367410592786\/\"}]}<\/script>\n<!-- \/ Yoast SEO plugin. -->","yoast_head_json":{"title":"No Porto, Ensaio Caf\u00e9 faz apresenta\u00e7\u00e3o no Stop - Portal Tela Portugal","robots":{"index":"index","follow":"follow","max-snippet":"max-snippet:-1","max-image-preview":"max-image-preview:large","max-video-preview":"max-video-preview:-1"},"og_locale":"pt_PT","og_type":"article","og_title":"No Porto, Ensaio Caf\u00e9 faz apresenta\u00e7\u00e3o no Stop - Portal Tela Portugal","og_description":"O Ensaio Caf\u00e9 abriu no Centro Comercial Stop, no Porto, com foco em concertos, exposi\u00e7\u00f5es e encontro entre artistas independentes. O espa\u00e7o funciona como hub cultural, ligando m\u00fasica, fotografia e literatura, para criar uma comunidade criativa e partilha entre criadores. A mentora \u00e9 Isabel Luz, de 28 anos, que deixou a \u00e1rea financeira para dedicar-se ao projecto, j\u00e1 envolvendo a \u00e1rea de fotografia e publica\u00e7\u00e3o de um livro sobre o Festival de Paredes de Coura. A abertura incluiu m\u00fasica ao vivo e uma exposi\u00e7\u00e3o em parceria com a Flanzine XXV \u2014 N\u00f3s Por C\u00e1 Todos Bem, com artistas portugueses, e uma retrospeta de elementos de espa\u00e7os anteriores do Stop. O Ensaio Caf\u00e9 pretende evoluir a programa\u00e7\u00e3o, recebendo eventos de literatura, al\u00e9m de incentivar a partilha de zines, demos e encontros entre artistas.","og_url":"https:\/\/portaltela.pt\/noticias\/2026\/04\/28\/no-porto-ensaio-cafe-faz-apresentacao-no-stop\/","og_site_name":"Portal Tela Portugal","article_published_time":"2026-04-28T17:18:05+00:00","author":"Telinha","twitter_card":"summary_large_image","twitter_misc":{"Escrito por":"Telinha","Tempo estimado de leitura":"2 minutos"},"schema":{"@context":"https:\/\/schema.org","@graph":[{"@type":"Article","@id":"https:\/\/portaltela.pt\/noticias\/2026\/04\/28\/no-porto-ensaio-cafe-faz-apresentacao-no-stop\/#article","isPartOf":{"@id":"https:\/\/portaltela.pt\/noticias\/2026\/04\/28\/no-porto-ensaio-cafe-faz-apresentacao-no-stop\/"},"author":{"name":"Telinha","@id":"https:\/\/portaltela.pt\/#\/schema\/person\/c4278d4a6028830caff9ee44b42d32ed"},"headline":"No Porto, Ensaio Caf\u00e9 faz apresenta\u00e7\u00e3o no Stop","datePublished":"2026-04-28T17:18:05+00:00","mainEntityOfPage":{"@id":"https:\/\/portaltela.pt\/noticias\/2026\/04\/28\/no-porto-ensaio-cafe-faz-apresentacao-no-stop\/"},"wordCount":405,"image":{"@id":"https:\/\/portaltela.pt\/noticias\/2026\/04\/28\/no-porto-ensaio-cafe-faz-apresentacao-no-stop\/#primaryimage"},"thumbnailUrl":"https:\/\/portaltela.pt\/s.01k8rhncp4jt1\/2026\/04\/2084658.jpg","keywords":["_cultura","_exposi\u00e7\u00f5es","_fotografia","_livros","_m\u00fasica","_Porto"],"articleSection":["Cultura","M\u00fasica"],"inLanguage":"pt-PT"},{"@type":"WebPage","@id":"https:\/\/portaltela.pt\/noticias\/2026\/04\/28\/no-porto-ensaio-cafe-faz-apresentacao-no-stop\/","url":"https:\/\/portaltela.pt\/noticias\/2026\/04\/28\/no-porto-ensaio-cafe-faz-apresentacao-no-stop\/","name":"No Porto, Ensaio Caf\u00e9 faz apresenta\u00e7\u00e3o no Stop - Portal Tela Portugal","isPartOf":{"@id":"https:\/\/portaltela.pt\/#website"},"primaryImageOfPage":{"@id":"https:\/\/portaltela.pt\/noticias\/2026\/04\/28\/no-porto-ensaio-cafe-faz-apresentacao-no-stop\/#primaryimage"},"image":{"@id":"https:\/\/portaltela.pt\/noticias\/2026\/04\/28\/no-porto-ensaio-cafe-faz-apresentacao-no-stop\/#primaryimage"},"thumbnailUrl":"https:\/\/portaltela.pt\/s.01k8rhncp4jt1\/2026\/04\/2084658.jpg","datePublished":"2026-04-28T17:18:05+00:00","author":{"@id":"https:\/\/portaltela.pt\/#\/schema\/person\/c4278d4a6028830caff9ee44b42d32ed"},"breadcrumb":{"@id":"https:\/\/portaltela.pt\/noticias\/2026\/04\/28\/no-porto-ensaio-cafe-faz-apresentacao-no-stop\/#breadcrumb"},"inLanguage":"pt-PT","potentialAction":[{"@type":"ReadAction","target":["https:\/\/portaltela.pt\/noticias\/2026\/04\/28\/no-porto-ensaio-cafe-faz-apresentacao-no-stop\/"]}]},{"@type":"ImageObject","inLanguage":"pt-PT","@id":"https:\/\/portaltela.pt\/noticias\/2026\/04\/28\/no-porto-ensaio-cafe-faz-apresentacao-no-stop\/#primaryimage","url":"https:\/\/portaltela.pt\/s.01k8rhncp4jt1\/2026\/04\/2084658.jpg","contentUrl":"https:\/\/portaltela.pt\/s.01k8rhncp4jt1\/2026\/04\/2084658.jpg","width":796,"height":448,"caption":"A nova vida do Ensaio Caf\u00e9 no Centro Comercial Stop come\u00e7ou a 25 de Abril"},{"@type":"BreadcrumbList","@id":"https:\/\/portaltela.pt\/noticias\/2026\/04\/28\/no-porto-ensaio-cafe-faz-apresentacao-no-stop\/#breadcrumb","itemListElement":[{"@type":"ListItem","position":1,"name":"In\u00edcio","item":"https:\/\/portaltela.pt\/"},{"@type":"ListItem","position":2,"name":"No Porto, Ensaio Caf\u00e9 faz apresenta\u00e7\u00e3o no Stop"}]},{"@type":"WebSite","@id":"https:\/\/portaltela.pt\/#website","url":"https:\/\/portaltela.pt\/","name":"Portal Tela Portugal","description":"","potentialAction":[{"@type":"SearchAction","target":{"@type":"EntryPoint","urlTemplate":"https:\/\/portaltela.pt\/?s={search_term_string}"},"query-input":{"@type":"PropertyValueSpecification","valueRequired":true,"valueName":"search_term_string"}}],"inLanguage":"pt-PT"},{"@type":"Person","@id":"https:\/\/portaltela.pt\/#\/schema\/person\/c4278d4a6028830caff9ee44b42d32ed","name":"Telinha","image":{"@type":"ImageObject","inLanguage":"pt-PT","@id":"https:\/\/portaltela.pt\/s.01k8rhncp4jt1\/2025\/11\/talking-bot-125x125.png","url":"https:\/\/portaltela.pt\/s.01k8rhncp4jt1\/2025\/11\/talking-bot-125x125.png","contentUrl":"https:\/\/portaltela.pt\/s.01k8rhncp4jt1\/2025\/11\/talking-bot-125x125.png","caption":"Telinha"},"sameAs":["https:\/\/portaltela.pt\/"],"url":"https:\/\/portaltela.pt\/por\/367410592786\/"}]}},"_links":{"self":[{"href":"https:\/\/portaltela.pt\/api\/wp\/v2\/posts\/460157","targetHints":{"allow":["GET"]}}],"collection":[{"href":"https:\/\/portaltela.pt\/api\/wp\/v2\/posts"}],"about":[{"href":"https:\/\/portaltela.pt\/api\/wp\/v2\/types\/post"}],"author":[{"embeddable":true,"href":"https:\/\/portaltela.pt\/api\/wp\/v2\/users\/2"}],"replies":[{"embeddable":true,"href":"https:\/\/portaltela.pt\/api\/wp\/v2\/comments?post=460157"}],"version-history":[{"count":0,"href":"https:\/\/portaltela.pt\/api\/wp\/v2\/posts\/460157\/revisions"}],"wp:featuredmedia":[{"embeddable":true,"href":"https:\/\/portaltela.pt\/api\/wp\/v2\/media\/460160"}],"wp:attachment":[{"href":"https:\/\/portaltela.pt\/api\/wp\/v2\/media?parent=460157"}],"wp:term":[{"taxonomy":"category","embeddable":true,"href":"https:\/\/portaltela.pt\/api\/wp\/v2\/categories?post=460157"},{"taxonomy":"post_tag","embeddable":true,"href":"https:\/\/portaltela.pt\/api\/wp\/v2\/tags?post=460157"}],"curies":[{"name":"wp","href":"https:\/\/api.w.org\/{rel}","templated":true}]}}