{"id":460147,"date":"2026-04-28T14:03:49","date_gmt":"2026-04-28T17:03:49","guid":{"rendered":"https:\/\/portaltela.pt\/noticias\/2026\/04\/28\/ptrr-tera-montante-de-226-milhoes-de-euros-com-horizonte-de-nove-anos\/"},"modified":"2026-04-28T14:03:49","modified_gmt":"2026-04-28T17:03:49","slug":"ptrr-tera-montante-de-226-milhoes-de-euros-com-horizonte-de-nove-anos","status":"publish","type":"post","link":"https:\/\/portaltela.pt\/noticias\/economia\/2026\/04\/28\/ptrr-tera-montante-de-226-milhoes-de-euros-com-horizonte-de-nove-anos\/","title":{"rendered":"PTRR ter\u00e1 montante de 22,6 milh\u00f5es de euros com horizonte de nove anos"},"content":{"rendered":"<p>O programa Portugal Transforma\u00e7\u00e3o, Recupera\u00e7\u00e3o e Resili\u00eancia (PTRR) ter\u00e1 um envelope global de 22,6 mil milh\u00f5es de euros, com horizonte de nove anos. O dinheiro destina-se a investimentos p\u00fablicos, privados e fundos europeus.<\/p>\n<p>A reparti\u00e7\u00e3o financeira aponta 37% de fundos p\u00fablicos nacionais, 34% de financiamento privado e 19% de fundos europeus. O PTRR est\u00e1 estruturado em tr\u00eas pilares \u2014 recuperar, proteger e responder \u2014 que abrangem 15 dom\u00ednios e 96 medidas.<\/p>\n<p>O primeiro-ministro Lu\u00eds Montenegro apresentou o PTRR numa cerim\u00f3nia ao ar livre, no Pavilh\u00e3o de Portugal, Parque das Na\u00e7\u00f5es, frente ao Tejo. A apresenta\u00e7\u00e3o reuniu cerca de 500 pessoas, entre ministros, deputados e autarcas.<\/p>\n<h3>Estrutura e objetivos do PTRR<\/h3>\n<p>O Governo sublinhou que o plano resulta de planeamento recente, com foco em recupera\u00e7\u00e3o econ\u00f3mica, prote\u00e7\u00e3o social e resili\u00eancia a choques. O objetivo \u00e9 apoiar regi\u00f5es com impacto das tempestades de fevereiro, que causaram 19 mortes e milhares de desalojados.<\/p>\n<p>As autoridades estimaram preju\u00edzos superiores a 5,3 mil milh\u00f5es de euros devido ao mau tempo. O PTRR surge como resposta integrada para reconstru\u00e7\u00e3o, moderniza\u00e7\u00e3o da infraestrutura e melhoria de servi\u00e7os p\u00fablicos.<\/p>\n","protected":false},"excerpt":{"rendered":"<ul>\n<li>O programa Portugal Transforma\u00e7\u00e3o, Recupera\u00e7\u00e3o e Resili\u00eancia (PTRR) ter\u00e1 um envelope global de 22,6 mil milh\u00f5es de euros, com horizonte de nove anos.<\/li>\n<li>A distribui\u00e7\u00e3o \u00e9 de 37% em fundos p\u00fablicos nacionais, 34% em financiamento privado e 19% em fundos europeus.<\/li>\n<li>O PTRR est\u00e1 estruturado em tr\u00eas pilares \u2014 recuperar, proteger e responder \u2014 em 15 dom\u00ednios, com 96 medidas.<\/li>\n<li>O an\u00fancio ocorreu ap\u00f3s as tempestades que causaram 19 mortos e preju\u00edzos superiores a 5,3 mil milh\u00f5es de euros, principalmente nas regi\u00f5es Centro, Lisboa e Vale do Tejo e Alentejo.<\/li>\n<li>A apresenta\u00e7\u00e3o decorreu ao ar livre, no Pavilh\u00e3o de Portugal, Parque das Na\u00e7\u00f5es, com cerca de 500 presentes, incluindo ministros, autarcas e o procurador-geral da Rep\u00fablica.<\/li>\n<\/ul>\n","protected":false},"author":2,"featured_media":460154,"comment_status":"closed","ping_status":"closed","sticky":false,"template":"","format":"standard","meta":{"footnotes":""},"categories":[2,1],"tags":[1409,2417,2501,258,316,7821],"class_list":["post-460147","post","type-post","status-publish","format-standard","has-post-thumbnail","hentry","category-economia","category-noticias","tag-desenvolvimento-regional","tag-financiamento","tag-fundos-europeus","tag-infraestruturas","tag-investimento","tag-recuperacao-economica"],"yoast_head":"<!-- This site is optimized with the Yoast SEO plugin v27.2 - https:\/\/yoast.com\/product\/yoast-seo-wordpress\/ -->\n<title>PTRR ter\u00e1 montante de 22,6 milh\u00f5es de euros com horizonte de nove anos - Portal Tela Portugal<\/title>\n<meta name=\"robots\" content=\"index, follow, max-snippet:-1, max-image-preview:large, max-video-preview:-1\" \/>\n<meta property=\"og:locale\" content=\"pt_PT\" \/>\n<meta property=\"og:type\" content=\"article\" \/>\n<meta property=\"og:title\" content=\"PTRR ter\u00e1 montante de 22,6 milh\u00f5es de euros com horizonte de nove anos - Portal Tela Portugal\" \/>\n<meta property=\"og:description\" content=\"O programa Portugal Transforma\u00e7\u00e3o, Recupera\u00e7\u00e3o e Resili\u00eancia (PTRR) ter\u00e1 um envelope global de 22,6 mil milh\u00f5es de euros, com horizonte de nove anos. A distribui\u00e7\u00e3o \u00e9 de 37% em fundos p\u00fablicos nacionais, 34% em financiamento privado e 19% em fundos europeus. O PTRR est\u00e1 estruturado em tr\u00eas pilares \u2014 recuperar, proteger e responder \u2014 em 15 dom\u00ednios, com 96 medidas. O an\u00fancio ocorreu ap\u00f3s as tempestades que causaram 19 mortos e preju\u00edzos superiores a 5,3 mil milh\u00f5es de euros, principalmente nas regi\u00f5es Centro, Lisboa e Vale do Tejo e Alentejo. A apresenta\u00e7\u00e3o decorreu ao ar livre, no Pavilh\u00e3o de Portugal, Parque das Na\u00e7\u00f5es, com cerca de 500 presentes, incluindo ministros, autarcas e o procurador-geral da Rep\u00fablica.\" \/>\n<meta property=\"og:url\" content=\"https:\/\/portaltela.pt\/noticias\/2026\/04\/28\/ptrr-tera-montante-de-226-milhoes-de-euros-com-horizonte-de-nove-anos\/\" \/>\n<meta property=\"og:site_name\" content=\"Portal Tela Portugal\" \/>\n<meta property=\"article:published_time\" content=\"2026-04-28T17:03:49+00:00\" \/>\n<meta name=\"author\" content=\"Telinha\" \/>\n<meta name=\"twitter:card\" content=\"summary_large_image\" \/>\n<meta name=\"twitter:label1\" content=\"Escrito por\" \/>\n\t<meta name=\"twitter:data1\" content=\"Telinha\" \/>\n\t<meta name=\"twitter:label2\" content=\"Tempo estimado de leitura\" \/>\n\t<meta name=\"twitter:data2\" content=\"1 minuto\" \/>\n<script type=\"application\/ld+json\" class=\"yoast-schema-graph\">{\"@context\":\"https:\/\/schema.org\",\"@graph\":[{\"@type\":\"Article\",\"@id\":\"https:\/\/portaltela.pt\/noticias\/2026\/04\/28\/ptrr-tera-montante-de-226-milhoes-de-euros-com-horizonte-de-nove-anos\/#article\",\"isPartOf\":{\"@id\":\"https:\/\/portaltela.pt\/noticias\/2026\/04\/28\/ptrr-tera-montante-de-226-milhoes-de-euros-com-horizonte-de-nove-anos\/\"},\"author\":{\"name\":\"Telinha\",\"@id\":\"https:\/\/portaltela.pt\/#\/schema\/person\/c4278d4a6028830caff9ee44b42d32ed\"},\"headline\":\"PTRR ter\u00e1 montante de 22,6 milh\u00f5es de euros com horizonte de nove anos\",\"datePublished\":\"2026-04-28T17:03:49+00:00\",\"mainEntityOfPage\":{\"@id\":\"https:\/\/portaltela.pt\/noticias\/2026\/04\/28\/ptrr-tera-montante-de-226-milhoes-de-euros-com-horizonte-de-nove-anos\/\"},\"wordCount\":207,\"image\":{\"@id\":\"https:\/\/portaltela.pt\/noticias\/2026\/04\/28\/ptrr-tera-montante-de-226-milhoes-de-euros-com-horizonte-de-nove-anos\/#primaryimage\"},\"thumbnailUrl\":\"https:\/\/portaltela.pt\/s.01k8rhncp4jt1\/2026\/04\/image-1609.jpg\",\"keywords\":[\"desenvolvimento regional\",\"financiamento\",\"Fundos Europeus\",\"infraestruturas\",\"investimento\",\"Recupera\u00e7\u00e3o econ\u00f3mica\"],\"articleSection\":[\"Economia\",\"Not\u00edcias\"],\"inLanguage\":\"pt-PT\"},{\"@type\":\"WebPage\",\"@id\":\"https:\/\/portaltela.pt\/noticias\/2026\/04\/28\/ptrr-tera-montante-de-226-milhoes-de-euros-com-horizonte-de-nove-anos\/\",\"url\":\"https:\/\/portaltela.pt\/noticias\/2026\/04\/28\/ptrr-tera-montante-de-226-milhoes-de-euros-com-horizonte-de-nove-anos\/\",\"name\":\"PTRR ter\u00e1 montante de 22,6 milh\u00f5es de euros com horizonte de nove anos - Portal Tela Portugal\",\"isPartOf\":{\"@id\":\"https:\/\/portaltela.pt\/#website\"},\"primaryImageOfPage\":{\"@id\":\"https:\/\/portaltela.pt\/noticias\/2026\/04\/28\/ptrr-tera-montante-de-226-milhoes-de-euros-com-horizonte-de-nove-anos\/#primaryimage\"},\"image\":{\"@id\":\"https:\/\/portaltela.pt\/noticias\/2026\/04\/28\/ptrr-tera-montante-de-226-milhoes-de-euros-com-horizonte-de-nove-anos\/#primaryimage\"},\"thumbnailUrl\":\"https:\/\/portaltela.pt\/s.01k8rhncp4jt1\/2026\/04\/image-1609.jpg\",\"datePublished\":\"2026-04-28T17:03:49+00:00\",\"author\":{\"@id\":\"https:\/\/portaltela.pt\/#\/schema\/person\/c4278d4a6028830caff9ee44b42d32ed\"},\"breadcrumb\":{\"@id\":\"https:\/\/portaltela.pt\/noticias\/2026\/04\/28\/ptrr-tera-montante-de-226-milhoes-de-euros-com-horizonte-de-nove-anos\/#breadcrumb\"},\"inLanguage\":\"pt-PT\",\"potentialAction\":[{\"@type\":\"ReadAction\",\"target\":[\"https:\/\/portaltela.pt\/noticias\/2026\/04\/28\/ptrr-tera-montante-de-226-milhoes-de-euros-com-horizonte-de-nove-anos\/\"]}]},{\"@type\":\"ImageObject\",\"inLanguage\":\"pt-PT\",\"@id\":\"https:\/\/portaltela.pt\/noticias\/2026\/04\/28\/ptrr-tera-montante-de-226-milhoes-de-euros-com-horizonte-de-nove-anos\/#primaryimage\",\"url\":\"https:\/\/portaltela.pt\/s.01k8rhncp4jt1\/2026\/04\/image-1609.jpg\",\"contentUrl\":\"https:\/\/portaltela.pt\/s.01k8rhncp4jt1\/2026\/04\/image-1609.jpg\",\"width\":796,\"height\":448,\"caption\":\"O primeiro-ministro, Lu\u00eds Montenegro, interv\u00e9m durante a cerim\u00f3nia de apresenta\u00e7\u00e3o do PTRR\"},{\"@type\":\"BreadcrumbList\",\"@id\":\"https:\/\/portaltela.pt\/noticias\/2026\/04\/28\/ptrr-tera-montante-de-226-milhoes-de-euros-com-horizonte-de-nove-anos\/#breadcrumb\",\"itemListElement\":[{\"@type\":\"ListItem\",\"position\":1,\"name\":\"In\u00edcio\",\"item\":\"https:\/\/portaltela.pt\/\"},{\"@type\":\"ListItem\",\"position\":2,\"name\":\"PTRR ter\u00e1 montante de 22,6 milh\u00f5es de euros com horizonte de nove anos\"}]},{\"@type\":\"WebSite\",\"@id\":\"https:\/\/portaltela.pt\/#website\",\"url\":\"https:\/\/portaltela.pt\/\",\"name\":\"Portal Tela Portugal\",\"description\":\"\",\"potentialAction\":[{\"@type\":\"SearchAction\",\"target\":{\"@type\":\"EntryPoint\",\"urlTemplate\":\"https:\/\/portaltela.pt\/?s={search_term_string}\"},\"query-input\":{\"@type\":\"PropertyValueSpecification\",\"valueRequired\":true,\"valueName\":\"search_term_string\"}}],\"inLanguage\":\"pt-PT\"},{\"@type\":\"Person\",\"@id\":\"https:\/\/portaltela.pt\/#\/schema\/person\/c4278d4a6028830caff9ee44b42d32ed\",\"name\":\"Telinha\",\"image\":{\"@type\":\"ImageObject\",\"inLanguage\":\"pt-PT\",\"@id\":\"https:\/\/portaltela.pt\/s.01k8rhncp4jt1\/2025\/11\/talking-bot-125x125.png\",\"url\":\"https:\/\/portaltela.pt\/s.01k8rhncp4jt1\/2025\/11\/talking-bot-125x125.png\",\"contentUrl\":\"https:\/\/portaltela.pt\/s.01k8rhncp4jt1\/2025\/11\/talking-bot-125x125.png\",\"caption\":\"Telinha\"},\"sameAs\":[\"https:\/\/portaltela.pt\/\"],\"url\":\"https:\/\/portaltela.pt\/por\/367410592786\/\"}]}<\/script>\n<!-- \/ Yoast SEO plugin. -->","yoast_head_json":{"title":"PTRR ter\u00e1 montante de 22,6 milh\u00f5es de euros com horizonte de nove anos - Portal Tela Portugal","robots":{"index":"index","follow":"follow","max-snippet":"max-snippet:-1","max-image-preview":"max-image-preview:large","max-video-preview":"max-video-preview:-1"},"og_locale":"pt_PT","og_type":"article","og_title":"PTRR ter\u00e1 montante de 22,6 milh\u00f5es de euros com horizonte de nove anos - Portal Tela Portugal","og_description":"O programa Portugal Transforma\u00e7\u00e3o, Recupera\u00e7\u00e3o e Resili\u00eancia (PTRR) ter\u00e1 um envelope global de 22,6 mil milh\u00f5es de euros, com horizonte de nove anos. A distribui\u00e7\u00e3o \u00e9 de 37% em fundos p\u00fablicos nacionais, 34% em financiamento privado e 19% em fundos europeus. O PTRR est\u00e1 estruturado em tr\u00eas pilares \u2014 recuperar, proteger e responder \u2014 em 15 dom\u00ednios, com 96 medidas. O an\u00fancio ocorreu ap\u00f3s as tempestades que causaram 19 mortos e preju\u00edzos superiores a 5,3 mil milh\u00f5es de euros, principalmente nas regi\u00f5es Centro, Lisboa e Vale do Tejo e Alentejo. A apresenta\u00e7\u00e3o decorreu ao ar livre, no Pavilh\u00e3o de Portugal, Parque das Na\u00e7\u00f5es, com cerca de 500 presentes, incluindo ministros, autarcas e o procurador-geral da Rep\u00fablica.","og_url":"https:\/\/portaltela.pt\/noticias\/2026\/04\/28\/ptrr-tera-montante-de-226-milhoes-de-euros-com-horizonte-de-nove-anos\/","og_site_name":"Portal Tela Portugal","article_published_time":"2026-04-28T17:03:49+00:00","author":"Telinha","twitter_card":"summary_large_image","twitter_misc":{"Escrito por":"Telinha","Tempo estimado de leitura":"1 minuto"},"schema":{"@context":"https:\/\/schema.org","@graph":[{"@type":"Article","@id":"https:\/\/portaltela.pt\/noticias\/2026\/04\/28\/ptrr-tera-montante-de-226-milhoes-de-euros-com-horizonte-de-nove-anos\/#article","isPartOf":{"@id":"https:\/\/portaltela.pt\/noticias\/2026\/04\/28\/ptrr-tera-montante-de-226-milhoes-de-euros-com-horizonte-de-nove-anos\/"},"author":{"name":"Telinha","@id":"https:\/\/portaltela.pt\/#\/schema\/person\/c4278d4a6028830caff9ee44b42d32ed"},"headline":"PTRR ter\u00e1 montante de 22,6 milh\u00f5es de euros com horizonte de nove anos","datePublished":"2026-04-28T17:03:49+00:00","mainEntityOfPage":{"@id":"https:\/\/portaltela.pt\/noticias\/2026\/04\/28\/ptrr-tera-montante-de-226-milhoes-de-euros-com-horizonte-de-nove-anos\/"},"wordCount":207,"image":{"@id":"https:\/\/portaltela.pt\/noticias\/2026\/04\/28\/ptrr-tera-montante-de-226-milhoes-de-euros-com-horizonte-de-nove-anos\/#primaryimage"},"thumbnailUrl":"https:\/\/portaltela.pt\/s.01k8rhncp4jt1\/2026\/04\/image-1609.jpg","keywords":["desenvolvimento regional","financiamento","Fundos Europeus","infraestruturas","investimento","Recupera\u00e7\u00e3o econ\u00f3mica"],"articleSection":["Economia","Not\u00edcias"],"inLanguage":"pt-PT"},{"@type":"WebPage","@id":"https:\/\/portaltela.pt\/noticias\/2026\/04\/28\/ptrr-tera-montante-de-226-milhoes-de-euros-com-horizonte-de-nove-anos\/","url":"https:\/\/portaltela.pt\/noticias\/2026\/04\/28\/ptrr-tera-montante-de-226-milhoes-de-euros-com-horizonte-de-nove-anos\/","name":"PTRR ter\u00e1 montante de 22,6 milh\u00f5es de euros com horizonte de nove anos - Portal Tela Portugal","isPartOf":{"@id":"https:\/\/portaltela.pt\/#website"},"primaryImageOfPage":{"@id":"https:\/\/portaltela.pt\/noticias\/2026\/04\/28\/ptrr-tera-montante-de-226-milhoes-de-euros-com-horizonte-de-nove-anos\/#primaryimage"},"image":{"@id":"https:\/\/portaltela.pt\/noticias\/2026\/04\/28\/ptrr-tera-montante-de-226-milhoes-de-euros-com-horizonte-de-nove-anos\/#primaryimage"},"thumbnailUrl":"https:\/\/portaltela.pt\/s.01k8rhncp4jt1\/2026\/04\/image-1609.jpg","datePublished":"2026-04-28T17:03:49+00:00","author":{"@id":"https:\/\/portaltela.pt\/#\/schema\/person\/c4278d4a6028830caff9ee44b42d32ed"},"breadcrumb":{"@id":"https:\/\/portaltela.pt\/noticias\/2026\/04\/28\/ptrr-tera-montante-de-226-milhoes-de-euros-com-horizonte-de-nove-anos\/#breadcrumb"},"inLanguage":"pt-PT","potentialAction":[{"@type":"ReadAction","target":["https:\/\/portaltela.pt\/noticias\/2026\/04\/28\/ptrr-tera-montante-de-226-milhoes-de-euros-com-horizonte-de-nove-anos\/"]}]},{"@type":"ImageObject","inLanguage":"pt-PT","@id":"https:\/\/portaltela.pt\/noticias\/2026\/04\/28\/ptrr-tera-montante-de-226-milhoes-de-euros-com-horizonte-de-nove-anos\/#primaryimage","url":"https:\/\/portaltela.pt\/s.01k8rhncp4jt1\/2026\/04\/image-1609.jpg","contentUrl":"https:\/\/portaltela.pt\/s.01k8rhncp4jt1\/2026\/04\/image-1609.jpg","width":796,"height":448,"caption":"O primeiro-ministro, Lu\u00eds Montenegro, interv\u00e9m durante a cerim\u00f3nia de apresenta\u00e7\u00e3o do PTRR"},{"@type":"BreadcrumbList","@id":"https:\/\/portaltela.pt\/noticias\/2026\/04\/28\/ptrr-tera-montante-de-226-milhoes-de-euros-com-horizonte-de-nove-anos\/#breadcrumb","itemListElement":[{"@type":"ListItem","position":1,"name":"In\u00edcio","item":"https:\/\/portaltela.pt\/"},{"@type":"ListItem","position":2,"name":"PTRR ter\u00e1 montante de 22,6 milh\u00f5es de euros com horizonte de nove anos"}]},{"@type":"WebSite","@id":"https:\/\/portaltela.pt\/#website","url":"https:\/\/portaltela.pt\/","name":"Portal Tela Portugal","description":"","potentialAction":[{"@type":"SearchAction","target":{"@type":"EntryPoint","urlTemplate":"https:\/\/portaltela.pt\/?s={search_term_string}"},"query-input":{"@type":"PropertyValueSpecification","valueRequired":true,"valueName":"search_term_string"}}],"inLanguage":"pt-PT"},{"@type":"Person","@id":"https:\/\/portaltela.pt\/#\/schema\/person\/c4278d4a6028830caff9ee44b42d32ed","name":"Telinha","image":{"@type":"ImageObject","inLanguage":"pt-PT","@id":"https:\/\/portaltela.pt\/s.01k8rhncp4jt1\/2025\/11\/talking-bot-125x125.png","url":"https:\/\/portaltela.pt\/s.01k8rhncp4jt1\/2025\/11\/talking-bot-125x125.png","contentUrl":"https:\/\/portaltela.pt\/s.01k8rhncp4jt1\/2025\/11\/talking-bot-125x125.png","caption":"Telinha"},"sameAs":["https:\/\/portaltela.pt\/"],"url":"https:\/\/portaltela.pt\/por\/367410592786\/"}]}},"_links":{"self":[{"href":"https:\/\/portaltela.pt\/api\/wp\/v2\/posts\/460147","targetHints":{"allow":["GET"]}}],"collection":[{"href":"https:\/\/portaltela.pt\/api\/wp\/v2\/posts"}],"about":[{"href":"https:\/\/portaltela.pt\/api\/wp\/v2\/types\/post"}],"author":[{"embeddable":true,"href":"https:\/\/portaltela.pt\/api\/wp\/v2\/users\/2"}],"replies":[{"embeddable":true,"href":"https:\/\/portaltela.pt\/api\/wp\/v2\/comments?post=460147"}],"version-history":[{"count":0,"href":"https:\/\/portaltela.pt\/api\/wp\/v2\/posts\/460147\/revisions"}],"wp:featuredmedia":[{"embeddable":true,"href":"https:\/\/portaltela.pt\/api\/wp\/v2\/media\/460154"}],"wp:attachment":[{"href":"https:\/\/portaltela.pt\/api\/wp\/v2\/media?parent=460147"}],"wp:term":[{"taxonomy":"category","embeddable":true,"href":"https:\/\/portaltela.pt\/api\/wp\/v2\/categories?post=460147"},{"taxonomy":"post_tag","embeddable":true,"href":"https:\/\/portaltela.pt\/api\/wp\/v2\/tags?post=460147"}],"curies":[{"name":"wp","href":"https:\/\/api.w.org\/{rel}","templated":true}]}}