{"id":460135,"date":"2026-04-28T14:03:32","date_gmt":"2026-04-28T17:03:32","guid":{"rendered":"https:\/\/portaltela.pt\/noticias\/2026\/04\/28\/desfiles-em-oliveira-do-bairro-encheram-as-ruas\/"},"modified":"2026-04-28T14:03:32","modified_gmt":"2026-04-28T17:03:32","slug":"desfiles-em-oliveira-do-bairro-encheram-as-ruas","status":"publish","type":"post","link":"https:\/\/portaltela.pt\/musica\/2026\/04\/28\/desfiles-em-oliveira-do-bairro-encheram-as-ruas\/","title":{"rendered":"Desfiles em Oliveira do Bairro encheram as ruas"},"content":{"rendered":"<p>O desfile Carnaval de Oliveira do Bairro, intitulado Desfiles de Portugal no Cora\u00e7\u00e3o da Bairrada, reuniu este domingo mais de 1.400 figurantes de v\u00e1rias regi\u00f5es do pa\u00eds. O evento ocorreu na cidade, ap\u00f3s ter sido reagendado devido ao mau tempo que atingiu o m\u00eas de janeiro.<\/p>\n<p>A iniciativa contou com cerca de duas dezenas de associa\u00e7\u00f5es locais, bem como grupos convidados de Braga, Canas de Senhorim, Estarreja, Figueira da Foz, Oliveira de Azem\u00e9is, Podence e Torres Vedras. A participa\u00e7\u00e3o refor\u00e7ou a dimens\u00e3o nacional do desfile e a riqueza da diversidade cultural.<\/p>\n<p>O percurso percorreu as principais art\u00e9rias da cidade, com gigantones, cabe\u00e7udos, matrafonas, ritmos de samba e m\u00fasica tradicional. Crian\u00e7as, jovens e pessoas seniores desfilaram juntos, acompanhados por carros aleg\u00f3ricos e anima\u00e7\u00e3o musical constante.<\/p>\n<h3>Participa\u00e7\u00e3o e organiza\u00e7\u00e3o<\/h3>\n<p>A organiza\u00e7\u00e3o manteve o foco na inclus\u00e3o e na acessibilidade, garantindo condi\u00e7\u00f5es de participa\u00e7\u00e3o e seguran\u00e7a para todos. Popula\u00e7\u00e3o local e visitantes encheram passeios e varandas para assistir ao desfile, que atra\u00edu diversas gera\u00e7\u00f5es.<\/p>\n<p>A vereadora Susana Martins destacou a qualidade do espet\u00e1culo, apesar do adiamento, e elogiou o envolvimento do movimento associativo. A autarca referiu ainda o apoio log\u00edstico do Munic\u00edpio e explicou que o novo percurso visa dinamizar o com\u00e9rcio local sem comprometer a acessibilidade.<\/p>\n<p>A altera\u00e7\u00e3o do trajeto permitiu levar o desfile a novas zonas da cidade, mantendo a extens\u00e3o e a seguran\u00e7a. O objetivo foi acolher participantes de todas as idades, especialmente crian\u00e7as e idosos, mantendo a coordena\u00e7\u00e3o entre atividades festivas e condi\u00e7\u00f5es de mobilidade.<\/p>\n<p>Os Desfiles de Portugal no Cora\u00e7\u00e3o da Bairrada consolidam Oliveira do Bairro como palco de celebra\u00e7\u00e3o das tradi\u00e7\u00f5es carnavalescas e da diversidade cultural nacional, num evento em crescimento de reconhecimento regional.<\/p>\n","protected":false},"excerpt":{"rendered":"<ul>\n<li>Mais de 1.400 figurantes participaram nos Desfiles de Portugal no Cora\u00e7\u00e3o da Bairrada, reunindo cerca de duas dezenas de associa\u00e7\u00f5es do concelho e grupos convidados de v\u00e1rias regi\u00f5es do pa\u00eds.<\/li>\n<li>O desfile, inicialmente marcado para fevereiro, foi reagendado para 26 de abril devido ao mau tempo e ao calend\u00e1rio carnaval\u00edcio reformulado do concelho.<\/li>\n<li>O percurso percorreu as principais art\u00e9rias de Oliveira do Bairro com envolvimento de crian\u00e7as, adultos e seniores, em ambiente de cor, ritmo e m\u00fasica tradicional e popular.<\/li>\n<li>A organiza\u00e7\u00e3o manteve foco na inclus\u00e3o e na acessibilidade, assegurando condi\u00e7\u00f5es de participa\u00e7\u00e3o e seguran\u00e7a para todos os participantes e p\u00fablico.<\/li>\n<li>A vereadora Susana Martins afirmou ficar extremamente satisfeita com o resultado, destacando o contributo do movimento associativo local e a altera\u00e7\u00e3o do percurso para dinamizar o com\u00e9rcio local.<\/li>\n<\/ul>\n","protected":false},"author":2,"featured_media":460146,"comment_status":"closed","ping_status":"closed","sticky":false,"template":"","format":"standard","meta":{"footnotes":""},"categories":[7375,6676],"tags":[8674,7756,9873,8618,8536,9872],"class_list":["post-460135","post","type-post","status-publish","format-standard","has-post-thumbnail","hentry","category-cultura","category-musica","tag-_bairrada","tag-_cultura","tag-_descricao","tag-_diversidade","tag-_festas","tag-_oliveira-de-azemais"],"yoast_head":"<!-- This site is optimized with the Yoast SEO plugin v27.2 - https:\/\/yoast.com\/product\/yoast-seo-wordpress\/ -->\n<title>Desfiles em Oliveira do Bairro encheram as ruas - Portal Tela Portugal<\/title>\n<meta name=\"robots\" content=\"index, follow, max-snippet:-1, max-image-preview:large, max-video-preview:-1\" \/>\n<meta property=\"og:locale\" content=\"pt_PT\" \/>\n<meta property=\"og:type\" content=\"article\" \/>\n<meta property=\"og:title\" content=\"Desfiles em Oliveira do Bairro encheram as ruas - Portal Tela Portugal\" \/>\n<meta property=\"og:description\" content=\"Mais de 1.400 figurantes participaram nos Desfiles de Portugal no Cora\u00e7\u00e3o da Bairrada, reunindo cerca de duas dezenas de associa\u00e7\u00f5es do concelho e grupos convidados de v\u00e1rias regi\u00f5es do pa\u00eds. O desfile, inicialmente marcado para fevereiro, foi reagendado para 26 de abril devido ao mau tempo e ao calend\u00e1rio carnaval\u00edcio reformulado do concelho. O percurso percorreu as principais art\u00e9rias de Oliveira do Bairro com envolvimento de crian\u00e7as, adultos e seniores, em ambiente de cor, ritmo e m\u00fasica tradicional e popular. A organiza\u00e7\u00e3o manteve foco na inclus\u00e3o e na acessibilidade, assegurando condi\u00e7\u00f5es de participa\u00e7\u00e3o e seguran\u00e7a para todos os participantes e p\u00fablico. A vereadora Susana Martins afirmou ficar extremamente satisfeita com o resultado, destacando o contributo do movimento associativo local e a altera\u00e7\u00e3o do percurso para dinamizar o com\u00e9rcio local.\" \/>\n<meta property=\"og:url\" content=\"https:\/\/portaltela.pt\/noticias\/2026\/04\/28\/desfiles-em-oliveira-do-bairro-encheram-as-ruas\/\" \/>\n<meta property=\"og:site_name\" content=\"Portal Tela Portugal\" \/>\n<meta property=\"article:published_time\" content=\"2026-04-28T17:03:32+00:00\" \/>\n<meta name=\"author\" content=\"Telinha\" \/>\n<meta name=\"twitter:card\" content=\"summary_large_image\" \/>\n<meta name=\"twitter:label1\" content=\"Escrito por\" \/>\n\t<meta name=\"twitter:data1\" content=\"Telinha\" \/>\n\t<meta name=\"twitter:label2\" content=\"Tempo estimado de leitura\" \/>\n\t<meta name=\"twitter:data2\" content=\"2 minutos\" \/>\n<script type=\"application\/ld+json\" class=\"yoast-schema-graph\">{\"@context\":\"https:\/\/schema.org\",\"@graph\":[{\"@type\":\"Article\",\"@id\":\"https:\/\/portaltela.pt\/noticias\/2026\/04\/28\/desfiles-em-oliveira-do-bairro-encheram-as-ruas\/#article\",\"isPartOf\":{\"@id\":\"https:\/\/portaltela.pt\/noticias\/2026\/04\/28\/desfiles-em-oliveira-do-bairro-encheram-as-ruas\/\"},\"author\":{\"name\":\"Telinha\",\"@id\":\"https:\/\/portaltela.pt\/#\/schema\/person\/c4278d4a6028830caff9ee44b42d32ed\"},\"headline\":\"Desfiles em Oliveira do Bairro encheram as ruas\",\"datePublished\":\"2026-04-28T17:03:32+00:00\",\"mainEntityOfPage\":{\"@id\":\"https:\/\/portaltela.pt\/noticias\/2026\/04\/28\/desfiles-em-oliveira-do-bairro-encheram-as-ruas\/\"},\"wordCount\":324,\"image\":{\"@id\":\"https:\/\/portaltela.pt\/noticias\/2026\/04\/28\/desfiles-em-oliveira-do-bairro-encheram-as-ruas\/#primaryimage\"},\"thumbnailUrl\":\"https:\/\/portaltela.pt\/s.01k8rhncp4jt1\/2026\/04\/img_1280x721uu2026-04-28-17-46-15-2281662.jpg\",\"keywords\":[\"_Bairrada\",\"_cultura\",\"_descri\u00e7\u00e3o\",\"_diversidade\",\"_festas\",\"_Oliveira de Azemais\"],\"articleSection\":[\"Cultura\",\"M\u00fasica\"],\"inLanguage\":\"pt-PT\"},{\"@type\":\"WebPage\",\"@id\":\"https:\/\/portaltela.pt\/noticias\/2026\/04\/28\/desfiles-em-oliveira-do-bairro-encheram-as-ruas\/\",\"url\":\"https:\/\/portaltela.pt\/noticias\/2026\/04\/28\/desfiles-em-oliveira-do-bairro-encheram-as-ruas\/\",\"name\":\"Desfiles em Oliveira do Bairro encheram as ruas - Portal Tela Portugal\",\"isPartOf\":{\"@id\":\"https:\/\/portaltela.pt\/#website\"},\"primaryImageOfPage\":{\"@id\":\"https:\/\/portaltela.pt\/noticias\/2026\/04\/28\/desfiles-em-oliveira-do-bairro-encheram-as-ruas\/#primaryimage\"},\"image\":{\"@id\":\"https:\/\/portaltela.pt\/noticias\/2026\/04\/28\/desfiles-em-oliveira-do-bairro-encheram-as-ruas\/#primaryimage\"},\"thumbnailUrl\":\"https:\/\/portaltela.pt\/s.01k8rhncp4jt1\/2026\/04\/img_1280x721uu2026-04-28-17-46-15-2281662.jpg\",\"datePublished\":\"2026-04-28T17:03:32+00:00\",\"author\":{\"@id\":\"https:\/\/portaltela.pt\/#\/schema\/person\/c4278d4a6028830caff9ee44b42d32ed\"},\"breadcrumb\":{\"@id\":\"https:\/\/portaltela.pt\/noticias\/2026\/04\/28\/desfiles-em-oliveira-do-bairro-encheram-as-ruas\/#breadcrumb\"},\"inLanguage\":\"pt-PT\",\"potentialAction\":[{\"@type\":\"ReadAction\",\"target\":[\"https:\/\/portaltela.pt\/noticias\/2026\/04\/28\/desfiles-em-oliveira-do-bairro-encheram-as-ruas\/\"]}]},{\"@type\":\"ImageObject\",\"inLanguage\":\"pt-PT\",\"@id\":\"https:\/\/portaltela.pt\/noticias\/2026\/04\/28\/desfiles-em-oliveira-do-bairro-encheram-as-ruas\/#primaryimage\",\"url\":\"https:\/\/portaltela.pt\/s.01k8rhncp4jt1\/2026\/04\/img_1280x721uu2026-04-28-17-46-15-2281662.jpg\",\"contentUrl\":\"https:\/\/portaltela.pt\/s.01k8rhncp4jt1\/2026\/04\/img_1280x721uu2026-04-28-17-46-15-2281662.jpg\",\"width\":796,\"height\":448,\"caption\":\"Photo\"},{\"@type\":\"BreadcrumbList\",\"@id\":\"https:\/\/portaltela.pt\/noticias\/2026\/04\/28\/desfiles-em-oliveira-do-bairro-encheram-as-ruas\/#breadcrumb\",\"itemListElement\":[{\"@type\":\"ListItem\",\"position\":1,\"name\":\"In\u00edcio\",\"item\":\"https:\/\/portaltela.pt\/\"},{\"@type\":\"ListItem\",\"position\":2,\"name\":\"Desfiles em Oliveira do Bairro encheram as ruas\"}]},{\"@type\":\"WebSite\",\"@id\":\"https:\/\/portaltela.pt\/#website\",\"url\":\"https:\/\/portaltela.pt\/\",\"name\":\"Portal Tela Portugal\",\"description\":\"\",\"potentialAction\":[{\"@type\":\"SearchAction\",\"target\":{\"@type\":\"EntryPoint\",\"urlTemplate\":\"https:\/\/portaltela.pt\/?s={search_term_string}\"},\"query-input\":{\"@type\":\"PropertyValueSpecification\",\"valueRequired\":true,\"valueName\":\"search_term_string\"}}],\"inLanguage\":\"pt-PT\"},{\"@type\":\"Person\",\"@id\":\"https:\/\/portaltela.pt\/#\/schema\/person\/c4278d4a6028830caff9ee44b42d32ed\",\"name\":\"Telinha\",\"image\":{\"@type\":\"ImageObject\",\"inLanguage\":\"pt-PT\",\"@id\":\"https:\/\/portaltela.pt\/s.01k8rhncp4jt1\/2025\/11\/talking-bot-125x125.png\",\"url\":\"https:\/\/portaltela.pt\/s.01k8rhncp4jt1\/2025\/11\/talking-bot-125x125.png\",\"contentUrl\":\"https:\/\/portaltela.pt\/s.01k8rhncp4jt1\/2025\/11\/talking-bot-125x125.png\",\"caption\":\"Telinha\"},\"sameAs\":[\"https:\/\/portaltela.pt\/\"],\"url\":\"https:\/\/portaltela.pt\/por\/367410592786\/\"}]}<\/script>\n<!-- \/ Yoast SEO plugin. -->","yoast_head_json":{"title":"Desfiles em Oliveira do Bairro encheram as ruas - Portal Tela Portugal","robots":{"index":"index","follow":"follow","max-snippet":"max-snippet:-1","max-image-preview":"max-image-preview:large","max-video-preview":"max-video-preview:-1"},"og_locale":"pt_PT","og_type":"article","og_title":"Desfiles em Oliveira do Bairro encheram as ruas - Portal Tela Portugal","og_description":"Mais de 1.400 figurantes participaram nos Desfiles de Portugal no Cora\u00e7\u00e3o da Bairrada, reunindo cerca de duas dezenas de associa\u00e7\u00f5es do concelho e grupos convidados de v\u00e1rias regi\u00f5es do pa\u00eds. O desfile, inicialmente marcado para fevereiro, foi reagendado para 26 de abril devido ao mau tempo e ao calend\u00e1rio carnaval\u00edcio reformulado do concelho. O percurso percorreu as principais art\u00e9rias de Oliveira do Bairro com envolvimento de crian\u00e7as, adultos e seniores, em ambiente de cor, ritmo e m\u00fasica tradicional e popular. A organiza\u00e7\u00e3o manteve foco na inclus\u00e3o e na acessibilidade, assegurando condi\u00e7\u00f5es de participa\u00e7\u00e3o e seguran\u00e7a para todos os participantes e p\u00fablico. A vereadora Susana Martins afirmou ficar extremamente satisfeita com o resultado, destacando o contributo do movimento associativo local e a altera\u00e7\u00e3o do percurso para dinamizar o com\u00e9rcio local.","og_url":"https:\/\/portaltela.pt\/noticias\/2026\/04\/28\/desfiles-em-oliveira-do-bairro-encheram-as-ruas\/","og_site_name":"Portal Tela Portugal","article_published_time":"2026-04-28T17:03:32+00:00","author":"Telinha","twitter_card":"summary_large_image","twitter_misc":{"Escrito por":"Telinha","Tempo estimado de leitura":"2 minutos"},"schema":{"@context":"https:\/\/schema.org","@graph":[{"@type":"Article","@id":"https:\/\/portaltela.pt\/noticias\/2026\/04\/28\/desfiles-em-oliveira-do-bairro-encheram-as-ruas\/#article","isPartOf":{"@id":"https:\/\/portaltela.pt\/noticias\/2026\/04\/28\/desfiles-em-oliveira-do-bairro-encheram-as-ruas\/"},"author":{"name":"Telinha","@id":"https:\/\/portaltela.pt\/#\/schema\/person\/c4278d4a6028830caff9ee44b42d32ed"},"headline":"Desfiles em Oliveira do Bairro encheram as ruas","datePublished":"2026-04-28T17:03:32+00:00","mainEntityOfPage":{"@id":"https:\/\/portaltela.pt\/noticias\/2026\/04\/28\/desfiles-em-oliveira-do-bairro-encheram-as-ruas\/"},"wordCount":324,"image":{"@id":"https:\/\/portaltela.pt\/noticias\/2026\/04\/28\/desfiles-em-oliveira-do-bairro-encheram-as-ruas\/#primaryimage"},"thumbnailUrl":"https:\/\/portaltela.pt\/s.01k8rhncp4jt1\/2026\/04\/img_1280x721uu2026-04-28-17-46-15-2281662.jpg","keywords":["_Bairrada","_cultura","_descri\u00e7\u00e3o","_diversidade","_festas","_Oliveira de Azemais"],"articleSection":["Cultura","M\u00fasica"],"inLanguage":"pt-PT"},{"@type":"WebPage","@id":"https:\/\/portaltela.pt\/noticias\/2026\/04\/28\/desfiles-em-oliveira-do-bairro-encheram-as-ruas\/","url":"https:\/\/portaltela.pt\/noticias\/2026\/04\/28\/desfiles-em-oliveira-do-bairro-encheram-as-ruas\/","name":"Desfiles em Oliveira do Bairro encheram as ruas - Portal Tela Portugal","isPartOf":{"@id":"https:\/\/portaltela.pt\/#website"},"primaryImageOfPage":{"@id":"https:\/\/portaltela.pt\/noticias\/2026\/04\/28\/desfiles-em-oliveira-do-bairro-encheram-as-ruas\/#primaryimage"},"image":{"@id":"https:\/\/portaltela.pt\/noticias\/2026\/04\/28\/desfiles-em-oliveira-do-bairro-encheram-as-ruas\/#primaryimage"},"thumbnailUrl":"https:\/\/portaltela.pt\/s.01k8rhncp4jt1\/2026\/04\/img_1280x721uu2026-04-28-17-46-15-2281662.jpg","datePublished":"2026-04-28T17:03:32+00:00","author":{"@id":"https:\/\/portaltela.pt\/#\/schema\/person\/c4278d4a6028830caff9ee44b42d32ed"},"breadcrumb":{"@id":"https:\/\/portaltela.pt\/noticias\/2026\/04\/28\/desfiles-em-oliveira-do-bairro-encheram-as-ruas\/#breadcrumb"},"inLanguage":"pt-PT","potentialAction":[{"@type":"ReadAction","target":["https:\/\/portaltela.pt\/noticias\/2026\/04\/28\/desfiles-em-oliveira-do-bairro-encheram-as-ruas\/"]}]},{"@type":"ImageObject","inLanguage":"pt-PT","@id":"https:\/\/portaltela.pt\/noticias\/2026\/04\/28\/desfiles-em-oliveira-do-bairro-encheram-as-ruas\/#primaryimage","url":"https:\/\/portaltela.pt\/s.01k8rhncp4jt1\/2026\/04\/img_1280x721uu2026-04-28-17-46-15-2281662.jpg","contentUrl":"https:\/\/portaltela.pt\/s.01k8rhncp4jt1\/2026\/04\/img_1280x721uu2026-04-28-17-46-15-2281662.jpg","width":796,"height":448,"caption":"Photo"},{"@type":"BreadcrumbList","@id":"https:\/\/portaltela.pt\/noticias\/2026\/04\/28\/desfiles-em-oliveira-do-bairro-encheram-as-ruas\/#breadcrumb","itemListElement":[{"@type":"ListItem","position":1,"name":"In\u00edcio","item":"https:\/\/portaltela.pt\/"},{"@type":"ListItem","position":2,"name":"Desfiles em Oliveira do Bairro encheram as ruas"}]},{"@type":"WebSite","@id":"https:\/\/portaltela.pt\/#website","url":"https:\/\/portaltela.pt\/","name":"Portal Tela Portugal","description":"","potentialAction":[{"@type":"SearchAction","target":{"@type":"EntryPoint","urlTemplate":"https:\/\/portaltela.pt\/?s={search_term_string}"},"query-input":{"@type":"PropertyValueSpecification","valueRequired":true,"valueName":"search_term_string"}}],"inLanguage":"pt-PT"},{"@type":"Person","@id":"https:\/\/portaltela.pt\/#\/schema\/person\/c4278d4a6028830caff9ee44b42d32ed","name":"Telinha","image":{"@type":"ImageObject","inLanguage":"pt-PT","@id":"https:\/\/portaltela.pt\/s.01k8rhncp4jt1\/2025\/11\/talking-bot-125x125.png","url":"https:\/\/portaltela.pt\/s.01k8rhncp4jt1\/2025\/11\/talking-bot-125x125.png","contentUrl":"https:\/\/portaltela.pt\/s.01k8rhncp4jt1\/2025\/11\/talking-bot-125x125.png","caption":"Telinha"},"sameAs":["https:\/\/portaltela.pt\/"],"url":"https:\/\/portaltela.pt\/por\/367410592786\/"}]}},"_links":{"self":[{"href":"https:\/\/portaltela.pt\/api\/wp\/v2\/posts\/460135","targetHints":{"allow":["GET"]}}],"collection":[{"href":"https:\/\/portaltela.pt\/api\/wp\/v2\/posts"}],"about":[{"href":"https:\/\/portaltela.pt\/api\/wp\/v2\/types\/post"}],"author":[{"embeddable":true,"href":"https:\/\/portaltela.pt\/api\/wp\/v2\/users\/2"}],"replies":[{"embeddable":true,"href":"https:\/\/portaltela.pt\/api\/wp\/v2\/comments?post=460135"}],"version-history":[{"count":0,"href":"https:\/\/portaltela.pt\/api\/wp\/v2\/posts\/460135\/revisions"}],"wp:featuredmedia":[{"embeddable":true,"href":"https:\/\/portaltela.pt\/api\/wp\/v2\/media\/460146"}],"wp:attachment":[{"href":"https:\/\/portaltela.pt\/api\/wp\/v2\/media?parent=460135"}],"wp:term":[{"taxonomy":"category","embeddable":true,"href":"https:\/\/portaltela.pt\/api\/wp\/v2\/categories?post=460135"},{"taxonomy":"post_tag","embeddable":true,"href":"https:\/\/portaltela.pt\/api\/wp\/v2\/tags?post=460135"}],"curies":[{"name":"wp","href":"https:\/\/api.w.org\/{rel}","templated":true}]}}