{"id":460133,"date":"2026-04-28T14:03:33","date_gmt":"2026-04-28T17:03:33","guid":{"rendered":"https:\/\/portaltela.pt\/noticias\/2026\/04\/28\/chelsea-define-candidatos-ao-comando-portugues-na-lista-e-diferencas-entre-eles\/"},"modified":"2026-04-28T14:03:33","modified_gmt":"2026-04-28T17:03:33","slug":"chelsea-define-candidatos-ao-comando-portugues-na-lista-e-diferencas-entre-eles","status":"publish","type":"post","link":"https:\/\/portaltela.pt\/desporto\/futebol\/2026\/04\/28\/chelsea-define-candidatos-ao-comando-portugues-na-lista-e-diferencas-entre-eles\/","title":{"rendered":"Chelsea define candidatos ao comando; portugu\u00eas na lista e diferen\u00e7as entre eles"},"content":{"rendered":"<p>O Chelsea vai terminar a \u00e9poca com o treinador interino Calum McFarlane, ingl\u00eas de 40 anos, na lideran\u00e7a da equipa. Ainda h\u00e1 uma final da Ta\u00e7a de Inglaterra a disputar frente ao Manchester City no dia 16 de maio, \u00e0s 15h00, pelo que o clube decidiu j\u00e1 analisar o pr\u00f3ximo comando t\u00e9cnico.<\/p>\n<p>Segundo a imprensa desportiva portuguesa, o clube listou candidatos para o banco na pr\u00f3xima \u00e9poca, com um elemento portugu\u00eas a integrar a lista. Al\u00e9m do nome luso, surgem dois treinadores espanh\u00f3is apontados como op\u00e7\u00f5es. A dire\u00e7\u00e3o do Chelsea pretende tomar uma decis\u00e3o ap\u00f3s a final, com o objetivo de estabelecer um projeto de m\u00e9dio prazo.<\/p>\n<h3>Candidatos identificados<\/h3>\n<p>Entre os nomes em an\u00e1lise, destaca-se Marco Silva, atual treinador com liga\u00e7\u00f5es a clubes de alta contesta\u00e7\u00e3o competitiva. A lista inclui ainda dois treinadores espanh\u00f3is, cujas experi\u00eancias variam entre clubes de primeira linha e projetos em desenvolvimento. A presen\u00e7a de um portugu\u00eas na lista tem sido apresentada como uma possibilidade de alinhamento com a identidade do clube.<\/p>\n<h3>Abordagens e cen\u00e1rios<\/h3>\n<p>O Chelsea tem mantido conversas explorat\u00f3rias com diferentes op\u00e7\u00f5es, sem confirmar qualquer acordo. A escolha dever\u00e1 considerar fatores como estilo de jogo, gest\u00e3o de plantel e capacidade de sucesso em competi\u00e7\u00f5es nacionais e europeias. A prioridade \u00e9 encontrar um t\u00e9cnico apto a conduzir o clube ap\u00f3s a temporada atual terminar.<\/p>\n","protected":false},"excerpt":{"rendered":"<ul>\n<li>O Chelsea terminar\u00e1 a \u00e9poca com o treinador interino Calum McFarlane (40 anos) \u00e0 frente da equipa, com a final da Ta\u00e7a de Inglaterra frente ao Manchester City marcada para 16 de maio \u00e0s 15h00.<\/li>\n<li>Na lista de candidatos para o comando na pr\u00f3xima \u00e9poca, h\u00e1 um portugu\u00eas: Marco Silva, al\u00e9m de dois treinadores espanh\u00f3is.<\/li>\n<li>Marco Silva est\u00e1 entre os nomes apontados para o banco dos blues na pr\u00f3xima \u00e9poca.<\/li>\n<li>O clube continua a avaliar op\u00e7\u00f5es para o comando t\u00e9cnico, incluindo treinadores estrangeiros.<\/li>\n<\/ul>\n","protected":false},"author":2,"featured_media":460142,"comment_status":"closed","ping_status":"closed","sticky":false,"template":"","format":"standard","meta":{"footnotes":""},"categories":[21,24],"tags":[32,3338,81,2380,1014,2477],"class_list":["post-460133","post","type-post","status-publish","format-standard","has-post-thumbnail","hentry","category-desporto","category-futebol","tag-futebol","tag-futebol-internacional","tag-internacionais","tag-marco-silva","tag-portugal","tag-treinadores"],"yoast_head":"<!-- This site is optimized with the Yoast SEO plugin v27.2 - https:\/\/yoast.com\/product\/yoast-seo-wordpress\/ -->\n<title>Chelsea define candidatos ao comando; portugu\u00eas na lista e diferen\u00e7as entre eles - Portal Tela Portugal<\/title>\n<meta name=\"robots\" content=\"index, follow, max-snippet:-1, max-image-preview:large, max-video-preview:-1\" \/>\n<meta property=\"og:locale\" content=\"pt_PT\" \/>\n<meta property=\"og:type\" content=\"article\" \/>\n<meta property=\"og:title\" content=\"Chelsea define candidatos ao comando; portugu\u00eas na lista e diferen\u00e7as entre eles - Portal Tela Portugal\" \/>\n<meta property=\"og:description\" content=\"O Chelsea terminar\u00e1 a \u00e9poca com o treinador interino Calum McFarlane (40 anos) \u00e0 frente da equipa, com a final da Ta\u00e7a de Inglaterra frente ao Manchester City marcada para 16 de maio \u00e0s 15h00. Na lista de candidatos para o comando na pr\u00f3xima \u00e9poca, h\u00e1 um portugu\u00eas: Marco Silva, al\u00e9m de dois treinadores espanh\u00f3is. Marco Silva est\u00e1 entre os nomes apontados para o banco dos blues na pr\u00f3xima \u00e9poca. O clube continua a avaliar op\u00e7\u00f5es para o comando t\u00e9cnico, incluindo treinadores estrangeiros.\" \/>\n<meta property=\"og:url\" content=\"https:\/\/portaltela.pt\/noticias\/2026\/04\/28\/chelsea-define-candidatos-ao-comando-portugues-na-lista-e-diferencas-entre-eles\/\" \/>\n<meta property=\"og:site_name\" content=\"Portal Tela Portugal\" \/>\n<meta property=\"article:published_time\" content=\"2026-04-28T17:03:33+00:00\" \/>\n<meta name=\"author\" content=\"Telinha\" \/>\n<meta name=\"twitter:card\" content=\"summary_large_image\" \/>\n<meta name=\"twitter:label1\" content=\"Escrito por\" \/>\n\t<meta name=\"twitter:data1\" content=\"Telinha\" \/>\n\t<meta name=\"twitter:label2\" content=\"Tempo estimado de leitura\" \/>\n\t<meta name=\"twitter:data2\" content=\"1 minuto\" \/>\n<script type=\"application\/ld+json\" class=\"yoast-schema-graph\">{\"@context\":\"https:\/\/schema.org\",\"@graph\":[{\"@type\":\"Article\",\"@id\":\"https:\/\/portaltela.pt\/noticias\/2026\/04\/28\/chelsea-define-candidatos-ao-comando-portugues-na-lista-e-diferencas-entre-eles\/#article\",\"isPartOf\":{\"@id\":\"https:\/\/portaltela.pt\/noticias\/2026\/04\/28\/chelsea-define-candidatos-ao-comando-portugues-na-lista-e-diferencas-entre-eles\/\"},\"author\":{\"name\":\"Telinha\",\"@id\":\"https:\/\/portaltela.pt\/#\/schema\/person\/c4278d4a6028830caff9ee44b42d32ed\"},\"headline\":\"Chelsea define candidatos ao comando; portugu\u00eas na lista e diferen\u00e7as entre eles\",\"datePublished\":\"2026-04-28T17:03:33+00:00\",\"mainEntityOfPage\":{\"@id\":\"https:\/\/portaltela.pt\/noticias\/2026\/04\/28\/chelsea-define-candidatos-ao-comando-portugues-na-lista-e-diferencas-entre-eles\/\"},\"wordCount\":258,\"image\":{\"@id\":\"https:\/\/portaltela.pt\/noticias\/2026\/04\/28\/chelsea-define-candidatos-ao-comando-portugues-na-lista-e-diferencas-entre-eles\/#primaryimage\"},\"thumbnailUrl\":\"https:\/\/portaltela.pt\/s.01k8rhncp4jt1\/2026\/04\/img_920x518uu2026-02-15-13-09-21-2421764.jpg\",\"keywords\":[\"futebol\",\"futebol internacional\",\"internacionais\",\"Marco Silva\",\"Portugal\",\"treinadores\"],\"articleSection\":[\"Desporto\",\"Futebol\"],\"inLanguage\":\"pt-PT\"},{\"@type\":\"WebPage\",\"@id\":\"https:\/\/portaltela.pt\/noticias\/2026\/04\/28\/chelsea-define-candidatos-ao-comando-portugues-na-lista-e-diferencas-entre-eles\/\",\"url\":\"https:\/\/portaltela.pt\/noticias\/2026\/04\/28\/chelsea-define-candidatos-ao-comando-portugues-na-lista-e-diferencas-entre-eles\/\",\"name\":\"Chelsea define candidatos ao comando; portugu\u00eas na lista e diferen\u00e7as entre eles - Portal Tela Portugal\",\"isPartOf\":{\"@id\":\"https:\/\/portaltela.pt\/#website\"},\"primaryImageOfPage\":{\"@id\":\"https:\/\/portaltela.pt\/noticias\/2026\/04\/28\/chelsea-define-candidatos-ao-comando-portugues-na-lista-e-diferencas-entre-eles\/#primaryimage\"},\"image\":{\"@id\":\"https:\/\/portaltela.pt\/noticias\/2026\/04\/28\/chelsea-define-candidatos-ao-comando-portugues-na-lista-e-diferencas-entre-eles\/#primaryimage\"},\"thumbnailUrl\":\"https:\/\/portaltela.pt\/s.01k8rhncp4jt1\/2026\/04\/img_920x518uu2026-02-15-13-09-21-2421764.jpg\",\"datePublished\":\"2026-04-28T17:03:33+00:00\",\"author\":{\"@id\":\"https:\/\/portaltela.pt\/#\/schema\/person\/c4278d4a6028830caff9ee44b42d32ed\"},\"breadcrumb\":{\"@id\":\"https:\/\/portaltela.pt\/noticias\/2026\/04\/28\/chelsea-define-candidatos-ao-comando-portugues-na-lista-e-diferencas-entre-eles\/#breadcrumb\"},\"inLanguage\":\"pt-PT\",\"potentialAction\":[{\"@type\":\"ReadAction\",\"target\":[\"https:\/\/portaltela.pt\/noticias\/2026\/04\/28\/chelsea-define-candidatos-ao-comando-portugues-na-lista-e-diferencas-entre-eles\/\"]}]},{\"@type\":\"ImageObject\",\"inLanguage\":\"pt-PT\",\"@id\":\"https:\/\/portaltela.pt\/noticias\/2026\/04\/28\/chelsea-define-candidatos-ao-comando-portugues-na-lista-e-diferencas-entre-eles\/#primaryimage\",\"url\":\"https:\/\/portaltela.pt\/s.01k8rhncp4jt1\/2026\/04\/img_920x518uu2026-02-15-13-09-21-2421764.jpg\",\"contentUrl\":\"https:\/\/portaltela.pt\/s.01k8rhncp4jt1\/2026\/04\/img_920x518uu2026-02-15-13-09-21-2421764.jpg\",\"width\":796,\"height\":448,\"caption\":\"O nome de Marco Silva est\u00e1 a ser apontado ao banco do Chelsea na pr\u00f3xima \u00e9poca\"},{\"@type\":\"BreadcrumbList\",\"@id\":\"https:\/\/portaltela.pt\/noticias\/2026\/04\/28\/chelsea-define-candidatos-ao-comando-portugues-na-lista-e-diferencas-entre-eles\/#breadcrumb\",\"itemListElement\":[{\"@type\":\"ListItem\",\"position\":1,\"name\":\"In\u00edcio\",\"item\":\"https:\/\/portaltela.pt\/\"},{\"@type\":\"ListItem\",\"position\":2,\"name\":\"Chelsea define candidatos ao comando; portugu\u00eas na lista e diferen\u00e7as entre eles\"}]},{\"@type\":\"WebSite\",\"@id\":\"https:\/\/portaltela.pt\/#website\",\"url\":\"https:\/\/portaltela.pt\/\",\"name\":\"Portal Tela Portugal\",\"description\":\"\",\"potentialAction\":[{\"@type\":\"SearchAction\",\"target\":{\"@type\":\"EntryPoint\",\"urlTemplate\":\"https:\/\/portaltela.pt\/?s={search_term_string}\"},\"query-input\":{\"@type\":\"PropertyValueSpecification\",\"valueRequired\":true,\"valueName\":\"search_term_string\"}}],\"inLanguage\":\"pt-PT\"},{\"@type\":\"Person\",\"@id\":\"https:\/\/portaltela.pt\/#\/schema\/person\/c4278d4a6028830caff9ee44b42d32ed\",\"name\":\"Telinha\",\"image\":{\"@type\":\"ImageObject\",\"inLanguage\":\"pt-PT\",\"@id\":\"https:\/\/portaltela.pt\/s.01k8rhncp4jt1\/2025\/11\/talking-bot-125x125.png\",\"url\":\"https:\/\/portaltela.pt\/s.01k8rhncp4jt1\/2025\/11\/talking-bot-125x125.png\",\"contentUrl\":\"https:\/\/portaltela.pt\/s.01k8rhncp4jt1\/2025\/11\/talking-bot-125x125.png\",\"caption\":\"Telinha\"},\"sameAs\":[\"https:\/\/portaltela.pt\/\"],\"url\":\"https:\/\/portaltela.pt\/por\/367410592786\/\"}]}<\/script>\n<!-- \/ Yoast SEO plugin. -->","yoast_head_json":{"title":"Chelsea define candidatos ao comando; portugu\u00eas na lista e diferen\u00e7as entre eles - Portal Tela Portugal","robots":{"index":"index","follow":"follow","max-snippet":"max-snippet:-1","max-image-preview":"max-image-preview:large","max-video-preview":"max-video-preview:-1"},"og_locale":"pt_PT","og_type":"article","og_title":"Chelsea define candidatos ao comando; portugu\u00eas na lista e diferen\u00e7as entre eles - Portal Tela Portugal","og_description":"O Chelsea terminar\u00e1 a \u00e9poca com o treinador interino Calum McFarlane (40 anos) \u00e0 frente da equipa, com a final da Ta\u00e7a de Inglaterra frente ao Manchester City marcada para 16 de maio \u00e0s 15h00. Na lista de candidatos para o comando na pr\u00f3xima \u00e9poca, h\u00e1 um portugu\u00eas: Marco Silva, al\u00e9m de dois treinadores espanh\u00f3is. Marco Silva est\u00e1 entre os nomes apontados para o banco dos blues na pr\u00f3xima \u00e9poca. O clube continua a avaliar op\u00e7\u00f5es para o comando t\u00e9cnico, incluindo treinadores estrangeiros.","og_url":"https:\/\/portaltela.pt\/noticias\/2026\/04\/28\/chelsea-define-candidatos-ao-comando-portugues-na-lista-e-diferencas-entre-eles\/","og_site_name":"Portal Tela Portugal","article_published_time":"2026-04-28T17:03:33+00:00","author":"Telinha","twitter_card":"summary_large_image","twitter_misc":{"Escrito por":"Telinha","Tempo estimado de leitura":"1 minuto"},"schema":{"@context":"https:\/\/schema.org","@graph":[{"@type":"Article","@id":"https:\/\/portaltela.pt\/noticias\/2026\/04\/28\/chelsea-define-candidatos-ao-comando-portugues-na-lista-e-diferencas-entre-eles\/#article","isPartOf":{"@id":"https:\/\/portaltela.pt\/noticias\/2026\/04\/28\/chelsea-define-candidatos-ao-comando-portugues-na-lista-e-diferencas-entre-eles\/"},"author":{"name":"Telinha","@id":"https:\/\/portaltela.pt\/#\/schema\/person\/c4278d4a6028830caff9ee44b42d32ed"},"headline":"Chelsea define candidatos ao comando; portugu\u00eas na lista e diferen\u00e7as entre eles","datePublished":"2026-04-28T17:03:33+00:00","mainEntityOfPage":{"@id":"https:\/\/portaltela.pt\/noticias\/2026\/04\/28\/chelsea-define-candidatos-ao-comando-portugues-na-lista-e-diferencas-entre-eles\/"},"wordCount":258,"image":{"@id":"https:\/\/portaltela.pt\/noticias\/2026\/04\/28\/chelsea-define-candidatos-ao-comando-portugues-na-lista-e-diferencas-entre-eles\/#primaryimage"},"thumbnailUrl":"https:\/\/portaltela.pt\/s.01k8rhncp4jt1\/2026\/04\/img_920x518uu2026-02-15-13-09-21-2421764.jpg","keywords":["futebol","futebol internacional","internacionais","Marco Silva","Portugal","treinadores"],"articleSection":["Desporto","Futebol"],"inLanguage":"pt-PT"},{"@type":"WebPage","@id":"https:\/\/portaltela.pt\/noticias\/2026\/04\/28\/chelsea-define-candidatos-ao-comando-portugues-na-lista-e-diferencas-entre-eles\/","url":"https:\/\/portaltela.pt\/noticias\/2026\/04\/28\/chelsea-define-candidatos-ao-comando-portugues-na-lista-e-diferencas-entre-eles\/","name":"Chelsea define candidatos ao comando; portugu\u00eas na lista e diferen\u00e7as entre eles - Portal Tela Portugal","isPartOf":{"@id":"https:\/\/portaltela.pt\/#website"},"primaryImageOfPage":{"@id":"https:\/\/portaltela.pt\/noticias\/2026\/04\/28\/chelsea-define-candidatos-ao-comando-portugues-na-lista-e-diferencas-entre-eles\/#primaryimage"},"image":{"@id":"https:\/\/portaltela.pt\/noticias\/2026\/04\/28\/chelsea-define-candidatos-ao-comando-portugues-na-lista-e-diferencas-entre-eles\/#primaryimage"},"thumbnailUrl":"https:\/\/portaltela.pt\/s.01k8rhncp4jt1\/2026\/04\/img_920x518uu2026-02-15-13-09-21-2421764.jpg","datePublished":"2026-04-28T17:03:33+00:00","author":{"@id":"https:\/\/portaltela.pt\/#\/schema\/person\/c4278d4a6028830caff9ee44b42d32ed"},"breadcrumb":{"@id":"https:\/\/portaltela.pt\/noticias\/2026\/04\/28\/chelsea-define-candidatos-ao-comando-portugues-na-lista-e-diferencas-entre-eles\/#breadcrumb"},"inLanguage":"pt-PT","potentialAction":[{"@type":"ReadAction","target":["https:\/\/portaltela.pt\/noticias\/2026\/04\/28\/chelsea-define-candidatos-ao-comando-portugues-na-lista-e-diferencas-entre-eles\/"]}]},{"@type":"ImageObject","inLanguage":"pt-PT","@id":"https:\/\/portaltela.pt\/noticias\/2026\/04\/28\/chelsea-define-candidatos-ao-comando-portugues-na-lista-e-diferencas-entre-eles\/#primaryimage","url":"https:\/\/portaltela.pt\/s.01k8rhncp4jt1\/2026\/04\/img_920x518uu2026-02-15-13-09-21-2421764.jpg","contentUrl":"https:\/\/portaltela.pt\/s.01k8rhncp4jt1\/2026\/04\/img_920x518uu2026-02-15-13-09-21-2421764.jpg","width":796,"height":448,"caption":"O nome de Marco Silva est\u00e1 a ser apontado ao banco do Chelsea na pr\u00f3xima \u00e9poca"},{"@type":"BreadcrumbList","@id":"https:\/\/portaltela.pt\/noticias\/2026\/04\/28\/chelsea-define-candidatos-ao-comando-portugues-na-lista-e-diferencas-entre-eles\/#breadcrumb","itemListElement":[{"@type":"ListItem","position":1,"name":"In\u00edcio","item":"https:\/\/portaltela.pt\/"},{"@type":"ListItem","position":2,"name":"Chelsea define candidatos ao comando; portugu\u00eas na lista e diferen\u00e7as entre eles"}]},{"@type":"WebSite","@id":"https:\/\/portaltela.pt\/#website","url":"https:\/\/portaltela.pt\/","name":"Portal Tela Portugal","description":"","potentialAction":[{"@type":"SearchAction","target":{"@type":"EntryPoint","urlTemplate":"https:\/\/portaltela.pt\/?s={search_term_string}"},"query-input":{"@type":"PropertyValueSpecification","valueRequired":true,"valueName":"search_term_string"}}],"inLanguage":"pt-PT"},{"@type":"Person","@id":"https:\/\/portaltela.pt\/#\/schema\/person\/c4278d4a6028830caff9ee44b42d32ed","name":"Telinha","image":{"@type":"ImageObject","inLanguage":"pt-PT","@id":"https:\/\/portaltela.pt\/s.01k8rhncp4jt1\/2025\/11\/talking-bot-125x125.png","url":"https:\/\/portaltela.pt\/s.01k8rhncp4jt1\/2025\/11\/talking-bot-125x125.png","contentUrl":"https:\/\/portaltela.pt\/s.01k8rhncp4jt1\/2025\/11\/talking-bot-125x125.png","caption":"Telinha"},"sameAs":["https:\/\/portaltela.pt\/"],"url":"https:\/\/portaltela.pt\/por\/367410592786\/"}]}},"_links":{"self":[{"href":"https:\/\/portaltela.pt\/api\/wp\/v2\/posts\/460133","targetHints":{"allow":["GET"]}}],"collection":[{"href":"https:\/\/portaltela.pt\/api\/wp\/v2\/posts"}],"about":[{"href":"https:\/\/portaltela.pt\/api\/wp\/v2\/types\/post"}],"author":[{"embeddable":true,"href":"https:\/\/portaltela.pt\/api\/wp\/v2\/users\/2"}],"replies":[{"embeddable":true,"href":"https:\/\/portaltela.pt\/api\/wp\/v2\/comments?post=460133"}],"version-history":[{"count":0,"href":"https:\/\/portaltela.pt\/api\/wp\/v2\/posts\/460133\/revisions"}],"wp:featuredmedia":[{"embeddable":true,"href":"https:\/\/portaltela.pt\/api\/wp\/v2\/media\/460142"}],"wp:attachment":[{"href":"https:\/\/portaltela.pt\/api\/wp\/v2\/media?parent=460133"}],"wp:term":[{"taxonomy":"category","embeddable":true,"href":"https:\/\/portaltela.pt\/api\/wp\/v2\/categories?post=460133"},{"taxonomy":"post_tag","embeddable":true,"href":"https:\/\/portaltela.pt\/api\/wp\/v2\/tags?post=460133"}],"curies":[{"name":"wp","href":"https:\/\/api.w.org\/{rel}","templated":true}]}}