{"id":460128,"date":"2026-04-28T14:03:10","date_gmt":"2026-04-28T17:03:10","guid":{"rendered":"https:\/\/portaltela.pt\/noticias\/2026\/04\/28\/manifesto-pede-revolta-popular-em-angola-por-urnas-sob-controlo-do-poder\/"},"modified":"2026-04-28T14:03:10","modified_gmt":"2026-04-28T17:03:10","slug":"manifesto-pede-revolta-popular-em-angola-por-urnas-sob-controlo-do-poder","status":"publish","type":"post","link":"https:\/\/portaltela.pt\/noticias\/politica\/2026\/04\/28\/manifesto-pede-revolta-popular-em-angola-por-urnas-sob-controlo-do-poder\/","title":{"rendered":"Manifesto pede revolta popular em Angola por urnas sob controlo do poder"},"content":{"rendered":"<p>O manifesto divulgado defende a realiza\u00e7\u00e3o de uma \u201crevolta popular\u201d em Angola como caminho para a mudan\u00e7a, alegando que as urnas est\u00e3o sob controlo do poder. A iniciativa aponta 2027 como data-chave e coloca em causa a legitimidade da altern\u00e2ncia democr\u00e1tica pelo voto.<\/p>\n<p>Domingos da Cruz e Luzia Moniz s\u00e3o os dinamizadores do texto, que foi desenvolvido ao longo de seis meses com a assinatura de 36 pessoas, incluindo Manuel dos Santos e Domingos Tchipilica.<\/p>\n<p>O documento sustenta que o Estado est\u00e1 \u201ccapturado\u201d e que as institui\u00e7\u00f5es do processo eleitoral est\u00e3o sob controlo de servi\u00e7os de seguran\u00e7a e da Casa Militar da Presid\u00eancia. A ideia \u00e9 apresentada como invi\u00e1vel sem uma mudan\u00e7a radical.<\/p>\n<p>Segundo o manifesto, a oposi\u00e7\u00e3o est\u00e1 associada ao regime, defendendo apenas interesses materiais, o que, na leitura dos autores, impede a verdadeira altern\u00e2ncia pol\u00edtica. O texto acusa a continuidade de \u201csofrimento apocal\u00edptico\u201d at\u00e9 2027.<\/p>\n<p>A origem do movimento \u00e9 descrita por Domingos da Cruz e pela soci\u00f3loga Luzia Moniz, que trabalharam no texto com outras 36 assinaturas. A abordagem insinua uma nova via para a liberta\u00e7\u00e3o nacional, sem refer\u00eancias a lideran\u00e7as partid\u00e1rias.<\/p>\n<p>Analistas ouvidos pelo P\u00daBLICO mostram ceticismo em rela\u00e7\u00e3o \u00e0 proposta de \u201crevolu\u00e7\u00e3o popular\u201d. Observam que tais iniciativas podem criar tumulto sem garantia de controlo, complicando qualquer processo de democratiza\u00e7\u00e3o.<\/p>\n<p>A ideia de revolta \u00e9 encarada como uma resposta a uma suposta aus\u00eancia de \u00e9tica na pol\u00edtica angolana, segundo alguns especialistas. O manifesto \u00e9 visto como express\u00e3o de desilus\u00e3o com o sistema multipartid\u00e1rio existente.<\/p>\n<p>Os signat\u00e1rios defendem evitar a lideran\u00e7a centrada, propondo uma plataforma de liberta\u00e7\u00e3o nacional que n\u00e3o dependa de figuras espec\u00edficas. A inten\u00e7\u00e3o \u00e9 mobilizar cidad\u00e3os para construir uma via pr\u00f3pria de mudan\u00e7a.<\/p>\n<p>O texto tamb\u00e9m suscita debates entre acad\u00e9micos sobre o papel da Igreja e de institui\u00e7\u00f5es religiosas na luta pela democracia, com opini\u00f5es divergentes sobre a sua participa\u00e7\u00e3o na cidadania c\u00edvica.<\/p>\n<p>Especialistas destacam que revoltas p\u00fablicas apresentam riscos de descontrole. Refor\u00e7am a necessidade de caminhos claramente definidos para evitar tumultos que poderiam comprometer a estabilidade do pa\u00eds.<\/p>\n","protected":false},"excerpt":{"rendered":"<ul>\n<li>Um manifesto divulgado para as elei\u00e7\u00f5es de 2027 em Angola defende uma \u201crevolta popular\u201d como forma de mudar o poder, alegando que as urnas est\u00e3o sob controlo estatal.<\/li>\n<li>O documento foi criado por Domingos da Cruz e Luzia Moniz, com 36 assinaturas de v\u00e1rias personalidades, e critica a oposi\u00e7\u00e3o por ser \u201cpropriedade do regime\u201d.<\/li>\n<li>Afirma que a altern\u00e2ncia democr\u00e1tica via voto \u00e9 invi\u00e1vel devido \u00e0 captura do Estado e ao controlo das institui\u00e7\u00f5es, incluindo servi\u00e7os secretos e a Casa Militar da Presid\u00eancia.<\/li>\n<li>O texto descreve o sofrimento do povo angolano desde a independ\u00eancia e sustenta que a oposi\u00e7\u00e3o n\u00e3o \u00e9 eficaz, propondo construir uma plataforma de liberta\u00e7\u00e3o nacional sem depender de lideran\u00e7as partid\u00e1rias.<\/li>\n<li>Especialistas ouvidos divergem: alguns criticam a ideia de revolu\u00e7\u00e3o popular como um passo incerto, tem\u00edvel por poder ser descontrolada, enquanto outros destacam falhas na abordagem proposta pelo manifesto.<\/li>\n<\/ul>\n","protected":false},"author":2,"featured_media":460130,"comment_status":"closed","ping_status":"closed","sticky":false,"template":"","format":"standard","meta":{"footnotes":""},"categories":[6912,5],"tags":[4837,2795,68,102,3767,6313],"class_list":["post-460128","post","type-post","status-publish","format-standard","has-post-thumbnail","hentry","category-internacionais","category-politica","tag-angola","tag-democracia","tag-eleicoes","tag-igreja","tag-oposicao","tag-sociedade-civil"],"yoast_head":"<!-- This site is optimized with the Yoast SEO plugin v27.2 - https:\/\/yoast.com\/product\/yoast-seo-wordpress\/ -->\n<title>Manifesto pede revolta popular em Angola por urnas sob controlo do poder - Portal Tela Portugal<\/title>\n<meta name=\"robots\" content=\"index, follow, max-snippet:-1, max-image-preview:large, max-video-preview:-1\" \/>\n<meta property=\"og:locale\" content=\"pt_PT\" \/>\n<meta property=\"og:type\" content=\"article\" \/>\n<meta property=\"og:title\" content=\"Manifesto pede revolta popular em Angola por urnas sob controlo do poder - Portal Tela Portugal\" \/>\n<meta property=\"og:description\" content=\"Um manifesto divulgado para as elei\u00e7\u00f5es de 2027 em Angola defende uma \u201crevolta popular\u201d como forma de mudar o poder, alegando que as urnas est\u00e3o sob controlo estatal. O documento foi criado por Domingos da Cruz e Luzia Moniz, com 36 assinaturas de v\u00e1rias personalidades, e critica a oposi\u00e7\u00e3o por ser \u201cpropriedade do regime\u201d. Afirma que a altern\u00e2ncia democr\u00e1tica via voto \u00e9 invi\u00e1vel devido \u00e0 captura do Estado e ao controlo das institui\u00e7\u00f5es, incluindo servi\u00e7os secretos e a Casa Militar da Presid\u00eancia. O texto descreve o sofrimento do povo angolano desde a independ\u00eancia e sustenta que a oposi\u00e7\u00e3o n\u00e3o \u00e9 eficaz, propondo construir uma plataforma de liberta\u00e7\u00e3o nacional sem depender de lideran\u00e7as partid\u00e1rias. Especialistas ouvidos divergem: alguns criticam a ideia de revolu\u00e7\u00e3o popular como um passo incerto, tem\u00edvel por poder ser descontrolada, enquanto outros destacam falhas na abordagem proposta pelo manifesto.\" \/>\n<meta property=\"og:url\" content=\"https:\/\/portaltela.pt\/noticias\/2026\/04\/28\/manifesto-pede-revolta-popular-em-angola-por-urnas-sob-controlo-do-poder\/\" \/>\n<meta property=\"og:site_name\" content=\"Portal Tela Portugal\" \/>\n<meta property=\"article:published_time\" content=\"2026-04-28T17:03:10+00:00\" \/>\n<meta name=\"author\" content=\"Telinha\" \/>\n<meta name=\"twitter:card\" content=\"summary_large_image\" \/>\n<meta name=\"twitter:label1\" content=\"Escrito por\" \/>\n\t<meta name=\"twitter:data1\" content=\"Telinha\" \/>\n\t<meta name=\"twitter:label2\" content=\"Tempo estimado de leitura\" \/>\n\t<meta name=\"twitter:data2\" content=\"2 minutos\" \/>\n<script type=\"application\/ld+json\" class=\"yoast-schema-graph\">{\"@context\":\"https:\/\/schema.org\",\"@graph\":[{\"@type\":\"Article\",\"@id\":\"https:\/\/portaltela.pt\/noticias\/2026\/04\/28\/manifesto-pede-revolta-popular-em-angola-por-urnas-sob-controlo-do-poder\/#article\",\"isPartOf\":{\"@id\":\"https:\/\/portaltela.pt\/noticias\/2026\/04\/28\/manifesto-pede-revolta-popular-em-angola-por-urnas-sob-controlo-do-poder\/\"},\"author\":{\"name\":\"Telinha\",\"@id\":\"https:\/\/portaltela.pt\/#\/schema\/person\/c4278d4a6028830caff9ee44b42d32ed\"},\"headline\":\"Manifesto pede revolta popular em Angola por urnas sob controlo do poder\",\"datePublished\":\"2026-04-28T17:03:10+00:00\",\"mainEntityOfPage\":{\"@id\":\"https:\/\/portaltela.pt\/noticias\/2026\/04\/28\/manifesto-pede-revolta-popular-em-angola-por-urnas-sob-controlo-do-poder\/\"},\"wordCount\":386,\"image\":{\"@id\":\"https:\/\/portaltela.pt\/noticias\/2026\/04\/28\/manifesto-pede-revolta-popular-em-angola-por-urnas-sob-controlo-do-poder\/#primaryimage\"},\"thumbnailUrl\":\"https:\/\/portaltela.pt\/s.01k8rhncp4jt1\/2026\/04\/2084649.jpg\",\"keywords\":[\"Angola\",\"democracia\",\"elei\u00e7\u00f5es\",\"igreja\",\"oposi\u00e7\u00e3o\",\"sociedade civil\"],\"articleSection\":[\"Internacionais\",\"Pol\u00edtica\"],\"inLanguage\":\"pt-PT\"},{\"@type\":\"WebPage\",\"@id\":\"https:\/\/portaltela.pt\/noticias\/2026\/04\/28\/manifesto-pede-revolta-popular-em-angola-por-urnas-sob-controlo-do-poder\/\",\"url\":\"https:\/\/portaltela.pt\/noticias\/2026\/04\/28\/manifesto-pede-revolta-popular-em-angola-por-urnas-sob-controlo-do-poder\/\",\"name\":\"Manifesto pede revolta popular em Angola por urnas sob controlo do poder - Portal Tela Portugal\",\"isPartOf\":{\"@id\":\"https:\/\/portaltela.pt\/#website\"},\"primaryImageOfPage\":{\"@id\":\"https:\/\/portaltela.pt\/noticias\/2026\/04\/28\/manifesto-pede-revolta-popular-em-angola-por-urnas-sob-controlo-do-poder\/#primaryimage\"},\"image\":{\"@id\":\"https:\/\/portaltela.pt\/noticias\/2026\/04\/28\/manifesto-pede-revolta-popular-em-angola-por-urnas-sob-controlo-do-poder\/#primaryimage\"},\"thumbnailUrl\":\"https:\/\/portaltela.pt\/s.01k8rhncp4jt1\/2026\/04\/2084649.jpg\",\"datePublished\":\"2026-04-28T17:03:10+00:00\",\"author\":{\"@id\":\"https:\/\/portaltela.pt\/#\/schema\/person\/c4278d4a6028830caff9ee44b42d32ed\"},\"breadcrumb\":{\"@id\":\"https:\/\/portaltela.pt\/noticias\/2026\/04\/28\/manifesto-pede-revolta-popular-em-angola-por-urnas-sob-controlo-do-poder\/#breadcrumb\"},\"inLanguage\":\"pt-PT\",\"potentialAction\":[{\"@type\":\"ReadAction\",\"target\":[\"https:\/\/portaltela.pt\/noticias\/2026\/04\/28\/manifesto-pede-revolta-popular-em-angola-por-urnas-sob-controlo-do-poder\/\"]}]},{\"@type\":\"ImageObject\",\"inLanguage\":\"pt-PT\",\"@id\":\"https:\/\/portaltela.pt\/noticias\/2026\/04\/28\/manifesto-pede-revolta-popular-em-angola-por-urnas-sob-controlo-do-poder\/#primaryimage\",\"url\":\"https:\/\/portaltela.pt\/s.01k8rhncp4jt1\/2026\/04\/2084649.jpg\",\"contentUrl\":\"https:\/\/portaltela.pt\/s.01k8rhncp4jt1\/2026\/04\/2084649.jpg\",\"width\":796,\"height\":448,\"caption\":\"Contagem de votos numa assembleia de voto nas elei\u00e7\u00f5es de 2022 em Angola\"},{\"@type\":\"BreadcrumbList\",\"@id\":\"https:\/\/portaltela.pt\/noticias\/2026\/04\/28\/manifesto-pede-revolta-popular-em-angola-por-urnas-sob-controlo-do-poder\/#breadcrumb\",\"itemListElement\":[{\"@type\":\"ListItem\",\"position\":1,\"name\":\"In\u00edcio\",\"item\":\"https:\/\/portaltela.pt\/\"},{\"@type\":\"ListItem\",\"position\":2,\"name\":\"Manifesto pede revolta popular em Angola por urnas sob controlo do poder\"}]},{\"@type\":\"WebSite\",\"@id\":\"https:\/\/portaltela.pt\/#website\",\"url\":\"https:\/\/portaltela.pt\/\",\"name\":\"Portal Tela Portugal\",\"description\":\"\",\"potentialAction\":[{\"@type\":\"SearchAction\",\"target\":{\"@type\":\"EntryPoint\",\"urlTemplate\":\"https:\/\/portaltela.pt\/?s={search_term_string}\"},\"query-input\":{\"@type\":\"PropertyValueSpecification\",\"valueRequired\":true,\"valueName\":\"search_term_string\"}}],\"inLanguage\":\"pt-PT\"},{\"@type\":\"Person\",\"@id\":\"https:\/\/portaltela.pt\/#\/schema\/person\/c4278d4a6028830caff9ee44b42d32ed\",\"name\":\"Telinha\",\"image\":{\"@type\":\"ImageObject\",\"inLanguage\":\"pt-PT\",\"@id\":\"https:\/\/portaltela.pt\/s.01k8rhncp4jt1\/2025\/11\/talking-bot-125x125.png\",\"url\":\"https:\/\/portaltela.pt\/s.01k8rhncp4jt1\/2025\/11\/talking-bot-125x125.png\",\"contentUrl\":\"https:\/\/portaltela.pt\/s.01k8rhncp4jt1\/2025\/11\/talking-bot-125x125.png\",\"caption\":\"Telinha\"},\"sameAs\":[\"https:\/\/portaltela.pt\/\"],\"url\":\"https:\/\/portaltela.pt\/por\/367410592786\/\"}]}<\/script>\n<!-- \/ Yoast SEO plugin. -->","yoast_head_json":{"title":"Manifesto pede revolta popular em Angola por urnas sob controlo do poder - Portal Tela Portugal","robots":{"index":"index","follow":"follow","max-snippet":"max-snippet:-1","max-image-preview":"max-image-preview:large","max-video-preview":"max-video-preview:-1"},"og_locale":"pt_PT","og_type":"article","og_title":"Manifesto pede revolta popular em Angola por urnas sob controlo do poder - Portal Tela Portugal","og_description":"Um manifesto divulgado para as elei\u00e7\u00f5es de 2027 em Angola defende uma \u201crevolta popular\u201d como forma de mudar o poder, alegando que as urnas est\u00e3o sob controlo estatal. O documento foi criado por Domingos da Cruz e Luzia Moniz, com 36 assinaturas de v\u00e1rias personalidades, e critica a oposi\u00e7\u00e3o por ser \u201cpropriedade do regime\u201d. Afirma que a altern\u00e2ncia democr\u00e1tica via voto \u00e9 invi\u00e1vel devido \u00e0 captura do Estado e ao controlo das institui\u00e7\u00f5es, incluindo servi\u00e7os secretos e a Casa Militar da Presid\u00eancia. O texto descreve o sofrimento do povo angolano desde a independ\u00eancia e sustenta que a oposi\u00e7\u00e3o n\u00e3o \u00e9 eficaz, propondo construir uma plataforma de liberta\u00e7\u00e3o nacional sem depender de lideran\u00e7as partid\u00e1rias. Especialistas ouvidos divergem: alguns criticam a ideia de revolu\u00e7\u00e3o popular como um passo incerto, tem\u00edvel por poder ser descontrolada, enquanto outros destacam falhas na abordagem proposta pelo manifesto.","og_url":"https:\/\/portaltela.pt\/noticias\/2026\/04\/28\/manifesto-pede-revolta-popular-em-angola-por-urnas-sob-controlo-do-poder\/","og_site_name":"Portal Tela Portugal","article_published_time":"2026-04-28T17:03:10+00:00","author":"Telinha","twitter_card":"summary_large_image","twitter_misc":{"Escrito por":"Telinha","Tempo estimado de leitura":"2 minutos"},"schema":{"@context":"https:\/\/schema.org","@graph":[{"@type":"Article","@id":"https:\/\/portaltela.pt\/noticias\/2026\/04\/28\/manifesto-pede-revolta-popular-em-angola-por-urnas-sob-controlo-do-poder\/#article","isPartOf":{"@id":"https:\/\/portaltela.pt\/noticias\/2026\/04\/28\/manifesto-pede-revolta-popular-em-angola-por-urnas-sob-controlo-do-poder\/"},"author":{"name":"Telinha","@id":"https:\/\/portaltela.pt\/#\/schema\/person\/c4278d4a6028830caff9ee44b42d32ed"},"headline":"Manifesto pede revolta popular em Angola por urnas sob controlo do poder","datePublished":"2026-04-28T17:03:10+00:00","mainEntityOfPage":{"@id":"https:\/\/portaltela.pt\/noticias\/2026\/04\/28\/manifesto-pede-revolta-popular-em-angola-por-urnas-sob-controlo-do-poder\/"},"wordCount":386,"image":{"@id":"https:\/\/portaltela.pt\/noticias\/2026\/04\/28\/manifesto-pede-revolta-popular-em-angola-por-urnas-sob-controlo-do-poder\/#primaryimage"},"thumbnailUrl":"https:\/\/portaltela.pt\/s.01k8rhncp4jt1\/2026\/04\/2084649.jpg","keywords":["Angola","democracia","elei\u00e7\u00f5es","igreja","oposi\u00e7\u00e3o","sociedade civil"],"articleSection":["Internacionais","Pol\u00edtica"],"inLanguage":"pt-PT"},{"@type":"WebPage","@id":"https:\/\/portaltela.pt\/noticias\/2026\/04\/28\/manifesto-pede-revolta-popular-em-angola-por-urnas-sob-controlo-do-poder\/","url":"https:\/\/portaltela.pt\/noticias\/2026\/04\/28\/manifesto-pede-revolta-popular-em-angola-por-urnas-sob-controlo-do-poder\/","name":"Manifesto pede revolta popular em Angola por urnas sob controlo do poder - Portal Tela Portugal","isPartOf":{"@id":"https:\/\/portaltela.pt\/#website"},"primaryImageOfPage":{"@id":"https:\/\/portaltela.pt\/noticias\/2026\/04\/28\/manifesto-pede-revolta-popular-em-angola-por-urnas-sob-controlo-do-poder\/#primaryimage"},"image":{"@id":"https:\/\/portaltela.pt\/noticias\/2026\/04\/28\/manifesto-pede-revolta-popular-em-angola-por-urnas-sob-controlo-do-poder\/#primaryimage"},"thumbnailUrl":"https:\/\/portaltela.pt\/s.01k8rhncp4jt1\/2026\/04\/2084649.jpg","datePublished":"2026-04-28T17:03:10+00:00","author":{"@id":"https:\/\/portaltela.pt\/#\/schema\/person\/c4278d4a6028830caff9ee44b42d32ed"},"breadcrumb":{"@id":"https:\/\/portaltela.pt\/noticias\/2026\/04\/28\/manifesto-pede-revolta-popular-em-angola-por-urnas-sob-controlo-do-poder\/#breadcrumb"},"inLanguage":"pt-PT","potentialAction":[{"@type":"ReadAction","target":["https:\/\/portaltela.pt\/noticias\/2026\/04\/28\/manifesto-pede-revolta-popular-em-angola-por-urnas-sob-controlo-do-poder\/"]}]},{"@type":"ImageObject","inLanguage":"pt-PT","@id":"https:\/\/portaltela.pt\/noticias\/2026\/04\/28\/manifesto-pede-revolta-popular-em-angola-por-urnas-sob-controlo-do-poder\/#primaryimage","url":"https:\/\/portaltela.pt\/s.01k8rhncp4jt1\/2026\/04\/2084649.jpg","contentUrl":"https:\/\/portaltela.pt\/s.01k8rhncp4jt1\/2026\/04\/2084649.jpg","width":796,"height":448,"caption":"Contagem de votos numa assembleia de voto nas elei\u00e7\u00f5es de 2022 em Angola"},{"@type":"BreadcrumbList","@id":"https:\/\/portaltela.pt\/noticias\/2026\/04\/28\/manifesto-pede-revolta-popular-em-angola-por-urnas-sob-controlo-do-poder\/#breadcrumb","itemListElement":[{"@type":"ListItem","position":1,"name":"In\u00edcio","item":"https:\/\/portaltela.pt\/"},{"@type":"ListItem","position":2,"name":"Manifesto pede revolta popular em Angola por urnas sob controlo do poder"}]},{"@type":"WebSite","@id":"https:\/\/portaltela.pt\/#website","url":"https:\/\/portaltela.pt\/","name":"Portal Tela Portugal","description":"","potentialAction":[{"@type":"SearchAction","target":{"@type":"EntryPoint","urlTemplate":"https:\/\/portaltela.pt\/?s={search_term_string}"},"query-input":{"@type":"PropertyValueSpecification","valueRequired":true,"valueName":"search_term_string"}}],"inLanguage":"pt-PT"},{"@type":"Person","@id":"https:\/\/portaltela.pt\/#\/schema\/person\/c4278d4a6028830caff9ee44b42d32ed","name":"Telinha","image":{"@type":"ImageObject","inLanguage":"pt-PT","@id":"https:\/\/portaltela.pt\/s.01k8rhncp4jt1\/2025\/11\/talking-bot-125x125.png","url":"https:\/\/portaltela.pt\/s.01k8rhncp4jt1\/2025\/11\/talking-bot-125x125.png","contentUrl":"https:\/\/portaltela.pt\/s.01k8rhncp4jt1\/2025\/11\/talking-bot-125x125.png","caption":"Telinha"},"sameAs":["https:\/\/portaltela.pt\/"],"url":"https:\/\/portaltela.pt\/por\/367410592786\/"}]}},"_links":{"self":[{"href":"https:\/\/portaltela.pt\/api\/wp\/v2\/posts\/460128","targetHints":{"allow":["GET"]}}],"collection":[{"href":"https:\/\/portaltela.pt\/api\/wp\/v2\/posts"}],"about":[{"href":"https:\/\/portaltela.pt\/api\/wp\/v2\/types\/post"}],"author":[{"embeddable":true,"href":"https:\/\/portaltela.pt\/api\/wp\/v2\/users\/2"}],"replies":[{"embeddable":true,"href":"https:\/\/portaltela.pt\/api\/wp\/v2\/comments?post=460128"}],"version-history":[{"count":0,"href":"https:\/\/portaltela.pt\/api\/wp\/v2\/posts\/460128\/revisions"}],"wp:featuredmedia":[{"embeddable":true,"href":"https:\/\/portaltela.pt\/api\/wp\/v2\/media\/460130"}],"wp:attachment":[{"href":"https:\/\/portaltela.pt\/api\/wp\/v2\/media?parent=460128"}],"wp:term":[{"taxonomy":"category","embeddable":true,"href":"https:\/\/portaltela.pt\/api\/wp\/v2\/categories?post=460128"},{"taxonomy":"post_tag","embeddable":true,"href":"https:\/\/portaltela.pt\/api\/wp\/v2\/tags?post=460128"}],"curies":[{"name":"wp","href":"https:\/\/api.w.org\/{rel}","templated":true}]}}