{"id":460111,"date":"2026-04-28T13:47:46","date_gmt":"2026-04-28T16:47:46","guid":{"rendered":"https:\/\/portaltela.pt\/noticias\/2026\/04\/28\/leonor-de-espanha-termina-formacao-militar-e-vai-estudar-ciencias-politicas\/"},"modified":"2026-04-28T13:47:46","modified_gmt":"2026-04-28T16:47:46","slug":"leonor-de-espanha-termina-formacao-militar-e-vai-estudar-ciencias-politicas","status":"publish","type":"post","link":"https:\/\/portaltela.pt\/sociedade\/2026\/04\/28\/leonor-de-espanha-termina-formacao-militar-e-vai-estudar-ciencias-politicas\/","title":{"rendered":"Leonor de Espanha termina forma\u00e7\u00e3o militar e vai estudar Ci\u00eancias Pol\u00edticas"},"content":{"rendered":"<p>A princesa Leonor de Espanha concluiu a forma\u00e7\u00e3o militar e vai prosseguir os estudos em Ci\u00eancias Pol\u00edticas. A decis\u00e3o foi anunciada pela casa real esta segunda-feira. A licenciatura ocorre na Universidade Carlos III, em Madrid, a partir de setembro.<\/p>\n<p>Leonor, de 20 anos, ingressa numa universidade p\u00fablica espanhola ap\u00f3s ter estudado no estrangeiro, no UWC Atlantic College, no Pa\u00eds de Gales. O curso tem dura\u00e7\u00e3o de quatro anos no campus de Getafe, perto de Madrid.<\/p>\n<p>A escolha de Ci\u00eancias Pol\u00edticas inclui disciplinas de Humanidades, Direito, Economia, Sociologia, Hist\u00f3ria e Rela\u00e7\u00f5es Internacionais. A academia refor\u00e7a que a princesa conciliar\u00e1 estudo com compromissos institucionais.<\/p>\n<h3>Forma\u00e7\u00e3o acad\u00e9mica e percurso<\/h3>\n<p>A UC3M j\u00e1 deu as boas-vindas \u00e0 princesa e reconhece o prest\u00edgio de estudar numa universidade p\u00fablica de refer\u00eancia. Leonor termina a etapa militar numa academia em San Javier, Murcia, e regressa a Madrid nos pr\u00f3ximos dias.<\/p>\n<p>Esta trajet\u00f3ria acompanha o caminho da irm\u00e3 Sofia, que frequenta licenciatura em Ci\u00eancia Pol\u00edtica e Rela\u00e7\u00f5es Internacionais no Forward College, em Lisboa. O padr\u00e3o familiar repete-se com a filha mais nova dos Reis de Espanha.<\/p>\n<p>Leonor j\u00e1 cumpriu forma\u00e7\u00f5es nas tr\u00eas For\u00e7as Armadas, seguindo o protocolo constitucional que obriga a passagem pelas for\u00e7as armadas. O objetivo \u00e9 preparar a sucessora para fun\u00e7\u00f5es institucionais futuras.<\/p>\n<p>O pai da princesa, Felipe VI, tamb\u00e9m optou por estudo superior na juventude, terminando Direito na Aut\u00f3noma de Madrid e mais tarde Rela\u00e7\u00f5es Internacionais em Georgetown.<\/p>\n","protected":false},"excerpt":{"rendered":"<ul>\n<li>Leonor de Espanha terminou a forma\u00e7\u00e3o militar e vai estudar Ci\u00eancias Pol\u00edticas na Universidade Carlos III, em Madrid, come\u00e7ando em setembro.<\/li>\n<li>A candidatura foi aprovada, com a mulher real a confirmar que vai conciliar os estudos com os compromissos institucionais.<\/li>\n<li>A licenciatura tem dura\u00e7\u00e3o de quatro anos, no campus de Getafe, e abrange disciplinas de Humanidades, Direito, Economia, Sociologia, Hist\u00f3ria e Rela\u00e7\u00f5es Internacionais.<\/li>\n<li>A universidade abriu as boas-vindas \u00e0 princesa de 20 anos, destacando a escolha numa das universidades p\u00fablicas mais prestigiadas de Espanha.<\/li>\n<li>Leonor segue o exemplo da irm\u00e3 Sofia, que est\u00e1 a terminar o primeiro ano de Ci\u00eancias Pol\u00edticas e Rela\u00e7\u00f5es Internacionais no Forward College, em Lisboa, ap\u00f3s a conclus\u00e3o da forma\u00e7\u00e3o militar.<\/li>\n<\/ul>\n","protected":false},"author":2,"featured_media":460113,"comment_status":"closed","ping_status":"closed","sticky":false,"template":"","format":"standard","meta":{"footnotes":""},"categories":[7384,6871],"tags":[8029,8387,8389,7913,7946,2189],"class_list":["post-460111","post","type-post","status-publish","format-standard","has-post-thumbnail","hentry","category-curiosidades","category-sociedade","tag-_ciencia","tag-_ensino-superior","tag-_forcas-armadas","tag-_politica","tag-_relacoes-internacionais","tag-espana"],"yoast_head":"<!-- This site is optimized with the Yoast SEO plugin v27.2 - https:\/\/yoast.com\/product\/yoast-seo-wordpress\/ -->\n<title>Leonor de Espanha termina forma\u00e7\u00e3o militar e vai estudar Ci\u00eancias Pol\u00edticas - Portal Tela Portugal<\/title>\n<meta name=\"robots\" content=\"index, follow, max-snippet:-1, max-image-preview:large, max-video-preview:-1\" \/>\n<meta property=\"og:locale\" content=\"pt_PT\" \/>\n<meta property=\"og:type\" content=\"article\" \/>\n<meta property=\"og:title\" content=\"Leonor de Espanha termina forma\u00e7\u00e3o militar e vai estudar Ci\u00eancias Pol\u00edticas - Portal Tela Portugal\" \/>\n<meta property=\"og:description\" content=\"Leonor de Espanha terminou a forma\u00e7\u00e3o militar e vai estudar Ci\u00eancias Pol\u00edticas na Universidade Carlos III, em Madrid, come\u00e7ando em setembro. A candidatura foi aprovada, com a mulher real a confirmar que vai conciliar os estudos com os compromissos institucionais. A licenciatura tem dura\u00e7\u00e3o de quatro anos, no campus de Getafe, e abrange disciplinas de Humanidades, Direito, Economia, Sociologia, Hist\u00f3ria e Rela\u00e7\u00f5es Internacionais. A universidade abriu as boas-vindas \u00e0 princesa de 20 anos, destacando a escolha numa das universidades p\u00fablicas mais prestigiadas de Espanha. Leonor segue o exemplo da irm\u00e3 Sofia, que est\u00e1 a terminar o primeiro ano de Ci\u00eancias Pol\u00edticas e Rela\u00e7\u00f5es Internacionais no Forward College, em Lisboa, ap\u00f3s a conclus\u00e3o da forma\u00e7\u00e3o militar.\" \/>\n<meta property=\"og:url\" content=\"https:\/\/portaltela.pt\/noticias\/2026\/04\/28\/leonor-de-espanha-termina-formacao-militar-e-vai-estudar-ciencias-politicas\/\" \/>\n<meta property=\"og:site_name\" content=\"Portal Tela Portugal\" \/>\n<meta property=\"article:published_time\" content=\"2026-04-28T16:47:46+00:00\" \/>\n<meta name=\"author\" content=\"Telinha\" \/>\n<meta name=\"twitter:card\" content=\"summary_large_image\" \/>\n<meta name=\"twitter:label1\" content=\"Escrito por\" \/>\n\t<meta name=\"twitter:data1\" content=\"Telinha\" \/>\n\t<meta name=\"twitter:label2\" content=\"Tempo estimado de leitura\" \/>\n\t<meta name=\"twitter:data2\" content=\"1 minuto\" \/>\n<script type=\"application\/ld+json\" class=\"yoast-schema-graph\">{\"@context\":\"https:\/\/schema.org\",\"@graph\":[{\"@type\":\"Article\",\"@id\":\"https:\/\/portaltela.pt\/noticias\/2026\/04\/28\/leonor-de-espanha-termina-formacao-militar-e-vai-estudar-ciencias-politicas\/#article\",\"isPartOf\":{\"@id\":\"https:\/\/portaltela.pt\/noticias\/2026\/04\/28\/leonor-de-espanha-termina-formacao-militar-e-vai-estudar-ciencias-politicas\/\"},\"author\":{\"name\":\"Telinha\",\"@id\":\"https:\/\/portaltela.pt\/#\/schema\/person\/c4278d4a6028830caff9ee44b42d32ed\"},\"headline\":\"Leonor de Espanha termina forma\u00e7\u00e3o militar e vai estudar Ci\u00eancias Pol\u00edticas\",\"datePublished\":\"2026-04-28T16:47:46+00:00\",\"mainEntityOfPage\":{\"@id\":\"https:\/\/portaltela.pt\/noticias\/2026\/04\/28\/leonor-de-espanha-termina-formacao-militar-e-vai-estudar-ciencias-politicas\/\"},\"wordCount\":277,\"image\":{\"@id\":\"https:\/\/portaltela.pt\/noticias\/2026\/04\/28\/leonor-de-espanha-termina-formacao-militar-e-vai-estudar-ciencias-politicas\/#primaryimage\"},\"thumbnailUrl\":\"https:\/\/portaltela.pt\/s.01k8rhncp4jt1\/2026\/04\/2084607.jpg\",\"keywords\":[\"_ci\u00eancia\",\"_Ensino Superior\",\"_For\u00e7as Armadas\",\"_pol\u00edtica\",\"_rela\u00e7\u00f5es internacionais\",\"Espa\u00f1a\"],\"articleSection\":[\"Curiosidades\",\"Sociedade\"],\"inLanguage\":\"pt-PT\"},{\"@type\":\"WebPage\",\"@id\":\"https:\/\/portaltela.pt\/noticias\/2026\/04\/28\/leonor-de-espanha-termina-formacao-militar-e-vai-estudar-ciencias-politicas\/\",\"url\":\"https:\/\/portaltela.pt\/noticias\/2026\/04\/28\/leonor-de-espanha-termina-formacao-militar-e-vai-estudar-ciencias-politicas\/\",\"name\":\"Leonor de Espanha termina forma\u00e7\u00e3o militar e vai estudar Ci\u00eancias Pol\u00edticas - Portal Tela Portugal\",\"isPartOf\":{\"@id\":\"https:\/\/portaltela.pt\/#website\"},\"primaryImageOfPage\":{\"@id\":\"https:\/\/portaltela.pt\/noticias\/2026\/04\/28\/leonor-de-espanha-termina-formacao-militar-e-vai-estudar-ciencias-politicas\/#primaryimage\"},\"image\":{\"@id\":\"https:\/\/portaltela.pt\/noticias\/2026\/04\/28\/leonor-de-espanha-termina-formacao-militar-e-vai-estudar-ciencias-politicas\/#primaryimage\"},\"thumbnailUrl\":\"https:\/\/portaltela.pt\/s.01k8rhncp4jt1\/2026\/04\/2084607.jpg\",\"datePublished\":\"2026-04-28T16:47:46+00:00\",\"author\":{\"@id\":\"https:\/\/portaltela.pt\/#\/schema\/person\/c4278d4a6028830caff9ee44b42d32ed\"},\"breadcrumb\":{\"@id\":\"https:\/\/portaltela.pt\/noticias\/2026\/04\/28\/leonor-de-espanha-termina-formacao-militar-e-vai-estudar-ciencias-politicas\/#breadcrumb\"},\"inLanguage\":\"pt-PT\",\"potentialAction\":[{\"@type\":\"ReadAction\",\"target\":[\"https:\/\/portaltela.pt\/noticias\/2026\/04\/28\/leonor-de-espanha-termina-formacao-militar-e-vai-estudar-ciencias-politicas\/\"]}]},{\"@type\":\"ImageObject\",\"inLanguage\":\"pt-PT\",\"@id\":\"https:\/\/portaltela.pt\/noticias\/2026\/04\/28\/leonor-de-espanha-termina-formacao-militar-e-vai-estudar-ciencias-politicas\/#primaryimage\",\"url\":\"https:\/\/portaltela.pt\/s.01k8rhncp4jt1\/2026\/04\/2084607.jpg\",\"contentUrl\":\"https:\/\/portaltela.pt\/s.01k8rhncp4jt1\/2026\/04\/2084607.jpg\",\"width\":796,\"height\":448,\"caption\":\"Leonor est\u00e1 a concluir a forma\u00e7\u00e3o na For\u00e7a A\u00e9rea Espanhola\"},{\"@type\":\"BreadcrumbList\",\"@id\":\"https:\/\/portaltela.pt\/noticias\/2026\/04\/28\/leonor-de-espanha-termina-formacao-militar-e-vai-estudar-ciencias-politicas\/#breadcrumb\",\"itemListElement\":[{\"@type\":\"ListItem\",\"position\":1,\"name\":\"In\u00edcio\",\"item\":\"https:\/\/portaltela.pt\/\"},{\"@type\":\"ListItem\",\"position\":2,\"name\":\"Leonor de Espanha termina forma\u00e7\u00e3o militar e vai estudar Ci\u00eancias Pol\u00edticas\"}]},{\"@type\":\"WebSite\",\"@id\":\"https:\/\/portaltela.pt\/#website\",\"url\":\"https:\/\/portaltela.pt\/\",\"name\":\"Portal Tela Portugal\",\"description\":\"\",\"potentialAction\":[{\"@type\":\"SearchAction\",\"target\":{\"@type\":\"EntryPoint\",\"urlTemplate\":\"https:\/\/portaltela.pt\/?s={search_term_string}\"},\"query-input\":{\"@type\":\"PropertyValueSpecification\",\"valueRequired\":true,\"valueName\":\"search_term_string\"}}],\"inLanguage\":\"pt-PT\"},{\"@type\":\"Person\",\"@id\":\"https:\/\/portaltela.pt\/#\/schema\/person\/c4278d4a6028830caff9ee44b42d32ed\",\"name\":\"Telinha\",\"image\":{\"@type\":\"ImageObject\",\"inLanguage\":\"pt-PT\",\"@id\":\"https:\/\/portaltela.pt\/s.01k8rhncp4jt1\/2025\/11\/talking-bot-125x125.png\",\"url\":\"https:\/\/portaltela.pt\/s.01k8rhncp4jt1\/2025\/11\/talking-bot-125x125.png\",\"contentUrl\":\"https:\/\/portaltela.pt\/s.01k8rhncp4jt1\/2025\/11\/talking-bot-125x125.png\",\"caption\":\"Telinha\"},\"sameAs\":[\"https:\/\/portaltela.pt\/\"],\"url\":\"https:\/\/portaltela.pt\/por\/367410592786\/\"}]}<\/script>\n<!-- \/ Yoast SEO plugin. -->","yoast_head_json":{"title":"Leonor de Espanha termina forma\u00e7\u00e3o militar e vai estudar Ci\u00eancias Pol\u00edticas - Portal Tela Portugal","robots":{"index":"index","follow":"follow","max-snippet":"max-snippet:-1","max-image-preview":"max-image-preview:large","max-video-preview":"max-video-preview:-1"},"og_locale":"pt_PT","og_type":"article","og_title":"Leonor de Espanha termina forma\u00e7\u00e3o militar e vai estudar Ci\u00eancias Pol\u00edticas - Portal Tela Portugal","og_description":"Leonor de Espanha terminou a forma\u00e7\u00e3o militar e vai estudar Ci\u00eancias Pol\u00edticas na Universidade Carlos III, em Madrid, come\u00e7ando em setembro. A candidatura foi aprovada, com a mulher real a confirmar que vai conciliar os estudos com os compromissos institucionais. A licenciatura tem dura\u00e7\u00e3o de quatro anos, no campus de Getafe, e abrange disciplinas de Humanidades, Direito, Economia, Sociologia, Hist\u00f3ria e Rela\u00e7\u00f5es Internacionais. A universidade abriu as boas-vindas \u00e0 princesa de 20 anos, destacando a escolha numa das universidades p\u00fablicas mais prestigiadas de Espanha. Leonor segue o exemplo da irm\u00e3 Sofia, que est\u00e1 a terminar o primeiro ano de Ci\u00eancias Pol\u00edticas e Rela\u00e7\u00f5es Internacionais no Forward College, em Lisboa, ap\u00f3s a conclus\u00e3o da forma\u00e7\u00e3o militar.","og_url":"https:\/\/portaltela.pt\/noticias\/2026\/04\/28\/leonor-de-espanha-termina-formacao-militar-e-vai-estudar-ciencias-politicas\/","og_site_name":"Portal Tela Portugal","article_published_time":"2026-04-28T16:47:46+00:00","author":"Telinha","twitter_card":"summary_large_image","twitter_misc":{"Escrito por":"Telinha","Tempo estimado de leitura":"1 minuto"},"schema":{"@context":"https:\/\/schema.org","@graph":[{"@type":"Article","@id":"https:\/\/portaltela.pt\/noticias\/2026\/04\/28\/leonor-de-espanha-termina-formacao-militar-e-vai-estudar-ciencias-politicas\/#article","isPartOf":{"@id":"https:\/\/portaltela.pt\/noticias\/2026\/04\/28\/leonor-de-espanha-termina-formacao-militar-e-vai-estudar-ciencias-politicas\/"},"author":{"name":"Telinha","@id":"https:\/\/portaltela.pt\/#\/schema\/person\/c4278d4a6028830caff9ee44b42d32ed"},"headline":"Leonor de Espanha termina forma\u00e7\u00e3o militar e vai estudar Ci\u00eancias Pol\u00edticas","datePublished":"2026-04-28T16:47:46+00:00","mainEntityOfPage":{"@id":"https:\/\/portaltela.pt\/noticias\/2026\/04\/28\/leonor-de-espanha-termina-formacao-militar-e-vai-estudar-ciencias-politicas\/"},"wordCount":277,"image":{"@id":"https:\/\/portaltela.pt\/noticias\/2026\/04\/28\/leonor-de-espanha-termina-formacao-militar-e-vai-estudar-ciencias-politicas\/#primaryimage"},"thumbnailUrl":"https:\/\/portaltela.pt\/s.01k8rhncp4jt1\/2026\/04\/2084607.jpg","keywords":["_ci\u00eancia","_Ensino Superior","_For\u00e7as Armadas","_pol\u00edtica","_rela\u00e7\u00f5es internacionais","Espa\u00f1a"],"articleSection":["Curiosidades","Sociedade"],"inLanguage":"pt-PT"},{"@type":"WebPage","@id":"https:\/\/portaltela.pt\/noticias\/2026\/04\/28\/leonor-de-espanha-termina-formacao-militar-e-vai-estudar-ciencias-politicas\/","url":"https:\/\/portaltela.pt\/noticias\/2026\/04\/28\/leonor-de-espanha-termina-formacao-militar-e-vai-estudar-ciencias-politicas\/","name":"Leonor de Espanha termina forma\u00e7\u00e3o militar e vai estudar Ci\u00eancias Pol\u00edticas - Portal Tela Portugal","isPartOf":{"@id":"https:\/\/portaltela.pt\/#website"},"primaryImageOfPage":{"@id":"https:\/\/portaltela.pt\/noticias\/2026\/04\/28\/leonor-de-espanha-termina-formacao-militar-e-vai-estudar-ciencias-politicas\/#primaryimage"},"image":{"@id":"https:\/\/portaltela.pt\/noticias\/2026\/04\/28\/leonor-de-espanha-termina-formacao-militar-e-vai-estudar-ciencias-politicas\/#primaryimage"},"thumbnailUrl":"https:\/\/portaltela.pt\/s.01k8rhncp4jt1\/2026\/04\/2084607.jpg","datePublished":"2026-04-28T16:47:46+00:00","author":{"@id":"https:\/\/portaltela.pt\/#\/schema\/person\/c4278d4a6028830caff9ee44b42d32ed"},"breadcrumb":{"@id":"https:\/\/portaltela.pt\/noticias\/2026\/04\/28\/leonor-de-espanha-termina-formacao-militar-e-vai-estudar-ciencias-politicas\/#breadcrumb"},"inLanguage":"pt-PT","potentialAction":[{"@type":"ReadAction","target":["https:\/\/portaltela.pt\/noticias\/2026\/04\/28\/leonor-de-espanha-termina-formacao-militar-e-vai-estudar-ciencias-politicas\/"]}]},{"@type":"ImageObject","inLanguage":"pt-PT","@id":"https:\/\/portaltela.pt\/noticias\/2026\/04\/28\/leonor-de-espanha-termina-formacao-militar-e-vai-estudar-ciencias-politicas\/#primaryimage","url":"https:\/\/portaltela.pt\/s.01k8rhncp4jt1\/2026\/04\/2084607.jpg","contentUrl":"https:\/\/portaltela.pt\/s.01k8rhncp4jt1\/2026\/04\/2084607.jpg","width":796,"height":448,"caption":"Leonor est\u00e1 a concluir a forma\u00e7\u00e3o na For\u00e7a A\u00e9rea Espanhola"},{"@type":"BreadcrumbList","@id":"https:\/\/portaltela.pt\/noticias\/2026\/04\/28\/leonor-de-espanha-termina-formacao-militar-e-vai-estudar-ciencias-politicas\/#breadcrumb","itemListElement":[{"@type":"ListItem","position":1,"name":"In\u00edcio","item":"https:\/\/portaltela.pt\/"},{"@type":"ListItem","position":2,"name":"Leonor de Espanha termina forma\u00e7\u00e3o militar e vai estudar Ci\u00eancias Pol\u00edticas"}]},{"@type":"WebSite","@id":"https:\/\/portaltela.pt\/#website","url":"https:\/\/portaltela.pt\/","name":"Portal Tela Portugal","description":"","potentialAction":[{"@type":"SearchAction","target":{"@type":"EntryPoint","urlTemplate":"https:\/\/portaltela.pt\/?s={search_term_string}"},"query-input":{"@type":"PropertyValueSpecification","valueRequired":true,"valueName":"search_term_string"}}],"inLanguage":"pt-PT"},{"@type":"Person","@id":"https:\/\/portaltela.pt\/#\/schema\/person\/c4278d4a6028830caff9ee44b42d32ed","name":"Telinha","image":{"@type":"ImageObject","inLanguage":"pt-PT","@id":"https:\/\/portaltela.pt\/s.01k8rhncp4jt1\/2025\/11\/talking-bot-125x125.png","url":"https:\/\/portaltela.pt\/s.01k8rhncp4jt1\/2025\/11\/talking-bot-125x125.png","contentUrl":"https:\/\/portaltela.pt\/s.01k8rhncp4jt1\/2025\/11\/talking-bot-125x125.png","caption":"Telinha"},"sameAs":["https:\/\/portaltela.pt\/"],"url":"https:\/\/portaltela.pt\/por\/367410592786\/"}]}},"_links":{"self":[{"href":"https:\/\/portaltela.pt\/api\/wp\/v2\/posts\/460111","targetHints":{"allow":["GET"]}}],"collection":[{"href":"https:\/\/portaltela.pt\/api\/wp\/v2\/posts"}],"about":[{"href":"https:\/\/portaltela.pt\/api\/wp\/v2\/types\/post"}],"author":[{"embeddable":true,"href":"https:\/\/portaltela.pt\/api\/wp\/v2\/users\/2"}],"replies":[{"embeddable":true,"href":"https:\/\/portaltela.pt\/api\/wp\/v2\/comments?post=460111"}],"version-history":[{"count":0,"href":"https:\/\/portaltela.pt\/api\/wp\/v2\/posts\/460111\/revisions"}],"wp:featuredmedia":[{"embeddable":true,"href":"https:\/\/portaltela.pt\/api\/wp\/v2\/media\/460113"}],"wp:attachment":[{"href":"https:\/\/portaltela.pt\/api\/wp\/v2\/media?parent=460111"}],"wp:term":[{"taxonomy":"category","embeddable":true,"href":"https:\/\/portaltela.pt\/api\/wp\/v2\/categories?post=460111"},{"taxonomy":"post_tag","embeddable":true,"href":"https:\/\/portaltela.pt\/api\/wp\/v2\/tags?post=460111"}],"curies":[{"name":"wp","href":"https:\/\/api.w.org\/{rel}","templated":true}]}}