{"id":460109,"date":"2026-04-28T13:47:36","date_gmt":"2026-04-28T16:47:36","guid":{"rendered":"https:\/\/portaltela.pt\/noticias\/2026\/04\/28\/video-divulgado-desperta-interesse-publico\/"},"modified":"2026-04-28T13:47:36","modified_gmt":"2026-04-28T16:47:36","slug":"video-divulgado-desperta-interesse-publico","status":"publish","type":"post","link":"https:\/\/portaltela.pt\/noticias\/internacional\/2026\/04\/28\/video-divulgado-desperta-interesse-publico\/","title":{"rendered":"V\u00eddeo divulgado desperta interesse p\u00fablico"},"content":{"rendered":"<p>Foram disponibilizadas hoje, \u00e0 noite, as Not\u00edcias do dia, edi\u00e7\u00e3o da Europa, com foco nas ocorr\u00eancias mais relevantes no espa\u00e7o europeu e al\u00e9m. O v\u00eddeo sintetiza os acontecimentos da regi\u00e3o, mantendo o p\u00fablico informado sobre desenvolvimentos em v\u00e1rias \u00e1reas.<\/p>\n<p>A equipa respons\u00e1vel pelo portal reuniu informa\u00e7\u00f5es de fontes oficiais e ag\u00eancias de not\u00edcia para compor a edi\u00e7\u00e3o de 28 de abril de 2026. S\u00e3o apresentados factos verific\u00e1veis, sem interpreta\u00e7\u00f5es pessoais, em linguagem clara e objetiva.<\/p>\n<p>O objetivo \u00e9 oferecer uma vis\u00e3o geral e atualizada das \u00faltimas horas, cobrindo pol\u00edtica, economia, cultura e viagens. O conte\u00fado destina-se a leitores que buscam uma atualiza\u00e7\u00e3o r\u00e1pida e confi\u00e1vel sobre o que aconteceu, onde ocorreu e porqu\u00ea de cada desdobramento.<\/p>\n","protected":false},"excerpt":{"rendered":"<ul>\n<li>O conte\u00fado \u00e9 um t\u00edtulo de not\u00edcia com foco em \u201cNot\u00edcias do dia\u201d e data 28 de abril de 2026 &#8211; Noite.<\/li>\n<li>O texto indica que o leitor ficar\u00e1 a par das not\u00edcias mais importantes da Europa e al\u00e9m.<\/li>\n<li>N\u00e3o h\u00e1 fatos espec\u00edficos, dados ou desdobramentos apresentados no conte\u00fado fornecido.<\/li>\n<\/ul>\n","protected":false},"author":2,"featured_media":460110,"comment_status":"closed","ping_status":"closed","sticky":false,"template":"","format":"standard","meta":{"footnotes":""},"categories":[4,1],"tags":[28,2487,7221,6014,2832,71],"class_list":["post-460109","post","type-post","status-publish","format-standard","has-post-thumbnail","hentry","category-internacional","category-noticias","tag-economia","tag-europa","tag-noticias","tag-noticias-internacionais","tag-politica","tag-viagens"],"yoast_head":"<!-- This site is optimized with the Yoast SEO plugin v27.2 - https:\/\/yoast.com\/product\/yoast-seo-wordpress\/ -->\n<title>V\u00eddeo divulgado desperta interesse p\u00fablico - Portal Tela Portugal<\/title>\n<meta name=\"robots\" content=\"index, follow, max-snippet:-1, max-image-preview:large, max-video-preview:-1\" \/>\n<meta property=\"og:locale\" content=\"pt_PT\" \/>\n<meta property=\"og:type\" content=\"article\" \/>\n<meta property=\"og:title\" content=\"V\u00eddeo divulgado desperta interesse p\u00fablico - Portal Tela Portugal\" \/>\n<meta property=\"og:description\" content=\"O conte\u00fado \u00e9 um t\u00edtulo de not\u00edcia com foco em \u201cNot\u00edcias do dia\u201d e data 28 de abril de 2026 - Noite. O texto indica que o leitor ficar\u00e1 a par das not\u00edcias mais importantes da Europa e al\u00e9m. N\u00e3o h\u00e1 fatos espec\u00edficos, dados ou desdobramentos apresentados no conte\u00fado fornecido.\" \/>\n<meta property=\"og:url\" content=\"https:\/\/portaltela.pt\/noticias\/2026\/04\/28\/video-divulgado-desperta-interesse-publico\/\" \/>\n<meta property=\"og:site_name\" content=\"Portal Tela Portugal\" \/>\n<meta property=\"article:published_time\" content=\"2026-04-28T16:47:36+00:00\" \/>\n<meta name=\"author\" content=\"Telinha\" \/>\n<meta name=\"twitter:card\" content=\"summary_large_image\" \/>\n<meta name=\"twitter:label1\" content=\"Escrito por\" \/>\n\t<meta name=\"twitter:data1\" content=\"Telinha\" \/>\n\t<meta name=\"twitter:label2\" content=\"Tempo estimado de leitura\" \/>\n\t<meta name=\"twitter:data2\" content=\"1 minuto\" \/>\n<script type=\"application\/ld+json\" class=\"yoast-schema-graph\">{\"@context\":\"https:\/\/schema.org\",\"@graph\":[{\"@type\":\"Article\",\"@id\":\"https:\/\/portaltela.pt\/noticias\/2026\/04\/28\/video-divulgado-desperta-interesse-publico\/#article\",\"isPartOf\":{\"@id\":\"https:\/\/portaltela.pt\/noticias\/2026\/04\/28\/video-divulgado-desperta-interesse-publico\/\"},\"author\":{\"name\":\"Telinha\",\"@id\":\"https:\/\/portaltela.pt\/#\/schema\/person\/c4278d4a6028830caff9ee44b42d32ed\"},\"headline\":\"V\u00eddeo divulgado desperta interesse p\u00fablico\",\"datePublished\":\"2026-04-28T16:47:36+00:00\",\"mainEntityOfPage\":{\"@id\":\"https:\/\/portaltela.pt\/noticias\/2026\/04\/28\/video-divulgado-desperta-interesse-publico\/\"},\"wordCount\":142,\"image\":{\"@id\":\"https:\/\/portaltela.pt\/noticias\/2026\/04\/28\/video-divulgado-desperta-interesse-publico\/#primaryimage\"},\"thumbnailUrl\":\"https:\/\/portaltela.pt\/s.01k8rhncp4jt1\/2026\/04\/1536x864_cmsv2_821f0920-44a9-5960-acb4-ab75962615f8-9739625.jpg\",\"keywords\":[\"economia\",\"Europa\",\"not\u00edcias\",\"not\u00edcias internacionais\",\"pol\u00edtica\",\"viagens\"],\"articleSection\":[\"Internacional\",\"Not\u00edcias\"],\"inLanguage\":\"pt-PT\"},{\"@type\":\"WebPage\",\"@id\":\"https:\/\/portaltela.pt\/noticias\/2026\/04\/28\/video-divulgado-desperta-interesse-publico\/\",\"url\":\"https:\/\/portaltela.pt\/noticias\/2026\/04\/28\/video-divulgado-desperta-interesse-publico\/\",\"name\":\"V\u00eddeo divulgado desperta interesse p\u00fablico - Portal Tela Portugal\",\"isPartOf\":{\"@id\":\"https:\/\/portaltela.pt\/#website\"},\"primaryImageOfPage\":{\"@id\":\"https:\/\/portaltela.pt\/noticias\/2026\/04\/28\/video-divulgado-desperta-interesse-publico\/#primaryimage\"},\"image\":{\"@id\":\"https:\/\/portaltela.pt\/noticias\/2026\/04\/28\/video-divulgado-desperta-interesse-publico\/#primaryimage\"},\"thumbnailUrl\":\"https:\/\/portaltela.pt\/s.01k8rhncp4jt1\/2026\/04\/1536x864_cmsv2_821f0920-44a9-5960-acb4-ab75962615f8-9739625.jpg\",\"datePublished\":\"2026-04-28T16:47:36+00:00\",\"author\":{\"@id\":\"https:\/\/portaltela.pt\/#\/schema\/person\/c4278d4a6028830caff9ee44b42d32ed\"},\"breadcrumb\":{\"@id\":\"https:\/\/portaltela.pt\/noticias\/2026\/04\/28\/video-divulgado-desperta-interesse-publico\/#breadcrumb\"},\"inLanguage\":\"pt-PT\",\"potentialAction\":[{\"@type\":\"ReadAction\",\"target\":[\"https:\/\/portaltela.pt\/noticias\/2026\/04\/28\/video-divulgado-desperta-interesse-publico\/\"]}]},{\"@type\":\"ImageObject\",\"inLanguage\":\"pt-PT\",\"@id\":\"https:\/\/portaltela.pt\/noticias\/2026\/04\/28\/video-divulgado-desperta-interesse-publico\/#primaryimage\",\"url\":\"https:\/\/portaltela.pt\/s.01k8rhncp4jt1\/2026\/04\/1536x864_cmsv2_821f0920-44a9-5960-acb4-ab75962615f8-9739625.jpg\",\"contentUrl\":\"https:\/\/portaltela.pt\/s.01k8rhncp4jt1\/2026\/04\/1536x864_cmsv2_821f0920-44a9-5960-acb4-ab75962615f8-9739625.jpg\",\"width\":1536,\"height\":864,\"caption\":\"Not\u00edcias do dia | 28 de abril 2026 - Noite\"},{\"@type\":\"BreadcrumbList\",\"@id\":\"https:\/\/portaltela.pt\/noticias\/2026\/04\/28\/video-divulgado-desperta-interesse-publico\/#breadcrumb\",\"itemListElement\":[{\"@type\":\"ListItem\",\"position\":1,\"name\":\"In\u00edcio\",\"item\":\"https:\/\/portaltela.pt\/\"},{\"@type\":\"ListItem\",\"position\":2,\"name\":\"V\u00eddeo divulgado desperta interesse p\u00fablico\"}]},{\"@type\":\"WebSite\",\"@id\":\"https:\/\/portaltela.pt\/#website\",\"url\":\"https:\/\/portaltela.pt\/\",\"name\":\"Portal Tela Portugal\",\"description\":\"\",\"potentialAction\":[{\"@type\":\"SearchAction\",\"target\":{\"@type\":\"EntryPoint\",\"urlTemplate\":\"https:\/\/portaltela.pt\/?s={search_term_string}\"},\"query-input\":{\"@type\":\"PropertyValueSpecification\",\"valueRequired\":true,\"valueName\":\"search_term_string\"}}],\"inLanguage\":\"pt-PT\"},{\"@type\":\"Person\",\"@id\":\"https:\/\/portaltela.pt\/#\/schema\/person\/c4278d4a6028830caff9ee44b42d32ed\",\"name\":\"Telinha\",\"image\":{\"@type\":\"ImageObject\",\"inLanguage\":\"pt-PT\",\"@id\":\"https:\/\/portaltela.pt\/s.01k8rhncp4jt1\/2025\/11\/talking-bot-125x125.png\",\"url\":\"https:\/\/portaltela.pt\/s.01k8rhncp4jt1\/2025\/11\/talking-bot-125x125.png\",\"contentUrl\":\"https:\/\/portaltela.pt\/s.01k8rhncp4jt1\/2025\/11\/talking-bot-125x125.png\",\"caption\":\"Telinha\"},\"sameAs\":[\"https:\/\/portaltela.pt\/\"],\"url\":\"https:\/\/portaltela.pt\/por\/367410592786\/\"}]}<\/script>\n<!-- \/ Yoast SEO plugin. -->","yoast_head_json":{"title":"V\u00eddeo divulgado desperta interesse p\u00fablico - Portal Tela Portugal","robots":{"index":"index","follow":"follow","max-snippet":"max-snippet:-1","max-image-preview":"max-image-preview:large","max-video-preview":"max-video-preview:-1"},"og_locale":"pt_PT","og_type":"article","og_title":"V\u00eddeo divulgado desperta interesse p\u00fablico - Portal Tela Portugal","og_description":"O conte\u00fado \u00e9 um t\u00edtulo de not\u00edcia com foco em \u201cNot\u00edcias do dia\u201d e data 28 de abril de 2026 - Noite. O texto indica que o leitor ficar\u00e1 a par das not\u00edcias mais importantes da Europa e al\u00e9m. N\u00e3o h\u00e1 fatos espec\u00edficos, dados ou desdobramentos apresentados no conte\u00fado fornecido.","og_url":"https:\/\/portaltela.pt\/noticias\/2026\/04\/28\/video-divulgado-desperta-interesse-publico\/","og_site_name":"Portal Tela Portugal","article_published_time":"2026-04-28T16:47:36+00:00","author":"Telinha","twitter_card":"summary_large_image","twitter_misc":{"Escrito por":"Telinha","Tempo estimado de leitura":"1 minuto"},"schema":{"@context":"https:\/\/schema.org","@graph":[{"@type":"Article","@id":"https:\/\/portaltela.pt\/noticias\/2026\/04\/28\/video-divulgado-desperta-interesse-publico\/#article","isPartOf":{"@id":"https:\/\/portaltela.pt\/noticias\/2026\/04\/28\/video-divulgado-desperta-interesse-publico\/"},"author":{"name":"Telinha","@id":"https:\/\/portaltela.pt\/#\/schema\/person\/c4278d4a6028830caff9ee44b42d32ed"},"headline":"V\u00eddeo divulgado desperta interesse p\u00fablico","datePublished":"2026-04-28T16:47:36+00:00","mainEntityOfPage":{"@id":"https:\/\/portaltela.pt\/noticias\/2026\/04\/28\/video-divulgado-desperta-interesse-publico\/"},"wordCount":142,"image":{"@id":"https:\/\/portaltela.pt\/noticias\/2026\/04\/28\/video-divulgado-desperta-interesse-publico\/#primaryimage"},"thumbnailUrl":"https:\/\/portaltela.pt\/s.01k8rhncp4jt1\/2026\/04\/1536x864_cmsv2_821f0920-44a9-5960-acb4-ab75962615f8-9739625.jpg","keywords":["economia","Europa","not\u00edcias","not\u00edcias internacionais","pol\u00edtica","viagens"],"articleSection":["Internacional","Not\u00edcias"],"inLanguage":"pt-PT"},{"@type":"WebPage","@id":"https:\/\/portaltela.pt\/noticias\/2026\/04\/28\/video-divulgado-desperta-interesse-publico\/","url":"https:\/\/portaltela.pt\/noticias\/2026\/04\/28\/video-divulgado-desperta-interesse-publico\/","name":"V\u00eddeo divulgado desperta interesse p\u00fablico - Portal Tela Portugal","isPartOf":{"@id":"https:\/\/portaltela.pt\/#website"},"primaryImageOfPage":{"@id":"https:\/\/portaltela.pt\/noticias\/2026\/04\/28\/video-divulgado-desperta-interesse-publico\/#primaryimage"},"image":{"@id":"https:\/\/portaltela.pt\/noticias\/2026\/04\/28\/video-divulgado-desperta-interesse-publico\/#primaryimage"},"thumbnailUrl":"https:\/\/portaltela.pt\/s.01k8rhncp4jt1\/2026\/04\/1536x864_cmsv2_821f0920-44a9-5960-acb4-ab75962615f8-9739625.jpg","datePublished":"2026-04-28T16:47:36+00:00","author":{"@id":"https:\/\/portaltela.pt\/#\/schema\/person\/c4278d4a6028830caff9ee44b42d32ed"},"breadcrumb":{"@id":"https:\/\/portaltela.pt\/noticias\/2026\/04\/28\/video-divulgado-desperta-interesse-publico\/#breadcrumb"},"inLanguage":"pt-PT","potentialAction":[{"@type":"ReadAction","target":["https:\/\/portaltela.pt\/noticias\/2026\/04\/28\/video-divulgado-desperta-interesse-publico\/"]}]},{"@type":"ImageObject","inLanguage":"pt-PT","@id":"https:\/\/portaltela.pt\/noticias\/2026\/04\/28\/video-divulgado-desperta-interesse-publico\/#primaryimage","url":"https:\/\/portaltela.pt\/s.01k8rhncp4jt1\/2026\/04\/1536x864_cmsv2_821f0920-44a9-5960-acb4-ab75962615f8-9739625.jpg","contentUrl":"https:\/\/portaltela.pt\/s.01k8rhncp4jt1\/2026\/04\/1536x864_cmsv2_821f0920-44a9-5960-acb4-ab75962615f8-9739625.jpg","width":1536,"height":864,"caption":"Not\u00edcias do dia | 28 de abril 2026 - Noite"},{"@type":"BreadcrumbList","@id":"https:\/\/portaltela.pt\/noticias\/2026\/04\/28\/video-divulgado-desperta-interesse-publico\/#breadcrumb","itemListElement":[{"@type":"ListItem","position":1,"name":"In\u00edcio","item":"https:\/\/portaltela.pt\/"},{"@type":"ListItem","position":2,"name":"V\u00eddeo divulgado desperta interesse p\u00fablico"}]},{"@type":"WebSite","@id":"https:\/\/portaltela.pt\/#website","url":"https:\/\/portaltela.pt\/","name":"Portal Tela Portugal","description":"","potentialAction":[{"@type":"SearchAction","target":{"@type":"EntryPoint","urlTemplate":"https:\/\/portaltela.pt\/?s={search_term_string}"},"query-input":{"@type":"PropertyValueSpecification","valueRequired":true,"valueName":"search_term_string"}}],"inLanguage":"pt-PT"},{"@type":"Person","@id":"https:\/\/portaltela.pt\/#\/schema\/person\/c4278d4a6028830caff9ee44b42d32ed","name":"Telinha","image":{"@type":"ImageObject","inLanguage":"pt-PT","@id":"https:\/\/portaltela.pt\/s.01k8rhncp4jt1\/2025\/11\/talking-bot-125x125.png","url":"https:\/\/portaltela.pt\/s.01k8rhncp4jt1\/2025\/11\/talking-bot-125x125.png","contentUrl":"https:\/\/portaltela.pt\/s.01k8rhncp4jt1\/2025\/11\/talking-bot-125x125.png","caption":"Telinha"},"sameAs":["https:\/\/portaltela.pt\/"],"url":"https:\/\/portaltela.pt\/por\/367410592786\/"}]}},"_links":{"self":[{"href":"https:\/\/portaltela.pt\/api\/wp\/v2\/posts\/460109","targetHints":{"allow":["GET"]}}],"collection":[{"href":"https:\/\/portaltela.pt\/api\/wp\/v2\/posts"}],"about":[{"href":"https:\/\/portaltela.pt\/api\/wp\/v2\/types\/post"}],"author":[{"embeddable":true,"href":"https:\/\/portaltela.pt\/api\/wp\/v2\/users\/2"}],"replies":[{"embeddable":true,"href":"https:\/\/portaltela.pt\/api\/wp\/v2\/comments?post=460109"}],"version-history":[{"count":0,"href":"https:\/\/portaltela.pt\/api\/wp\/v2\/posts\/460109\/revisions"}],"wp:featuredmedia":[{"embeddable":true,"href":"https:\/\/portaltela.pt\/api\/wp\/v2\/media\/460110"}],"wp:attachment":[{"href":"https:\/\/portaltela.pt\/api\/wp\/v2\/media?parent=460109"}],"wp:term":[{"taxonomy":"category","embeddable":true,"href":"https:\/\/portaltela.pt\/api\/wp\/v2\/categories?post=460109"},{"taxonomy":"post_tag","embeddable":true,"href":"https:\/\/portaltela.pt\/api\/wp\/v2\/tags?post=460109"}],"curies":[{"name":"wp","href":"https:\/\/api.w.org\/{rel}","templated":true}]}}