{"id":460101,"date":"2026-04-28T13:33:29","date_gmt":"2026-04-28T16:33:29","guid":{"rendered":"https:\/\/portaltela.pt\/noticias\/2026\/04\/28\/marisa-liz-causa-confusao-ao-exibir-casaco-com-alarme-numa-gala\/"},"modified":"2026-04-28T13:33:29","modified_gmt":"2026-04-28T16:33:29","slug":"marisa-liz-causa-confusao-ao-exibir-casaco-com-alarme-numa-gala","status":"publish","type":"post","link":"https:\/\/portaltela.pt\/celebridades\/2026\/04\/28\/marisa-liz-causa-confusao-ao-exibir-casaco-com-alarme-numa-gala\/","title":{"rendered":"Marisa Liz causa confus\u00e3o ao exibir casaco com alarme numa gala"},"content":{"rendered":"<p>Marisa Liz gerou confus\u00e3o na gala dos PLAY, ao surgir com um alarme de loja preso ao casaco. O momento aconteceu durante a cerim\u00f3nia de 23 de abril, no Coliseu dos Recreios, em Lisboa, onde a artista participou numa vez de homenagem a Jorge Palma e entregou o pr\u00e9mio Vodafone Can\u00e7\u00e3o do Ano. O alarme ficou vis\u00edvel durante a passagem de palco, gerando memes nas redes sociais.<\/p>\n<p>A cantora respondeu de forma bem-humorada aos coment\u00e1rios, atrav\u00e9s das stories do Instagram. Ela explicou que o alarme disparou mais cedo e que o look n\u00e3o envolveu qualquer pr\u00e1tica il\u00edcita. As publica\u00e7\u00f5es inclu\u00edram ainda uma men\u00e7\u00e3o ao lan\u00e7amento do pr\u00f3ximo disco.<\/p>\n<p>No feed, Marisa Liz reclamou o tempo da apresenta\u00e7\u00e3o como parte de uma narrativa criativa, ao promover o novo trabalho. A obra, intitulada *Relatos de um Cora\u00e7\u00e3o Confuso*, est\u00e1 marcada para estrear a 22 de maio. O epis\u00f3dio rapidamente se tornou tema de conversa online, sem afetar a participa\u00e7\u00e3o na gala.<\/p>\n","protected":false},"excerpt":{"rendered":"<ul>\n<li>Na noite de 23 de abril, no Coliseu dos Recreios, em Lisboa, Marisa Liz participou na gala PLAY &#8211; Pr\u00e9mios da M\u00fasica Portuguesa 2026 e entregou o pr\u00e9mio Vodafone Can\u00e7\u00e3o do Ano.<\/li>\n<\/ul>\n<p>\u2022<\/p>\n<ul>\n<li>A cantora foi noticia por surgir com um alarme de loja ainda preso \u00e0 roupa, gerando memes nas redes.<\/li>\n<\/ul>\n<p>\u2022<\/p>\n<ul>\n<li>Nas stories do Instagram, recebeu humorosamente as rea\u00e7\u00f5es, dizendo que o alarme chegou mais cedo e que n\u00e3o pagou pelo look.<\/li>\n<\/ul>\n<p>\u2022<\/p>\n<ul>\n<li>No feed, Marisa Liz promoveu o novo disco, com a data de lan\u00e7amento &#8220;Relatos de um Cora\u00e7\u00e3o Confuso \u2013 22 de maio&#8221;.<\/li>\n<\/ul>\n","protected":false},"author":2,"featured_media":460104,"comment_status":"closed","ping_status":"closed","sticky":false,"template":"","format":"standard","meta":{"footnotes":""},"categories":[6675],"tags":[6163,145,3731,981,122,7667],"class_list":["post-460101","post","type-post","status-publish","format-standard","has-post-thumbnail","hentry","category-celebridades","tag-cantores","tag-cultura","tag-eventos","tag-lisboa","tag-musica","tag-musica-ao-vivo"],"yoast_head":"<!-- This site is optimized with the Yoast SEO plugin v27.2 - https:\/\/yoast.com\/product\/yoast-seo-wordpress\/ -->\n<title>Marisa Liz causa confus\u00e3o ao exibir casaco com alarme numa gala - Portal Tela Portugal<\/title>\n<meta name=\"robots\" content=\"index, follow, max-snippet:-1, max-image-preview:large, max-video-preview:-1\" \/>\n<meta property=\"og:locale\" content=\"pt_PT\" \/>\n<meta property=\"og:type\" content=\"article\" \/>\n<meta property=\"og:title\" content=\"Marisa Liz causa confus\u00e3o ao exibir casaco com alarme numa gala - Portal Tela Portugal\" \/>\n<meta property=\"og:description\" content=\"Na noite de 23 de abril, no Coliseu dos Recreios, em Lisboa, Marisa Liz participou na gala PLAY - Pr\u00e9mios da M\u00fasica Portuguesa 2026 e entregou o pr\u00e9mio Vodafone Can\u00e7\u00e3o do Ano. \u2022 A cantora foi noticia por surgir com um alarme de loja ainda preso \u00e0 roupa, gerando memes nas redes. \u2022 Nas stories do Instagram, recebeu humorosamente as rea\u00e7\u00f5es, dizendo que o alarme chegou mais cedo e que n\u00e3o pagou pelo look. \u2022 No feed, Marisa Liz promoveu o novo disco, com a data de lan\u00e7amento &quot;Relatos de um Cora\u00e7\u00e3o Confuso \u2013 22 de maio&quot;.\" \/>\n<meta property=\"og:url\" content=\"https:\/\/portaltela.pt\/noticias\/2026\/04\/28\/marisa-liz-causa-confusao-ao-exibir-casaco-com-alarme-numa-gala\/\" \/>\n<meta property=\"og:site_name\" content=\"Portal Tela Portugal\" \/>\n<meta property=\"article:published_time\" content=\"2026-04-28T16:33:29+00:00\" \/>\n<meta name=\"author\" content=\"Telinha\" \/>\n<meta name=\"twitter:card\" content=\"summary_large_image\" \/>\n<meta name=\"twitter:label1\" content=\"Escrito por\" \/>\n\t<meta name=\"twitter:data1\" content=\"Telinha\" \/>\n\t<meta name=\"twitter:label2\" content=\"Tempo estimado de leitura\" \/>\n\t<meta name=\"twitter:data2\" content=\"1 minuto\" \/>\n<script type=\"application\/ld+json\" class=\"yoast-schema-graph\">{\"@context\":\"https:\/\/schema.org\",\"@graph\":[{\"@type\":\"Article\",\"@id\":\"https:\/\/portaltela.pt\/noticias\/2026\/04\/28\/marisa-liz-causa-confusao-ao-exibir-casaco-com-alarme-numa-gala\/#article\",\"isPartOf\":{\"@id\":\"https:\/\/portaltela.pt\/noticias\/2026\/04\/28\/marisa-liz-causa-confusao-ao-exibir-casaco-com-alarme-numa-gala\/\"},\"author\":{\"name\":\"Telinha\",\"@id\":\"https:\/\/portaltela.pt\/#\/schema\/person\/c4278d4a6028830caff9ee44b42d32ed\"},\"headline\":\"Marisa Liz causa confus\u00e3o ao exibir casaco com alarme numa gala\",\"datePublished\":\"2026-04-28T16:33:29+00:00\",\"mainEntityOfPage\":{\"@id\":\"https:\/\/portaltela.pt\/noticias\/2026\/04\/28\/marisa-liz-causa-confusao-ao-exibir-casaco-com-alarme-numa-gala\/\"},\"wordCount\":188,\"image\":{\"@id\":\"https:\/\/portaltela.pt\/noticias\/2026\/04\/28\/marisa-liz-causa-confusao-ao-exibir-casaco-com-alarme-numa-gala\/#primaryimage\"},\"thumbnailUrl\":\"https:\/\/portaltela.pt\/s.01k8rhncp4jt1\/2026\/04\/img_1280x718uu2026-04-28-15-49-15-2281599-im-639129881682803521.jpg\",\"keywords\":[\"cantores\",\"cultura\",\"eventos\",\"Lisboa\",\"m\u00fasica\",\"m\u00fasica ao vivo\"],\"articleSection\":[\"Celebridades\"],\"inLanguage\":\"pt-PT\"},{\"@type\":\"WebPage\",\"@id\":\"https:\/\/portaltela.pt\/noticias\/2026\/04\/28\/marisa-liz-causa-confusao-ao-exibir-casaco-com-alarme-numa-gala\/\",\"url\":\"https:\/\/portaltela.pt\/noticias\/2026\/04\/28\/marisa-liz-causa-confusao-ao-exibir-casaco-com-alarme-numa-gala\/\",\"name\":\"Marisa Liz causa confus\u00e3o ao exibir casaco com alarme numa gala - Portal Tela Portugal\",\"isPartOf\":{\"@id\":\"https:\/\/portaltela.pt\/#website\"},\"primaryImageOfPage\":{\"@id\":\"https:\/\/portaltela.pt\/noticias\/2026\/04\/28\/marisa-liz-causa-confusao-ao-exibir-casaco-com-alarme-numa-gala\/#primaryimage\"},\"image\":{\"@id\":\"https:\/\/portaltela.pt\/noticias\/2026\/04\/28\/marisa-liz-causa-confusao-ao-exibir-casaco-com-alarme-numa-gala\/#primaryimage\"},\"thumbnailUrl\":\"https:\/\/portaltela.pt\/s.01k8rhncp4jt1\/2026\/04\/img_1280x718uu2026-04-28-15-49-15-2281599-im-639129881682803521.jpg\",\"datePublished\":\"2026-04-28T16:33:29+00:00\",\"author\":{\"@id\":\"https:\/\/portaltela.pt\/#\/schema\/person\/c4278d4a6028830caff9ee44b42d32ed\"},\"breadcrumb\":{\"@id\":\"https:\/\/portaltela.pt\/noticias\/2026\/04\/28\/marisa-liz-causa-confusao-ao-exibir-casaco-com-alarme-numa-gala\/#breadcrumb\"},\"inLanguage\":\"pt-PT\",\"potentialAction\":[{\"@type\":\"ReadAction\",\"target\":[\"https:\/\/portaltela.pt\/noticias\/2026\/04\/28\/marisa-liz-causa-confusao-ao-exibir-casaco-com-alarme-numa-gala\/\"]}]},{\"@type\":\"ImageObject\",\"inLanguage\":\"pt-PT\",\"@id\":\"https:\/\/portaltela.pt\/noticias\/2026\/04\/28\/marisa-liz-causa-confusao-ao-exibir-casaco-com-alarme-numa-gala\/#primaryimage\",\"url\":\"https:\/\/portaltela.pt\/s.01k8rhncp4jt1\/2026\/04\/img_1280x718uu2026-04-28-15-49-15-2281599-im-639129881682803521.jpg\",\"contentUrl\":\"https:\/\/portaltela.pt\/s.01k8rhncp4jt1\/2026\/04\/img_1280x718uu2026-04-28-15-49-15-2281599-im-639129881682803521.jpg\",\"width\":796,\"height\":448,\"caption\":\"Marisa Liz\"},{\"@type\":\"BreadcrumbList\",\"@id\":\"https:\/\/portaltela.pt\/noticias\/2026\/04\/28\/marisa-liz-causa-confusao-ao-exibir-casaco-com-alarme-numa-gala\/#breadcrumb\",\"itemListElement\":[{\"@type\":\"ListItem\",\"position\":1,\"name\":\"In\u00edcio\",\"item\":\"https:\/\/portaltela.pt\/\"},{\"@type\":\"ListItem\",\"position\":2,\"name\":\"Marisa Liz causa confus\u00e3o ao exibir casaco com alarme numa gala\"}]},{\"@type\":\"WebSite\",\"@id\":\"https:\/\/portaltela.pt\/#website\",\"url\":\"https:\/\/portaltela.pt\/\",\"name\":\"Portal Tela Portugal\",\"description\":\"\",\"potentialAction\":[{\"@type\":\"SearchAction\",\"target\":{\"@type\":\"EntryPoint\",\"urlTemplate\":\"https:\/\/portaltela.pt\/?s={search_term_string}\"},\"query-input\":{\"@type\":\"PropertyValueSpecification\",\"valueRequired\":true,\"valueName\":\"search_term_string\"}}],\"inLanguage\":\"pt-PT\"},{\"@type\":\"Person\",\"@id\":\"https:\/\/portaltela.pt\/#\/schema\/person\/c4278d4a6028830caff9ee44b42d32ed\",\"name\":\"Telinha\",\"image\":{\"@type\":\"ImageObject\",\"inLanguage\":\"pt-PT\",\"@id\":\"https:\/\/portaltela.pt\/s.01k8rhncp4jt1\/2025\/11\/talking-bot-125x125.png\",\"url\":\"https:\/\/portaltela.pt\/s.01k8rhncp4jt1\/2025\/11\/talking-bot-125x125.png\",\"contentUrl\":\"https:\/\/portaltela.pt\/s.01k8rhncp4jt1\/2025\/11\/talking-bot-125x125.png\",\"caption\":\"Telinha\"},\"sameAs\":[\"https:\/\/portaltela.pt\/\"],\"url\":\"https:\/\/portaltela.pt\/por\/367410592786\/\"}]}<\/script>\n<!-- \/ Yoast SEO plugin. -->","yoast_head_json":{"title":"Marisa Liz causa confus\u00e3o ao exibir casaco com alarme numa gala - Portal Tela Portugal","robots":{"index":"index","follow":"follow","max-snippet":"max-snippet:-1","max-image-preview":"max-image-preview:large","max-video-preview":"max-video-preview:-1"},"og_locale":"pt_PT","og_type":"article","og_title":"Marisa Liz causa confus\u00e3o ao exibir casaco com alarme numa gala - Portal Tela Portugal","og_description":"Na noite de 23 de abril, no Coliseu dos Recreios, em Lisboa, Marisa Liz participou na gala PLAY - Pr\u00e9mios da M\u00fasica Portuguesa 2026 e entregou o pr\u00e9mio Vodafone Can\u00e7\u00e3o do Ano. \u2022 A cantora foi noticia por surgir com um alarme de loja ainda preso \u00e0 roupa, gerando memes nas redes. \u2022 Nas stories do Instagram, recebeu humorosamente as rea\u00e7\u00f5es, dizendo que o alarme chegou mais cedo e que n\u00e3o pagou pelo look. \u2022 No feed, Marisa Liz promoveu o novo disco, com a data de lan\u00e7amento \"Relatos de um Cora\u00e7\u00e3o Confuso \u2013 22 de maio\".","og_url":"https:\/\/portaltela.pt\/noticias\/2026\/04\/28\/marisa-liz-causa-confusao-ao-exibir-casaco-com-alarme-numa-gala\/","og_site_name":"Portal Tela Portugal","article_published_time":"2026-04-28T16:33:29+00:00","author":"Telinha","twitter_card":"summary_large_image","twitter_misc":{"Escrito por":"Telinha","Tempo estimado de leitura":"1 minuto"},"schema":{"@context":"https:\/\/schema.org","@graph":[{"@type":"Article","@id":"https:\/\/portaltela.pt\/noticias\/2026\/04\/28\/marisa-liz-causa-confusao-ao-exibir-casaco-com-alarme-numa-gala\/#article","isPartOf":{"@id":"https:\/\/portaltela.pt\/noticias\/2026\/04\/28\/marisa-liz-causa-confusao-ao-exibir-casaco-com-alarme-numa-gala\/"},"author":{"name":"Telinha","@id":"https:\/\/portaltela.pt\/#\/schema\/person\/c4278d4a6028830caff9ee44b42d32ed"},"headline":"Marisa Liz causa confus\u00e3o ao exibir casaco com alarme numa gala","datePublished":"2026-04-28T16:33:29+00:00","mainEntityOfPage":{"@id":"https:\/\/portaltela.pt\/noticias\/2026\/04\/28\/marisa-liz-causa-confusao-ao-exibir-casaco-com-alarme-numa-gala\/"},"wordCount":188,"image":{"@id":"https:\/\/portaltela.pt\/noticias\/2026\/04\/28\/marisa-liz-causa-confusao-ao-exibir-casaco-com-alarme-numa-gala\/#primaryimage"},"thumbnailUrl":"https:\/\/portaltela.pt\/s.01k8rhncp4jt1\/2026\/04\/img_1280x718uu2026-04-28-15-49-15-2281599-im-639129881682803521.jpg","keywords":["cantores","cultura","eventos","Lisboa","m\u00fasica","m\u00fasica ao vivo"],"articleSection":["Celebridades"],"inLanguage":"pt-PT"},{"@type":"WebPage","@id":"https:\/\/portaltela.pt\/noticias\/2026\/04\/28\/marisa-liz-causa-confusao-ao-exibir-casaco-com-alarme-numa-gala\/","url":"https:\/\/portaltela.pt\/noticias\/2026\/04\/28\/marisa-liz-causa-confusao-ao-exibir-casaco-com-alarme-numa-gala\/","name":"Marisa Liz causa confus\u00e3o ao exibir casaco com alarme numa gala - Portal Tela Portugal","isPartOf":{"@id":"https:\/\/portaltela.pt\/#website"},"primaryImageOfPage":{"@id":"https:\/\/portaltela.pt\/noticias\/2026\/04\/28\/marisa-liz-causa-confusao-ao-exibir-casaco-com-alarme-numa-gala\/#primaryimage"},"image":{"@id":"https:\/\/portaltela.pt\/noticias\/2026\/04\/28\/marisa-liz-causa-confusao-ao-exibir-casaco-com-alarme-numa-gala\/#primaryimage"},"thumbnailUrl":"https:\/\/portaltela.pt\/s.01k8rhncp4jt1\/2026\/04\/img_1280x718uu2026-04-28-15-49-15-2281599-im-639129881682803521.jpg","datePublished":"2026-04-28T16:33:29+00:00","author":{"@id":"https:\/\/portaltela.pt\/#\/schema\/person\/c4278d4a6028830caff9ee44b42d32ed"},"breadcrumb":{"@id":"https:\/\/portaltela.pt\/noticias\/2026\/04\/28\/marisa-liz-causa-confusao-ao-exibir-casaco-com-alarme-numa-gala\/#breadcrumb"},"inLanguage":"pt-PT","potentialAction":[{"@type":"ReadAction","target":["https:\/\/portaltela.pt\/noticias\/2026\/04\/28\/marisa-liz-causa-confusao-ao-exibir-casaco-com-alarme-numa-gala\/"]}]},{"@type":"ImageObject","inLanguage":"pt-PT","@id":"https:\/\/portaltela.pt\/noticias\/2026\/04\/28\/marisa-liz-causa-confusao-ao-exibir-casaco-com-alarme-numa-gala\/#primaryimage","url":"https:\/\/portaltela.pt\/s.01k8rhncp4jt1\/2026\/04\/img_1280x718uu2026-04-28-15-49-15-2281599-im-639129881682803521.jpg","contentUrl":"https:\/\/portaltela.pt\/s.01k8rhncp4jt1\/2026\/04\/img_1280x718uu2026-04-28-15-49-15-2281599-im-639129881682803521.jpg","width":796,"height":448,"caption":"Marisa Liz"},{"@type":"BreadcrumbList","@id":"https:\/\/portaltela.pt\/noticias\/2026\/04\/28\/marisa-liz-causa-confusao-ao-exibir-casaco-com-alarme-numa-gala\/#breadcrumb","itemListElement":[{"@type":"ListItem","position":1,"name":"In\u00edcio","item":"https:\/\/portaltela.pt\/"},{"@type":"ListItem","position":2,"name":"Marisa Liz causa confus\u00e3o ao exibir casaco com alarme numa gala"}]},{"@type":"WebSite","@id":"https:\/\/portaltela.pt\/#website","url":"https:\/\/portaltela.pt\/","name":"Portal Tela Portugal","description":"","potentialAction":[{"@type":"SearchAction","target":{"@type":"EntryPoint","urlTemplate":"https:\/\/portaltela.pt\/?s={search_term_string}"},"query-input":{"@type":"PropertyValueSpecification","valueRequired":true,"valueName":"search_term_string"}}],"inLanguage":"pt-PT"},{"@type":"Person","@id":"https:\/\/portaltela.pt\/#\/schema\/person\/c4278d4a6028830caff9ee44b42d32ed","name":"Telinha","image":{"@type":"ImageObject","inLanguage":"pt-PT","@id":"https:\/\/portaltela.pt\/s.01k8rhncp4jt1\/2025\/11\/talking-bot-125x125.png","url":"https:\/\/portaltela.pt\/s.01k8rhncp4jt1\/2025\/11\/talking-bot-125x125.png","contentUrl":"https:\/\/portaltela.pt\/s.01k8rhncp4jt1\/2025\/11\/talking-bot-125x125.png","caption":"Telinha"},"sameAs":["https:\/\/portaltela.pt\/"],"url":"https:\/\/portaltela.pt\/por\/367410592786\/"}]}},"_links":{"self":[{"href":"https:\/\/portaltela.pt\/api\/wp\/v2\/posts\/460101","targetHints":{"allow":["GET"]}}],"collection":[{"href":"https:\/\/portaltela.pt\/api\/wp\/v2\/posts"}],"about":[{"href":"https:\/\/portaltela.pt\/api\/wp\/v2\/types\/post"}],"author":[{"embeddable":true,"href":"https:\/\/portaltela.pt\/api\/wp\/v2\/users\/2"}],"replies":[{"embeddable":true,"href":"https:\/\/portaltela.pt\/api\/wp\/v2\/comments?post=460101"}],"version-history":[{"count":0,"href":"https:\/\/portaltela.pt\/api\/wp\/v2\/posts\/460101\/revisions"}],"wp:featuredmedia":[{"embeddable":true,"href":"https:\/\/portaltela.pt\/api\/wp\/v2\/media\/460104"}],"wp:attachment":[{"href":"https:\/\/portaltela.pt\/api\/wp\/v2\/media?parent=460101"}],"wp:term":[{"taxonomy":"category","embeddable":true,"href":"https:\/\/portaltela.pt\/api\/wp\/v2\/categories?post=460101"},{"taxonomy":"post_tag","embeddable":true,"href":"https:\/\/portaltela.pt\/api\/wp\/v2\/tags?post=460101"}],"curies":[{"name":"wp","href":"https:\/\/api.w.org\/{rel}","templated":true}]}}