{"id":460098,"date":"2026-04-28T13:33:19","date_gmt":"2026-04-28T16:33:19","guid":{"rendered":"https:\/\/portaltela.pt\/noticias\/2026\/04\/28\/atrasos-na-linha-rubi-impedem-uso-total-de-verbas-prr-pelo-metro-do-porto\/"},"modified":"2026-04-28T13:33:19","modified_gmt":"2026-04-28T16:33:19","slug":"atrasos-na-linha-rubi-impedem-uso-total-de-verbas-prr-pelo-metro-do-porto","status":"publish","type":"post","link":"https:\/\/portaltela.pt\/orcamento\/2026\/04\/28\/atrasos-na-linha-rubi-impedem-uso-total-de-verbas-prr-pelo-metro-do-porto\/","title":{"rendered":"Atrasos na Linha Rubi impedem uso total de verbas PRR pelo Metro do Porto"},"content":{"rendered":"<p>A Metro do Porto informou que, devido aos atrasos na constru\u00e7\u00e3o da Linha Rubi, n\u00e3o vai utilizar na totalidade as verbas do PRR. A empresa vai procurar fontes de financiamento europeias adicionais para sustentar a empreitada. A declara\u00e7\u00e3o foi feita em resposta \u00e0 Lusa.<\/p>\n<p>Segundo a Metro do Porto, n\u00e3o h\u00e1 previs\u00e3o de execu\u00e7\u00e3o de despesa suficiente para esgotar o montante aprovado para o PRR. A situa\u00e7\u00e3o j\u00e1 foi articulada com a Autoridade de Gest\u00e3o do PRR e pode implicar ajustes na programa\u00e7\u00e3o financeira.<\/p>\n<p>No dia 18 de maio, ficou p\u00fablico que os prazos de conclus\u00e3o da Linha Rubi passaram a decorrer apenas em julho de 2028, em vez de 2026-2027. A Lusa questionou o cen\u00e1rio de financiamento da obra.<\/p>\n<p>A empresa adiantou que, para al\u00e9m do PRR, at\u00e9 2026 a empreitada ter\u00e1 apoio do Fundo Ambiental e de verbas do Or\u00e7amento de Estado. A propaga\u00e7\u00e3o de financiamento nacional depender\u00e1 da disponibilidade de verbas no Sustent\u00e1vel 2030.<\/p>\n<p>Quanto aos atrasos, a Metro do Porto aponta como causa principal a necessidade de consolidar e qualificar o projeto, que exigia maior matura\u00e7\u00e3o e alinhamento com o territ\u00f3rio. Em caso de culpa dos construtores, poder\u00e3o ocorrer penaliza\u00e7\u00f5es previstas nos contratos.<\/p>\n<p>Sobre custos adicionais, a transportadora diz que o contrato est\u00e1 em vigor e que podem surgir revis\u00f5es de pre\u00e7os ou trabalhos complementares necess\u00e1rios para a boa execu\u00e7\u00e3o. N\u00e3o h\u00e1 conclus\u00e3o sobre impactos finais.<\/p>\n<p>O cronograma mais recente indica fim das obras para 22 de julho de 2028, tr\u00eas meses ap\u00f3s a conclus\u00e3o da ponte Ferreirinha, prevista para abril de 2028. O t\u00fanel at\u00e9 Campo Alegre fica previsto para mar\u00e7o de 2027; o t\u00fanel Gaia-Devesas, para abril de 2027.<\/p>\n<p>A conclus\u00e3o da via, cablagem e salas t\u00e9cnicas est\u00e1 prevista para novembro de 2027. Os testes din\u00e2micos com ve\u00edculo em toda a linha devem come\u00e7ar em maio de 2028, com pr\u00e9-opera\u00e7\u00e3o em junho de 2028.<\/p>\n<p>Quando a linha foi anunciada em 2021, o custo estimado era de 299 milh\u00f5es de euros financiados pelo PRR. Em maio de 2023, o custo j\u00e1 subira para 435 milh\u00f5es, com apoio do Fundo Ambiental e de verbas do OE. Tamb\u00e9m poderiam entrar financiamentos adicionais.<\/p>\n<p>Em maio de 2025, o Governo autorizou mais 52,9 milh\u00f5es de euros, elevando o total autorizado para 487,9 milh\u00f5es. A Linha Rubi tem 6,4 quil\u00f3metros, com oito esta\u00e7\u00f5es, e uma nova travessia sobre o Douro, a ponte Ferreirinha.<\/p>\n","protected":false},"excerpt":{"rendered":"<ul>\n<li>A Metro do Porto informou que, devido aos atrasos na Linha Rubi (Casa da M\u00fasica \u2013 Santo Ov\u00eddio), n\u00e3o vai aproveitar a totalidade das verbas do PRR e procura outros fundos europeus para financiar a obra.<\/li>\n<li>O cronograma aponta a conclus\u00e3o geral para 22 de julho de 2028, com a obra \u00faltimo segmento a terminar tr\u00eas meses ap\u00f3s a conclus\u00e3o da ponte Ferreirinha em 2028.<\/li>\n<li>O financiamento at\u00e9 2026 mant\u00e9m-se pelo NextGenerationEU, com os anos seguintes assegurados pelo Fundo Ambiental e pelo Or\u00e7amento de Estado, podendo reduzir-se o montante OE se houver recurso ao Sustent\u00e1vel 2030.<\/li>\n<li>A Metro do Porto justifica os atrasos pela necessidade de consolidar e qualificar o projeto, assegurando maior matura\u00e7\u00e3o e compatibiliza\u00e7\u00e3o com o territ\u00f3rio; podem ocorrer penaliza\u00e7\u00f5es se houver responsabilidade dos construtores.<\/li>\n<li>O custo da empreitada aumentou desde o an\u00fancio inicial de 299 milh\u00f5es de euros, chegando a 435 milh\u00f5es em 2023, podendo chegar a 487,9 milh\u00f5es em 2025, com testes din\u00e2micos e pr\u00e9-operacional previstos para 2028.<\/li>\n<\/ul>\n","protected":false},"author":2,"featured_media":460106,"comment_status":"closed","ping_status":"closed","sticky":false,"template":"","format":"standard","meta":{"footnotes":""},"categories":[7370,7383],"tags":[9234,8772,8859,8228,8088,8287],"class_list":["post-460098","post","type-post","status-publish","format-standard","has-post-thumbnail","hentry","category-financas-publicas","category-orcamento","tag-_area-metropolitana-de-porto","tag-_fundo-ambiental","tag-_linha","tag-_orcamento","tag-_porto","tag-_transporte"],"yoast_head":"<!-- This site is optimized with the Yoast SEO plugin v27.2 - https:\/\/yoast.com\/product\/yoast-seo-wordpress\/ -->\n<title>Atrasos na Linha Rubi impedem uso total de verbas PRR pelo Metro do Porto - Portal Tela Portugal<\/title>\n<meta name=\"robots\" content=\"index, follow, max-snippet:-1, max-image-preview:large, max-video-preview:-1\" \/>\n<meta property=\"og:locale\" content=\"pt_PT\" \/>\n<meta property=\"og:type\" content=\"article\" \/>\n<meta property=\"og:title\" content=\"Atrasos na Linha Rubi impedem uso total de verbas PRR pelo Metro do Porto - Portal Tela Portugal\" \/>\n<meta property=\"og:description\" content=\"A Metro do Porto informou que, devido aos atrasos na Linha Rubi (Casa da M\u00fasica \u2013 Santo Ov\u00eddio), n\u00e3o vai aproveitar a totalidade das verbas do PRR e procura outros fundos europeus para financiar a obra. O cronograma aponta a conclus\u00e3o geral para 22 de julho de 2028, com a obra \u00faltimo segmento a terminar tr\u00eas meses ap\u00f3s a conclus\u00e3o da ponte Ferreirinha em 2028. O financiamento at\u00e9 2026 mant\u00e9m-se pelo NextGenerationEU, com os anos seguintes assegurados pelo Fundo Ambiental e pelo Or\u00e7amento de Estado, podendo reduzir-se o montante OE se houver recurso ao Sustent\u00e1vel 2030. A Metro do Porto justifica os atrasos pela necessidade de consolidar e qualificar o projeto, assegurando maior matura\u00e7\u00e3o e compatibiliza\u00e7\u00e3o com o territ\u00f3rio; podem ocorrer penaliza\u00e7\u00f5es se houver responsabilidade dos construtores. O custo da empreitada aumentou desde o an\u00fancio inicial de 299 milh\u00f5es de euros, chegando a 435 milh\u00f5es em 2023, podendo chegar a 487,9 milh\u00f5es em 2025, com testes din\u00e2micos e pr\u00e9-operacional previstos para 2028.\" \/>\n<meta property=\"og:url\" content=\"https:\/\/portaltela.pt\/noticias\/2026\/04\/28\/atrasos-na-linha-rubi-impedem-uso-total-de-verbas-prr-pelo-metro-do-porto\/\" \/>\n<meta property=\"og:site_name\" content=\"Portal Tela Portugal\" \/>\n<meta property=\"article:published_time\" content=\"2026-04-28T16:33:19+00:00\" \/>\n<meta name=\"author\" content=\"Telinha\" \/>\n<meta name=\"twitter:card\" content=\"summary_large_image\" \/>\n<meta name=\"twitter:label1\" content=\"Escrito por\" \/>\n\t<meta name=\"twitter:data1\" content=\"Telinha\" \/>\n\t<meta name=\"twitter:label2\" content=\"Tempo estimado de leitura\" \/>\n\t<meta name=\"twitter:data2\" content=\"2 minutos\" \/>\n<script type=\"application\/ld+json\" class=\"yoast-schema-graph\">{\"@context\":\"https:\/\/schema.org\",\"@graph\":[{\"@type\":\"Article\",\"@id\":\"https:\/\/portaltela.pt\/noticias\/2026\/04\/28\/atrasos-na-linha-rubi-impedem-uso-total-de-verbas-prr-pelo-metro-do-porto\/#article\",\"isPartOf\":{\"@id\":\"https:\/\/portaltela.pt\/noticias\/2026\/04\/28\/atrasos-na-linha-rubi-impedem-uso-total-de-verbas-prr-pelo-metro-do-porto\/\"},\"author\":{\"name\":\"Telinha\",\"@id\":\"https:\/\/portaltela.pt\/#\/schema\/person\/c4278d4a6028830caff9ee44b42d32ed\"},\"headline\":\"Atrasos na Linha Rubi impedem uso total de verbas PRR pelo Metro do Porto\",\"datePublished\":\"2026-04-28T16:33:19+00:00\",\"mainEntityOfPage\":{\"@id\":\"https:\/\/portaltela.pt\/noticias\/2026\/04\/28\/atrasos-na-linha-rubi-impedem-uso-total-de-verbas-prr-pelo-metro-do-porto\/\"},\"wordCount\":432,\"image\":{\"@id\":\"https:\/\/portaltela.pt\/noticias\/2026\/04\/28\/atrasos-na-linha-rubi-impedem-uso-total-de-verbas-prr-pelo-metro-do-porto\/#primaryimage\"},\"thumbnailUrl\":\"https:\/\/portaltela.pt\/s.01k8rhncp4jt1\/2026\/04\/image-1607.jpg\",\"keywords\":[\"_\u00c1rea Metropolitana de Porto\",\"_Fundo Ambiental\",\"_Linha\",\"_or\u00e7amento\",\"_Porto\",\"_transporte\"],\"articleSection\":[\"Finan\u00e7as P\u00fablicas\",\"Or\u00e7amento\"],\"inLanguage\":\"pt-PT\"},{\"@type\":\"WebPage\",\"@id\":\"https:\/\/portaltela.pt\/noticias\/2026\/04\/28\/atrasos-na-linha-rubi-impedem-uso-total-de-verbas-prr-pelo-metro-do-porto\/\",\"url\":\"https:\/\/portaltela.pt\/noticias\/2026\/04\/28\/atrasos-na-linha-rubi-impedem-uso-total-de-verbas-prr-pelo-metro-do-porto\/\",\"name\":\"Atrasos na Linha Rubi impedem uso total de verbas PRR pelo Metro do Porto - Portal Tela Portugal\",\"isPartOf\":{\"@id\":\"https:\/\/portaltela.pt\/#website\"},\"primaryImageOfPage\":{\"@id\":\"https:\/\/portaltela.pt\/noticias\/2026\/04\/28\/atrasos-na-linha-rubi-impedem-uso-total-de-verbas-prr-pelo-metro-do-porto\/#primaryimage\"},\"image\":{\"@id\":\"https:\/\/portaltela.pt\/noticias\/2026\/04\/28\/atrasos-na-linha-rubi-impedem-uso-total-de-verbas-prr-pelo-metro-do-porto\/#primaryimage\"},\"thumbnailUrl\":\"https:\/\/portaltela.pt\/s.01k8rhncp4jt1\/2026\/04\/image-1607.jpg\",\"datePublished\":\"2026-04-28T16:33:19+00:00\",\"author\":{\"@id\":\"https:\/\/portaltela.pt\/#\/schema\/person\/c4278d4a6028830caff9ee44b42d32ed\"},\"breadcrumb\":{\"@id\":\"https:\/\/portaltela.pt\/noticias\/2026\/04\/28\/atrasos-na-linha-rubi-impedem-uso-total-de-verbas-prr-pelo-metro-do-porto\/#breadcrumb\"},\"inLanguage\":\"pt-PT\",\"potentialAction\":[{\"@type\":\"ReadAction\",\"target\":[\"https:\/\/portaltela.pt\/noticias\/2026\/04\/28\/atrasos-na-linha-rubi-impedem-uso-total-de-verbas-prr-pelo-metro-do-porto\/\"]}]},{\"@type\":\"ImageObject\",\"inLanguage\":\"pt-PT\",\"@id\":\"https:\/\/portaltela.pt\/noticias\/2026\/04\/28\/atrasos-na-linha-rubi-impedem-uso-total-de-verbas-prr-pelo-metro-do-porto\/#primaryimage\",\"url\":\"https:\/\/portaltela.pt\/s.01k8rhncp4jt1\/2026\/04\/image-1607.jpg\",\"contentUrl\":\"https:\/\/portaltela.pt\/s.01k8rhncp4jt1\/2026\/04\/image-1607.jpg\",\"width\":796,\"height\":448,\"caption\":\"A conclus\u00e3o da via, caminhos de cabos e salas t\u00e9cnicas, \u00e0 exce\u00e7\u00e3o da ponte, \u00e9 apontada para novembro de 2027\"},{\"@type\":\"BreadcrumbList\",\"@id\":\"https:\/\/portaltela.pt\/noticias\/2026\/04\/28\/atrasos-na-linha-rubi-impedem-uso-total-de-verbas-prr-pelo-metro-do-porto\/#breadcrumb\",\"itemListElement\":[{\"@type\":\"ListItem\",\"position\":1,\"name\":\"In\u00edcio\",\"item\":\"https:\/\/portaltela.pt\/\"},{\"@type\":\"ListItem\",\"position\":2,\"name\":\"Atrasos na Linha Rubi impedem uso total de verbas PRR pelo Metro do Porto\"}]},{\"@type\":\"WebSite\",\"@id\":\"https:\/\/portaltela.pt\/#website\",\"url\":\"https:\/\/portaltela.pt\/\",\"name\":\"Portal Tela Portugal\",\"description\":\"\",\"potentialAction\":[{\"@type\":\"SearchAction\",\"target\":{\"@type\":\"EntryPoint\",\"urlTemplate\":\"https:\/\/portaltela.pt\/?s={search_term_string}\"},\"query-input\":{\"@type\":\"PropertyValueSpecification\",\"valueRequired\":true,\"valueName\":\"search_term_string\"}}],\"inLanguage\":\"pt-PT\"},{\"@type\":\"Person\",\"@id\":\"https:\/\/portaltela.pt\/#\/schema\/person\/c4278d4a6028830caff9ee44b42d32ed\",\"name\":\"Telinha\",\"image\":{\"@type\":\"ImageObject\",\"inLanguage\":\"pt-PT\",\"@id\":\"https:\/\/portaltela.pt\/s.01k8rhncp4jt1\/2025\/11\/talking-bot-125x125.png\",\"url\":\"https:\/\/portaltela.pt\/s.01k8rhncp4jt1\/2025\/11\/talking-bot-125x125.png\",\"contentUrl\":\"https:\/\/portaltela.pt\/s.01k8rhncp4jt1\/2025\/11\/talking-bot-125x125.png\",\"caption\":\"Telinha\"},\"sameAs\":[\"https:\/\/portaltela.pt\/\"],\"url\":\"https:\/\/portaltela.pt\/por\/367410592786\/\"}]}<\/script>\n<!-- \/ Yoast SEO plugin. -->","yoast_head_json":{"title":"Atrasos na Linha Rubi impedem uso total de verbas PRR pelo Metro do Porto - Portal Tela Portugal","robots":{"index":"index","follow":"follow","max-snippet":"max-snippet:-1","max-image-preview":"max-image-preview:large","max-video-preview":"max-video-preview:-1"},"og_locale":"pt_PT","og_type":"article","og_title":"Atrasos na Linha Rubi impedem uso total de verbas PRR pelo Metro do Porto - Portal Tela Portugal","og_description":"A Metro do Porto informou que, devido aos atrasos na Linha Rubi (Casa da M\u00fasica \u2013 Santo Ov\u00eddio), n\u00e3o vai aproveitar a totalidade das verbas do PRR e procura outros fundos europeus para financiar a obra. O cronograma aponta a conclus\u00e3o geral para 22 de julho de 2028, com a obra \u00faltimo segmento a terminar tr\u00eas meses ap\u00f3s a conclus\u00e3o da ponte Ferreirinha em 2028. O financiamento at\u00e9 2026 mant\u00e9m-se pelo NextGenerationEU, com os anos seguintes assegurados pelo Fundo Ambiental e pelo Or\u00e7amento de Estado, podendo reduzir-se o montante OE se houver recurso ao Sustent\u00e1vel 2030. A Metro do Porto justifica os atrasos pela necessidade de consolidar e qualificar o projeto, assegurando maior matura\u00e7\u00e3o e compatibiliza\u00e7\u00e3o com o territ\u00f3rio; podem ocorrer penaliza\u00e7\u00f5es se houver responsabilidade dos construtores. O custo da empreitada aumentou desde o an\u00fancio inicial de 299 milh\u00f5es de euros, chegando a 435 milh\u00f5es em 2023, podendo chegar a 487,9 milh\u00f5es em 2025, com testes din\u00e2micos e pr\u00e9-operacional previstos para 2028.","og_url":"https:\/\/portaltela.pt\/noticias\/2026\/04\/28\/atrasos-na-linha-rubi-impedem-uso-total-de-verbas-prr-pelo-metro-do-porto\/","og_site_name":"Portal Tela Portugal","article_published_time":"2026-04-28T16:33:19+00:00","author":"Telinha","twitter_card":"summary_large_image","twitter_misc":{"Escrito por":"Telinha","Tempo estimado de leitura":"2 minutos"},"schema":{"@context":"https:\/\/schema.org","@graph":[{"@type":"Article","@id":"https:\/\/portaltela.pt\/noticias\/2026\/04\/28\/atrasos-na-linha-rubi-impedem-uso-total-de-verbas-prr-pelo-metro-do-porto\/#article","isPartOf":{"@id":"https:\/\/portaltela.pt\/noticias\/2026\/04\/28\/atrasos-na-linha-rubi-impedem-uso-total-de-verbas-prr-pelo-metro-do-porto\/"},"author":{"name":"Telinha","@id":"https:\/\/portaltela.pt\/#\/schema\/person\/c4278d4a6028830caff9ee44b42d32ed"},"headline":"Atrasos na Linha Rubi impedem uso total de verbas PRR pelo Metro do Porto","datePublished":"2026-04-28T16:33:19+00:00","mainEntityOfPage":{"@id":"https:\/\/portaltela.pt\/noticias\/2026\/04\/28\/atrasos-na-linha-rubi-impedem-uso-total-de-verbas-prr-pelo-metro-do-porto\/"},"wordCount":432,"image":{"@id":"https:\/\/portaltela.pt\/noticias\/2026\/04\/28\/atrasos-na-linha-rubi-impedem-uso-total-de-verbas-prr-pelo-metro-do-porto\/#primaryimage"},"thumbnailUrl":"https:\/\/portaltela.pt\/s.01k8rhncp4jt1\/2026\/04\/image-1607.jpg","keywords":["_\u00c1rea Metropolitana de Porto","_Fundo Ambiental","_Linha","_or\u00e7amento","_Porto","_transporte"],"articleSection":["Finan\u00e7as P\u00fablicas","Or\u00e7amento"],"inLanguage":"pt-PT"},{"@type":"WebPage","@id":"https:\/\/portaltela.pt\/noticias\/2026\/04\/28\/atrasos-na-linha-rubi-impedem-uso-total-de-verbas-prr-pelo-metro-do-porto\/","url":"https:\/\/portaltela.pt\/noticias\/2026\/04\/28\/atrasos-na-linha-rubi-impedem-uso-total-de-verbas-prr-pelo-metro-do-porto\/","name":"Atrasos na Linha Rubi impedem uso total de verbas PRR pelo Metro do Porto - Portal Tela Portugal","isPartOf":{"@id":"https:\/\/portaltela.pt\/#website"},"primaryImageOfPage":{"@id":"https:\/\/portaltela.pt\/noticias\/2026\/04\/28\/atrasos-na-linha-rubi-impedem-uso-total-de-verbas-prr-pelo-metro-do-porto\/#primaryimage"},"image":{"@id":"https:\/\/portaltela.pt\/noticias\/2026\/04\/28\/atrasos-na-linha-rubi-impedem-uso-total-de-verbas-prr-pelo-metro-do-porto\/#primaryimage"},"thumbnailUrl":"https:\/\/portaltela.pt\/s.01k8rhncp4jt1\/2026\/04\/image-1607.jpg","datePublished":"2026-04-28T16:33:19+00:00","author":{"@id":"https:\/\/portaltela.pt\/#\/schema\/person\/c4278d4a6028830caff9ee44b42d32ed"},"breadcrumb":{"@id":"https:\/\/portaltela.pt\/noticias\/2026\/04\/28\/atrasos-na-linha-rubi-impedem-uso-total-de-verbas-prr-pelo-metro-do-porto\/#breadcrumb"},"inLanguage":"pt-PT","potentialAction":[{"@type":"ReadAction","target":["https:\/\/portaltela.pt\/noticias\/2026\/04\/28\/atrasos-na-linha-rubi-impedem-uso-total-de-verbas-prr-pelo-metro-do-porto\/"]}]},{"@type":"ImageObject","inLanguage":"pt-PT","@id":"https:\/\/portaltela.pt\/noticias\/2026\/04\/28\/atrasos-na-linha-rubi-impedem-uso-total-de-verbas-prr-pelo-metro-do-porto\/#primaryimage","url":"https:\/\/portaltela.pt\/s.01k8rhncp4jt1\/2026\/04\/image-1607.jpg","contentUrl":"https:\/\/portaltela.pt\/s.01k8rhncp4jt1\/2026\/04\/image-1607.jpg","width":796,"height":448,"caption":"A conclus\u00e3o da via, caminhos de cabos e salas t\u00e9cnicas, \u00e0 exce\u00e7\u00e3o da ponte, \u00e9 apontada para novembro de 2027"},{"@type":"BreadcrumbList","@id":"https:\/\/portaltela.pt\/noticias\/2026\/04\/28\/atrasos-na-linha-rubi-impedem-uso-total-de-verbas-prr-pelo-metro-do-porto\/#breadcrumb","itemListElement":[{"@type":"ListItem","position":1,"name":"In\u00edcio","item":"https:\/\/portaltela.pt\/"},{"@type":"ListItem","position":2,"name":"Atrasos na Linha Rubi impedem uso total de verbas PRR pelo Metro do Porto"}]},{"@type":"WebSite","@id":"https:\/\/portaltela.pt\/#website","url":"https:\/\/portaltela.pt\/","name":"Portal Tela Portugal","description":"","potentialAction":[{"@type":"SearchAction","target":{"@type":"EntryPoint","urlTemplate":"https:\/\/portaltela.pt\/?s={search_term_string}"},"query-input":{"@type":"PropertyValueSpecification","valueRequired":true,"valueName":"search_term_string"}}],"inLanguage":"pt-PT"},{"@type":"Person","@id":"https:\/\/portaltela.pt\/#\/schema\/person\/c4278d4a6028830caff9ee44b42d32ed","name":"Telinha","image":{"@type":"ImageObject","inLanguage":"pt-PT","@id":"https:\/\/portaltela.pt\/s.01k8rhncp4jt1\/2025\/11\/talking-bot-125x125.png","url":"https:\/\/portaltela.pt\/s.01k8rhncp4jt1\/2025\/11\/talking-bot-125x125.png","contentUrl":"https:\/\/portaltela.pt\/s.01k8rhncp4jt1\/2025\/11\/talking-bot-125x125.png","caption":"Telinha"},"sameAs":["https:\/\/portaltela.pt\/"],"url":"https:\/\/portaltela.pt\/por\/367410592786\/"}]}},"_links":{"self":[{"href":"https:\/\/portaltela.pt\/api\/wp\/v2\/posts\/460098","targetHints":{"allow":["GET"]}}],"collection":[{"href":"https:\/\/portaltela.pt\/api\/wp\/v2\/posts"}],"about":[{"href":"https:\/\/portaltela.pt\/api\/wp\/v2\/types\/post"}],"author":[{"embeddable":true,"href":"https:\/\/portaltela.pt\/api\/wp\/v2\/users\/2"}],"replies":[{"embeddable":true,"href":"https:\/\/portaltela.pt\/api\/wp\/v2\/comments?post=460098"}],"version-history":[{"count":0,"href":"https:\/\/portaltela.pt\/api\/wp\/v2\/posts\/460098\/revisions"}],"wp:featuredmedia":[{"embeddable":true,"href":"https:\/\/portaltela.pt\/api\/wp\/v2\/media\/460106"}],"wp:attachment":[{"href":"https:\/\/portaltela.pt\/api\/wp\/v2\/media?parent=460098"}],"wp:term":[{"taxonomy":"category","embeddable":true,"href":"https:\/\/portaltela.pt\/api\/wp\/v2\/categories?post=460098"},{"taxonomy":"post_tag","embeddable":true,"href":"https:\/\/portaltela.pt\/api\/wp\/v2\/tags?post=460098"}],"curies":[{"name":"wp","href":"https:\/\/api.w.org\/{rel}","templated":true}]}}