{"id":460091,"date":"2026-04-28T13:32:59","date_gmt":"2026-04-28T16:32:59","guid":{"rendered":"https:\/\/portaltela.pt\/noticias\/2026\/04\/28\/eva-e-ariana-perdem-conta-de-instagram-no-mesmo-dia\/"},"modified":"2026-04-28T13:32:59","modified_gmt":"2026-04-28T16:32:59","slug":"eva-e-ariana-perdem-conta-de-instagram-no-mesmo-dia","status":"publish","type":"post","link":"https:\/\/portaltela.pt\/celebridades\/2026\/04\/28\/eva-e-ariana-perdem-conta-de-instagram-no-mesmo-dia\/","title":{"rendered":"Eva e Ariana perdem conta de Instagram no mesmo dia"},"content":{"rendered":"<p>Eva e Ariana perderam as respetivas contas de Instagram no mesmo dia, confirmou-se esta quinta-feira. A situa\u00e7\u00e3o foi reportada a partir de artigos de imprensa e comentada por apresentadores de televis\u00e3o nacionais. O acontecimento ainda n\u00e3o tem confirma\u00e7\u00e3o oficial de respons\u00e1vel pela suspens\u00e3o.<\/p>\n<p>As duas criadoras de conte\u00fado, cuja identidade n\u00e3o foi detalhada no material dispon\u00edvel, teriam visto as contas bloqueadas ou desativadas. O fen\u00f3meno ocorreu no mesmo per\u00edodo temporal, sem indica\u00e7\u00e3o de liga\u00e7\u00e3o direta entre os casos. N\u00e3o foi avan\u00e7ada uma linha temporal exata.<\/p>\n<h3>Poss\u00edveis raz\u00f5es<\/h3>\n<p>Os comentadores do programa matutino Ol\u00e1, Bom Dia! apresentaram v\u00e1rias hip\u00f3teses. Entre elas, apontam para a\u00e7\u00f5es de prote\u00e7\u00e3o de marca, desvios de seguran\u00e7a por tentativa de login repetidas ou incumprimento de normas da plataforma. Mant\u00eam uma abordagem informativa, sem confirmar nenhuma causa espec\u00edfica.<\/p>\n<p>Segundo os especialistas citados, tamb\u00e9m pode ter havido problemas de autentica\u00e7\u00e3o ou avisos de viola\u00e7\u00e3o de pol\u00edticas. At\u00e9 ao momento, n\u00e3o houve esclarecimentos oficiais por parte do Instagram nem confirma\u00e7\u00e3o de reincid\u00eancia entre as duas contas.<\/p>\n","protected":false},"excerpt":{"rendered":"<ul>\n<li>Eva e Ariana perderam as contas de Instagram no mesmo dia.<\/li>\n<li>A not\u00edcia foi apresentada com coment\u00e1rios do programa \u201cOl\u00e1, Bom Dia!\u201d.<\/li>\n<li>Os comentadores explicam poss\u00edveis raz\u00f5es para o acontecimento.<\/li>\n<li>Data da not\u00edcia: 28 de abril de 2026, \u00e0s 17h20.<\/li>\n<\/ul>\n","protected":false},"author":2,"featured_media":460094,"comment_status":"closed","ping_status":"closed","sticky":false,"template":"","format":"standard","meta":{"footnotes":""},"categories":[6675],"tags":[8663,8231,8511,8157,8695],"class_list":["post-460091","post","type-post","status-publish","format-standard","has-post-thumbnail","hentry","category-celebridades","tag-_cyberseguranca","tag-_desinformacao","tag-_privacidade","tag-_redes-sociais","tag-_seguranca-digital"],"yoast_head":"<!-- This site is optimized with the Yoast SEO plugin v27.2 - https:\/\/yoast.com\/product\/yoast-seo-wordpress\/ -->\n<title>Eva e Ariana perdem conta de Instagram no mesmo dia - Portal Tela Portugal<\/title>\n<meta name=\"robots\" content=\"index, follow, max-snippet:-1, max-image-preview:large, max-video-preview:-1\" \/>\n<meta property=\"og:locale\" content=\"pt_PT\" \/>\n<meta property=\"og:type\" content=\"article\" \/>\n<meta property=\"og:title\" content=\"Eva e Ariana perdem conta de Instagram no mesmo dia - Portal Tela Portugal\" \/>\n<meta property=\"og:description\" content=\"Eva e Ariana perderam as contas de Instagram no mesmo dia. A not\u00edcia foi apresentada com coment\u00e1rios do programa \u201cOl\u00e1, Bom Dia!\u201d. Os comentadores explicam poss\u00edveis raz\u00f5es para o acontecimento. Data da not\u00edcia: 28 de abril de 2026, \u00e0s 17h20.\" \/>\n<meta property=\"og:url\" content=\"https:\/\/portaltela.pt\/noticias\/2026\/04\/28\/eva-e-ariana-perdem-conta-de-instagram-no-mesmo-dia\/\" \/>\n<meta property=\"og:site_name\" content=\"Portal Tela Portugal\" \/>\n<meta property=\"article:published_time\" content=\"2026-04-28T16:32:59+00:00\" \/>\n<meta name=\"author\" content=\"Telinha\" \/>\n<meta name=\"twitter:card\" content=\"summary_large_image\" \/>\n<meta name=\"twitter:label1\" content=\"Escrito por\" \/>\n\t<meta name=\"twitter:data1\" content=\"Telinha\" \/>\n\t<meta name=\"twitter:label2\" content=\"Tempo estimado de leitura\" \/>\n\t<meta name=\"twitter:data2\" content=\"1 minuto\" \/>\n<script type=\"application\/ld+json\" class=\"yoast-schema-graph\">{\"@context\":\"https:\/\/schema.org\",\"@graph\":[{\"@type\":\"Article\",\"@id\":\"https:\/\/portaltela.pt\/noticias\/2026\/04\/28\/eva-e-ariana-perdem-conta-de-instagram-no-mesmo-dia\/#article\",\"isPartOf\":{\"@id\":\"https:\/\/portaltela.pt\/noticias\/2026\/04\/28\/eva-e-ariana-perdem-conta-de-instagram-no-mesmo-dia\/\"},\"author\":{\"name\":\"Telinha\",\"@id\":\"https:\/\/portaltela.pt\/#\/schema\/person\/c4278d4a6028830caff9ee44b42d32ed\"},\"headline\":\"Eva e Ariana perdem conta de Instagram no mesmo dia\",\"datePublished\":\"2026-04-28T16:32:59+00:00\",\"mainEntityOfPage\":{\"@id\":\"https:\/\/portaltela.pt\/noticias\/2026\/04\/28\/eva-e-ariana-perdem-conta-de-instagram-no-mesmo-dia\/\"},\"wordCount\":207,\"image\":{\"@id\":\"https:\/\/portaltela.pt\/noticias\/2026\/04\/28\/eva-e-ariana-perdem-conta-de-instagram-no-mesmo-dia\/#primaryimage\"},\"thumbnailUrl\":\"https:\/\/portaltela.pt\/s.01k8rhncp4jt1\/2026\/04\/img_1280x722uu2026-04-28-17-20-11-2281653.jpg\",\"keywords\":[\"_cyberseguran\u00e7a\",\"_desinforma\u00e7\u00e3o\",\"_privacidade\",\"_redes sociais\",\"_seguran\u00e7a digital\"],\"articleSection\":[\"Celebridades\"],\"inLanguage\":\"pt-PT\"},{\"@type\":\"WebPage\",\"@id\":\"https:\/\/portaltela.pt\/noticias\/2026\/04\/28\/eva-e-ariana-perdem-conta-de-instagram-no-mesmo-dia\/\",\"url\":\"https:\/\/portaltela.pt\/noticias\/2026\/04\/28\/eva-e-ariana-perdem-conta-de-instagram-no-mesmo-dia\/\",\"name\":\"Eva e Ariana perdem conta de Instagram no mesmo dia - Portal Tela Portugal\",\"isPartOf\":{\"@id\":\"https:\/\/portaltela.pt\/#website\"},\"primaryImageOfPage\":{\"@id\":\"https:\/\/portaltela.pt\/noticias\/2026\/04\/28\/eva-e-ariana-perdem-conta-de-instagram-no-mesmo-dia\/#primaryimage\"},\"image\":{\"@id\":\"https:\/\/portaltela.pt\/noticias\/2026\/04\/28\/eva-e-ariana-perdem-conta-de-instagram-no-mesmo-dia\/#primaryimage\"},\"thumbnailUrl\":\"https:\/\/portaltela.pt\/s.01k8rhncp4jt1\/2026\/04\/img_1280x722uu2026-04-28-17-20-11-2281653.jpg\",\"datePublished\":\"2026-04-28T16:32:59+00:00\",\"author\":{\"@id\":\"https:\/\/portaltela.pt\/#\/schema\/person\/c4278d4a6028830caff9ee44b42d32ed\"},\"breadcrumb\":{\"@id\":\"https:\/\/portaltela.pt\/noticias\/2026\/04\/28\/eva-e-ariana-perdem-conta-de-instagram-no-mesmo-dia\/#breadcrumb\"},\"inLanguage\":\"pt-PT\",\"potentialAction\":[{\"@type\":\"ReadAction\",\"target\":[\"https:\/\/portaltela.pt\/noticias\/2026\/04\/28\/eva-e-ariana-perdem-conta-de-instagram-no-mesmo-dia\/\"]}]},{\"@type\":\"ImageObject\",\"inLanguage\":\"pt-PT\",\"@id\":\"https:\/\/portaltela.pt\/noticias\/2026\/04\/28\/eva-e-ariana-perdem-conta-de-instagram-no-mesmo-dia\/#primaryimage\",\"url\":\"https:\/\/portaltela.pt\/s.01k8rhncp4jt1\/2026\/04\/img_1280x722uu2026-04-28-17-20-11-2281653.jpg\",\"contentUrl\":\"https:\/\/portaltela.pt\/s.01k8rhncp4jt1\/2026\/04\/img_1280x722uu2026-04-28-17-20-11-2281653.jpg\",\"width\":796,\"height\":448,\"caption\":\"Eva e Ariana perdem a conta de Instagram no mesmo dia\"},{\"@type\":\"BreadcrumbList\",\"@id\":\"https:\/\/portaltela.pt\/noticias\/2026\/04\/28\/eva-e-ariana-perdem-conta-de-instagram-no-mesmo-dia\/#breadcrumb\",\"itemListElement\":[{\"@type\":\"ListItem\",\"position\":1,\"name\":\"In\u00edcio\",\"item\":\"https:\/\/portaltela.pt\/\"},{\"@type\":\"ListItem\",\"position\":2,\"name\":\"Eva e Ariana perdem conta de Instagram no mesmo dia\"}]},{\"@type\":\"WebSite\",\"@id\":\"https:\/\/portaltela.pt\/#website\",\"url\":\"https:\/\/portaltela.pt\/\",\"name\":\"Portal Tela Portugal\",\"description\":\"\",\"potentialAction\":[{\"@type\":\"SearchAction\",\"target\":{\"@type\":\"EntryPoint\",\"urlTemplate\":\"https:\/\/portaltela.pt\/?s={search_term_string}\"},\"query-input\":{\"@type\":\"PropertyValueSpecification\",\"valueRequired\":true,\"valueName\":\"search_term_string\"}}],\"inLanguage\":\"pt-PT\"},{\"@type\":\"Person\",\"@id\":\"https:\/\/portaltela.pt\/#\/schema\/person\/c4278d4a6028830caff9ee44b42d32ed\",\"name\":\"Telinha\",\"image\":{\"@type\":\"ImageObject\",\"inLanguage\":\"pt-PT\",\"@id\":\"https:\/\/portaltela.pt\/s.01k8rhncp4jt1\/2025\/11\/talking-bot-125x125.png\",\"url\":\"https:\/\/portaltela.pt\/s.01k8rhncp4jt1\/2025\/11\/talking-bot-125x125.png\",\"contentUrl\":\"https:\/\/portaltela.pt\/s.01k8rhncp4jt1\/2025\/11\/talking-bot-125x125.png\",\"caption\":\"Telinha\"},\"sameAs\":[\"https:\/\/portaltela.pt\/\"],\"url\":\"https:\/\/portaltela.pt\/por\/367410592786\/\"}]}<\/script>\n<!-- \/ Yoast SEO plugin. -->","yoast_head_json":{"title":"Eva e Ariana perdem conta de Instagram no mesmo dia - Portal Tela Portugal","robots":{"index":"index","follow":"follow","max-snippet":"max-snippet:-1","max-image-preview":"max-image-preview:large","max-video-preview":"max-video-preview:-1"},"og_locale":"pt_PT","og_type":"article","og_title":"Eva e Ariana perdem conta de Instagram no mesmo dia - Portal Tela Portugal","og_description":"Eva e Ariana perderam as contas de Instagram no mesmo dia. A not\u00edcia foi apresentada com coment\u00e1rios do programa \u201cOl\u00e1, Bom Dia!\u201d. Os comentadores explicam poss\u00edveis raz\u00f5es para o acontecimento. Data da not\u00edcia: 28 de abril de 2026, \u00e0s 17h20.","og_url":"https:\/\/portaltela.pt\/noticias\/2026\/04\/28\/eva-e-ariana-perdem-conta-de-instagram-no-mesmo-dia\/","og_site_name":"Portal Tela Portugal","article_published_time":"2026-04-28T16:32:59+00:00","author":"Telinha","twitter_card":"summary_large_image","twitter_misc":{"Escrito por":"Telinha","Tempo estimado de leitura":"1 minuto"},"schema":{"@context":"https:\/\/schema.org","@graph":[{"@type":"Article","@id":"https:\/\/portaltela.pt\/noticias\/2026\/04\/28\/eva-e-ariana-perdem-conta-de-instagram-no-mesmo-dia\/#article","isPartOf":{"@id":"https:\/\/portaltela.pt\/noticias\/2026\/04\/28\/eva-e-ariana-perdem-conta-de-instagram-no-mesmo-dia\/"},"author":{"name":"Telinha","@id":"https:\/\/portaltela.pt\/#\/schema\/person\/c4278d4a6028830caff9ee44b42d32ed"},"headline":"Eva e Ariana perdem conta de Instagram no mesmo dia","datePublished":"2026-04-28T16:32:59+00:00","mainEntityOfPage":{"@id":"https:\/\/portaltela.pt\/noticias\/2026\/04\/28\/eva-e-ariana-perdem-conta-de-instagram-no-mesmo-dia\/"},"wordCount":207,"image":{"@id":"https:\/\/portaltela.pt\/noticias\/2026\/04\/28\/eva-e-ariana-perdem-conta-de-instagram-no-mesmo-dia\/#primaryimage"},"thumbnailUrl":"https:\/\/portaltela.pt\/s.01k8rhncp4jt1\/2026\/04\/img_1280x722uu2026-04-28-17-20-11-2281653.jpg","keywords":["_cyberseguran\u00e7a","_desinforma\u00e7\u00e3o","_privacidade","_redes sociais","_seguran\u00e7a digital"],"articleSection":["Celebridades"],"inLanguage":"pt-PT"},{"@type":"WebPage","@id":"https:\/\/portaltela.pt\/noticias\/2026\/04\/28\/eva-e-ariana-perdem-conta-de-instagram-no-mesmo-dia\/","url":"https:\/\/portaltela.pt\/noticias\/2026\/04\/28\/eva-e-ariana-perdem-conta-de-instagram-no-mesmo-dia\/","name":"Eva e Ariana perdem conta de Instagram no mesmo dia - Portal Tela Portugal","isPartOf":{"@id":"https:\/\/portaltela.pt\/#website"},"primaryImageOfPage":{"@id":"https:\/\/portaltela.pt\/noticias\/2026\/04\/28\/eva-e-ariana-perdem-conta-de-instagram-no-mesmo-dia\/#primaryimage"},"image":{"@id":"https:\/\/portaltela.pt\/noticias\/2026\/04\/28\/eva-e-ariana-perdem-conta-de-instagram-no-mesmo-dia\/#primaryimage"},"thumbnailUrl":"https:\/\/portaltela.pt\/s.01k8rhncp4jt1\/2026\/04\/img_1280x722uu2026-04-28-17-20-11-2281653.jpg","datePublished":"2026-04-28T16:32:59+00:00","author":{"@id":"https:\/\/portaltela.pt\/#\/schema\/person\/c4278d4a6028830caff9ee44b42d32ed"},"breadcrumb":{"@id":"https:\/\/portaltela.pt\/noticias\/2026\/04\/28\/eva-e-ariana-perdem-conta-de-instagram-no-mesmo-dia\/#breadcrumb"},"inLanguage":"pt-PT","potentialAction":[{"@type":"ReadAction","target":["https:\/\/portaltela.pt\/noticias\/2026\/04\/28\/eva-e-ariana-perdem-conta-de-instagram-no-mesmo-dia\/"]}]},{"@type":"ImageObject","inLanguage":"pt-PT","@id":"https:\/\/portaltela.pt\/noticias\/2026\/04\/28\/eva-e-ariana-perdem-conta-de-instagram-no-mesmo-dia\/#primaryimage","url":"https:\/\/portaltela.pt\/s.01k8rhncp4jt1\/2026\/04\/img_1280x722uu2026-04-28-17-20-11-2281653.jpg","contentUrl":"https:\/\/portaltela.pt\/s.01k8rhncp4jt1\/2026\/04\/img_1280x722uu2026-04-28-17-20-11-2281653.jpg","width":796,"height":448,"caption":"Eva e Ariana perdem a conta de Instagram no mesmo dia"},{"@type":"BreadcrumbList","@id":"https:\/\/portaltela.pt\/noticias\/2026\/04\/28\/eva-e-ariana-perdem-conta-de-instagram-no-mesmo-dia\/#breadcrumb","itemListElement":[{"@type":"ListItem","position":1,"name":"In\u00edcio","item":"https:\/\/portaltela.pt\/"},{"@type":"ListItem","position":2,"name":"Eva e Ariana perdem conta de Instagram no mesmo dia"}]},{"@type":"WebSite","@id":"https:\/\/portaltela.pt\/#website","url":"https:\/\/portaltela.pt\/","name":"Portal Tela Portugal","description":"","potentialAction":[{"@type":"SearchAction","target":{"@type":"EntryPoint","urlTemplate":"https:\/\/portaltela.pt\/?s={search_term_string}"},"query-input":{"@type":"PropertyValueSpecification","valueRequired":true,"valueName":"search_term_string"}}],"inLanguage":"pt-PT"},{"@type":"Person","@id":"https:\/\/portaltela.pt\/#\/schema\/person\/c4278d4a6028830caff9ee44b42d32ed","name":"Telinha","image":{"@type":"ImageObject","inLanguage":"pt-PT","@id":"https:\/\/portaltela.pt\/s.01k8rhncp4jt1\/2025\/11\/talking-bot-125x125.png","url":"https:\/\/portaltela.pt\/s.01k8rhncp4jt1\/2025\/11\/talking-bot-125x125.png","contentUrl":"https:\/\/portaltela.pt\/s.01k8rhncp4jt1\/2025\/11\/talking-bot-125x125.png","caption":"Telinha"},"sameAs":["https:\/\/portaltela.pt\/"],"url":"https:\/\/portaltela.pt\/por\/367410592786\/"}]}},"_links":{"self":[{"href":"https:\/\/portaltela.pt\/api\/wp\/v2\/posts\/460091","targetHints":{"allow":["GET"]}}],"collection":[{"href":"https:\/\/portaltela.pt\/api\/wp\/v2\/posts"}],"about":[{"href":"https:\/\/portaltela.pt\/api\/wp\/v2\/types\/post"}],"author":[{"embeddable":true,"href":"https:\/\/portaltela.pt\/api\/wp\/v2\/users\/2"}],"replies":[{"embeddable":true,"href":"https:\/\/portaltela.pt\/api\/wp\/v2\/comments?post=460091"}],"version-history":[{"count":0,"href":"https:\/\/portaltela.pt\/api\/wp\/v2\/posts\/460091\/revisions"}],"wp:featuredmedia":[{"embeddable":true,"href":"https:\/\/portaltela.pt\/api\/wp\/v2\/media\/460094"}],"wp:attachment":[{"href":"https:\/\/portaltela.pt\/api\/wp\/v2\/media?parent=460091"}],"wp:term":[{"taxonomy":"category","embeddable":true,"href":"https:\/\/portaltela.pt\/api\/wp\/v2\/categories?post=460091"},{"taxonomy":"post_tag","embeddable":true,"href":"https:\/\/portaltela.pt\/api\/wp\/v2\/tags?post=460091"}],"curies":[{"name":"wp","href":"https:\/\/api.w.org\/{rel}","templated":true}]}}