{"id":460087,"date":"2026-04-28T13:22:53","date_gmt":"2026-04-28T16:22:53","guid":{"rendered":"https:\/\/portaltela.pt\/noticias\/2026\/04\/28\/ouca-a-faixa-tuk-tuk-da-dupla-opsom\/"},"modified":"2026-04-28T13:22:53","modified_gmt":"2026-04-28T16:22:53","slug":"ouca-a-faixa-tuk-tuk-da-dupla-opsom","status":"publish","type":"post","link":"https:\/\/portaltela.pt\/musica\/2026\/04\/28\/ouca-a-faixa-tuk-tuk-da-dupla-opsom\/","title":{"rendered":"Ou\u00e7a a faixa Tuk Tuk da dupla Opsom"},"content":{"rendered":"<p>A m\u00fasica Tuk Tuk ganha corpo com a divulga\u00e7\u00e3o da dupla Opsom. Os dois artistas, conhecidos pela m\u00fasica ligeira portuguesa, estiveram no programa matinal Ol\u00e1, Bom Dia para apresentar um dos temas do seu repert\u00f3rio.<\/p>\n<p>O momento foi marcado pela interpreta\u00e7\u00e3o ao vivo de Tuk Tuk, numa emiss\u00e3o onde o grupo falou brevemente sobre o processo criativo por tr\u00e1s da faixa. A passagem ocorreu numa janela habitual de entretenimento matinal, sem an\u00fancios de projeto futuro.<\/p>\n<p>N\u00e3o foram avan\u00e7ados detalhes adicionais sobre a agenda p\u00fablica da dupla naquele segmento. A apresenta\u00e7\u00e3o insere-se numa rotina de promo\u00e7\u00e3o que inclui a divulga\u00e7\u00e3o de trabalhos j\u00e1 editados, mantendo o foco na populariza\u00e7\u00e3o do tema Tuk Tuk junto do p\u00fablico do programa.<\/p>\n","protected":false},"excerpt":{"rendered":"<ul>\n<li>A dupla Opsom apresentou Tuk Tuk no programa \u201cOl\u00e1, Bom Dia!\u201d.<\/li>\n<li>A atua\u00e7\u00e3o enquadra-se no g\u00e9nero da m\u00fasica ligeira portuguesa.<\/li>\n<li>O conte\u00fado menciona o livro \u201cSa\u00fade dos p\u00e9s \u00e0 cabe\u00e7a\u201d, que aborda sa\u00fade de forma descomplicada.<\/li>\n<li>Patr\u00edcia Reis publicou a sua obra mais recente, \u201cLugar da Incerteza\u201d.<\/li>\n<li>L\u00e9o Caeiro comenta a sele\u00e7\u00e3o de concorrentes para reality shows, e \u00e9 referida a rela\u00e7\u00e3o entre stress e queda de cabelo.<\/li>\n<\/ul>\n","protected":false},"author":2,"featured_media":460088,"comment_status":"closed","ping_status":"closed","sticky":false,"template":"","format":"standard","meta":{"footnotes":""},"categories":[6676],"tags":[5064,145,6598,7424,122,7908],"class_list":["post-460087","post","type-post","status-publish","format-standard","has-post-thumbnail","hentry","category-musica","tag-artistas-internacionais","tag-cultura","tag-entretenimento","tag-espectaculos","tag-musica","tag-musica-internacional"],"yoast_head":"<!-- This site is optimized with the Yoast SEO plugin v27.2 - https:\/\/yoast.com\/product\/yoast-seo-wordpress\/ -->\n<title>Ou\u00e7a a faixa Tuk Tuk da dupla Opsom - Portal Tela Portugal<\/title>\n<meta name=\"robots\" content=\"index, follow, max-snippet:-1, max-image-preview:large, max-video-preview:-1\" \/>\n<meta property=\"og:locale\" content=\"pt_PT\" \/>\n<meta property=\"og:type\" content=\"article\" \/>\n<meta property=\"og:title\" content=\"Ou\u00e7a a faixa Tuk Tuk da dupla Opsom - Portal Tela Portugal\" \/>\n<meta property=\"og:description\" content=\"A dupla Opsom apresentou Tuk Tuk no programa \u201cOl\u00e1, Bom Dia!\u201d. A atua\u00e7\u00e3o enquadra-se no g\u00e9nero da m\u00fasica ligeira portuguesa. O conte\u00fado menciona o livro \u201cSa\u00fade dos p\u00e9s \u00e0 cabe\u00e7a\u201d, que aborda sa\u00fade de forma descomplicada. Patr\u00edcia Reis publicou a sua obra mais recente, \u201cLugar da Incerteza\u201d. L\u00e9o Caeiro comenta a sele\u00e7\u00e3o de concorrentes para reality shows, e \u00e9 referida a rela\u00e7\u00e3o entre stress e queda de cabelo.\" \/>\n<meta property=\"og:url\" content=\"https:\/\/portaltela.pt\/noticias\/2026\/04\/28\/ouca-a-faixa-tuk-tuk-da-dupla-opsom\/\" \/>\n<meta property=\"og:site_name\" content=\"Portal Tela Portugal\" \/>\n<meta property=\"article:published_time\" content=\"2026-04-28T16:22:53+00:00\" \/>\n<meta name=\"author\" content=\"Telinha\" \/>\n<meta name=\"twitter:card\" content=\"summary_large_image\" \/>\n<meta name=\"twitter:label1\" content=\"Escrito por\" \/>\n\t<meta name=\"twitter:data1\" content=\"Telinha\" \/>\n\t<meta name=\"twitter:label2\" content=\"Tempo estimado de leitura\" \/>\n\t<meta name=\"twitter:data2\" content=\"1 minuto\" \/>\n<script type=\"application\/ld+json\" class=\"yoast-schema-graph\">{\"@context\":\"https:\/\/schema.org\",\"@graph\":[{\"@type\":\"Article\",\"@id\":\"https:\/\/portaltela.pt\/noticias\/2026\/04\/28\/ouca-a-faixa-tuk-tuk-da-dupla-opsom\/#article\",\"isPartOf\":{\"@id\":\"https:\/\/portaltela.pt\/noticias\/2026\/04\/28\/ouca-a-faixa-tuk-tuk-da-dupla-opsom\/\"},\"author\":{\"name\":\"Telinha\",\"@id\":\"https:\/\/portaltela.pt\/#\/schema\/person\/c4278d4a6028830caff9ee44b42d32ed\"},\"headline\":\"Ou\u00e7a a faixa Tuk Tuk da dupla Opsom\",\"datePublished\":\"2026-04-28T16:22:53+00:00\",\"mainEntityOfPage\":{\"@id\":\"https:\/\/portaltela.pt\/noticias\/2026\/04\/28\/ouca-a-faixa-tuk-tuk-da-dupla-opsom\/\"},\"wordCount\":142,\"image\":{\"@id\":\"https:\/\/portaltela.pt\/noticias\/2026\/04\/28\/ouca-a-faixa-tuk-tuk-da-dupla-opsom\/#primaryimage\"},\"thumbnailUrl\":\"https:\/\/portaltela.pt\/s.01k8rhncp4jt1\/2026\/04\/img_1280x722uu2026-04-28-17-08-55-2281650.jpg\",\"keywords\":[\"artistas internacionais\",\"cultura\",\"entretenimento\",\"espect\u00e1culos\",\"m\u00fasica\",\"m\u00fasica internacional\"],\"articleSection\":[\"M\u00fasica\"],\"inLanguage\":\"pt-PT\"},{\"@type\":\"WebPage\",\"@id\":\"https:\/\/portaltela.pt\/noticias\/2026\/04\/28\/ouca-a-faixa-tuk-tuk-da-dupla-opsom\/\",\"url\":\"https:\/\/portaltela.pt\/noticias\/2026\/04\/28\/ouca-a-faixa-tuk-tuk-da-dupla-opsom\/\",\"name\":\"Ou\u00e7a a faixa Tuk Tuk da dupla Opsom - Portal Tela Portugal\",\"isPartOf\":{\"@id\":\"https:\/\/portaltela.pt\/#website\"},\"primaryImageOfPage\":{\"@id\":\"https:\/\/portaltela.pt\/noticias\/2026\/04\/28\/ouca-a-faixa-tuk-tuk-da-dupla-opsom\/#primaryimage\"},\"image\":{\"@id\":\"https:\/\/portaltela.pt\/noticias\/2026\/04\/28\/ouca-a-faixa-tuk-tuk-da-dupla-opsom\/#primaryimage\"},\"thumbnailUrl\":\"https:\/\/portaltela.pt\/s.01k8rhncp4jt1\/2026\/04\/img_1280x722uu2026-04-28-17-08-55-2281650.jpg\",\"datePublished\":\"2026-04-28T16:22:53+00:00\",\"author\":{\"@id\":\"https:\/\/portaltela.pt\/#\/schema\/person\/c4278d4a6028830caff9ee44b42d32ed\"},\"breadcrumb\":{\"@id\":\"https:\/\/portaltela.pt\/noticias\/2026\/04\/28\/ouca-a-faixa-tuk-tuk-da-dupla-opsom\/#breadcrumb\"},\"inLanguage\":\"pt-PT\",\"potentialAction\":[{\"@type\":\"ReadAction\",\"target\":[\"https:\/\/portaltela.pt\/noticias\/2026\/04\/28\/ouca-a-faixa-tuk-tuk-da-dupla-opsom\/\"]}]},{\"@type\":\"ImageObject\",\"inLanguage\":\"pt-PT\",\"@id\":\"https:\/\/portaltela.pt\/noticias\/2026\/04\/28\/ouca-a-faixa-tuk-tuk-da-dupla-opsom\/#primaryimage\",\"url\":\"https:\/\/portaltela.pt\/s.01k8rhncp4jt1\/2026\/04\/img_1280x722uu2026-04-28-17-08-55-2281650.jpg\",\"contentUrl\":\"https:\/\/portaltela.pt\/s.01k8rhncp4jt1\/2026\/04\/img_1280x722uu2026-04-28-17-08-55-2281650.jpg\",\"width\":796,\"height\":448,\"caption\":\"Photo\"},{\"@type\":\"BreadcrumbList\",\"@id\":\"https:\/\/portaltela.pt\/noticias\/2026\/04\/28\/ouca-a-faixa-tuk-tuk-da-dupla-opsom\/#breadcrumb\",\"itemListElement\":[{\"@type\":\"ListItem\",\"position\":1,\"name\":\"In\u00edcio\",\"item\":\"https:\/\/portaltela.pt\/\"},{\"@type\":\"ListItem\",\"position\":2,\"name\":\"Ou\u00e7a a faixa Tuk Tuk da dupla Opsom\"}]},{\"@type\":\"WebSite\",\"@id\":\"https:\/\/portaltela.pt\/#website\",\"url\":\"https:\/\/portaltela.pt\/\",\"name\":\"Portal Tela Portugal\",\"description\":\"\",\"potentialAction\":[{\"@type\":\"SearchAction\",\"target\":{\"@type\":\"EntryPoint\",\"urlTemplate\":\"https:\/\/portaltela.pt\/?s={search_term_string}\"},\"query-input\":{\"@type\":\"PropertyValueSpecification\",\"valueRequired\":true,\"valueName\":\"search_term_string\"}}],\"inLanguage\":\"pt-PT\"},{\"@type\":\"Person\",\"@id\":\"https:\/\/portaltela.pt\/#\/schema\/person\/c4278d4a6028830caff9ee44b42d32ed\",\"name\":\"Telinha\",\"image\":{\"@type\":\"ImageObject\",\"inLanguage\":\"pt-PT\",\"@id\":\"https:\/\/portaltela.pt\/s.01k8rhncp4jt1\/2025\/11\/talking-bot-125x125.png\",\"url\":\"https:\/\/portaltela.pt\/s.01k8rhncp4jt1\/2025\/11\/talking-bot-125x125.png\",\"contentUrl\":\"https:\/\/portaltela.pt\/s.01k8rhncp4jt1\/2025\/11\/talking-bot-125x125.png\",\"caption\":\"Telinha\"},\"sameAs\":[\"https:\/\/portaltela.pt\/\"],\"url\":\"https:\/\/portaltela.pt\/por\/367410592786\/\"}]}<\/script>\n<!-- \/ Yoast SEO plugin. -->","yoast_head_json":{"title":"Ou\u00e7a a faixa Tuk Tuk da dupla Opsom - Portal Tela Portugal","robots":{"index":"index","follow":"follow","max-snippet":"max-snippet:-1","max-image-preview":"max-image-preview:large","max-video-preview":"max-video-preview:-1"},"og_locale":"pt_PT","og_type":"article","og_title":"Ou\u00e7a a faixa Tuk Tuk da dupla Opsom - Portal Tela Portugal","og_description":"A dupla Opsom apresentou Tuk Tuk no programa \u201cOl\u00e1, Bom Dia!\u201d. A atua\u00e7\u00e3o enquadra-se no g\u00e9nero da m\u00fasica ligeira portuguesa. O conte\u00fado menciona o livro \u201cSa\u00fade dos p\u00e9s \u00e0 cabe\u00e7a\u201d, que aborda sa\u00fade de forma descomplicada. Patr\u00edcia Reis publicou a sua obra mais recente, \u201cLugar da Incerteza\u201d. L\u00e9o Caeiro comenta a sele\u00e7\u00e3o de concorrentes para reality shows, e \u00e9 referida a rela\u00e7\u00e3o entre stress e queda de cabelo.","og_url":"https:\/\/portaltela.pt\/noticias\/2026\/04\/28\/ouca-a-faixa-tuk-tuk-da-dupla-opsom\/","og_site_name":"Portal Tela Portugal","article_published_time":"2026-04-28T16:22:53+00:00","author":"Telinha","twitter_card":"summary_large_image","twitter_misc":{"Escrito por":"Telinha","Tempo estimado de leitura":"1 minuto"},"schema":{"@context":"https:\/\/schema.org","@graph":[{"@type":"Article","@id":"https:\/\/portaltela.pt\/noticias\/2026\/04\/28\/ouca-a-faixa-tuk-tuk-da-dupla-opsom\/#article","isPartOf":{"@id":"https:\/\/portaltela.pt\/noticias\/2026\/04\/28\/ouca-a-faixa-tuk-tuk-da-dupla-opsom\/"},"author":{"name":"Telinha","@id":"https:\/\/portaltela.pt\/#\/schema\/person\/c4278d4a6028830caff9ee44b42d32ed"},"headline":"Ou\u00e7a a faixa Tuk Tuk da dupla Opsom","datePublished":"2026-04-28T16:22:53+00:00","mainEntityOfPage":{"@id":"https:\/\/portaltela.pt\/noticias\/2026\/04\/28\/ouca-a-faixa-tuk-tuk-da-dupla-opsom\/"},"wordCount":142,"image":{"@id":"https:\/\/portaltela.pt\/noticias\/2026\/04\/28\/ouca-a-faixa-tuk-tuk-da-dupla-opsom\/#primaryimage"},"thumbnailUrl":"https:\/\/portaltela.pt\/s.01k8rhncp4jt1\/2026\/04\/img_1280x722uu2026-04-28-17-08-55-2281650.jpg","keywords":["artistas internacionais","cultura","entretenimento","espect\u00e1culos","m\u00fasica","m\u00fasica internacional"],"articleSection":["M\u00fasica"],"inLanguage":"pt-PT"},{"@type":"WebPage","@id":"https:\/\/portaltela.pt\/noticias\/2026\/04\/28\/ouca-a-faixa-tuk-tuk-da-dupla-opsom\/","url":"https:\/\/portaltela.pt\/noticias\/2026\/04\/28\/ouca-a-faixa-tuk-tuk-da-dupla-opsom\/","name":"Ou\u00e7a a faixa Tuk Tuk da dupla Opsom - Portal Tela Portugal","isPartOf":{"@id":"https:\/\/portaltela.pt\/#website"},"primaryImageOfPage":{"@id":"https:\/\/portaltela.pt\/noticias\/2026\/04\/28\/ouca-a-faixa-tuk-tuk-da-dupla-opsom\/#primaryimage"},"image":{"@id":"https:\/\/portaltela.pt\/noticias\/2026\/04\/28\/ouca-a-faixa-tuk-tuk-da-dupla-opsom\/#primaryimage"},"thumbnailUrl":"https:\/\/portaltela.pt\/s.01k8rhncp4jt1\/2026\/04\/img_1280x722uu2026-04-28-17-08-55-2281650.jpg","datePublished":"2026-04-28T16:22:53+00:00","author":{"@id":"https:\/\/portaltela.pt\/#\/schema\/person\/c4278d4a6028830caff9ee44b42d32ed"},"breadcrumb":{"@id":"https:\/\/portaltela.pt\/noticias\/2026\/04\/28\/ouca-a-faixa-tuk-tuk-da-dupla-opsom\/#breadcrumb"},"inLanguage":"pt-PT","potentialAction":[{"@type":"ReadAction","target":["https:\/\/portaltela.pt\/noticias\/2026\/04\/28\/ouca-a-faixa-tuk-tuk-da-dupla-opsom\/"]}]},{"@type":"ImageObject","inLanguage":"pt-PT","@id":"https:\/\/portaltela.pt\/noticias\/2026\/04\/28\/ouca-a-faixa-tuk-tuk-da-dupla-opsom\/#primaryimage","url":"https:\/\/portaltela.pt\/s.01k8rhncp4jt1\/2026\/04\/img_1280x722uu2026-04-28-17-08-55-2281650.jpg","contentUrl":"https:\/\/portaltela.pt\/s.01k8rhncp4jt1\/2026\/04\/img_1280x722uu2026-04-28-17-08-55-2281650.jpg","width":796,"height":448,"caption":"Photo"},{"@type":"BreadcrumbList","@id":"https:\/\/portaltela.pt\/noticias\/2026\/04\/28\/ouca-a-faixa-tuk-tuk-da-dupla-opsom\/#breadcrumb","itemListElement":[{"@type":"ListItem","position":1,"name":"In\u00edcio","item":"https:\/\/portaltela.pt\/"},{"@type":"ListItem","position":2,"name":"Ou\u00e7a a faixa Tuk Tuk da dupla Opsom"}]},{"@type":"WebSite","@id":"https:\/\/portaltela.pt\/#website","url":"https:\/\/portaltela.pt\/","name":"Portal Tela Portugal","description":"","potentialAction":[{"@type":"SearchAction","target":{"@type":"EntryPoint","urlTemplate":"https:\/\/portaltela.pt\/?s={search_term_string}"},"query-input":{"@type":"PropertyValueSpecification","valueRequired":true,"valueName":"search_term_string"}}],"inLanguage":"pt-PT"},{"@type":"Person","@id":"https:\/\/portaltela.pt\/#\/schema\/person\/c4278d4a6028830caff9ee44b42d32ed","name":"Telinha","image":{"@type":"ImageObject","inLanguage":"pt-PT","@id":"https:\/\/portaltela.pt\/s.01k8rhncp4jt1\/2025\/11\/talking-bot-125x125.png","url":"https:\/\/portaltela.pt\/s.01k8rhncp4jt1\/2025\/11\/talking-bot-125x125.png","contentUrl":"https:\/\/portaltela.pt\/s.01k8rhncp4jt1\/2025\/11\/talking-bot-125x125.png","caption":"Telinha"},"sameAs":["https:\/\/portaltela.pt\/"],"url":"https:\/\/portaltela.pt\/por\/367410592786\/"}]}},"_links":{"self":[{"href":"https:\/\/portaltela.pt\/api\/wp\/v2\/posts\/460087","targetHints":{"allow":["GET"]}}],"collection":[{"href":"https:\/\/portaltela.pt\/api\/wp\/v2\/posts"}],"about":[{"href":"https:\/\/portaltela.pt\/api\/wp\/v2\/types\/post"}],"author":[{"embeddable":true,"href":"https:\/\/portaltela.pt\/api\/wp\/v2\/users\/2"}],"replies":[{"embeddable":true,"href":"https:\/\/portaltela.pt\/api\/wp\/v2\/comments?post=460087"}],"version-history":[{"count":0,"href":"https:\/\/portaltela.pt\/api\/wp\/v2\/posts\/460087\/revisions"}],"wp:featuredmedia":[{"embeddable":true,"href":"https:\/\/portaltela.pt\/api\/wp\/v2\/media\/460088"}],"wp:attachment":[{"href":"https:\/\/portaltela.pt\/api\/wp\/v2\/media?parent=460087"}],"wp:term":[{"taxonomy":"category","embeddable":true,"href":"https:\/\/portaltela.pt\/api\/wp\/v2\/categories?post=460087"},{"taxonomy":"post_tag","embeddable":true,"href":"https:\/\/portaltela.pt\/api\/wp\/v2\/tags?post=460087"}],"curies":[{"name":"wp","href":"https:\/\/api.w.org\/{rel}","templated":true}]}}