{"id":460068,"date":"2026-04-28T13:18:16","date_gmt":"2026-04-28T16:18:16","guid":{"rendered":"https:\/\/portaltela.pt\/noticias\/2026\/04\/28\/trump-nao-foi-convidado-para-conferencia-climatica-com-60-paises\/"},"modified":"2026-04-28T13:18:16","modified_gmt":"2026-04-28T16:18:16","slug":"trump-nao-foi-convidado-para-conferencia-climatica-com-60-paises","status":"publish","type":"post","link":"https:\/\/portaltela.pt\/noticias\/2026\/04\/28\/trump-nao-foi-convidado-para-conferencia-climatica-com-60-paises\/","title":{"rendered":"Trump n\u00e3o foi convidado para confer\u00eancia clim\u00e1tica com 60 pa\u00edses"},"content":{"rendered":"<p>A confer\u00eancia anual sobre o clima organizada pela ONU, conhecida como COP, voltou a enfrentar cr\u00edticas por n\u00e3o apresentar planos concretos de transi\u00e7\u00e3o energ\u00e9tica. Embora haja consenso sobre a necessidade de abandonar progressivamente os combust\u00edveis f\u00f3sseis, os acordos costumam ficar aqu\u00e9m das expectativas, deixando pa\u00edses com desafios econ\u00f3micos.<\/p>\n<p>Nesta edi\u00e7\u00e3o, os Holland e a Col\u00f4mbia reuniram l\u00edderes mundiais para discutir uma via fora do formato tradicional da ONU, centrada numa coaliz\u00e3o de fazedores da transi\u00e7\u00e3o energ\u00e9tica. O objetivo \u00e9 acelerar mudan\u00e7as rumo a energias mais limpas, sem depender apenas de negocia\u00e7\u00f5es formais.<\/p>\n<p>A confer\u00eancia decorre na Col\u00f4mbia, com a participa\u00e7\u00e3o de 60 pa\u00edses. A aus\u00eancia de convidados norte-americanos da administra\u00e7\u00e3o Trump tem sido apontada como elemento de controv\u00e9rsia, dado o foco na credibilidade do evento e na press\u00e3o exercida pelos grandes emissores.<\/p>\n<p>Organizadores explicaram que a lista de participantes privilegia governos empenhados na transi\u00e7\u00e3o, formando uma alian\u00e7a para reduzir o peso dos combust\u00edveis f\u00f3sseis. A gest\u00e3o anterior dos EUA, associada a posi\u00e7\u00f5es c\u00e9ticas em rela\u00e7\u00e3o \u00e0s altera\u00e7\u00f5es clim\u00e1ticas, n\u00e3o integrou o grupo.<\/p>\n<p>A anfitri\u00e3 Irene Velez Torres, ministra do Ambiente da Col\u00f4mbia, respondeu a perguntas sobre o impacto da aus\u00eancia de grandes produtores. Refor\u00e7ou a ideia de que a confer\u00eancia se dirige aos mais de 50 pa\u00edses presentes, que representam quase metade da popula\u00e7\u00e3o mundial, incluindo produtores, consumidores e pa\u00edses vulner\u00e1veis.<\/p>\n<p>Estados americanos, no entanto, v\u00eam celebrando progressos a n\u00edvel subnacional. A Calif\u00f3rnia tem adotado mercados de carbono e normas para combust\u00edveis de baixo carbono para atrair investimento e facilitar a transi\u00e7\u00e3o. A secret\u00e1ria adjunta para a pol\u00edtica clim\u00e1tica da Ag\u00eancia de Prote\u00e7\u00e3o Ambiental da Calif\u00f3rnia destacou o compromisso com a neutralidade de carbono at\u00e9 2045.<\/p>\n<p>No Canad\u00e1, o Quebeque aprovou uma lei que suspende a explora\u00e7\u00e3o de novos combust\u00edveis f\u00f3sseis, seguindo uma postura mais direta. O enviado da prov\u00edncia para o clima sublinhou a necessidade de consenso, reconhecendo os custos associados \u00e0 pol\u00edtica energ\u00e9tica.<\/p>\n<p>Apesar dos avan\u00e7os entre estados e prov\u00edncias, Jean Lemire, representante do Quebeque, alertou para a lentid\u00e3o da coopera\u00e7\u00e3o global. Disse que h\u00e1 muito dinheiro dispon\u00edvel para a ind\u00fastria, mas que o inimigo comum \u00e9 a mudan\u00e7a clim\u00e1tica, o que complica a coordena\u00e7\u00e3o internacional.<\/p>\n","protected":false},"excerpt":{"rendered":"<ul>\n<li>A confer\u00eancia internacional sobre a transi\u00e7\u00e3o para energias limpas, realizada na Col\u00f4mbia, reuniu 60 pa\u00edses, sem a presen\u00e7a de Donald Trump.<\/li>\n<li>Organizados pela Col\u00f4mbia e pelos Pa\u00edses Baixos, os l\u00edderes participam de discuss\u00f5es fora do processo da ONU, centradas numa \u201ccoliga\u00e7\u00e3o de fazedores\u201d para acelerar a sa\u00edda dos combust\u00edveis f\u00f3sseis.<\/li>\n<li>Irene Velez Torres, ministra do Ambiente da Col\u00f4mbia, afirmou que a aus\u00eancia de grandes emissores n\u00e3o compromete o evento e destacou que mais de 50 pa\u00edses presentes representam quase metade da popula\u00e7\u00e3o mundial, considerando-os uma nova pot\u00eancia.<\/li>\n<li>Estados norte\u2011americanos, nomeadamente a Calif\u00f3rnia, avan\u00e7am com pol\u00edticas clim\u00e1ticas a n\u00edvel subnacional, incluindo mercados de carbono e normas de combust\u00edveis de baixo teor de carbono, com ambi\u00e7\u00e3o de neutralidade de carbono at\u00e9 2045.<\/li>\n<li>No Canad\u00e1, o Qu\u00e9bec aprovou uma lei que suspende a explora\u00e7\u00e3o e produ\u00e7\u00e3o de novos combust\u00edveis f\u00f3sseis; Lemire advertiu que a coopera\u00e7\u00e3o global permanece lenta, apesar do desafio comum das altera\u00e7\u00f5es clim\u00e1ticas.<\/li>\n<\/ul>\n","protected":false},"author":2,"featured_media":460079,"comment_status":"closed","ping_status":"closed","sticky":false,"template":"","format":"standard","meta":{"footnotes":""},"categories":[7380,1],"tags":[8291,9398,9578,7991,8051,8119],"class_list":["post-460068","post","type-post","status-publish","format-standard","has-post-thumbnail","hentry","category-clima","category-noticias","tag-_alteracoes-climaticas","tag-_clima","tag-_colombia","tag-_cooperacao-internacional","tag-_energias-renovaveis","tag-_onu"],"yoast_head":"<!-- This site is optimized with the Yoast SEO plugin v27.2 - https:\/\/yoast.com\/product\/yoast-seo-wordpress\/ -->\n<title>Trump n\u00e3o foi convidado para confer\u00eancia clim\u00e1tica com 60 pa\u00edses - Portal Tela Portugal<\/title>\n<meta name=\"robots\" content=\"index, follow, max-snippet:-1, max-image-preview:large, max-video-preview:-1\" \/>\n<meta property=\"og:locale\" content=\"pt_PT\" \/>\n<meta property=\"og:type\" content=\"article\" \/>\n<meta property=\"og:title\" content=\"Trump n\u00e3o foi convidado para confer\u00eancia clim\u00e1tica com 60 pa\u00edses - Portal Tela Portugal\" \/>\n<meta property=\"og:description\" content=\"A confer\u00eancia internacional sobre a transi\u00e7\u00e3o para energias limpas, realizada na Col\u00f4mbia, reuniu 60 pa\u00edses, sem a presen\u00e7a de Donald Trump. Organizados pela Col\u00f4mbia e pelos Pa\u00edses Baixos, os l\u00edderes participam de discuss\u00f5es fora do processo da ONU, centradas numa \u201ccoliga\u00e7\u00e3o de fazedores\u201d para acelerar a sa\u00edda dos combust\u00edveis f\u00f3sseis. Irene Velez Torres, ministra do Ambiente da Col\u00f4mbia, afirmou que a aus\u00eancia de grandes emissores n\u00e3o compromete o evento e destacou que mais de 50 pa\u00edses presentes representam quase metade da popula\u00e7\u00e3o mundial, considerando-os uma nova pot\u00eancia. Estados norte\u2011americanos, nomeadamente a Calif\u00f3rnia, avan\u00e7am com pol\u00edticas clim\u00e1ticas a n\u00edvel subnacional, incluindo mercados de carbono e normas de combust\u00edveis de baixo teor de carbono, com ambi\u00e7\u00e3o de neutralidade de carbono at\u00e9 2045. No Canad\u00e1, o Qu\u00e9bec aprovou uma lei que suspende a explora\u00e7\u00e3o e produ\u00e7\u00e3o de novos combust\u00edveis f\u00f3sseis; Lemire advertiu que a coopera\u00e7\u00e3o global permanece lenta, apesar do desafio comum das altera\u00e7\u00f5es clim\u00e1ticas.\" \/>\n<meta property=\"og:url\" content=\"https:\/\/portaltela.pt\/noticias\/2026\/04\/28\/trump-nao-foi-convidado-para-conferencia-climatica-com-60-paises\/\" \/>\n<meta property=\"og:site_name\" content=\"Portal Tela Portugal\" \/>\n<meta property=\"article:published_time\" content=\"2026-04-28T16:18:16+00:00\" \/>\n<meta name=\"author\" content=\"Telinha\" \/>\n<meta name=\"twitter:card\" content=\"summary_large_image\" \/>\n<meta name=\"twitter:label1\" content=\"Escrito por\" \/>\n\t<meta name=\"twitter:data1\" content=\"Telinha\" \/>\n\t<meta name=\"twitter:label2\" content=\"Tempo estimado de leitura\" \/>\n\t<meta name=\"twitter:data2\" content=\"2 minutos\" \/>\n<script type=\"application\/ld+json\" class=\"yoast-schema-graph\">{\"@context\":\"https:\/\/schema.org\",\"@graph\":[{\"@type\":\"Article\",\"@id\":\"https:\/\/portaltela.pt\/noticias\/2026\/04\/28\/trump-nao-foi-convidado-para-conferencia-climatica-com-60-paises\/#article\",\"isPartOf\":{\"@id\":\"https:\/\/portaltela.pt\/noticias\/2026\/04\/28\/trump-nao-foi-convidado-para-conferencia-climatica-com-60-paises\/\"},\"author\":{\"name\":\"Telinha\",\"@id\":\"https:\/\/portaltela.pt\/#\/schema\/person\/c4278d4a6028830caff9ee44b42d32ed\"},\"headline\":\"Trump n\u00e3o foi convidado para confer\u00eancia clim\u00e1tica com 60 pa\u00edses\",\"datePublished\":\"2026-04-28T16:18:16+00:00\",\"mainEntityOfPage\":{\"@id\":\"https:\/\/portaltela.pt\/noticias\/2026\/04\/28\/trump-nao-foi-convidado-para-conferencia-climatica-com-60-paises\/\"},\"wordCount\":436,\"image\":{\"@id\":\"https:\/\/portaltela.pt\/noticias\/2026\/04\/28\/trump-nao-foi-convidado-para-conferencia-climatica-com-60-paises\/#primaryimage\"},\"thumbnailUrl\":\"https:\/\/portaltela.pt\/s.01k8rhncp4jt1\/2026\/04\/1536x864_cmsv2_3bff741a-2343-503a-b52b-8561f373c259-9738862.jpg\",\"keywords\":[\"_Altera\u00e7\u00f5es Clim\u00e1ticas\",\"_clima\",\"_Col\u00f4mbia\",\"_coopera\u00e7\u00e3o internacional\",\"_energias renov\u00e1veis\",\"_ONU\"],\"articleSection\":[\"Clima\",\"Not\u00edcias\"],\"inLanguage\":\"pt-PT\"},{\"@type\":\"WebPage\",\"@id\":\"https:\/\/portaltela.pt\/noticias\/2026\/04\/28\/trump-nao-foi-convidado-para-conferencia-climatica-com-60-paises\/\",\"url\":\"https:\/\/portaltela.pt\/noticias\/2026\/04\/28\/trump-nao-foi-convidado-para-conferencia-climatica-com-60-paises\/\",\"name\":\"Trump n\u00e3o foi convidado para confer\u00eancia clim\u00e1tica com 60 pa\u00edses - Portal Tela Portugal\",\"isPartOf\":{\"@id\":\"https:\/\/portaltela.pt\/#website\"},\"primaryImageOfPage\":{\"@id\":\"https:\/\/portaltela.pt\/noticias\/2026\/04\/28\/trump-nao-foi-convidado-para-conferencia-climatica-com-60-paises\/#primaryimage\"},\"image\":{\"@id\":\"https:\/\/portaltela.pt\/noticias\/2026\/04\/28\/trump-nao-foi-convidado-para-conferencia-climatica-com-60-paises\/#primaryimage\"},\"thumbnailUrl\":\"https:\/\/portaltela.pt\/s.01k8rhncp4jt1\/2026\/04\/1536x864_cmsv2_3bff741a-2343-503a-b52b-8561f373c259-9738862.jpg\",\"datePublished\":\"2026-04-28T16:18:16+00:00\",\"author\":{\"@id\":\"https:\/\/portaltela.pt\/#\/schema\/person\/c4278d4a6028830caff9ee44b42d32ed\"},\"breadcrumb\":{\"@id\":\"https:\/\/portaltela.pt\/noticias\/2026\/04\/28\/trump-nao-foi-convidado-para-conferencia-climatica-com-60-paises\/#breadcrumb\"},\"inLanguage\":\"pt-PT\",\"potentialAction\":[{\"@type\":\"ReadAction\",\"target\":[\"https:\/\/portaltela.pt\/noticias\/2026\/04\/28\/trump-nao-foi-convidado-para-conferencia-climatica-com-60-paises\/\"]}]},{\"@type\":\"ImageObject\",\"inLanguage\":\"pt-PT\",\"@id\":\"https:\/\/portaltela.pt\/noticias\/2026\/04\/28\/trump-nao-foi-convidado-para-conferencia-climatica-com-60-paises\/#primaryimage\",\"url\":\"https:\/\/portaltela.pt\/s.01k8rhncp4jt1\/2026\/04\/1536x864_cmsv2_3bff741a-2343-503a-b52b-8561f373c259-9738862.jpg\",\"contentUrl\":\"https:\/\/portaltela.pt\/s.01k8rhncp4jt1\/2026\/04\/1536x864_cmsv2_3bff741a-2343-503a-b52b-8561f373c259-9738862.jpg\",\"width\":796,\"height\":448,\"caption\":\"Activistas participam numa manifesta\u00e7\u00e3o durante uma confer\u00eancia que visa a transi\u00e7\u00e3o para o abandono dos combust\u00edveis f\u00f3sseis, segunda-feira, 27 de abril de 2026, em Santa Marta, Col\u00f4mbia.\"},{\"@type\":\"BreadcrumbList\",\"@id\":\"https:\/\/portaltela.pt\/noticias\/2026\/04\/28\/trump-nao-foi-convidado-para-conferencia-climatica-com-60-paises\/#breadcrumb\",\"itemListElement\":[{\"@type\":\"ListItem\",\"position\":1,\"name\":\"In\u00edcio\",\"item\":\"https:\/\/portaltela.pt\/\"},{\"@type\":\"ListItem\",\"position\":2,\"name\":\"Trump n\u00e3o foi convidado para confer\u00eancia clim\u00e1tica com 60 pa\u00edses\"}]},{\"@type\":\"WebSite\",\"@id\":\"https:\/\/portaltela.pt\/#website\",\"url\":\"https:\/\/portaltela.pt\/\",\"name\":\"Portal Tela Portugal\",\"description\":\"\",\"potentialAction\":[{\"@type\":\"SearchAction\",\"target\":{\"@type\":\"EntryPoint\",\"urlTemplate\":\"https:\/\/portaltela.pt\/?s={search_term_string}\"},\"query-input\":{\"@type\":\"PropertyValueSpecification\",\"valueRequired\":true,\"valueName\":\"search_term_string\"}}],\"inLanguage\":\"pt-PT\"},{\"@type\":\"Person\",\"@id\":\"https:\/\/portaltela.pt\/#\/schema\/person\/c4278d4a6028830caff9ee44b42d32ed\",\"name\":\"Telinha\",\"image\":{\"@type\":\"ImageObject\",\"inLanguage\":\"pt-PT\",\"@id\":\"https:\/\/portaltela.pt\/s.01k8rhncp4jt1\/2025\/11\/talking-bot-125x125.png\",\"url\":\"https:\/\/portaltela.pt\/s.01k8rhncp4jt1\/2025\/11\/talking-bot-125x125.png\",\"contentUrl\":\"https:\/\/portaltela.pt\/s.01k8rhncp4jt1\/2025\/11\/talking-bot-125x125.png\",\"caption\":\"Telinha\"},\"sameAs\":[\"https:\/\/portaltela.pt\/\"],\"url\":\"https:\/\/portaltela.pt\/por\/367410592786\/\"}]}<\/script>\n<!-- \/ Yoast SEO plugin. -->","yoast_head_json":{"title":"Trump n\u00e3o foi convidado para confer\u00eancia clim\u00e1tica com 60 pa\u00edses - Portal Tela Portugal","robots":{"index":"index","follow":"follow","max-snippet":"max-snippet:-1","max-image-preview":"max-image-preview:large","max-video-preview":"max-video-preview:-1"},"og_locale":"pt_PT","og_type":"article","og_title":"Trump n\u00e3o foi convidado para confer\u00eancia clim\u00e1tica com 60 pa\u00edses - Portal Tela Portugal","og_description":"A confer\u00eancia internacional sobre a transi\u00e7\u00e3o para energias limpas, realizada na Col\u00f4mbia, reuniu 60 pa\u00edses, sem a presen\u00e7a de Donald Trump. Organizados pela Col\u00f4mbia e pelos Pa\u00edses Baixos, os l\u00edderes participam de discuss\u00f5es fora do processo da ONU, centradas numa \u201ccoliga\u00e7\u00e3o de fazedores\u201d para acelerar a sa\u00edda dos combust\u00edveis f\u00f3sseis. Irene Velez Torres, ministra do Ambiente da Col\u00f4mbia, afirmou que a aus\u00eancia de grandes emissores n\u00e3o compromete o evento e destacou que mais de 50 pa\u00edses presentes representam quase metade da popula\u00e7\u00e3o mundial, considerando-os uma nova pot\u00eancia. Estados norte\u2011americanos, nomeadamente a Calif\u00f3rnia, avan\u00e7am com pol\u00edticas clim\u00e1ticas a n\u00edvel subnacional, incluindo mercados de carbono e normas de combust\u00edveis de baixo teor de carbono, com ambi\u00e7\u00e3o de neutralidade de carbono at\u00e9 2045. No Canad\u00e1, o Qu\u00e9bec aprovou uma lei que suspende a explora\u00e7\u00e3o e produ\u00e7\u00e3o de novos combust\u00edveis f\u00f3sseis; Lemire advertiu que a coopera\u00e7\u00e3o global permanece lenta, apesar do desafio comum das altera\u00e7\u00f5es clim\u00e1ticas.","og_url":"https:\/\/portaltela.pt\/noticias\/2026\/04\/28\/trump-nao-foi-convidado-para-conferencia-climatica-com-60-paises\/","og_site_name":"Portal Tela Portugal","article_published_time":"2026-04-28T16:18:16+00:00","author":"Telinha","twitter_card":"summary_large_image","twitter_misc":{"Escrito por":"Telinha","Tempo estimado de leitura":"2 minutos"},"schema":{"@context":"https:\/\/schema.org","@graph":[{"@type":"Article","@id":"https:\/\/portaltela.pt\/noticias\/2026\/04\/28\/trump-nao-foi-convidado-para-conferencia-climatica-com-60-paises\/#article","isPartOf":{"@id":"https:\/\/portaltela.pt\/noticias\/2026\/04\/28\/trump-nao-foi-convidado-para-conferencia-climatica-com-60-paises\/"},"author":{"name":"Telinha","@id":"https:\/\/portaltela.pt\/#\/schema\/person\/c4278d4a6028830caff9ee44b42d32ed"},"headline":"Trump n\u00e3o foi convidado para confer\u00eancia clim\u00e1tica com 60 pa\u00edses","datePublished":"2026-04-28T16:18:16+00:00","mainEntityOfPage":{"@id":"https:\/\/portaltela.pt\/noticias\/2026\/04\/28\/trump-nao-foi-convidado-para-conferencia-climatica-com-60-paises\/"},"wordCount":436,"image":{"@id":"https:\/\/portaltela.pt\/noticias\/2026\/04\/28\/trump-nao-foi-convidado-para-conferencia-climatica-com-60-paises\/#primaryimage"},"thumbnailUrl":"https:\/\/portaltela.pt\/s.01k8rhncp4jt1\/2026\/04\/1536x864_cmsv2_3bff741a-2343-503a-b52b-8561f373c259-9738862.jpg","keywords":["_Altera\u00e7\u00f5es Clim\u00e1ticas","_clima","_Col\u00f4mbia","_coopera\u00e7\u00e3o internacional","_energias renov\u00e1veis","_ONU"],"articleSection":["Clima","Not\u00edcias"],"inLanguage":"pt-PT"},{"@type":"WebPage","@id":"https:\/\/portaltela.pt\/noticias\/2026\/04\/28\/trump-nao-foi-convidado-para-conferencia-climatica-com-60-paises\/","url":"https:\/\/portaltela.pt\/noticias\/2026\/04\/28\/trump-nao-foi-convidado-para-conferencia-climatica-com-60-paises\/","name":"Trump n\u00e3o foi convidado para confer\u00eancia clim\u00e1tica com 60 pa\u00edses - Portal Tela Portugal","isPartOf":{"@id":"https:\/\/portaltela.pt\/#website"},"primaryImageOfPage":{"@id":"https:\/\/portaltela.pt\/noticias\/2026\/04\/28\/trump-nao-foi-convidado-para-conferencia-climatica-com-60-paises\/#primaryimage"},"image":{"@id":"https:\/\/portaltela.pt\/noticias\/2026\/04\/28\/trump-nao-foi-convidado-para-conferencia-climatica-com-60-paises\/#primaryimage"},"thumbnailUrl":"https:\/\/portaltela.pt\/s.01k8rhncp4jt1\/2026\/04\/1536x864_cmsv2_3bff741a-2343-503a-b52b-8561f373c259-9738862.jpg","datePublished":"2026-04-28T16:18:16+00:00","author":{"@id":"https:\/\/portaltela.pt\/#\/schema\/person\/c4278d4a6028830caff9ee44b42d32ed"},"breadcrumb":{"@id":"https:\/\/portaltela.pt\/noticias\/2026\/04\/28\/trump-nao-foi-convidado-para-conferencia-climatica-com-60-paises\/#breadcrumb"},"inLanguage":"pt-PT","potentialAction":[{"@type":"ReadAction","target":["https:\/\/portaltela.pt\/noticias\/2026\/04\/28\/trump-nao-foi-convidado-para-conferencia-climatica-com-60-paises\/"]}]},{"@type":"ImageObject","inLanguage":"pt-PT","@id":"https:\/\/portaltela.pt\/noticias\/2026\/04\/28\/trump-nao-foi-convidado-para-conferencia-climatica-com-60-paises\/#primaryimage","url":"https:\/\/portaltela.pt\/s.01k8rhncp4jt1\/2026\/04\/1536x864_cmsv2_3bff741a-2343-503a-b52b-8561f373c259-9738862.jpg","contentUrl":"https:\/\/portaltela.pt\/s.01k8rhncp4jt1\/2026\/04\/1536x864_cmsv2_3bff741a-2343-503a-b52b-8561f373c259-9738862.jpg","width":796,"height":448,"caption":"Activistas participam numa manifesta\u00e7\u00e3o durante uma confer\u00eancia que visa a transi\u00e7\u00e3o para o abandono dos combust\u00edveis f\u00f3sseis, segunda-feira, 27 de abril de 2026, em Santa Marta, Col\u00f4mbia."},{"@type":"BreadcrumbList","@id":"https:\/\/portaltela.pt\/noticias\/2026\/04\/28\/trump-nao-foi-convidado-para-conferencia-climatica-com-60-paises\/#breadcrumb","itemListElement":[{"@type":"ListItem","position":1,"name":"In\u00edcio","item":"https:\/\/portaltela.pt\/"},{"@type":"ListItem","position":2,"name":"Trump n\u00e3o foi convidado para confer\u00eancia clim\u00e1tica com 60 pa\u00edses"}]},{"@type":"WebSite","@id":"https:\/\/portaltela.pt\/#website","url":"https:\/\/portaltela.pt\/","name":"Portal Tela Portugal","description":"","potentialAction":[{"@type":"SearchAction","target":{"@type":"EntryPoint","urlTemplate":"https:\/\/portaltela.pt\/?s={search_term_string}"},"query-input":{"@type":"PropertyValueSpecification","valueRequired":true,"valueName":"search_term_string"}}],"inLanguage":"pt-PT"},{"@type":"Person","@id":"https:\/\/portaltela.pt\/#\/schema\/person\/c4278d4a6028830caff9ee44b42d32ed","name":"Telinha","image":{"@type":"ImageObject","inLanguage":"pt-PT","@id":"https:\/\/portaltela.pt\/s.01k8rhncp4jt1\/2025\/11\/talking-bot-125x125.png","url":"https:\/\/portaltela.pt\/s.01k8rhncp4jt1\/2025\/11\/talking-bot-125x125.png","contentUrl":"https:\/\/portaltela.pt\/s.01k8rhncp4jt1\/2025\/11\/talking-bot-125x125.png","caption":"Telinha"},"sameAs":["https:\/\/portaltela.pt\/"],"url":"https:\/\/portaltela.pt\/por\/367410592786\/"}]}},"_links":{"self":[{"href":"https:\/\/portaltela.pt\/api\/wp\/v2\/posts\/460068","targetHints":{"allow":["GET"]}}],"collection":[{"href":"https:\/\/portaltela.pt\/api\/wp\/v2\/posts"}],"about":[{"href":"https:\/\/portaltela.pt\/api\/wp\/v2\/types\/post"}],"author":[{"embeddable":true,"href":"https:\/\/portaltela.pt\/api\/wp\/v2\/users\/2"}],"replies":[{"embeddable":true,"href":"https:\/\/portaltela.pt\/api\/wp\/v2\/comments?post=460068"}],"version-history":[{"count":0,"href":"https:\/\/portaltela.pt\/api\/wp\/v2\/posts\/460068\/revisions"}],"wp:featuredmedia":[{"embeddable":true,"href":"https:\/\/portaltela.pt\/api\/wp\/v2\/media\/460079"}],"wp:attachment":[{"href":"https:\/\/portaltela.pt\/api\/wp\/v2\/media?parent=460068"}],"wp:term":[{"taxonomy":"category","embeddable":true,"href":"https:\/\/portaltela.pt\/api\/wp\/v2\/categories?post=460068"},{"taxonomy":"post_tag","embeddable":true,"href":"https:\/\/portaltela.pt\/api\/wp\/v2\/tags?post=460068"}],"curies":[{"name":"wp","href":"https:\/\/api.w.org\/{rel}","templated":true}]}}