{"id":460067,"date":"2026-04-28T13:18:15","date_gmt":"2026-04-28T16:18:15","guid":{"rendered":"https:\/\/portaltela.pt\/noticias\/2026\/04\/28\/antonio-antunes-regressa-aos-tabuleiros-para-reforcar-xadrez-de-gaia\/"},"modified":"2026-04-28T13:18:15","modified_gmt":"2026-04-28T16:18:15","slug":"antonio-antunes-regressa-aos-tabuleiros-para-reforcar-xadrez-de-gaia","status":"publish","type":"post","link":"https:\/\/portaltela.pt\/desporto\/futebol\/2026\/04\/28\/antonio-antunes-regressa-aos-tabuleiros-para-reforcar-xadrez-de-gaia\/","title":{"rendered":"Ant\u00f3nio Antunes regressa aos tabuleiros para refor\u00e7ar Xadrez de Gaia"},"content":{"rendered":"<p>Ant\u00f3nio Antunes vai voltar aos tabuleiros para refor\u00e7ar a Academia de Xadrez de Gaia, a tricampe\u00e3 nacional. O antigo grande mestre portugu\u00eas, de 64 anos, retirou-se em 2000, num interregno de 26 anos, mas mant\u00e9m a paix\u00e3o pela modalidade.<\/p>\n<p>Antunes \u00e9 figura hist\u00f3rica do xadrez nacional, considerado por muitos o melhor luso de sempre. Foi grande mestre em 1994, liderou o ranking da FIDE em 1996 com 2545 pontos e conquistou o t\u00edtulo nacional em 1988.<\/p>\n<p>A sua retirada deveu-se sobretudo \u00e0 falta de apoios da tutela para uma carreira profissional no xadrez. Em 2021, o veterano j\u00e1 assumiu fun\u00e7\u00f5es de dirigente da Sele\u00e7\u00e3o Nacional durante a Olimp\u00edada de Budapeste.<\/p>\n<h3>Participa\u00e7\u00e3o de Ivanchuk e torneio<\/h3>\n<p>A Academia de Xadrez de Gaia contar\u00e1 ainda com o ucraniano Vasyl Ivanchuk, de 57 anos, que vai competir pelo Nacional por equipas entre 13 e 19 de julho, pela terceira vez consecutiva. Ivanchuk foi campe\u00e3o mundial de blitz em 2007 e de semi-r\u00e1pidas em 2016 e chegou perto do t\u00edtulo mundial de cl\u00e1ssicas em 2002.<\/p>\n<p>Ivanchuk \u00e9 reconhecido pelo seu racioc\u00ednio estrat\u00e9gico e mant\u00e9m-se entre os melhores da hist\u00f3ria, tendo enfrentado campe\u00f5es mundiais como Kasparov, Karpov e Carlsen. O regresso de Antunes e a presen\u00e7a de Ivanchuk marcam a componente competitiva da academia para a temporada.<\/p>\n","protected":false},"excerpt":{"rendered":"<ul>\n<li>Ant\u00f3nio Antunes, o primeiro grande mestre portugu\u00eas, vai regressar \u00e0 competi\u00e7\u00e3o para refor\u00e7ar a Academia de Xadrez de Gaia, tricampe\u00e3 nacional.<\/li>\n<li>O ex-jogador do Benfica, de 64 anos, retirou-se em 2000, entrando num interregno de 26 anos que n\u00e3o diminuiu a sua paix\u00e3o pelo xadrez.<\/li>\n<li>Antunes foi campe\u00e3o nacional em 1988, tornou-se grande mestre em 1994 e chegou a liderar o ranking FIDE com 2.545 em 1996.<\/li>\n<li>Ao longo da carreira disputou dez Olimp\u00edadas de Xadrez (1974-1996) e marcou vit\u00f3rias frente a nomes de elite como Judit Polgar (1996) e Loek van Wely (1995).<\/li>\n<li>A Academia de Gaia ter\u00e1 tamb\u00e9m Vasyl Ivanchuk, de 57 anos, que vai competir no Nacional por equipas de 13 a 19 de julho; Ivanchuk \u00e9 considerado um g\u00e9nio do xadrez e j\u00e1 venceu m\u00faltiplos campe\u00f5es mundiais.<\/li>\n<\/ul>\n","protected":false},"author":2,"featured_media":460084,"comment_status":"closed","ping_status":"closed","sticky":false,"template":"","format":"standard","meta":{"footnotes":""},"categories":[21,24],"tags":[8144,8094,8146,8027,1761],"class_list":["post-460067","post","type-post","status-publish","format-standard","has-post-thumbnail","hentry","category-desporto","category-futebol","tag-_competicao-internacional","tag-_internacionais","tag-_jogadores","tag-_selecao-nacional","tag-gaia"],"yoast_head":"<!-- This site is optimized with the Yoast SEO plugin v27.2 - https:\/\/yoast.com\/product\/yoast-seo-wordpress\/ -->\n<title>Ant\u00f3nio Antunes regressa aos tabuleiros para refor\u00e7ar Xadrez de Gaia - Portal Tela Portugal<\/title>\n<meta name=\"robots\" content=\"index, follow, max-snippet:-1, max-image-preview:large, max-video-preview:-1\" \/>\n<meta property=\"og:locale\" content=\"pt_PT\" \/>\n<meta property=\"og:type\" content=\"article\" \/>\n<meta property=\"og:title\" content=\"Ant\u00f3nio Antunes regressa aos tabuleiros para refor\u00e7ar Xadrez de Gaia - Portal Tela Portugal\" \/>\n<meta property=\"og:description\" content=\"Ant\u00f3nio Antunes, o primeiro grande mestre portugu\u00eas, vai regressar \u00e0 competi\u00e7\u00e3o para refor\u00e7ar a Academia de Xadrez de Gaia, tricampe\u00e3 nacional. O ex-jogador do Benfica, de 64 anos, retirou-se em 2000, entrando num interregno de 26 anos que n\u00e3o diminuiu a sua paix\u00e3o pelo xadrez. Antunes foi campe\u00e3o nacional em 1988, tornou-se grande mestre em 1994 e chegou a liderar o ranking FIDE com 2.545 em 1996. Ao longo da carreira disputou dez Olimp\u00edadas de Xadrez (1974-1996) e marcou vit\u00f3rias frente a nomes de elite como Judit Polgar (1996) e Loek van Wely (1995). A Academia de Gaia ter\u00e1 tamb\u00e9m Vasyl Ivanchuk, de 57 anos, que vai competir no Nacional por equipas de 13 a 19 de julho; Ivanchuk \u00e9 considerado um g\u00e9nio do xadrez e j\u00e1 venceu m\u00faltiplos campe\u00f5es mundiais.\" \/>\n<meta property=\"og:url\" content=\"https:\/\/portaltela.pt\/noticias\/2026\/04\/28\/antonio-antunes-regressa-aos-tabuleiros-para-reforcar-xadrez-de-gaia\/\" \/>\n<meta property=\"og:site_name\" content=\"Portal Tela Portugal\" \/>\n<meta property=\"article:published_time\" content=\"2026-04-28T16:18:15+00:00\" \/>\n<meta name=\"author\" content=\"Telinha\" \/>\n<meta name=\"twitter:card\" content=\"summary_large_image\" \/>\n<meta name=\"twitter:label1\" content=\"Escrito por\" \/>\n\t<meta name=\"twitter:data1\" content=\"Telinha\" \/>\n\t<meta name=\"twitter:label2\" content=\"Tempo estimado de leitura\" \/>\n\t<meta name=\"twitter:data2\" content=\"1 minuto\" \/>\n<script type=\"application\/ld+json\" class=\"yoast-schema-graph\">{\"@context\":\"https:\/\/schema.org\",\"@graph\":[{\"@type\":\"Article\",\"@id\":\"https:\/\/portaltela.pt\/noticias\/2026\/04\/28\/antonio-antunes-regressa-aos-tabuleiros-para-reforcar-xadrez-de-gaia\/#article\",\"isPartOf\":{\"@id\":\"https:\/\/portaltela.pt\/noticias\/2026\/04\/28\/antonio-antunes-regressa-aos-tabuleiros-para-reforcar-xadrez-de-gaia\/\"},\"author\":{\"name\":\"Telinha\",\"@id\":\"https:\/\/portaltela.pt\/#\/schema\/person\/c4278d4a6028830caff9ee44b42d32ed\"},\"headline\":\"Ant\u00f3nio Antunes regressa aos tabuleiros para refor\u00e7ar Xadrez de Gaia\",\"datePublished\":\"2026-04-28T16:18:15+00:00\",\"mainEntityOfPage\":{\"@id\":\"https:\/\/portaltela.pt\/noticias\/2026\/04\/28\/antonio-antunes-regressa-aos-tabuleiros-para-reforcar-xadrez-de-gaia\/\"},\"wordCount\":228,\"image\":{\"@id\":\"https:\/\/portaltela.pt\/noticias\/2026\/04\/28\/antonio-antunes-regressa-aos-tabuleiros-para-reforcar-xadrez-de-gaia\/#primaryimage\"},\"thumbnailUrl\":\"https:\/\/portaltela.pt\/s.01k8rhncp4jt1\/2026\/04\/img_920x518uu2026-04-28-17-01-36-2435757.jpg\",\"keywords\":[\"_competi\u00e7\u00e3o internacional\",\"_internacionais\",\"_jogadores\",\"_Sele\u00e7\u00e3o Nacional\",\"Gaia\"],\"articleSection\":[\"Desporto\",\"Futebol\"],\"inLanguage\":\"pt-PT\"},{\"@type\":\"WebPage\",\"@id\":\"https:\/\/portaltela.pt\/noticias\/2026\/04\/28\/antonio-antunes-regressa-aos-tabuleiros-para-reforcar-xadrez-de-gaia\/\",\"url\":\"https:\/\/portaltela.pt\/noticias\/2026\/04\/28\/antonio-antunes-regressa-aos-tabuleiros-para-reforcar-xadrez-de-gaia\/\",\"name\":\"Ant\u00f3nio Antunes regressa aos tabuleiros para refor\u00e7ar Xadrez de Gaia - Portal Tela Portugal\",\"isPartOf\":{\"@id\":\"https:\/\/portaltela.pt\/#website\"},\"primaryImageOfPage\":{\"@id\":\"https:\/\/portaltela.pt\/noticias\/2026\/04\/28\/antonio-antunes-regressa-aos-tabuleiros-para-reforcar-xadrez-de-gaia\/#primaryimage\"},\"image\":{\"@id\":\"https:\/\/portaltela.pt\/noticias\/2026\/04\/28\/antonio-antunes-regressa-aos-tabuleiros-para-reforcar-xadrez-de-gaia\/#primaryimage\"},\"thumbnailUrl\":\"https:\/\/portaltela.pt\/s.01k8rhncp4jt1\/2026\/04\/img_920x518uu2026-04-28-17-01-36-2435757.jpg\",\"datePublished\":\"2026-04-28T16:18:15+00:00\",\"author\":{\"@id\":\"https:\/\/portaltela.pt\/#\/schema\/person\/c4278d4a6028830caff9ee44b42d32ed\"},\"breadcrumb\":{\"@id\":\"https:\/\/portaltela.pt\/noticias\/2026\/04\/28\/antonio-antunes-regressa-aos-tabuleiros-para-reforcar-xadrez-de-gaia\/#breadcrumb\"},\"inLanguage\":\"pt-PT\",\"potentialAction\":[{\"@type\":\"ReadAction\",\"target\":[\"https:\/\/portaltela.pt\/noticias\/2026\/04\/28\/antonio-antunes-regressa-aos-tabuleiros-para-reforcar-xadrez-de-gaia\/\"]}]},{\"@type\":\"ImageObject\",\"inLanguage\":\"pt-PT\",\"@id\":\"https:\/\/portaltela.pt\/noticias\/2026\/04\/28\/antonio-antunes-regressa-aos-tabuleiros-para-reforcar-xadrez-de-gaia\/#primaryimage\",\"url\":\"https:\/\/portaltela.pt\/s.01k8rhncp4jt1\/2026\/04\/img_920x518uu2026-04-28-17-01-36-2435757.jpg\",\"contentUrl\":\"https:\/\/portaltela.pt\/s.01k8rhncp4jt1\/2026\/04\/img_920x518uu2026-04-28-17-01-36-2435757.jpg\",\"width\":920,\"height\":518,\"caption\":\"Ant\u00f3nio Antunes e Ferreira do Amaral em 1996\"},{\"@type\":\"BreadcrumbList\",\"@id\":\"https:\/\/portaltela.pt\/noticias\/2026\/04\/28\/antonio-antunes-regressa-aos-tabuleiros-para-reforcar-xadrez-de-gaia\/#breadcrumb\",\"itemListElement\":[{\"@type\":\"ListItem\",\"position\":1,\"name\":\"In\u00edcio\",\"item\":\"https:\/\/portaltela.pt\/\"},{\"@type\":\"ListItem\",\"position\":2,\"name\":\"Ant\u00f3nio Antunes regressa aos tabuleiros para refor\u00e7ar Xadrez de Gaia\"}]},{\"@type\":\"WebSite\",\"@id\":\"https:\/\/portaltela.pt\/#website\",\"url\":\"https:\/\/portaltela.pt\/\",\"name\":\"Portal Tela Portugal\",\"description\":\"\",\"potentialAction\":[{\"@type\":\"SearchAction\",\"target\":{\"@type\":\"EntryPoint\",\"urlTemplate\":\"https:\/\/portaltela.pt\/?s={search_term_string}\"},\"query-input\":{\"@type\":\"PropertyValueSpecification\",\"valueRequired\":true,\"valueName\":\"search_term_string\"}}],\"inLanguage\":\"pt-PT\"},{\"@type\":\"Person\",\"@id\":\"https:\/\/portaltela.pt\/#\/schema\/person\/c4278d4a6028830caff9ee44b42d32ed\",\"name\":\"Telinha\",\"image\":{\"@type\":\"ImageObject\",\"inLanguage\":\"pt-PT\",\"@id\":\"https:\/\/portaltela.pt\/s.01k8rhncp4jt1\/2025\/11\/talking-bot-125x125.png\",\"url\":\"https:\/\/portaltela.pt\/s.01k8rhncp4jt1\/2025\/11\/talking-bot-125x125.png\",\"contentUrl\":\"https:\/\/portaltela.pt\/s.01k8rhncp4jt1\/2025\/11\/talking-bot-125x125.png\",\"caption\":\"Telinha\"},\"sameAs\":[\"https:\/\/portaltela.pt\/\"],\"url\":\"https:\/\/portaltela.pt\/por\/367410592786\/\"}]}<\/script>\n<!-- \/ Yoast SEO plugin. -->","yoast_head_json":{"title":"Ant\u00f3nio Antunes regressa aos tabuleiros para refor\u00e7ar Xadrez de Gaia - Portal Tela Portugal","robots":{"index":"index","follow":"follow","max-snippet":"max-snippet:-1","max-image-preview":"max-image-preview:large","max-video-preview":"max-video-preview:-1"},"og_locale":"pt_PT","og_type":"article","og_title":"Ant\u00f3nio Antunes regressa aos tabuleiros para refor\u00e7ar Xadrez de Gaia - Portal Tela Portugal","og_description":"Ant\u00f3nio Antunes, o primeiro grande mestre portugu\u00eas, vai regressar \u00e0 competi\u00e7\u00e3o para refor\u00e7ar a Academia de Xadrez de Gaia, tricampe\u00e3 nacional. O ex-jogador do Benfica, de 64 anos, retirou-se em 2000, entrando num interregno de 26 anos que n\u00e3o diminuiu a sua paix\u00e3o pelo xadrez. Antunes foi campe\u00e3o nacional em 1988, tornou-se grande mestre em 1994 e chegou a liderar o ranking FIDE com 2.545 em 1996. Ao longo da carreira disputou dez Olimp\u00edadas de Xadrez (1974-1996) e marcou vit\u00f3rias frente a nomes de elite como Judit Polgar (1996) e Loek van Wely (1995). A Academia de Gaia ter\u00e1 tamb\u00e9m Vasyl Ivanchuk, de 57 anos, que vai competir no Nacional por equipas de 13 a 19 de julho; Ivanchuk \u00e9 considerado um g\u00e9nio do xadrez e j\u00e1 venceu m\u00faltiplos campe\u00f5es mundiais.","og_url":"https:\/\/portaltela.pt\/noticias\/2026\/04\/28\/antonio-antunes-regressa-aos-tabuleiros-para-reforcar-xadrez-de-gaia\/","og_site_name":"Portal Tela Portugal","article_published_time":"2026-04-28T16:18:15+00:00","author":"Telinha","twitter_card":"summary_large_image","twitter_misc":{"Escrito por":"Telinha","Tempo estimado de leitura":"1 minuto"},"schema":{"@context":"https:\/\/schema.org","@graph":[{"@type":"Article","@id":"https:\/\/portaltela.pt\/noticias\/2026\/04\/28\/antonio-antunes-regressa-aos-tabuleiros-para-reforcar-xadrez-de-gaia\/#article","isPartOf":{"@id":"https:\/\/portaltela.pt\/noticias\/2026\/04\/28\/antonio-antunes-regressa-aos-tabuleiros-para-reforcar-xadrez-de-gaia\/"},"author":{"name":"Telinha","@id":"https:\/\/portaltela.pt\/#\/schema\/person\/c4278d4a6028830caff9ee44b42d32ed"},"headline":"Ant\u00f3nio Antunes regressa aos tabuleiros para refor\u00e7ar Xadrez de Gaia","datePublished":"2026-04-28T16:18:15+00:00","mainEntityOfPage":{"@id":"https:\/\/portaltela.pt\/noticias\/2026\/04\/28\/antonio-antunes-regressa-aos-tabuleiros-para-reforcar-xadrez-de-gaia\/"},"wordCount":228,"image":{"@id":"https:\/\/portaltela.pt\/noticias\/2026\/04\/28\/antonio-antunes-regressa-aos-tabuleiros-para-reforcar-xadrez-de-gaia\/#primaryimage"},"thumbnailUrl":"https:\/\/portaltela.pt\/s.01k8rhncp4jt1\/2026\/04\/img_920x518uu2026-04-28-17-01-36-2435757.jpg","keywords":["_competi\u00e7\u00e3o internacional","_internacionais","_jogadores","_Sele\u00e7\u00e3o Nacional","Gaia"],"articleSection":["Desporto","Futebol"],"inLanguage":"pt-PT"},{"@type":"WebPage","@id":"https:\/\/portaltela.pt\/noticias\/2026\/04\/28\/antonio-antunes-regressa-aos-tabuleiros-para-reforcar-xadrez-de-gaia\/","url":"https:\/\/portaltela.pt\/noticias\/2026\/04\/28\/antonio-antunes-regressa-aos-tabuleiros-para-reforcar-xadrez-de-gaia\/","name":"Ant\u00f3nio Antunes regressa aos tabuleiros para refor\u00e7ar Xadrez de Gaia - Portal Tela Portugal","isPartOf":{"@id":"https:\/\/portaltela.pt\/#website"},"primaryImageOfPage":{"@id":"https:\/\/portaltela.pt\/noticias\/2026\/04\/28\/antonio-antunes-regressa-aos-tabuleiros-para-reforcar-xadrez-de-gaia\/#primaryimage"},"image":{"@id":"https:\/\/portaltela.pt\/noticias\/2026\/04\/28\/antonio-antunes-regressa-aos-tabuleiros-para-reforcar-xadrez-de-gaia\/#primaryimage"},"thumbnailUrl":"https:\/\/portaltela.pt\/s.01k8rhncp4jt1\/2026\/04\/img_920x518uu2026-04-28-17-01-36-2435757.jpg","datePublished":"2026-04-28T16:18:15+00:00","author":{"@id":"https:\/\/portaltela.pt\/#\/schema\/person\/c4278d4a6028830caff9ee44b42d32ed"},"breadcrumb":{"@id":"https:\/\/portaltela.pt\/noticias\/2026\/04\/28\/antonio-antunes-regressa-aos-tabuleiros-para-reforcar-xadrez-de-gaia\/#breadcrumb"},"inLanguage":"pt-PT","potentialAction":[{"@type":"ReadAction","target":["https:\/\/portaltela.pt\/noticias\/2026\/04\/28\/antonio-antunes-regressa-aos-tabuleiros-para-reforcar-xadrez-de-gaia\/"]}]},{"@type":"ImageObject","inLanguage":"pt-PT","@id":"https:\/\/portaltela.pt\/noticias\/2026\/04\/28\/antonio-antunes-regressa-aos-tabuleiros-para-reforcar-xadrez-de-gaia\/#primaryimage","url":"https:\/\/portaltela.pt\/s.01k8rhncp4jt1\/2026\/04\/img_920x518uu2026-04-28-17-01-36-2435757.jpg","contentUrl":"https:\/\/portaltela.pt\/s.01k8rhncp4jt1\/2026\/04\/img_920x518uu2026-04-28-17-01-36-2435757.jpg","width":920,"height":518,"caption":"Ant\u00f3nio Antunes e Ferreira do Amaral em 1996"},{"@type":"BreadcrumbList","@id":"https:\/\/portaltela.pt\/noticias\/2026\/04\/28\/antonio-antunes-regressa-aos-tabuleiros-para-reforcar-xadrez-de-gaia\/#breadcrumb","itemListElement":[{"@type":"ListItem","position":1,"name":"In\u00edcio","item":"https:\/\/portaltela.pt\/"},{"@type":"ListItem","position":2,"name":"Ant\u00f3nio Antunes regressa aos tabuleiros para refor\u00e7ar Xadrez de Gaia"}]},{"@type":"WebSite","@id":"https:\/\/portaltela.pt\/#website","url":"https:\/\/portaltela.pt\/","name":"Portal Tela Portugal","description":"","potentialAction":[{"@type":"SearchAction","target":{"@type":"EntryPoint","urlTemplate":"https:\/\/portaltela.pt\/?s={search_term_string}"},"query-input":{"@type":"PropertyValueSpecification","valueRequired":true,"valueName":"search_term_string"}}],"inLanguage":"pt-PT"},{"@type":"Person","@id":"https:\/\/portaltela.pt\/#\/schema\/person\/c4278d4a6028830caff9ee44b42d32ed","name":"Telinha","image":{"@type":"ImageObject","inLanguage":"pt-PT","@id":"https:\/\/portaltela.pt\/s.01k8rhncp4jt1\/2025\/11\/talking-bot-125x125.png","url":"https:\/\/portaltela.pt\/s.01k8rhncp4jt1\/2025\/11\/talking-bot-125x125.png","contentUrl":"https:\/\/portaltela.pt\/s.01k8rhncp4jt1\/2025\/11\/talking-bot-125x125.png","caption":"Telinha"},"sameAs":["https:\/\/portaltela.pt\/"],"url":"https:\/\/portaltela.pt\/por\/367410592786\/"}]}},"_links":{"self":[{"href":"https:\/\/portaltela.pt\/api\/wp\/v2\/posts\/460067","targetHints":{"allow":["GET"]}}],"collection":[{"href":"https:\/\/portaltela.pt\/api\/wp\/v2\/posts"}],"about":[{"href":"https:\/\/portaltela.pt\/api\/wp\/v2\/types\/post"}],"author":[{"embeddable":true,"href":"https:\/\/portaltela.pt\/api\/wp\/v2\/users\/2"}],"replies":[{"embeddable":true,"href":"https:\/\/portaltela.pt\/api\/wp\/v2\/comments?post=460067"}],"version-history":[{"count":0,"href":"https:\/\/portaltela.pt\/api\/wp\/v2\/posts\/460067\/revisions"}],"wp:featuredmedia":[{"embeddable":true,"href":"https:\/\/portaltela.pt\/api\/wp\/v2\/media\/460084"}],"wp:attachment":[{"href":"https:\/\/portaltela.pt\/api\/wp\/v2\/media?parent=460067"}],"wp:term":[{"taxonomy":"category","embeddable":true,"href":"https:\/\/portaltela.pt\/api\/wp\/v2\/categories?post=460067"},{"taxonomy":"post_tag","embeddable":true,"href":"https:\/\/portaltela.pt\/api\/wp\/v2\/tags?post=460067"}],"curies":[{"name":"wp","href":"https:\/\/api.w.org\/{rel}","templated":true}]}}