{"id":460064,"date":"2026-04-28T13:18:09","date_gmt":"2026-04-28T16:18:09","guid":{"rendered":"https:\/\/portaltela.pt\/noticias\/2026\/04\/28\/libertacao-de-mais-um-luso-venezuelano-desperta-alegria\/"},"modified":"2026-04-28T13:18:09","modified_gmt":"2026-04-28T16:18:09","slug":"libertacao-de-mais-um-luso-venezuelano-desperta-alegria","status":"publish","type":"post","link":"https:\/\/portaltela.pt\/noticias\/internacional\/2026\/04\/28\/libertacao-de-mais-um-luso-venezuelano-desperta-alegria\/","title":{"rendered":"Liberta\u00e7\u00e3o de mais um luso-venezuelano desperta alegria"},"content":{"rendered":"<p>Hector Ferreira, empres\u00e1rio luso-venezuelano, foi libertado a 21 de abril. A liberta\u00e7\u00e3o chegou ap\u00f3s uma atua\u00e7\u00e3o multilateral liderada pela comunidade luso-venezuelana e pela atua\u00e7\u00e3o de entidades portuguesas. O an\u00fancio \u00e9 confirmado pela fam\u00edlia.<\/p>\n<p>A delega\u00e7\u00e3o do PS, chefiada por Jos\u00e9 Lu\u00eds Carneiro, viajou a Caracas para pedir a liberta\u00e7\u00e3o de quatro detidos luso-venezuelanos e a prote\u00e7\u00e3o da comunidade. Em territ\u00f3rio venezuelano, houve contactos com v\u00e1rias entidades locais.<\/p>\n<p>Durante a estadia, a comitiva manteve encontros com membros da Assembleia Nacional e com o Governo. Destaque para Orlando Camacho, presidente do Grupo de Amizade Venezuela-Portugal, e Francisco Garc\u00eas, da Comiss\u00e3o Presidencial de Paz.<\/p>\n<p>Tamb\u00e9m houve reuni\u00e3o com Yvan Gil, ministro dos Neg\u00f3cios Estrangeiros, igualmente luso-venezuelano. Ficou o compromisso de dar seguimento aos pedidos apresentados pela lideran\u00e7a do PS.<\/p>\n<p>Na avalia\u00e7\u00e3o da comunidade, a visita abriu caminho para a liberta\u00e7\u00e3o de Hector Ferreira, segundo relatos da fam\u00edlia. No contexto, a atua\u00e7\u00e3o pol\u00edtica foi recebida com entusiasmo pela comunidade em Caracas.<\/p>\n<p>Em Portugal, a rea\u00e7\u00e3o foi amplamente cr\u00edtica por parte de partidos da direita e da extrema-direita, que questionaram a interven\u00e7\u00e3o externa. Mant\u00eam-se, por\u00e9m, as avalia\u00e7\u00f5es sobre o papel da comunidade luso-venezuelana na coopera\u00e7\u00e3o bilateral.<\/p>\n<p>Duas dias ap\u00f3s a sa\u00edda da delega\u00e7\u00e3o, a Assembleia Nacional prorrogou a Lei de Amnistia por 30 dias. A extens\u00e3o coincidiu com a liberta\u00e7\u00e3o de Hector Ferreira, tr\u00eas dias antes do fim do prazo.<\/p>\n<p>A medida da amnistia foi anunciada pela presidente interina com o objetivo de promover reconcilia\u00e7\u00e3o nacional. O contexto envolve a liberta\u00e7\u00e3o de presos pol\u00edticos durante a presid\u00eancia de Maduro.<\/p>\n<p>A irm\u00e3 de Hector, Mariela, afirmou \u00e0 TSF que a visita de Carneiro abriu o caminho para a liberta\u00e7\u00e3o. A interven\u00e7\u00e3o pol\u00edtica \u00e9 apresentada como instrumento para ajudar pessoas em situa\u00e7\u00f5es semelhantes.<\/p>\n<p>A not\u00edcia de liberta\u00e7\u00e3o est\u00e1 associada a interven\u00e7\u00f5es anteriores de Carneiro, j\u00e1 em agosto de 2018, que contribu\u00edram para a liberta\u00e7\u00e3o de dois jovens luso-venezuelanos detidos arbitrariamente.<\/p>\n<p>A comunidade portuguesa na Venezuela \u00e9 enfatizada como parte essencial do relacionamento bilateral. O objetivo \u00e9 manter a defesa dos interesses comuns com converg\u00eancia entre os atores nacionais.<\/p>\n<p>A liberta\u00e7\u00e3o de Hector Ferreira \u00e9 destacada como alcan\u00e7ada sem concluir o tema pol\u00edtico, com o foco na prote\u00e7\u00e3o de presos pol\u00edticos e na coopera\u00e7\u00e3o entre Portugal e Venezuela.<\/p>\n","protected":false},"excerpt":{"rendered":"<ul>\n<li>Hector Ferreira foi libertado a 21 de abril, ap\u00f3s uma gest\u00e3o da comunidade e da fam\u00edlia.<\/li>\n<li>O secret\u00e1rio-geral do Partido Socialista, Jos\u00e9 Lu\u00eds Carneiro, viajou \u00e0 Venezuela para pedir a liberta\u00e7\u00e3o dos quatro luso-venezuelanos e a prote\u00e7\u00e3o da comunidade.<\/li>\n<li>A delega\u00e7\u00e3o socialista reuniu-se com governo, Assembleia Nacional e dirigentes da comunidade, incluindo Orlando Camacho e Francisco Garc\u00eas.<\/li>\n<li>A visita gerou cr\u00edticas em Portugal por partidos de direita, ap\u00f3s o que a Lei da Amnistia foi prorrogada por 30 dias; Hector Ferreira foi libertado tr\u00eas dias antes do fim do per\u00edodo.<\/li>\n<li>A irm\u00e3 de Hector afirmou \u00e0 TSF que a liberta\u00e7\u00e3o deve-se \u00e0 interven\u00e7\u00e3o de Carneiro, destacando o papel da diplomacia na defesa da comunidade luso-venezuelana.<\/li>\n<\/ul>\n","protected":false},"author":2,"featured_media":460074,"comment_status":"closed","ping_status":"closed","sticky":false,"template":"","format":"standard","meta":{"footnotes":""},"categories":[4,7127],"tags":[9073,7972,1730,6703,1014,27],"class_list":["post-460064","post","type-post","status-publish","format-standard","has-post-thumbnail","hentry","category-internacional","category-politica-internacional","tag-_comunidade-portuguesa","tag-_venezuela","tag-amnistia-internacional","tag-diplomacia-internacional","tag-portugal","tag-relacoes-internacionais"],"yoast_head":"<!-- This site is optimized with the Yoast SEO plugin v27.2 - https:\/\/yoast.com\/product\/yoast-seo-wordpress\/ -->\n<title>Liberta\u00e7\u00e3o de mais um luso-venezuelano desperta alegria - Portal Tela Portugal<\/title>\n<meta name=\"robots\" content=\"index, follow, max-snippet:-1, max-image-preview:large, max-video-preview:-1\" \/>\n<meta property=\"og:locale\" content=\"pt_PT\" \/>\n<meta property=\"og:type\" content=\"article\" \/>\n<meta property=\"og:title\" content=\"Liberta\u00e7\u00e3o de mais um luso-venezuelano desperta alegria - Portal Tela Portugal\" \/>\n<meta property=\"og:description\" content=\"Hector Ferreira foi libertado a 21 de abril, ap\u00f3s uma gest\u00e3o da comunidade e da fam\u00edlia. O secret\u00e1rio-geral do Partido Socialista, Jos\u00e9 Lu\u00eds Carneiro, viajou \u00e0 Venezuela para pedir a liberta\u00e7\u00e3o dos quatro luso-venezuelanos e a prote\u00e7\u00e3o da comunidade. A delega\u00e7\u00e3o socialista reuniu-se com governo, Assembleia Nacional e dirigentes da comunidade, incluindo Orlando Camacho e Francisco Garc\u00eas. A visita gerou cr\u00edticas em Portugal por partidos de direita, ap\u00f3s o que a Lei da Amnistia foi prorrogada por 30 dias; Hector Ferreira foi libertado tr\u00eas dias antes do fim do per\u00edodo. A irm\u00e3 de Hector afirmou \u00e0 TSF que a liberta\u00e7\u00e3o deve-se \u00e0 interven\u00e7\u00e3o de Carneiro, destacando o papel da diplomacia na defesa da comunidade luso-venezuelana.\" \/>\n<meta property=\"og:url\" content=\"https:\/\/portaltela.pt\/noticias\/2026\/04\/28\/libertacao-de-mais-um-luso-venezuelano-desperta-alegria\/\" \/>\n<meta property=\"og:site_name\" content=\"Portal Tela Portugal\" \/>\n<meta property=\"article:published_time\" content=\"2026-04-28T16:18:09+00:00\" \/>\n<meta name=\"author\" content=\"Telinha\" \/>\n<meta name=\"twitter:card\" content=\"summary_large_image\" \/>\n<meta name=\"twitter:label1\" content=\"Escrito por\" \/>\n\t<meta name=\"twitter:data1\" content=\"Telinha\" \/>\n\t<meta name=\"twitter:label2\" content=\"Tempo estimado de leitura\" \/>\n\t<meta name=\"twitter:data2\" content=\"2 minutos\" \/>\n<script type=\"application\/ld+json\" class=\"yoast-schema-graph\">{\"@context\":\"https:\/\/schema.org\",\"@graph\":[{\"@type\":\"Article\",\"@id\":\"https:\/\/portaltela.pt\/noticias\/2026\/04\/28\/libertacao-de-mais-um-luso-venezuelano-desperta-alegria\/#article\",\"isPartOf\":{\"@id\":\"https:\/\/portaltela.pt\/noticias\/2026\/04\/28\/libertacao-de-mais-um-luso-venezuelano-desperta-alegria\/\"},\"author\":{\"name\":\"Telinha\",\"@id\":\"https:\/\/portaltela.pt\/#\/schema\/person\/c4278d4a6028830caff9ee44b42d32ed\"},\"headline\":\"Liberta\u00e7\u00e3o de mais um luso-venezuelano desperta alegria\",\"datePublished\":\"2026-04-28T16:18:09+00:00\",\"mainEntityOfPage\":{\"@id\":\"https:\/\/portaltela.pt\/noticias\/2026\/04\/28\/libertacao-de-mais-um-luso-venezuelano-desperta-alegria\/\"},\"wordCount\":426,\"image\":{\"@id\":\"https:\/\/portaltela.pt\/noticias\/2026\/04\/28\/libertacao-de-mais-um-luso-venezuelano-desperta-alegria\/#primaryimage\"},\"thumbnailUrl\":\"https:\/\/portaltela.pt\/s.01k8rhncp4jt1\/2026\/04\/99df48f0-dcb1-48ed-b5cd-fc82d3d1b859_1200x675.jpg\",\"keywords\":[\"_comunidade portuguesa\",\"_Venezuela\",\"Amnistia Internacional\",\"diplomacia internacional\",\"Portugal\",\"rela\u00e7\u00f5es internacionais\"],\"articleSection\":[\"Internacional\",\"Pol\u00edtica Internacional\"],\"inLanguage\":\"pt-PT\"},{\"@type\":\"WebPage\",\"@id\":\"https:\/\/portaltela.pt\/noticias\/2026\/04\/28\/libertacao-de-mais-um-luso-venezuelano-desperta-alegria\/\",\"url\":\"https:\/\/portaltela.pt\/noticias\/2026\/04\/28\/libertacao-de-mais-um-luso-venezuelano-desperta-alegria\/\",\"name\":\"Liberta\u00e7\u00e3o de mais um luso-venezuelano desperta alegria - Portal Tela Portugal\",\"isPartOf\":{\"@id\":\"https:\/\/portaltela.pt\/#website\"},\"primaryImageOfPage\":{\"@id\":\"https:\/\/portaltela.pt\/noticias\/2026\/04\/28\/libertacao-de-mais-um-luso-venezuelano-desperta-alegria\/#primaryimage\"},\"image\":{\"@id\":\"https:\/\/portaltela.pt\/noticias\/2026\/04\/28\/libertacao-de-mais-um-luso-venezuelano-desperta-alegria\/#primaryimage\"},\"thumbnailUrl\":\"https:\/\/portaltela.pt\/s.01k8rhncp4jt1\/2026\/04\/99df48f0-dcb1-48ed-b5cd-fc82d3d1b859_1200x675.jpg\",\"datePublished\":\"2026-04-28T16:18:09+00:00\",\"author\":{\"@id\":\"https:\/\/portaltela.pt\/#\/schema\/person\/c4278d4a6028830caff9ee44b42d32ed\"},\"breadcrumb\":{\"@id\":\"https:\/\/portaltela.pt\/noticias\/2026\/04\/28\/libertacao-de-mais-um-luso-venezuelano-desperta-alegria\/#breadcrumb\"},\"inLanguage\":\"pt-PT\",\"potentialAction\":[{\"@type\":\"ReadAction\",\"target\":[\"https:\/\/portaltela.pt\/noticias\/2026\/04\/28\/libertacao-de-mais-um-luso-venezuelano-desperta-alegria\/\"]}]},{\"@type\":\"ImageObject\",\"inLanguage\":\"pt-PT\",\"@id\":\"https:\/\/portaltela.pt\/noticias\/2026\/04\/28\/libertacao-de-mais-um-luso-venezuelano-desperta-alegria\/#primaryimage\",\"url\":\"https:\/\/portaltela.pt\/s.01k8rhncp4jt1\/2026\/04\/99df48f0-dcb1-48ed-b5cd-fc82d3d1b859_1200x675.jpg\",\"contentUrl\":\"https:\/\/portaltela.pt\/s.01k8rhncp4jt1\/2026\/04\/99df48f0-dcb1-48ed-b5cd-fc82d3d1b859_1200x675.jpg\",\"width\":796,\"height\":448,\"caption\":\"Photo\"},{\"@type\":\"BreadcrumbList\",\"@id\":\"https:\/\/portaltela.pt\/noticias\/2026\/04\/28\/libertacao-de-mais-um-luso-venezuelano-desperta-alegria\/#breadcrumb\",\"itemListElement\":[{\"@type\":\"ListItem\",\"position\":1,\"name\":\"In\u00edcio\",\"item\":\"https:\/\/portaltela.pt\/\"},{\"@type\":\"ListItem\",\"position\":2,\"name\":\"Liberta\u00e7\u00e3o de mais um luso-venezuelano desperta alegria\"}]},{\"@type\":\"WebSite\",\"@id\":\"https:\/\/portaltela.pt\/#website\",\"url\":\"https:\/\/portaltela.pt\/\",\"name\":\"Portal Tela Portugal\",\"description\":\"\",\"potentialAction\":[{\"@type\":\"SearchAction\",\"target\":{\"@type\":\"EntryPoint\",\"urlTemplate\":\"https:\/\/portaltela.pt\/?s={search_term_string}\"},\"query-input\":{\"@type\":\"PropertyValueSpecification\",\"valueRequired\":true,\"valueName\":\"search_term_string\"}}],\"inLanguage\":\"pt-PT\"},{\"@type\":\"Person\",\"@id\":\"https:\/\/portaltela.pt\/#\/schema\/person\/c4278d4a6028830caff9ee44b42d32ed\",\"name\":\"Telinha\",\"image\":{\"@type\":\"ImageObject\",\"inLanguage\":\"pt-PT\",\"@id\":\"https:\/\/portaltela.pt\/s.01k8rhncp4jt1\/2025\/11\/talking-bot-125x125.png\",\"url\":\"https:\/\/portaltela.pt\/s.01k8rhncp4jt1\/2025\/11\/talking-bot-125x125.png\",\"contentUrl\":\"https:\/\/portaltela.pt\/s.01k8rhncp4jt1\/2025\/11\/talking-bot-125x125.png\",\"caption\":\"Telinha\"},\"sameAs\":[\"https:\/\/portaltela.pt\/\"],\"url\":\"https:\/\/portaltela.pt\/por\/367410592786\/\"}]}<\/script>\n<!-- \/ Yoast SEO plugin. -->","yoast_head_json":{"title":"Liberta\u00e7\u00e3o de mais um luso-venezuelano desperta alegria - Portal Tela Portugal","robots":{"index":"index","follow":"follow","max-snippet":"max-snippet:-1","max-image-preview":"max-image-preview:large","max-video-preview":"max-video-preview:-1"},"og_locale":"pt_PT","og_type":"article","og_title":"Liberta\u00e7\u00e3o de mais um luso-venezuelano desperta alegria - Portal Tela Portugal","og_description":"Hector Ferreira foi libertado a 21 de abril, ap\u00f3s uma gest\u00e3o da comunidade e da fam\u00edlia. O secret\u00e1rio-geral do Partido Socialista, Jos\u00e9 Lu\u00eds Carneiro, viajou \u00e0 Venezuela para pedir a liberta\u00e7\u00e3o dos quatro luso-venezuelanos e a prote\u00e7\u00e3o da comunidade. A delega\u00e7\u00e3o socialista reuniu-se com governo, Assembleia Nacional e dirigentes da comunidade, incluindo Orlando Camacho e Francisco Garc\u00eas. A visita gerou cr\u00edticas em Portugal por partidos de direita, ap\u00f3s o que a Lei da Amnistia foi prorrogada por 30 dias; Hector Ferreira foi libertado tr\u00eas dias antes do fim do per\u00edodo. A irm\u00e3 de Hector afirmou \u00e0 TSF que a liberta\u00e7\u00e3o deve-se \u00e0 interven\u00e7\u00e3o de Carneiro, destacando o papel da diplomacia na defesa da comunidade luso-venezuelana.","og_url":"https:\/\/portaltela.pt\/noticias\/2026\/04\/28\/libertacao-de-mais-um-luso-venezuelano-desperta-alegria\/","og_site_name":"Portal Tela Portugal","article_published_time":"2026-04-28T16:18:09+00:00","author":"Telinha","twitter_card":"summary_large_image","twitter_misc":{"Escrito por":"Telinha","Tempo estimado de leitura":"2 minutos"},"schema":{"@context":"https:\/\/schema.org","@graph":[{"@type":"Article","@id":"https:\/\/portaltela.pt\/noticias\/2026\/04\/28\/libertacao-de-mais-um-luso-venezuelano-desperta-alegria\/#article","isPartOf":{"@id":"https:\/\/portaltela.pt\/noticias\/2026\/04\/28\/libertacao-de-mais-um-luso-venezuelano-desperta-alegria\/"},"author":{"name":"Telinha","@id":"https:\/\/portaltela.pt\/#\/schema\/person\/c4278d4a6028830caff9ee44b42d32ed"},"headline":"Liberta\u00e7\u00e3o de mais um luso-venezuelano desperta alegria","datePublished":"2026-04-28T16:18:09+00:00","mainEntityOfPage":{"@id":"https:\/\/portaltela.pt\/noticias\/2026\/04\/28\/libertacao-de-mais-um-luso-venezuelano-desperta-alegria\/"},"wordCount":426,"image":{"@id":"https:\/\/portaltela.pt\/noticias\/2026\/04\/28\/libertacao-de-mais-um-luso-venezuelano-desperta-alegria\/#primaryimage"},"thumbnailUrl":"https:\/\/portaltela.pt\/s.01k8rhncp4jt1\/2026\/04\/99df48f0-dcb1-48ed-b5cd-fc82d3d1b859_1200x675.jpg","keywords":["_comunidade portuguesa","_Venezuela","Amnistia Internacional","diplomacia internacional","Portugal","rela\u00e7\u00f5es internacionais"],"articleSection":["Internacional","Pol\u00edtica Internacional"],"inLanguage":"pt-PT"},{"@type":"WebPage","@id":"https:\/\/portaltela.pt\/noticias\/2026\/04\/28\/libertacao-de-mais-um-luso-venezuelano-desperta-alegria\/","url":"https:\/\/portaltela.pt\/noticias\/2026\/04\/28\/libertacao-de-mais-um-luso-venezuelano-desperta-alegria\/","name":"Liberta\u00e7\u00e3o de mais um luso-venezuelano desperta alegria - Portal Tela Portugal","isPartOf":{"@id":"https:\/\/portaltela.pt\/#website"},"primaryImageOfPage":{"@id":"https:\/\/portaltela.pt\/noticias\/2026\/04\/28\/libertacao-de-mais-um-luso-venezuelano-desperta-alegria\/#primaryimage"},"image":{"@id":"https:\/\/portaltela.pt\/noticias\/2026\/04\/28\/libertacao-de-mais-um-luso-venezuelano-desperta-alegria\/#primaryimage"},"thumbnailUrl":"https:\/\/portaltela.pt\/s.01k8rhncp4jt1\/2026\/04\/99df48f0-dcb1-48ed-b5cd-fc82d3d1b859_1200x675.jpg","datePublished":"2026-04-28T16:18:09+00:00","author":{"@id":"https:\/\/portaltela.pt\/#\/schema\/person\/c4278d4a6028830caff9ee44b42d32ed"},"breadcrumb":{"@id":"https:\/\/portaltela.pt\/noticias\/2026\/04\/28\/libertacao-de-mais-um-luso-venezuelano-desperta-alegria\/#breadcrumb"},"inLanguage":"pt-PT","potentialAction":[{"@type":"ReadAction","target":["https:\/\/portaltela.pt\/noticias\/2026\/04\/28\/libertacao-de-mais-um-luso-venezuelano-desperta-alegria\/"]}]},{"@type":"ImageObject","inLanguage":"pt-PT","@id":"https:\/\/portaltela.pt\/noticias\/2026\/04\/28\/libertacao-de-mais-um-luso-venezuelano-desperta-alegria\/#primaryimage","url":"https:\/\/portaltela.pt\/s.01k8rhncp4jt1\/2026\/04\/99df48f0-dcb1-48ed-b5cd-fc82d3d1b859_1200x675.jpg","contentUrl":"https:\/\/portaltela.pt\/s.01k8rhncp4jt1\/2026\/04\/99df48f0-dcb1-48ed-b5cd-fc82d3d1b859_1200x675.jpg","width":796,"height":448,"caption":"Photo"},{"@type":"BreadcrumbList","@id":"https:\/\/portaltela.pt\/noticias\/2026\/04\/28\/libertacao-de-mais-um-luso-venezuelano-desperta-alegria\/#breadcrumb","itemListElement":[{"@type":"ListItem","position":1,"name":"In\u00edcio","item":"https:\/\/portaltela.pt\/"},{"@type":"ListItem","position":2,"name":"Liberta\u00e7\u00e3o de mais um luso-venezuelano desperta alegria"}]},{"@type":"WebSite","@id":"https:\/\/portaltela.pt\/#website","url":"https:\/\/portaltela.pt\/","name":"Portal Tela Portugal","description":"","potentialAction":[{"@type":"SearchAction","target":{"@type":"EntryPoint","urlTemplate":"https:\/\/portaltela.pt\/?s={search_term_string}"},"query-input":{"@type":"PropertyValueSpecification","valueRequired":true,"valueName":"search_term_string"}}],"inLanguage":"pt-PT"},{"@type":"Person","@id":"https:\/\/portaltela.pt\/#\/schema\/person\/c4278d4a6028830caff9ee44b42d32ed","name":"Telinha","image":{"@type":"ImageObject","inLanguage":"pt-PT","@id":"https:\/\/portaltela.pt\/s.01k8rhncp4jt1\/2025\/11\/talking-bot-125x125.png","url":"https:\/\/portaltela.pt\/s.01k8rhncp4jt1\/2025\/11\/talking-bot-125x125.png","contentUrl":"https:\/\/portaltela.pt\/s.01k8rhncp4jt1\/2025\/11\/talking-bot-125x125.png","caption":"Telinha"},"sameAs":["https:\/\/portaltela.pt\/"],"url":"https:\/\/portaltela.pt\/por\/367410592786\/"}]}},"_links":{"self":[{"href":"https:\/\/portaltela.pt\/api\/wp\/v2\/posts\/460064","targetHints":{"allow":["GET"]}}],"collection":[{"href":"https:\/\/portaltela.pt\/api\/wp\/v2\/posts"}],"about":[{"href":"https:\/\/portaltela.pt\/api\/wp\/v2\/types\/post"}],"author":[{"embeddable":true,"href":"https:\/\/portaltela.pt\/api\/wp\/v2\/users\/2"}],"replies":[{"embeddable":true,"href":"https:\/\/portaltela.pt\/api\/wp\/v2\/comments?post=460064"}],"version-history":[{"count":0,"href":"https:\/\/portaltela.pt\/api\/wp\/v2\/posts\/460064\/revisions"}],"wp:featuredmedia":[{"embeddable":true,"href":"https:\/\/portaltela.pt\/api\/wp\/v2\/media\/460074"}],"wp:attachment":[{"href":"https:\/\/portaltela.pt\/api\/wp\/v2\/media?parent=460064"}],"wp:term":[{"taxonomy":"category","embeddable":true,"href":"https:\/\/portaltela.pt\/api\/wp\/v2\/categories?post=460064"},{"taxonomy":"post_tag","embeddable":true,"href":"https:\/\/portaltela.pt\/api\/wp\/v2\/tags?post=460064"}],"curies":[{"name":"wp","href":"https:\/\/api.w.org\/{rel}","templated":true}]}}