{"id":460062,"date":"2026-04-28T13:18:07","date_gmt":"2026-04-28T16:18:07","guid":{"rendered":"https:\/\/portaltela.pt\/noticias\/2026\/04\/28\/ja-definido-o-horario-do-benfica-fc-porto-no-futebol-feminino\/"},"modified":"2026-04-28T13:18:07","modified_gmt":"2026-04-28T16:18:07","slug":"ja-definido-o-horario-do-benfica-fc-porto-no-futebol-feminino","status":"publish","type":"post","link":"https:\/\/portaltela.pt\/desporto\/futebol\/2026\/04\/28\/ja-definido-o-horario-do-benfica-fc-porto-no-futebol-feminino\/","title":{"rendered":"J\u00e1 definido o hor\u00e1rio do Benfica-FC Porto no futebol feminino"},"content":{"rendered":"<p>O Benfica e o FC Porto v\u00e3o disputAR a final da Ta\u00e7a de Portugal feminina no dia 17 de maio, domingo. O pontap\u00e9 de sa\u00edda est\u00e1 marcado para as 17h15, no Est\u00e1dio Nacional do Jamor. O jogo marca a estreia de ambos os clubes numa final, numa edi\u00e7\u00e3o em que a vit\u00f3ria vale o trof\u00e9u.<\/p>\n<p>A decis\u00e3o foi anunciada pela Federa\u00e7\u00e3o Portuguesa de Futebol. Este \u00e9 o primeiro confronto entre as duas equipas no feminino, com o t\u00edtulo em jogo no Jamor. O Benfica chega \u00e0 final como hexacampe\u00e3o nacional e finalista vencido na \u00faltima edi\u00e7\u00e3o, frente ao Torreense.<\/p>\n<p>O FC Porto chega pela primeira vez \u00e0 final na competi\u00e7\u00e3o principal, ap\u00f3s ter sido campe\u00e3o da segunda divis\u00e3o e ter sido promovido \u00e0 Liga BPI. Na edi\u00e7\u00e3o anterior, o Porto ficou-se pela terceira eliminat\u00f3ria, tentando agora o primeiro t\u00edtulo na Ta\u00e7a de Portugal feminina.<\/p>\n","protected":false},"excerpt":{"rendered":"<ul>\n<li>A final da Ta\u00e7a de Portugal feminina entre Benfica e FC Porto \u00e9 no dia 17 de maio, \u00e0s 17h15, no Est\u00e1dio Nacional do Jamor.<\/li>\n<li>\u00c9 o primeiro cl\u00e1ssico entre as duas equipas no feminino e vale o trof\u00e9u.<\/li>\n<li>O Benfica \u00e9 hexacampe\u00e3o nacional e procura erguer a Ta\u00e7a pela terceira vez; na \u00e9poca passada foi finalista vencido pelo Torreense.<\/li>\n<li>O FC Porto, campe\u00e3o da segunda divis\u00e3o, disputa pela segunda participa\u00e7\u00e3o na Ta\u00e7a e procura a primeira conquista; na temporada anterior ficou pela terceira eliminat\u00f3ria.<\/li>\n<li>O encontro marca a estreia de Benfica vs FC Porto numa final da competi\u00e7\u00e3o feminina.<\/li>\n<\/ul>\n","protected":false},"author":2,"featured_media":460069,"comment_status":"closed","ping_status":"closed","sticky":false,"template":"","format":"standard","meta":{"footnotes":""},"categories":[21,24],"tags":[1946,2028,32,1030,982,1266],"class_list":["post-460062","post","type-post","status-publish","format-standard","has-post-thumbnail","hentry","category-desporto","category-futebol","tag-benfica","tag-fc-porto","tag-futebol","tag-futebol-feminino","tag-porto","tag-taca-de-portugal"],"yoast_head":"<!-- This site is optimized with the Yoast SEO plugin v27.2 - https:\/\/yoast.com\/product\/yoast-seo-wordpress\/ -->\n<title>J\u00e1 definido o hor\u00e1rio do Benfica-FC Porto no futebol feminino - Portal Tela Portugal<\/title>\n<meta name=\"robots\" content=\"index, follow, max-snippet:-1, max-image-preview:large, max-video-preview:-1\" \/>\n<meta property=\"og:locale\" content=\"pt_PT\" \/>\n<meta property=\"og:type\" content=\"article\" \/>\n<meta property=\"og:title\" content=\"J\u00e1 definido o hor\u00e1rio do Benfica-FC Porto no futebol feminino - Portal Tela Portugal\" \/>\n<meta property=\"og:description\" content=\"A final da Ta\u00e7a de Portugal feminina entre Benfica e FC Porto \u00e9 no dia 17 de maio, \u00e0s 17h15, no Est\u00e1dio Nacional do Jamor. \u00c9 o primeiro cl\u00e1ssico entre as duas equipas no feminino e vale o trof\u00e9u. O Benfica \u00e9 hexacampe\u00e3o nacional e procura erguer a Ta\u00e7a pela terceira vez; na \u00e9poca passada foi finalista vencido pelo Torreense. O FC Porto, campe\u00e3o da segunda divis\u00e3o, disputa pela segunda participa\u00e7\u00e3o na Ta\u00e7a e procura a primeira conquista; na temporada anterior ficou pela terceira eliminat\u00f3ria. O encontro marca a estreia de Benfica vs FC Porto numa final da competi\u00e7\u00e3o feminina.\" \/>\n<meta property=\"og:url\" content=\"https:\/\/portaltela.pt\/noticias\/2026\/04\/28\/ja-definido-o-horario-do-benfica-fc-porto-no-futebol-feminino\/\" \/>\n<meta property=\"og:site_name\" content=\"Portal Tela Portugal\" \/>\n<meta property=\"article:published_time\" content=\"2026-04-28T16:18:07+00:00\" \/>\n<meta name=\"author\" content=\"Telinha\" \/>\n<meta name=\"twitter:card\" content=\"summary_large_image\" \/>\n<meta name=\"twitter:label1\" content=\"Escrito por\" \/>\n\t<meta name=\"twitter:data1\" content=\"Telinha\" \/>\n\t<meta name=\"twitter:label2\" content=\"Tempo estimado de leitura\" \/>\n\t<meta name=\"twitter:data2\" content=\"1 minuto\" \/>\n<script type=\"application\/ld+json\" class=\"yoast-schema-graph\">{\"@context\":\"https:\/\/schema.org\",\"@graph\":[{\"@type\":\"Article\",\"@id\":\"https:\/\/portaltela.pt\/noticias\/2026\/04\/28\/ja-definido-o-horario-do-benfica-fc-porto-no-futebol-feminino\/#article\",\"isPartOf\":{\"@id\":\"https:\/\/portaltela.pt\/noticias\/2026\/04\/28\/ja-definido-o-horario-do-benfica-fc-porto-no-futebol-feminino\/\"},\"author\":{\"name\":\"Telinha\",\"@id\":\"https:\/\/portaltela.pt\/#\/schema\/person\/c4278d4a6028830caff9ee44b42d32ed\"},\"headline\":\"J\u00e1 definido o hor\u00e1rio do Benfica-FC Porto no futebol feminino\",\"datePublished\":\"2026-04-28T16:18:07+00:00\",\"mainEntityOfPage\":{\"@id\":\"https:\/\/portaltela.pt\/noticias\/2026\/04\/28\/ja-definido-o-horario-do-benfica-fc-porto-no-futebol-feminino\/\"},\"wordCount\":170,\"image\":{\"@id\":\"https:\/\/portaltela.pt\/noticias\/2026\/04\/28\/ja-definido-o-horario-do-benfica-fc-porto-no-futebol-feminino\/#primaryimage\"},\"thumbnailUrl\":\"https:\/\/portaltela.pt\/s.01k8rhncp4jt1\/2026\/04\/img_920x518uu2026-04-28-17-05-47-2435759.jpg\",\"keywords\":[\"Benfica\",\"FC Porto\",\"futebol\",\"futebol feminino\",\"Porto\",\"Ta\u00e7a de Portugal\"],\"articleSection\":[\"Desporto\",\"Futebol\"],\"inLanguage\":\"pt-PT\"},{\"@type\":\"WebPage\",\"@id\":\"https:\/\/portaltela.pt\/noticias\/2026\/04\/28\/ja-definido-o-horario-do-benfica-fc-porto-no-futebol-feminino\/\",\"url\":\"https:\/\/portaltela.pt\/noticias\/2026\/04\/28\/ja-definido-o-horario-do-benfica-fc-porto-no-futebol-feminino\/\",\"name\":\"J\u00e1 definido o hor\u00e1rio do Benfica-FC Porto no futebol feminino - Portal Tela Portugal\",\"isPartOf\":{\"@id\":\"https:\/\/portaltela.pt\/#website\"},\"primaryImageOfPage\":{\"@id\":\"https:\/\/portaltela.pt\/noticias\/2026\/04\/28\/ja-definido-o-horario-do-benfica-fc-porto-no-futebol-feminino\/#primaryimage\"},\"image\":{\"@id\":\"https:\/\/portaltela.pt\/noticias\/2026\/04\/28\/ja-definido-o-horario-do-benfica-fc-porto-no-futebol-feminino\/#primaryimage\"},\"thumbnailUrl\":\"https:\/\/portaltela.pt\/s.01k8rhncp4jt1\/2026\/04\/img_920x518uu2026-04-28-17-05-47-2435759.jpg\",\"datePublished\":\"2026-04-28T16:18:07+00:00\",\"author\":{\"@id\":\"https:\/\/portaltela.pt\/#\/schema\/person\/c4278d4a6028830caff9ee44b42d32ed\"},\"breadcrumb\":{\"@id\":\"https:\/\/portaltela.pt\/noticias\/2026\/04\/28\/ja-definido-o-horario-do-benfica-fc-porto-no-futebol-feminino\/#breadcrumb\"},\"inLanguage\":\"pt-PT\",\"potentialAction\":[{\"@type\":\"ReadAction\",\"target\":[\"https:\/\/portaltela.pt\/noticias\/2026\/04\/28\/ja-definido-o-horario-do-benfica-fc-porto-no-futebol-feminino\/\"]}]},{\"@type\":\"ImageObject\",\"inLanguage\":\"pt-PT\",\"@id\":\"https:\/\/portaltela.pt\/noticias\/2026\/04\/28\/ja-definido-o-horario-do-benfica-fc-porto-no-futebol-feminino\/#primaryimage\",\"url\":\"https:\/\/portaltela.pt\/s.01k8rhncp4jt1\/2026\/04\/img_920x518uu2026-04-28-17-05-47-2435759.jpg\",\"contentUrl\":\"https:\/\/portaltela.pt\/s.01k8rhncp4jt1\/2026\/04\/img_920x518uu2026-04-28-17-05-47-2435759.jpg\",\"width\":796,\"height\":448,\"caption\":\"Benfica e FC Porto discutem trof\u00e9u no primeiro cl\u00e1ssico da hist\u00f3ria\"},{\"@type\":\"BreadcrumbList\",\"@id\":\"https:\/\/portaltela.pt\/noticias\/2026\/04\/28\/ja-definido-o-horario-do-benfica-fc-porto-no-futebol-feminino\/#breadcrumb\",\"itemListElement\":[{\"@type\":\"ListItem\",\"position\":1,\"name\":\"In\u00edcio\",\"item\":\"https:\/\/portaltela.pt\/\"},{\"@type\":\"ListItem\",\"position\":2,\"name\":\"J\u00e1 definido o hor\u00e1rio do Benfica-FC Porto no futebol feminino\"}]},{\"@type\":\"WebSite\",\"@id\":\"https:\/\/portaltela.pt\/#website\",\"url\":\"https:\/\/portaltela.pt\/\",\"name\":\"Portal Tela Portugal\",\"description\":\"\",\"potentialAction\":[{\"@type\":\"SearchAction\",\"target\":{\"@type\":\"EntryPoint\",\"urlTemplate\":\"https:\/\/portaltela.pt\/?s={search_term_string}\"},\"query-input\":{\"@type\":\"PropertyValueSpecification\",\"valueRequired\":true,\"valueName\":\"search_term_string\"}}],\"inLanguage\":\"pt-PT\"},{\"@type\":\"Person\",\"@id\":\"https:\/\/portaltela.pt\/#\/schema\/person\/c4278d4a6028830caff9ee44b42d32ed\",\"name\":\"Telinha\",\"image\":{\"@type\":\"ImageObject\",\"inLanguage\":\"pt-PT\",\"@id\":\"https:\/\/portaltela.pt\/s.01k8rhncp4jt1\/2025\/11\/talking-bot-125x125.png\",\"url\":\"https:\/\/portaltela.pt\/s.01k8rhncp4jt1\/2025\/11\/talking-bot-125x125.png\",\"contentUrl\":\"https:\/\/portaltela.pt\/s.01k8rhncp4jt1\/2025\/11\/talking-bot-125x125.png\",\"caption\":\"Telinha\"},\"sameAs\":[\"https:\/\/portaltela.pt\/\"],\"url\":\"https:\/\/portaltela.pt\/por\/367410592786\/\"}]}<\/script>\n<!-- \/ Yoast SEO plugin. -->","yoast_head_json":{"title":"J\u00e1 definido o hor\u00e1rio do Benfica-FC Porto no futebol feminino - Portal Tela Portugal","robots":{"index":"index","follow":"follow","max-snippet":"max-snippet:-1","max-image-preview":"max-image-preview:large","max-video-preview":"max-video-preview:-1"},"og_locale":"pt_PT","og_type":"article","og_title":"J\u00e1 definido o hor\u00e1rio do Benfica-FC Porto no futebol feminino - Portal Tela Portugal","og_description":"A final da Ta\u00e7a de Portugal feminina entre Benfica e FC Porto \u00e9 no dia 17 de maio, \u00e0s 17h15, no Est\u00e1dio Nacional do Jamor. \u00c9 o primeiro cl\u00e1ssico entre as duas equipas no feminino e vale o trof\u00e9u. O Benfica \u00e9 hexacampe\u00e3o nacional e procura erguer a Ta\u00e7a pela terceira vez; na \u00e9poca passada foi finalista vencido pelo Torreense. O FC Porto, campe\u00e3o da segunda divis\u00e3o, disputa pela segunda participa\u00e7\u00e3o na Ta\u00e7a e procura a primeira conquista; na temporada anterior ficou pela terceira eliminat\u00f3ria. O encontro marca a estreia de Benfica vs FC Porto numa final da competi\u00e7\u00e3o feminina.","og_url":"https:\/\/portaltela.pt\/noticias\/2026\/04\/28\/ja-definido-o-horario-do-benfica-fc-porto-no-futebol-feminino\/","og_site_name":"Portal Tela Portugal","article_published_time":"2026-04-28T16:18:07+00:00","author":"Telinha","twitter_card":"summary_large_image","twitter_misc":{"Escrito por":"Telinha","Tempo estimado de leitura":"1 minuto"},"schema":{"@context":"https:\/\/schema.org","@graph":[{"@type":"Article","@id":"https:\/\/portaltela.pt\/noticias\/2026\/04\/28\/ja-definido-o-horario-do-benfica-fc-porto-no-futebol-feminino\/#article","isPartOf":{"@id":"https:\/\/portaltela.pt\/noticias\/2026\/04\/28\/ja-definido-o-horario-do-benfica-fc-porto-no-futebol-feminino\/"},"author":{"name":"Telinha","@id":"https:\/\/portaltela.pt\/#\/schema\/person\/c4278d4a6028830caff9ee44b42d32ed"},"headline":"J\u00e1 definido o hor\u00e1rio do Benfica-FC Porto no futebol feminino","datePublished":"2026-04-28T16:18:07+00:00","mainEntityOfPage":{"@id":"https:\/\/portaltela.pt\/noticias\/2026\/04\/28\/ja-definido-o-horario-do-benfica-fc-porto-no-futebol-feminino\/"},"wordCount":170,"image":{"@id":"https:\/\/portaltela.pt\/noticias\/2026\/04\/28\/ja-definido-o-horario-do-benfica-fc-porto-no-futebol-feminino\/#primaryimage"},"thumbnailUrl":"https:\/\/portaltela.pt\/s.01k8rhncp4jt1\/2026\/04\/img_920x518uu2026-04-28-17-05-47-2435759.jpg","keywords":["Benfica","FC Porto","futebol","futebol feminino","Porto","Ta\u00e7a de Portugal"],"articleSection":["Desporto","Futebol"],"inLanguage":"pt-PT"},{"@type":"WebPage","@id":"https:\/\/portaltela.pt\/noticias\/2026\/04\/28\/ja-definido-o-horario-do-benfica-fc-porto-no-futebol-feminino\/","url":"https:\/\/portaltela.pt\/noticias\/2026\/04\/28\/ja-definido-o-horario-do-benfica-fc-porto-no-futebol-feminino\/","name":"J\u00e1 definido o hor\u00e1rio do Benfica-FC Porto no futebol feminino - Portal Tela Portugal","isPartOf":{"@id":"https:\/\/portaltela.pt\/#website"},"primaryImageOfPage":{"@id":"https:\/\/portaltela.pt\/noticias\/2026\/04\/28\/ja-definido-o-horario-do-benfica-fc-porto-no-futebol-feminino\/#primaryimage"},"image":{"@id":"https:\/\/portaltela.pt\/noticias\/2026\/04\/28\/ja-definido-o-horario-do-benfica-fc-porto-no-futebol-feminino\/#primaryimage"},"thumbnailUrl":"https:\/\/portaltela.pt\/s.01k8rhncp4jt1\/2026\/04\/img_920x518uu2026-04-28-17-05-47-2435759.jpg","datePublished":"2026-04-28T16:18:07+00:00","author":{"@id":"https:\/\/portaltela.pt\/#\/schema\/person\/c4278d4a6028830caff9ee44b42d32ed"},"breadcrumb":{"@id":"https:\/\/portaltela.pt\/noticias\/2026\/04\/28\/ja-definido-o-horario-do-benfica-fc-porto-no-futebol-feminino\/#breadcrumb"},"inLanguage":"pt-PT","potentialAction":[{"@type":"ReadAction","target":["https:\/\/portaltela.pt\/noticias\/2026\/04\/28\/ja-definido-o-horario-do-benfica-fc-porto-no-futebol-feminino\/"]}]},{"@type":"ImageObject","inLanguage":"pt-PT","@id":"https:\/\/portaltela.pt\/noticias\/2026\/04\/28\/ja-definido-o-horario-do-benfica-fc-porto-no-futebol-feminino\/#primaryimage","url":"https:\/\/portaltela.pt\/s.01k8rhncp4jt1\/2026\/04\/img_920x518uu2026-04-28-17-05-47-2435759.jpg","contentUrl":"https:\/\/portaltela.pt\/s.01k8rhncp4jt1\/2026\/04\/img_920x518uu2026-04-28-17-05-47-2435759.jpg","width":796,"height":448,"caption":"Benfica e FC Porto discutem trof\u00e9u no primeiro cl\u00e1ssico da hist\u00f3ria"},{"@type":"BreadcrumbList","@id":"https:\/\/portaltela.pt\/noticias\/2026\/04\/28\/ja-definido-o-horario-do-benfica-fc-porto-no-futebol-feminino\/#breadcrumb","itemListElement":[{"@type":"ListItem","position":1,"name":"In\u00edcio","item":"https:\/\/portaltela.pt\/"},{"@type":"ListItem","position":2,"name":"J\u00e1 definido o hor\u00e1rio do Benfica-FC Porto no futebol feminino"}]},{"@type":"WebSite","@id":"https:\/\/portaltela.pt\/#website","url":"https:\/\/portaltela.pt\/","name":"Portal Tela Portugal","description":"","potentialAction":[{"@type":"SearchAction","target":{"@type":"EntryPoint","urlTemplate":"https:\/\/portaltela.pt\/?s={search_term_string}"},"query-input":{"@type":"PropertyValueSpecification","valueRequired":true,"valueName":"search_term_string"}}],"inLanguage":"pt-PT"},{"@type":"Person","@id":"https:\/\/portaltela.pt\/#\/schema\/person\/c4278d4a6028830caff9ee44b42d32ed","name":"Telinha","image":{"@type":"ImageObject","inLanguage":"pt-PT","@id":"https:\/\/portaltela.pt\/s.01k8rhncp4jt1\/2025\/11\/talking-bot-125x125.png","url":"https:\/\/portaltela.pt\/s.01k8rhncp4jt1\/2025\/11\/talking-bot-125x125.png","contentUrl":"https:\/\/portaltela.pt\/s.01k8rhncp4jt1\/2025\/11\/talking-bot-125x125.png","caption":"Telinha"},"sameAs":["https:\/\/portaltela.pt\/"],"url":"https:\/\/portaltela.pt\/por\/367410592786\/"}]}},"_links":{"self":[{"href":"https:\/\/portaltela.pt\/api\/wp\/v2\/posts\/460062","targetHints":{"allow":["GET"]}}],"collection":[{"href":"https:\/\/portaltela.pt\/api\/wp\/v2\/posts"}],"about":[{"href":"https:\/\/portaltela.pt\/api\/wp\/v2\/types\/post"}],"author":[{"embeddable":true,"href":"https:\/\/portaltela.pt\/api\/wp\/v2\/users\/2"}],"replies":[{"embeddable":true,"href":"https:\/\/portaltela.pt\/api\/wp\/v2\/comments?post=460062"}],"version-history":[{"count":0,"href":"https:\/\/portaltela.pt\/api\/wp\/v2\/posts\/460062\/revisions"}],"wp:featuredmedia":[{"embeddable":true,"href":"https:\/\/portaltela.pt\/api\/wp\/v2\/media\/460069"}],"wp:attachment":[{"href":"https:\/\/portaltela.pt\/api\/wp\/v2\/media?parent=460062"}],"wp:term":[{"taxonomy":"category","embeddable":true,"href":"https:\/\/portaltela.pt\/api\/wp\/v2\/categories?post=460062"},{"taxonomy":"post_tag","embeddable":true,"href":"https:\/\/portaltela.pt\/api\/wp\/v2\/tags?post=460062"}],"curies":[{"name":"wp","href":"https:\/\/api.w.org\/{rel}","templated":true}]}}