{"id":460055,"date":"2026-04-28T13:17:56","date_gmt":"2026-04-28T16:17:56","guid":{"rendered":"https:\/\/portaltela.pt\/noticias\/2026\/04\/28\/ruben-teles-deixa-os-sub-23-do-gil-vicente-por-mutuo-acordo\/"},"modified":"2026-04-28T13:17:56","modified_gmt":"2026-04-28T16:17:56","slug":"ruben-teles-deixa-os-sub-23-do-gil-vicente-por-mutuo-acordo","status":"publish","type":"post","link":"https:\/\/portaltela.pt\/desporto\/futebol\/2026\/04\/28\/ruben-teles-deixa-os-sub-23-do-gil-vicente-por-mutuo-acordo\/","title":{"rendered":"R\u00faben Teles deixa os sub-23 do Gil Vicente por m\u00fatuo acordo"},"content":{"rendered":"<p>O Gil Vicente anunciou a sa\u00edda de R\u00faben Teles do comando t\u00e9cnico da equipa de sub-23, por m\u00fatuo acordo. Tamb\u00e9m os adjuntos Pedro Costa e Tiago Silva deixaram fun\u00e7\u00f5es, igualmente por m\u00fatuo acordo, segundo o clube.<\/p>\n<p>Na jornada frente ao Estoril, a equipa foi orientada interinamente por Lu\u00eds Ricardo, atual coordenador do futebol de forma\u00e7\u00e3o, que assumiu o cargo. Os gilistas venceram o encontro por 2-1.<\/p>\n<h3>Situa\u00e7\u00e3o atual<\/h3>\n<p>A equipa de sub-23 fica sem treinador principal e sem os dois adjuntos. O clube ainda n\u00e3o divulgou nomes para ocupar de forma permanente o comando t\u00e9cnico. A dire\u00e7\u00e3o comprometeu-se a avaliar poss\u00edveis op\u00e7\u00f5es internamente.<\/p>\n","protected":false},"excerpt":{"rendered":"<ul>\n<li>R\u00faben Teles deixou o comando t\u00e9cnico da equipa de sub\u201123 do Gil Vicente por m\u00fatuo acordo, segundo o clube.<\/li>\n<li>Tamb\u00e9m os adjuntos Pedro Costa e Tiago Silva sa\u00edram das respetivas fun\u00e7\u00f5es, por m\u00fatuo acordo.<\/li>\n<li>No jogo frente ao Estoril, a equipa foi orientada interinamente por Lu\u00eds Ricardo, atual coordenador do futebol de forma\u00e7\u00e3o.<\/li>\n<li>O Gil Vicente venceu o Estoril por 2-1.<\/li>\n<\/ul>\n","protected":false},"author":2,"featured_media":460063,"comment_status":"closed","ping_status":"closed","sticky":false,"template":"","format":"standard","meta":{"footnotes":""},"categories":[21,24],"tags":[1367,152,32,9867,1829,2477],"class_list":["post-460055","post","type-post","status-publish","format-standard","has-post-thumbnail","hentry","category-desporto","category-futebol","tag-clubes","tag-desporto","tag-futebol","tag-futebol-de-formacao","tag-gil-vicente","tag-treinadores"],"yoast_head":"<!-- This site is optimized with the Yoast SEO plugin v27.2 - https:\/\/yoast.com\/product\/yoast-seo-wordpress\/ -->\n<title>R\u00faben Teles deixa os sub-23 do Gil Vicente por m\u00fatuo acordo - Portal Tela Portugal<\/title>\n<meta name=\"robots\" content=\"index, follow, max-snippet:-1, max-image-preview:large, max-video-preview:-1\" \/>\n<meta property=\"og:locale\" content=\"pt_PT\" \/>\n<meta property=\"og:type\" content=\"article\" \/>\n<meta property=\"og:title\" content=\"R\u00faben Teles deixa os sub-23 do Gil Vicente por m\u00fatuo acordo - Portal Tela Portugal\" \/>\n<meta property=\"og:description\" content=\"R\u00faben Teles deixou o comando t\u00e9cnico da equipa de sub\u201123 do Gil Vicente por m\u00fatuo acordo, segundo o clube. Tamb\u00e9m os adjuntos Pedro Costa e Tiago Silva sa\u00edram das respetivas fun\u00e7\u00f5es, por m\u00fatuo acordo. No jogo frente ao Estoril, a equipa foi orientada interinamente por Lu\u00eds Ricardo, atual coordenador do futebol de forma\u00e7\u00e3o. O Gil Vicente venceu o Estoril por 2-1.\" \/>\n<meta property=\"og:url\" content=\"https:\/\/portaltela.pt\/noticias\/2026\/04\/28\/ruben-teles-deixa-os-sub-23-do-gil-vicente-por-mutuo-acordo\/\" \/>\n<meta property=\"og:site_name\" content=\"Portal Tela Portugal\" \/>\n<meta property=\"article:published_time\" content=\"2026-04-28T16:17:56+00:00\" \/>\n<meta name=\"author\" content=\"Telinha\" \/>\n<meta name=\"twitter:card\" content=\"summary_large_image\" \/>\n<meta name=\"twitter:label1\" content=\"Escrito por\" \/>\n\t<meta name=\"twitter:data1\" content=\"Telinha\" \/>\n\t<meta name=\"twitter:label2\" content=\"Tempo estimado de leitura\" \/>\n\t<meta name=\"twitter:data2\" content=\"1 minuto\" \/>\n<script type=\"application\/ld+json\" class=\"yoast-schema-graph\">{\"@context\":\"https:\/\/schema.org\",\"@graph\":[{\"@type\":\"Article\",\"@id\":\"https:\/\/portaltela.pt\/noticias\/2026\/04\/28\/ruben-teles-deixa-os-sub-23-do-gil-vicente-por-mutuo-acordo\/#article\",\"isPartOf\":{\"@id\":\"https:\/\/portaltela.pt\/noticias\/2026\/04\/28\/ruben-teles-deixa-os-sub-23-do-gil-vicente-por-mutuo-acordo\/\"},\"author\":{\"name\":\"Telinha\",\"@id\":\"https:\/\/portaltela.pt\/#\/schema\/person\/c4278d4a6028830caff9ee44b42d32ed\"},\"headline\":\"R\u00faben Teles deixa os sub-23 do Gil Vicente por m\u00fatuo acordo\",\"datePublished\":\"2026-04-28T16:17:56+00:00\",\"mainEntityOfPage\":{\"@id\":\"https:\/\/portaltela.pt\/noticias\/2026\/04\/28\/ruben-teles-deixa-os-sub-23-do-gil-vicente-por-mutuo-acordo\/\"},\"wordCount\":131,\"image\":{\"@id\":\"https:\/\/portaltela.pt\/noticias\/2026\/04\/28\/ruben-teles-deixa-os-sub-23-do-gil-vicente-por-mutuo-acordo\/#primaryimage\"},\"thumbnailUrl\":\"https:\/\/portaltela.pt\/s.01k8rhncp4jt1\/2026\/04\/img_920x518uu2026-04-28-16-13-37-2435742.jpg\",\"keywords\":[\"clubes\",\"desporto\",\"futebol\",\"futebol de forma\u00e7\u00e3o\",\"Gil Vicente\",\"treinadores\"],\"articleSection\":[\"Desporto\",\"Futebol\"],\"inLanguage\":\"pt-PT\"},{\"@type\":\"WebPage\",\"@id\":\"https:\/\/portaltela.pt\/noticias\/2026\/04\/28\/ruben-teles-deixa-os-sub-23-do-gil-vicente-por-mutuo-acordo\/\",\"url\":\"https:\/\/portaltela.pt\/noticias\/2026\/04\/28\/ruben-teles-deixa-os-sub-23-do-gil-vicente-por-mutuo-acordo\/\",\"name\":\"R\u00faben Teles deixa os sub-23 do Gil Vicente por m\u00fatuo acordo - Portal Tela Portugal\",\"isPartOf\":{\"@id\":\"https:\/\/portaltela.pt\/#website\"},\"primaryImageOfPage\":{\"@id\":\"https:\/\/portaltela.pt\/noticias\/2026\/04\/28\/ruben-teles-deixa-os-sub-23-do-gil-vicente-por-mutuo-acordo\/#primaryimage\"},\"image\":{\"@id\":\"https:\/\/portaltela.pt\/noticias\/2026\/04\/28\/ruben-teles-deixa-os-sub-23-do-gil-vicente-por-mutuo-acordo\/#primaryimage\"},\"thumbnailUrl\":\"https:\/\/portaltela.pt\/s.01k8rhncp4jt1\/2026\/04\/img_920x518uu2026-04-28-16-13-37-2435742.jpg\",\"datePublished\":\"2026-04-28T16:17:56+00:00\",\"author\":{\"@id\":\"https:\/\/portaltela.pt\/#\/schema\/person\/c4278d4a6028830caff9ee44b42d32ed\"},\"breadcrumb\":{\"@id\":\"https:\/\/portaltela.pt\/noticias\/2026\/04\/28\/ruben-teles-deixa-os-sub-23-do-gil-vicente-por-mutuo-acordo\/#breadcrumb\"},\"inLanguage\":\"pt-PT\",\"potentialAction\":[{\"@type\":\"ReadAction\",\"target\":[\"https:\/\/portaltela.pt\/noticias\/2026\/04\/28\/ruben-teles-deixa-os-sub-23-do-gil-vicente-por-mutuo-acordo\/\"]}]},{\"@type\":\"ImageObject\",\"inLanguage\":\"pt-PT\",\"@id\":\"https:\/\/portaltela.pt\/noticias\/2026\/04\/28\/ruben-teles-deixa-os-sub-23-do-gil-vicente-por-mutuo-acordo\/#primaryimage\",\"url\":\"https:\/\/portaltela.pt\/s.01k8rhncp4jt1\/2026\/04\/img_920x518uu2026-04-28-16-13-37-2435742.jpg\",\"contentUrl\":\"https:\/\/portaltela.pt\/s.01k8rhncp4jt1\/2026\/04\/img_920x518uu2026-04-28-16-13-37-2435742.jpg\",\"width\":796,\"height\":448,\"caption\":\"R\u00faben Teles\"},{\"@type\":\"BreadcrumbList\",\"@id\":\"https:\/\/portaltela.pt\/noticias\/2026\/04\/28\/ruben-teles-deixa-os-sub-23-do-gil-vicente-por-mutuo-acordo\/#breadcrumb\",\"itemListElement\":[{\"@type\":\"ListItem\",\"position\":1,\"name\":\"In\u00edcio\",\"item\":\"https:\/\/portaltela.pt\/\"},{\"@type\":\"ListItem\",\"position\":2,\"name\":\"R\u00faben Teles deixa os sub-23 do Gil Vicente por m\u00fatuo acordo\"}]},{\"@type\":\"WebSite\",\"@id\":\"https:\/\/portaltela.pt\/#website\",\"url\":\"https:\/\/portaltela.pt\/\",\"name\":\"Portal Tela Portugal\",\"description\":\"\",\"potentialAction\":[{\"@type\":\"SearchAction\",\"target\":{\"@type\":\"EntryPoint\",\"urlTemplate\":\"https:\/\/portaltela.pt\/?s={search_term_string}\"},\"query-input\":{\"@type\":\"PropertyValueSpecification\",\"valueRequired\":true,\"valueName\":\"search_term_string\"}}],\"inLanguage\":\"pt-PT\"},{\"@type\":\"Person\",\"@id\":\"https:\/\/portaltela.pt\/#\/schema\/person\/c4278d4a6028830caff9ee44b42d32ed\",\"name\":\"Telinha\",\"image\":{\"@type\":\"ImageObject\",\"inLanguage\":\"pt-PT\",\"@id\":\"https:\/\/portaltela.pt\/s.01k8rhncp4jt1\/2025\/11\/talking-bot-125x125.png\",\"url\":\"https:\/\/portaltela.pt\/s.01k8rhncp4jt1\/2025\/11\/talking-bot-125x125.png\",\"contentUrl\":\"https:\/\/portaltela.pt\/s.01k8rhncp4jt1\/2025\/11\/talking-bot-125x125.png\",\"caption\":\"Telinha\"},\"sameAs\":[\"https:\/\/portaltela.pt\/\"],\"url\":\"https:\/\/portaltela.pt\/por\/367410592786\/\"}]}<\/script>\n<!-- \/ Yoast SEO plugin. -->","yoast_head_json":{"title":"R\u00faben Teles deixa os sub-23 do Gil Vicente por m\u00fatuo acordo - Portal Tela Portugal","robots":{"index":"index","follow":"follow","max-snippet":"max-snippet:-1","max-image-preview":"max-image-preview:large","max-video-preview":"max-video-preview:-1"},"og_locale":"pt_PT","og_type":"article","og_title":"R\u00faben Teles deixa os sub-23 do Gil Vicente por m\u00fatuo acordo - Portal Tela Portugal","og_description":"R\u00faben Teles deixou o comando t\u00e9cnico da equipa de sub\u201123 do Gil Vicente por m\u00fatuo acordo, segundo o clube. Tamb\u00e9m os adjuntos Pedro Costa e Tiago Silva sa\u00edram das respetivas fun\u00e7\u00f5es, por m\u00fatuo acordo. No jogo frente ao Estoril, a equipa foi orientada interinamente por Lu\u00eds Ricardo, atual coordenador do futebol de forma\u00e7\u00e3o. O Gil Vicente venceu o Estoril por 2-1.","og_url":"https:\/\/portaltela.pt\/noticias\/2026\/04\/28\/ruben-teles-deixa-os-sub-23-do-gil-vicente-por-mutuo-acordo\/","og_site_name":"Portal Tela Portugal","article_published_time":"2026-04-28T16:17:56+00:00","author":"Telinha","twitter_card":"summary_large_image","twitter_misc":{"Escrito por":"Telinha","Tempo estimado de leitura":"1 minuto"},"schema":{"@context":"https:\/\/schema.org","@graph":[{"@type":"Article","@id":"https:\/\/portaltela.pt\/noticias\/2026\/04\/28\/ruben-teles-deixa-os-sub-23-do-gil-vicente-por-mutuo-acordo\/#article","isPartOf":{"@id":"https:\/\/portaltela.pt\/noticias\/2026\/04\/28\/ruben-teles-deixa-os-sub-23-do-gil-vicente-por-mutuo-acordo\/"},"author":{"name":"Telinha","@id":"https:\/\/portaltela.pt\/#\/schema\/person\/c4278d4a6028830caff9ee44b42d32ed"},"headline":"R\u00faben Teles deixa os sub-23 do Gil Vicente por m\u00fatuo acordo","datePublished":"2026-04-28T16:17:56+00:00","mainEntityOfPage":{"@id":"https:\/\/portaltela.pt\/noticias\/2026\/04\/28\/ruben-teles-deixa-os-sub-23-do-gil-vicente-por-mutuo-acordo\/"},"wordCount":131,"image":{"@id":"https:\/\/portaltela.pt\/noticias\/2026\/04\/28\/ruben-teles-deixa-os-sub-23-do-gil-vicente-por-mutuo-acordo\/#primaryimage"},"thumbnailUrl":"https:\/\/portaltela.pt\/s.01k8rhncp4jt1\/2026\/04\/img_920x518uu2026-04-28-16-13-37-2435742.jpg","keywords":["clubes","desporto","futebol","futebol de forma\u00e7\u00e3o","Gil Vicente","treinadores"],"articleSection":["Desporto","Futebol"],"inLanguage":"pt-PT"},{"@type":"WebPage","@id":"https:\/\/portaltela.pt\/noticias\/2026\/04\/28\/ruben-teles-deixa-os-sub-23-do-gil-vicente-por-mutuo-acordo\/","url":"https:\/\/portaltela.pt\/noticias\/2026\/04\/28\/ruben-teles-deixa-os-sub-23-do-gil-vicente-por-mutuo-acordo\/","name":"R\u00faben Teles deixa os sub-23 do Gil Vicente por m\u00fatuo acordo - Portal Tela Portugal","isPartOf":{"@id":"https:\/\/portaltela.pt\/#website"},"primaryImageOfPage":{"@id":"https:\/\/portaltela.pt\/noticias\/2026\/04\/28\/ruben-teles-deixa-os-sub-23-do-gil-vicente-por-mutuo-acordo\/#primaryimage"},"image":{"@id":"https:\/\/portaltela.pt\/noticias\/2026\/04\/28\/ruben-teles-deixa-os-sub-23-do-gil-vicente-por-mutuo-acordo\/#primaryimage"},"thumbnailUrl":"https:\/\/portaltela.pt\/s.01k8rhncp4jt1\/2026\/04\/img_920x518uu2026-04-28-16-13-37-2435742.jpg","datePublished":"2026-04-28T16:17:56+00:00","author":{"@id":"https:\/\/portaltela.pt\/#\/schema\/person\/c4278d4a6028830caff9ee44b42d32ed"},"breadcrumb":{"@id":"https:\/\/portaltela.pt\/noticias\/2026\/04\/28\/ruben-teles-deixa-os-sub-23-do-gil-vicente-por-mutuo-acordo\/#breadcrumb"},"inLanguage":"pt-PT","potentialAction":[{"@type":"ReadAction","target":["https:\/\/portaltela.pt\/noticias\/2026\/04\/28\/ruben-teles-deixa-os-sub-23-do-gil-vicente-por-mutuo-acordo\/"]}]},{"@type":"ImageObject","inLanguage":"pt-PT","@id":"https:\/\/portaltela.pt\/noticias\/2026\/04\/28\/ruben-teles-deixa-os-sub-23-do-gil-vicente-por-mutuo-acordo\/#primaryimage","url":"https:\/\/portaltela.pt\/s.01k8rhncp4jt1\/2026\/04\/img_920x518uu2026-04-28-16-13-37-2435742.jpg","contentUrl":"https:\/\/portaltela.pt\/s.01k8rhncp4jt1\/2026\/04\/img_920x518uu2026-04-28-16-13-37-2435742.jpg","width":796,"height":448,"caption":"R\u00faben Teles"},{"@type":"BreadcrumbList","@id":"https:\/\/portaltela.pt\/noticias\/2026\/04\/28\/ruben-teles-deixa-os-sub-23-do-gil-vicente-por-mutuo-acordo\/#breadcrumb","itemListElement":[{"@type":"ListItem","position":1,"name":"In\u00edcio","item":"https:\/\/portaltela.pt\/"},{"@type":"ListItem","position":2,"name":"R\u00faben Teles deixa os sub-23 do Gil Vicente por m\u00fatuo acordo"}]},{"@type":"WebSite","@id":"https:\/\/portaltela.pt\/#website","url":"https:\/\/portaltela.pt\/","name":"Portal Tela Portugal","description":"","potentialAction":[{"@type":"SearchAction","target":{"@type":"EntryPoint","urlTemplate":"https:\/\/portaltela.pt\/?s={search_term_string}"},"query-input":{"@type":"PropertyValueSpecification","valueRequired":true,"valueName":"search_term_string"}}],"inLanguage":"pt-PT"},{"@type":"Person","@id":"https:\/\/portaltela.pt\/#\/schema\/person\/c4278d4a6028830caff9ee44b42d32ed","name":"Telinha","image":{"@type":"ImageObject","inLanguage":"pt-PT","@id":"https:\/\/portaltela.pt\/s.01k8rhncp4jt1\/2025\/11\/talking-bot-125x125.png","url":"https:\/\/portaltela.pt\/s.01k8rhncp4jt1\/2025\/11\/talking-bot-125x125.png","contentUrl":"https:\/\/portaltela.pt\/s.01k8rhncp4jt1\/2025\/11\/talking-bot-125x125.png","caption":"Telinha"},"sameAs":["https:\/\/portaltela.pt\/"],"url":"https:\/\/portaltela.pt\/por\/367410592786\/"}]}},"_links":{"self":[{"href":"https:\/\/portaltela.pt\/api\/wp\/v2\/posts\/460055","targetHints":{"allow":["GET"]}}],"collection":[{"href":"https:\/\/portaltela.pt\/api\/wp\/v2\/posts"}],"about":[{"href":"https:\/\/portaltela.pt\/api\/wp\/v2\/types\/post"}],"author":[{"embeddable":true,"href":"https:\/\/portaltela.pt\/api\/wp\/v2\/users\/2"}],"replies":[{"embeddable":true,"href":"https:\/\/portaltela.pt\/api\/wp\/v2\/comments?post=460055"}],"version-history":[{"count":0,"href":"https:\/\/portaltela.pt\/api\/wp\/v2\/posts\/460055\/revisions"}],"wp:featuredmedia":[{"embeddable":true,"href":"https:\/\/portaltela.pt\/api\/wp\/v2\/media\/460063"}],"wp:attachment":[{"href":"https:\/\/portaltela.pt\/api\/wp\/v2\/media?parent=460055"}],"wp:term":[{"taxonomy":"category","embeddable":true,"href":"https:\/\/portaltela.pt\/api\/wp\/v2\/categories?post=460055"},{"taxonomy":"post_tag","embeddable":true,"href":"https:\/\/portaltela.pt\/api\/wp\/v2\/tags?post=460055"}],"curies":[{"name":"wp","href":"https:\/\/api.w.org\/{rel}","templated":true}]}}