{"id":460039,"date":"2026-04-28T13:04:08","date_gmt":"2026-04-28T16:04:08","guid":{"rendered":"https:\/\/portaltela.pt\/noticias\/2026\/04\/28\/bilhetes-a-1300-euros-para-festa-do-titulo-do-fc-porto\/"},"modified":"2026-04-28T13:04:08","modified_gmt":"2026-04-28T16:04:08","slug":"bilhetes-a-1300-euros-para-festa-do-titulo-do-fc-porto","status":"publish","type":"post","link":"https:\/\/portaltela.pt\/desporto\/futebol\/2026\/04\/28\/bilhetes-a-1300-euros-para-festa-do-titulo-do-fc-porto\/","title":{"rendered":"Bilhetes a 1300 euros para festa do t\u00edtulo do FC Porto"},"content":{"rendered":"<p>A venda de bilhetes para a festa do t\u00edtulo do FC Porto, frente ao Alverca, disparou para valores de at\u00e9 1300 euros, gerando pol\u00e9mica entre adeptos e organizadores. A procura intensa tem levado a especula\u00e7\u00f5es sobre como ser\u00e1 o festejo caso os drag\u00f5es cimentem o campeonato.<\/p>\n<p>Quem gere a opera\u00e7\u00e3o aponta o contexto como determinante: o alvo \u00e9 a celebra\u00e7\u00e3o do t\u00edtulo, com o jogo marcado para Alverca e o cl\u00e1ssico confronto a abrir as portas do evento. A subida de pre\u00e7os \u00e9 atribu\u00edda ao elevado interesse dos torcedores pela ocasi\u00e3o.<\/p>\n<p>O clube tem destacado cautela e pediu conten\u00e7\u00e3o. O FC Porto j\u00e1 avisou que n\u00e3o haver\u00e1 festas antecipadas nem desloca\u00e7\u00e3o de adeptos aos Aliados no s\u00e1bado, para evitar tumultos e facilitar a organiza\u00e7\u00e3o log\u00edstica.<\/p>\n<p>###<\/p>\n<p><strong>Pre\u00e7o e din\u00e2mica de bilh\u00e9tica<\/strong>: a elevada procura, aliada a limita\u00e7\u00f5es de disponibilidade, explica a escalada dos valores. Os ingressos mais caros refletem n\u00e3o s\u00f3 o apelo do jogo, mas tamb\u00e9m o esfor\u00e7o de gest\u00e3o de multid\u00f5es.<\/p>\n<p><strong>Impacto no adepto m\u00e9dio<\/strong>: v\u00e1rios f\u00e3s expressaram preocupa\u00e7\u00e3o com o custo, revelando dificuldades em assegurar o bilhete. O FC Porto mant\u00e9m o compromisso de transmitir informa\u00e7\u00f5es oficiais sobre venda e acessos, sem comprometer a seguran\u00e7a.<\/p>\n","protected":false},"excerpt":{"rendered":"<ul>\n<li>Os bilhetes para a festa do t\u00edtulo do FC Porto podem chegar a 1300 euros, caso a equipa seja campe\u00e3 frente ao Alverca.<\/li>\n<li>A subida de pre\u00e7o reflete a hip\u00f3tese de celebra\u00e7\u00e3o antecipada do campeonato.<\/li>\n<li>O FC Porto travou a euforia e avisou que n\u00e3o haver\u00e1 festa antecipada.<\/li>\n<li>A equipa n\u00e3o vai aos Aliados no s\u00e1bado.<\/li>\n<li>data: 28 de abril de 2026, \u00e0s 16h48.<\/li>\n<\/ul>\n","protected":false},"author":2,"featured_media":460042,"comment_status":"closed","ping_status":"closed","sticky":false,"template":"","format":"standard","meta":{"footnotes":""},"categories":[21,24],"tags":[2533,2028,5468,32,982,7296],"class_list":["post-460039","post","type-post","status-publish","format-standard","has-post-thumbnail","hentry","category-desporto","category-futebol","tag-adeptos","tag-fc-porto","tag-festa","tag-futebol","tag-porto","tag-precos"],"yoast_head":"<!-- This site is optimized with the Yoast SEO plugin v27.2 - https:\/\/yoast.com\/product\/yoast-seo-wordpress\/ -->\n<title>Bilhetes a 1300 euros para festa do t\u00edtulo do FC Porto - Portal Tela Portugal<\/title>\n<meta name=\"robots\" content=\"index, follow, max-snippet:-1, max-image-preview:large, max-video-preview:-1\" \/>\n<meta property=\"og:locale\" content=\"pt_PT\" \/>\n<meta property=\"og:type\" content=\"article\" \/>\n<meta property=\"og:title\" content=\"Bilhetes a 1300 euros para festa do t\u00edtulo do FC Porto - Portal Tela Portugal\" \/>\n<meta property=\"og:description\" content=\"Os bilhetes para a festa do t\u00edtulo do FC Porto podem chegar a 1300 euros, caso a equipa seja campe\u00e3 frente ao Alverca. A subida de pre\u00e7o reflete a hip\u00f3tese de celebra\u00e7\u00e3o antecipada do campeonato. O FC Porto travou a euforia e avisou que n\u00e3o haver\u00e1 festa antecipada. A equipa n\u00e3o vai aos Aliados no s\u00e1bado. data: 28 de abril de 2026, \u00e0s 16h48.\" \/>\n<meta property=\"og:url\" content=\"https:\/\/portaltela.pt\/noticias\/2026\/04\/28\/bilhetes-a-1300-euros-para-festa-do-titulo-do-fc-porto\/\" \/>\n<meta property=\"og:site_name\" content=\"Portal Tela Portugal\" \/>\n<meta property=\"article:published_time\" content=\"2026-04-28T16:04:08+00:00\" \/>\n<meta name=\"author\" content=\"Telinha\" \/>\n<meta name=\"twitter:card\" content=\"summary_large_image\" \/>\n<meta name=\"twitter:label1\" content=\"Escrito por\" \/>\n\t<meta name=\"twitter:data1\" content=\"Telinha\" \/>\n\t<meta name=\"twitter:label2\" content=\"Tempo estimado de leitura\" \/>\n\t<meta name=\"twitter:data2\" content=\"1 minuto\" \/>\n<script type=\"application\/ld+json\" class=\"yoast-schema-graph\">{\"@context\":\"https:\/\/schema.org\",\"@graph\":[{\"@type\":\"Article\",\"@id\":\"https:\/\/portaltela.pt\/noticias\/2026\/04\/28\/bilhetes-a-1300-euros-para-festa-do-titulo-do-fc-porto\/#article\",\"isPartOf\":{\"@id\":\"https:\/\/portaltela.pt\/noticias\/2026\/04\/28\/bilhetes-a-1300-euros-para-festa-do-titulo-do-fc-porto\/\"},\"author\":{\"name\":\"Telinha\",\"@id\":\"https:\/\/portaltela.pt\/#\/schema\/person\/c4278d4a6028830caff9ee44b42d32ed\"},\"headline\":\"Bilhetes a 1300 euros para festa do t\u00edtulo do FC Porto\",\"datePublished\":\"2026-04-28T16:04:08+00:00\",\"mainEntityOfPage\":{\"@id\":\"https:\/\/portaltela.pt\/noticias\/2026\/04\/28\/bilhetes-a-1300-euros-para-festa-do-titulo-do-fc-porto\/\"},\"wordCount\":238,\"image\":{\"@id\":\"https:\/\/portaltela.pt\/noticias\/2026\/04\/28\/bilhetes-a-1300-euros-para-festa-do-titulo-do-fc-porto\/#primaryimage\"},\"thumbnailUrl\":\"https:\/\/portaltela.pt\/s.01k8rhncp4jt1\/2026\/04\/img_1280x722uu2026-04-28-00-00-03-2281504.jpg\",\"keywords\":[\"adeptos\",\"FC Porto\",\"festa\",\"futebol\",\"Porto\",\"pre\u00e7os\"],\"articleSection\":[\"Desporto\",\"Futebol\"],\"inLanguage\":\"pt-PT\"},{\"@type\":\"WebPage\",\"@id\":\"https:\/\/portaltela.pt\/noticias\/2026\/04\/28\/bilhetes-a-1300-euros-para-festa-do-titulo-do-fc-porto\/\",\"url\":\"https:\/\/portaltela.pt\/noticias\/2026\/04\/28\/bilhetes-a-1300-euros-para-festa-do-titulo-do-fc-porto\/\",\"name\":\"Bilhetes a 1300 euros para festa do t\u00edtulo do FC Porto - Portal Tela Portugal\",\"isPartOf\":{\"@id\":\"https:\/\/portaltela.pt\/#website\"},\"primaryImageOfPage\":{\"@id\":\"https:\/\/portaltela.pt\/noticias\/2026\/04\/28\/bilhetes-a-1300-euros-para-festa-do-titulo-do-fc-porto\/#primaryimage\"},\"image\":{\"@id\":\"https:\/\/portaltela.pt\/noticias\/2026\/04\/28\/bilhetes-a-1300-euros-para-festa-do-titulo-do-fc-porto\/#primaryimage\"},\"thumbnailUrl\":\"https:\/\/portaltela.pt\/s.01k8rhncp4jt1\/2026\/04\/img_1280x722uu2026-04-28-00-00-03-2281504.jpg\",\"datePublished\":\"2026-04-28T16:04:08+00:00\",\"author\":{\"@id\":\"https:\/\/portaltela.pt\/#\/schema\/person\/c4278d4a6028830caff9ee44b42d32ed\"},\"breadcrumb\":{\"@id\":\"https:\/\/portaltela.pt\/noticias\/2026\/04\/28\/bilhetes-a-1300-euros-para-festa-do-titulo-do-fc-porto\/#breadcrumb\"},\"inLanguage\":\"pt-PT\",\"potentialAction\":[{\"@type\":\"ReadAction\",\"target\":[\"https:\/\/portaltela.pt\/noticias\/2026\/04\/28\/bilhetes-a-1300-euros-para-festa-do-titulo-do-fc-porto\/\"]}]},{\"@type\":\"ImageObject\",\"inLanguage\":\"pt-PT\",\"@id\":\"https:\/\/portaltela.pt\/noticias\/2026\/04\/28\/bilhetes-a-1300-euros-para-festa-do-titulo-do-fc-porto\/#primaryimage\",\"url\":\"https:\/\/portaltela.pt\/s.01k8rhncp4jt1\/2026\/04\/img_1280x722uu2026-04-28-00-00-03-2281504.jpg\",\"contentUrl\":\"https:\/\/portaltela.pt\/s.01k8rhncp4jt1\/2026\/04\/img_1280x722uu2026-04-28-00-00-03-2281504.jpg\",\"width\":796,\"height\":448,\"caption\":\"Photo\"},{\"@type\":\"BreadcrumbList\",\"@id\":\"https:\/\/portaltela.pt\/noticias\/2026\/04\/28\/bilhetes-a-1300-euros-para-festa-do-titulo-do-fc-porto\/#breadcrumb\",\"itemListElement\":[{\"@type\":\"ListItem\",\"position\":1,\"name\":\"In\u00edcio\",\"item\":\"https:\/\/portaltela.pt\/\"},{\"@type\":\"ListItem\",\"position\":2,\"name\":\"Bilhetes a 1300 euros para festa do t\u00edtulo do FC Porto\"}]},{\"@type\":\"WebSite\",\"@id\":\"https:\/\/portaltela.pt\/#website\",\"url\":\"https:\/\/portaltela.pt\/\",\"name\":\"Portal Tela Portugal\",\"description\":\"\",\"potentialAction\":[{\"@type\":\"SearchAction\",\"target\":{\"@type\":\"EntryPoint\",\"urlTemplate\":\"https:\/\/portaltela.pt\/?s={search_term_string}\"},\"query-input\":{\"@type\":\"PropertyValueSpecification\",\"valueRequired\":true,\"valueName\":\"search_term_string\"}}],\"inLanguage\":\"pt-PT\"},{\"@type\":\"Person\",\"@id\":\"https:\/\/portaltela.pt\/#\/schema\/person\/c4278d4a6028830caff9ee44b42d32ed\",\"name\":\"Telinha\",\"image\":{\"@type\":\"ImageObject\",\"inLanguage\":\"pt-PT\",\"@id\":\"https:\/\/portaltela.pt\/s.01k8rhncp4jt1\/2025\/11\/talking-bot-125x125.png\",\"url\":\"https:\/\/portaltela.pt\/s.01k8rhncp4jt1\/2025\/11\/talking-bot-125x125.png\",\"contentUrl\":\"https:\/\/portaltela.pt\/s.01k8rhncp4jt1\/2025\/11\/talking-bot-125x125.png\",\"caption\":\"Telinha\"},\"sameAs\":[\"https:\/\/portaltela.pt\/\"],\"url\":\"https:\/\/portaltela.pt\/por\/367410592786\/\"}]}<\/script>\n<!-- \/ Yoast SEO plugin. -->","yoast_head_json":{"title":"Bilhetes a 1300 euros para festa do t\u00edtulo do FC Porto - Portal Tela Portugal","robots":{"index":"index","follow":"follow","max-snippet":"max-snippet:-1","max-image-preview":"max-image-preview:large","max-video-preview":"max-video-preview:-1"},"og_locale":"pt_PT","og_type":"article","og_title":"Bilhetes a 1300 euros para festa do t\u00edtulo do FC Porto - Portal Tela Portugal","og_description":"Os bilhetes para a festa do t\u00edtulo do FC Porto podem chegar a 1300 euros, caso a equipa seja campe\u00e3 frente ao Alverca. A subida de pre\u00e7o reflete a hip\u00f3tese de celebra\u00e7\u00e3o antecipada do campeonato. O FC Porto travou a euforia e avisou que n\u00e3o haver\u00e1 festa antecipada. A equipa n\u00e3o vai aos Aliados no s\u00e1bado. data: 28 de abril de 2026, \u00e0s 16h48.","og_url":"https:\/\/portaltela.pt\/noticias\/2026\/04\/28\/bilhetes-a-1300-euros-para-festa-do-titulo-do-fc-porto\/","og_site_name":"Portal Tela Portugal","article_published_time":"2026-04-28T16:04:08+00:00","author":"Telinha","twitter_card":"summary_large_image","twitter_misc":{"Escrito por":"Telinha","Tempo estimado de leitura":"1 minuto"},"schema":{"@context":"https:\/\/schema.org","@graph":[{"@type":"Article","@id":"https:\/\/portaltela.pt\/noticias\/2026\/04\/28\/bilhetes-a-1300-euros-para-festa-do-titulo-do-fc-porto\/#article","isPartOf":{"@id":"https:\/\/portaltela.pt\/noticias\/2026\/04\/28\/bilhetes-a-1300-euros-para-festa-do-titulo-do-fc-porto\/"},"author":{"name":"Telinha","@id":"https:\/\/portaltela.pt\/#\/schema\/person\/c4278d4a6028830caff9ee44b42d32ed"},"headline":"Bilhetes a 1300 euros para festa do t\u00edtulo do FC Porto","datePublished":"2026-04-28T16:04:08+00:00","mainEntityOfPage":{"@id":"https:\/\/portaltela.pt\/noticias\/2026\/04\/28\/bilhetes-a-1300-euros-para-festa-do-titulo-do-fc-porto\/"},"wordCount":238,"image":{"@id":"https:\/\/portaltela.pt\/noticias\/2026\/04\/28\/bilhetes-a-1300-euros-para-festa-do-titulo-do-fc-porto\/#primaryimage"},"thumbnailUrl":"https:\/\/portaltela.pt\/s.01k8rhncp4jt1\/2026\/04\/img_1280x722uu2026-04-28-00-00-03-2281504.jpg","keywords":["adeptos","FC Porto","festa","futebol","Porto","pre\u00e7os"],"articleSection":["Desporto","Futebol"],"inLanguage":"pt-PT"},{"@type":"WebPage","@id":"https:\/\/portaltela.pt\/noticias\/2026\/04\/28\/bilhetes-a-1300-euros-para-festa-do-titulo-do-fc-porto\/","url":"https:\/\/portaltela.pt\/noticias\/2026\/04\/28\/bilhetes-a-1300-euros-para-festa-do-titulo-do-fc-porto\/","name":"Bilhetes a 1300 euros para festa do t\u00edtulo do FC Porto - Portal Tela Portugal","isPartOf":{"@id":"https:\/\/portaltela.pt\/#website"},"primaryImageOfPage":{"@id":"https:\/\/portaltela.pt\/noticias\/2026\/04\/28\/bilhetes-a-1300-euros-para-festa-do-titulo-do-fc-porto\/#primaryimage"},"image":{"@id":"https:\/\/portaltela.pt\/noticias\/2026\/04\/28\/bilhetes-a-1300-euros-para-festa-do-titulo-do-fc-porto\/#primaryimage"},"thumbnailUrl":"https:\/\/portaltela.pt\/s.01k8rhncp4jt1\/2026\/04\/img_1280x722uu2026-04-28-00-00-03-2281504.jpg","datePublished":"2026-04-28T16:04:08+00:00","author":{"@id":"https:\/\/portaltela.pt\/#\/schema\/person\/c4278d4a6028830caff9ee44b42d32ed"},"breadcrumb":{"@id":"https:\/\/portaltela.pt\/noticias\/2026\/04\/28\/bilhetes-a-1300-euros-para-festa-do-titulo-do-fc-porto\/#breadcrumb"},"inLanguage":"pt-PT","potentialAction":[{"@type":"ReadAction","target":["https:\/\/portaltela.pt\/noticias\/2026\/04\/28\/bilhetes-a-1300-euros-para-festa-do-titulo-do-fc-porto\/"]}]},{"@type":"ImageObject","inLanguage":"pt-PT","@id":"https:\/\/portaltela.pt\/noticias\/2026\/04\/28\/bilhetes-a-1300-euros-para-festa-do-titulo-do-fc-porto\/#primaryimage","url":"https:\/\/portaltela.pt\/s.01k8rhncp4jt1\/2026\/04\/img_1280x722uu2026-04-28-00-00-03-2281504.jpg","contentUrl":"https:\/\/portaltela.pt\/s.01k8rhncp4jt1\/2026\/04\/img_1280x722uu2026-04-28-00-00-03-2281504.jpg","width":796,"height":448,"caption":"Photo"},{"@type":"BreadcrumbList","@id":"https:\/\/portaltela.pt\/noticias\/2026\/04\/28\/bilhetes-a-1300-euros-para-festa-do-titulo-do-fc-porto\/#breadcrumb","itemListElement":[{"@type":"ListItem","position":1,"name":"In\u00edcio","item":"https:\/\/portaltela.pt\/"},{"@type":"ListItem","position":2,"name":"Bilhetes a 1300 euros para festa do t\u00edtulo do FC Porto"}]},{"@type":"WebSite","@id":"https:\/\/portaltela.pt\/#website","url":"https:\/\/portaltela.pt\/","name":"Portal Tela Portugal","description":"","potentialAction":[{"@type":"SearchAction","target":{"@type":"EntryPoint","urlTemplate":"https:\/\/portaltela.pt\/?s={search_term_string}"},"query-input":{"@type":"PropertyValueSpecification","valueRequired":true,"valueName":"search_term_string"}}],"inLanguage":"pt-PT"},{"@type":"Person","@id":"https:\/\/portaltela.pt\/#\/schema\/person\/c4278d4a6028830caff9ee44b42d32ed","name":"Telinha","image":{"@type":"ImageObject","inLanguage":"pt-PT","@id":"https:\/\/portaltela.pt\/s.01k8rhncp4jt1\/2025\/11\/talking-bot-125x125.png","url":"https:\/\/portaltela.pt\/s.01k8rhncp4jt1\/2025\/11\/talking-bot-125x125.png","contentUrl":"https:\/\/portaltela.pt\/s.01k8rhncp4jt1\/2025\/11\/talking-bot-125x125.png","caption":"Telinha"},"sameAs":["https:\/\/portaltela.pt\/"],"url":"https:\/\/portaltela.pt\/por\/367410592786\/"}]}},"_links":{"self":[{"href":"https:\/\/portaltela.pt\/api\/wp\/v2\/posts\/460039","targetHints":{"allow":["GET"]}}],"collection":[{"href":"https:\/\/portaltela.pt\/api\/wp\/v2\/posts"}],"about":[{"href":"https:\/\/portaltela.pt\/api\/wp\/v2\/types\/post"}],"author":[{"embeddable":true,"href":"https:\/\/portaltela.pt\/api\/wp\/v2\/users\/2"}],"replies":[{"embeddable":true,"href":"https:\/\/portaltela.pt\/api\/wp\/v2\/comments?post=460039"}],"version-history":[{"count":0,"href":"https:\/\/portaltela.pt\/api\/wp\/v2\/posts\/460039\/revisions"}],"wp:featuredmedia":[{"embeddable":true,"href":"https:\/\/portaltela.pt\/api\/wp\/v2\/media\/460042"}],"wp:attachment":[{"href":"https:\/\/portaltela.pt\/api\/wp\/v2\/media?parent=460039"}],"wp:term":[{"taxonomy":"category","embeddable":true,"href":"https:\/\/portaltela.pt\/api\/wp\/v2\/categories?post=460039"},{"taxonomy":"post_tag","embeddable":true,"href":"https:\/\/portaltela.pt\/api\/wp\/v2\/tags?post=460039"}],"curies":[{"name":"wp","href":"https:\/\/api.w.org\/{rel}","templated":true}]}}