{"id":460031,"date":"2026-04-28T13:03:47","date_gmt":"2026-04-28T16:03:47","guid":{"rendered":"https:\/\/portaltela.pt\/noticias\/2026\/04\/28\/festa-do-alvarinho-e-do-fumeiro-oferece-vinho-broa-e-artesanato-rusgas\/"},"modified":"2026-04-28T13:03:47","modified_gmt":"2026-04-28T16:03:47","slug":"festa-do-alvarinho-e-do-fumeiro-oferece-vinho-broa-e-artesanato-rusgas","status":"publish","type":"post","link":"https:\/\/portaltela.pt\/noticias\/2026\/04\/28\/festa-do-alvarinho-e-do-fumeiro-oferece-vinho-broa-e-artesanato-rusgas\/","title":{"rendered":"Festa do Alvarinho e do Fumeiro oferece vinho, broa e artesanato; rusgas"},"content":{"rendered":"<p>A Festa do Alvarinho e do Fumeiro de Melga\u00e7o regressa ao Centro de Est\u00e1gios, preparado para receber o evento. Mais de 30 produtores da sub-regi\u00e3o de Mon\u00e7\u00e3o e Melga\u00e7o v\u00e3o apresentar Alvarinho, com mais de 100 vinhos \u00e0 prova, incluindo espumantes e diversas express\u00f5es da casta.<\/p>\n<p>Segundo a organiza\u00e7\u00e3o, o terroir de Mon\u00e7\u00e3o e Melga\u00e7o beneficia de um microclima \u00fanico, com vales, neblina e granito que conferem complexidade e frescura aos vinhos. A feira integra ainda op\u00e7\u00f5es de fumeiro que s\u00e3o parte da identidade local.<\/p>\n<p>Al\u00e9m da prova de vinhos, a mostra junta artesanato e produtos que cruzam tradi\u00e7\u00e3o com inova\u00e7\u00e3o, com destaque para marcas locais de fumeiro, cerveja de Alvarinho e cria\u00e7\u00f5es tem\u00e1ticas. A componente cultural inclui dan\u00e7a tradicional e trajes minhotos, refletindo a heran\u00e7a regional.<\/p>\n<h3>Programa e atividades<\/h3>\n<p>Na edi\u00e7\u00e3o deste ano h\u00e1 espa\u00e7o para degusta\u00e7\u00e3o, showcookings e atividades para todas as idades. No primeiro dia, 1 de maio, o espa\u00e7o abre \u00e0s 10h e decorre o concurso de mel, salpic\u00e3o, presunto e broa de Melga\u00e7o. A Casa das Concertinas atua no hor\u00e1rio de almo\u00e7o.<\/p>\n<p>\u00c0 tarde, realiza-se um showcooking com o tema Tradi\u00e7\u00f5es \u00e0 Mesa, acompanhado pela dupla humor\u00edstica As Laurindas. \u00c0s 18h realiza-se a inaugura\u00e7\u00e3o oficial do certame, com a noite a aquecer entre as 23h e as 5h, com os DJs Martim Azevedo e Di Oliver a animar.<\/p>\n<h3>Dia seguinte<\/h3>\n<p>No s\u00e1bado, 2 de maio, o programa mant\u00e9m a anima\u00e7\u00e3o com rusgas populares na homenagem \u00e0s tradi\u00e7\u00f5es locais. A tuna acad\u00e9mica do Instituto Polit\u00e9cnico de Viana do Castelo atua \u00e0s 18h, seguindo-se nova sess\u00e3o musical com os DJs Parreca e Berto Boss.<\/p>\n","protected":false},"excerpt":{"rendered":"<ul>\n<li>Melga\u00e7o recebe a Festa do Alvarinho e do Fumeiro no Centro de Est\u00e1gios, com mais de 30 produtores de Alvarinho da sub-regi\u00e3o e mais de 100 vinhos \u00e0 prova.<\/li>\n<li>A oferta inclui espumantes e diversas express\u00f5es de Alvarinho, com marcas como Dom Salvador, Quinta Santo Amaro, Adega do Sossego, Vinhos Bagagem, Quinta do Mascanho e Vinevinu.<\/li>\n<li>Al\u00e9m do vinho, h\u00e1 fumeiro, cerveja e artesanato, incluindo cria\u00e7\u00f5es de Minhodka e Artesanali&#8221;s; o fumeiro de Melga\u00e7o destaca-se entre os produtos presentes.<\/li>\n<li>A festa aposta no folclore, dan\u00e7as tradicionais e trajes t\u00edpicos, mantendo viva a heran\u00e7a minhota, com espa\u00e7o para desporto junto de parceiros como Melga\u00e7o Radical, ESDL e Montes de Laboreiro.<\/li>\n<li>Programa\u00e7\u00e3o inicial: abertura \u00e0s 10 horas, concurso de mel, salpic\u00e3o, presunto e broa \u00e0s 11 horas, showcooking e duo As Laurindas, inaugura\u00e7\u00e3o \u00e0s 18 horas; noite com DJs. No segundo dia, rusgas, tuna acad\u00e9mica \u00e0s 18 horas e apresenta\u00e7\u00f5es dos DJs Parreca e Berto Boss.<\/li>\n<\/ul>\n","protected":false},"author":2,"featured_media":460036,"comment_status":"closed","ping_status":"closed","sticky":false,"template":"","format":"standard","meta":{"footnotes":""},"categories":[7369,1],"tags":[9412,7756,8367,7982,7912,8205],"class_list":["post-460031","post","type-post","status-publish","format-standard","has-post-thumbnail","hentry","category-gastronomia","category-noticias","tag-_artesanato","tag-_cultura","tag-_danca","tag-_gastronomia","tag-_turismo","tag-_vinho"],"yoast_head":"<!-- This site is optimized with the Yoast SEO plugin v27.2 - https:\/\/yoast.com\/product\/yoast-seo-wordpress\/ -->\n<title>Festa do Alvarinho e do Fumeiro oferece vinho, broa e artesanato; rusgas - Portal Tela Portugal<\/title>\n<meta name=\"robots\" content=\"index, follow, max-snippet:-1, max-image-preview:large, max-video-preview:-1\" \/>\n<meta property=\"og:locale\" content=\"pt_PT\" \/>\n<meta property=\"og:type\" content=\"article\" \/>\n<meta property=\"og:title\" content=\"Festa do Alvarinho e do Fumeiro oferece vinho, broa e artesanato; rusgas - Portal Tela Portugal\" \/>\n<meta property=\"og:description\" content=\"Melga\u00e7o recebe a Festa do Alvarinho e do Fumeiro no Centro de Est\u00e1gios, com mais de 30 produtores de Alvarinho da sub-regi\u00e3o e mais de 100 vinhos \u00e0 prova. A oferta inclui espumantes e diversas express\u00f5es de Alvarinho, com marcas como Dom Salvador, Quinta Santo Amaro, Adega do Sossego, Vinhos Bagagem, Quinta do Mascanho e Vinevinu. Al\u00e9m do vinho, h\u00e1 fumeiro, cerveja e artesanato, incluindo cria\u00e7\u00f5es de Minhodka e Artesanali&quot;s; o fumeiro de Melga\u00e7o destaca-se entre os produtos presentes. A festa aposta no folclore, dan\u00e7as tradicionais e trajes t\u00edpicos, mantendo viva a heran\u00e7a minhota, com espa\u00e7o para desporto junto de parceiros como Melga\u00e7o Radical, ESDL e Montes de Laboreiro. Programa\u00e7\u00e3o inicial: abertura \u00e0s 10 horas, concurso de mel, salpic\u00e3o, presunto e broa \u00e0s 11 horas, showcooking e duo As Laurindas, inaugura\u00e7\u00e3o \u00e0s 18 horas; noite com DJs. No segundo dia, rusgas, tuna acad\u00e9mica \u00e0s 18 horas e apresenta\u00e7\u00f5es dos DJs Parreca e Berto Boss.\" \/>\n<meta property=\"og:url\" content=\"https:\/\/portaltela.pt\/noticias\/2026\/04\/28\/festa-do-alvarinho-e-do-fumeiro-oferece-vinho-broa-e-artesanato-rusgas\/\" \/>\n<meta property=\"og:site_name\" content=\"Portal Tela Portugal\" \/>\n<meta property=\"article:published_time\" content=\"2026-04-28T16:03:47+00:00\" \/>\n<meta name=\"author\" content=\"Telinha\" \/>\n<meta name=\"twitter:card\" content=\"summary_large_image\" \/>\n<meta name=\"twitter:label1\" content=\"Escrito por\" \/>\n\t<meta name=\"twitter:data1\" content=\"Telinha\" \/>\n\t<meta name=\"twitter:label2\" content=\"Tempo estimado de leitura\" \/>\n\t<meta name=\"twitter:data2\" content=\"1 minuto\" \/>\n<script type=\"application\/ld+json\" class=\"yoast-schema-graph\">{\"@context\":\"https:\/\/schema.org\",\"@graph\":[{\"@type\":\"Article\",\"@id\":\"https:\/\/portaltela.pt\/noticias\/2026\/04\/28\/festa-do-alvarinho-e-do-fumeiro-oferece-vinho-broa-e-artesanato-rusgas\/#article\",\"isPartOf\":{\"@id\":\"https:\/\/portaltela.pt\/noticias\/2026\/04\/28\/festa-do-alvarinho-e-do-fumeiro-oferece-vinho-broa-e-artesanato-rusgas\/\"},\"author\":{\"name\":\"Telinha\",\"@id\":\"https:\/\/portaltela.pt\/#\/schema\/person\/c4278d4a6028830caff9ee44b42d32ed\"},\"headline\":\"Festa do Alvarinho e do Fumeiro oferece vinho, broa e artesanato; rusgas\",\"datePublished\":\"2026-04-28T16:03:47+00:00\",\"mainEntityOfPage\":{\"@id\":\"https:\/\/portaltela.pt\/noticias\/2026\/04\/28\/festa-do-alvarinho-e-do-fumeiro-oferece-vinho-broa-e-artesanato-rusgas\/\"},\"wordCount\":309,\"image\":{\"@id\":\"https:\/\/portaltela.pt\/noticias\/2026\/04\/28\/festa-do-alvarinho-e-do-fumeiro-oferece-vinho-broa-e-artesanato-rusgas\/#primaryimage\"},\"thumbnailUrl\":\"https:\/\/portaltela.pt\/s.01k8rhncp4jt1\/2026\/04\/f0d4a5ad-a704-46de-9514-3efd5c5485c4_1200x675.jpg\",\"keywords\":[\"_artesanato\",\"_cultura\",\"_dan\u00e7a\",\"_gastronomia\",\"_turismo\",\"_vinho\"],\"articleSection\":[\"Gastronomia\",\"Not\u00edcias\"],\"inLanguage\":\"pt-PT\"},{\"@type\":\"WebPage\",\"@id\":\"https:\/\/portaltela.pt\/noticias\/2026\/04\/28\/festa-do-alvarinho-e-do-fumeiro-oferece-vinho-broa-e-artesanato-rusgas\/\",\"url\":\"https:\/\/portaltela.pt\/noticias\/2026\/04\/28\/festa-do-alvarinho-e-do-fumeiro-oferece-vinho-broa-e-artesanato-rusgas\/\",\"name\":\"Festa do Alvarinho e do Fumeiro oferece vinho, broa e artesanato; rusgas - Portal Tela Portugal\",\"isPartOf\":{\"@id\":\"https:\/\/portaltela.pt\/#website\"},\"primaryImageOfPage\":{\"@id\":\"https:\/\/portaltela.pt\/noticias\/2026\/04\/28\/festa-do-alvarinho-e-do-fumeiro-oferece-vinho-broa-e-artesanato-rusgas\/#primaryimage\"},\"image\":{\"@id\":\"https:\/\/portaltela.pt\/noticias\/2026\/04\/28\/festa-do-alvarinho-e-do-fumeiro-oferece-vinho-broa-e-artesanato-rusgas\/#primaryimage\"},\"thumbnailUrl\":\"https:\/\/portaltela.pt\/s.01k8rhncp4jt1\/2026\/04\/f0d4a5ad-a704-46de-9514-3efd5c5485c4_1200x675.jpg\",\"datePublished\":\"2026-04-28T16:03:47+00:00\",\"author\":{\"@id\":\"https:\/\/portaltela.pt\/#\/schema\/person\/c4278d4a6028830caff9ee44b42d32ed\"},\"breadcrumb\":{\"@id\":\"https:\/\/portaltela.pt\/noticias\/2026\/04\/28\/festa-do-alvarinho-e-do-fumeiro-oferece-vinho-broa-e-artesanato-rusgas\/#breadcrumb\"},\"inLanguage\":\"pt-PT\",\"potentialAction\":[{\"@type\":\"ReadAction\",\"target\":[\"https:\/\/portaltela.pt\/noticias\/2026\/04\/28\/festa-do-alvarinho-e-do-fumeiro-oferece-vinho-broa-e-artesanato-rusgas\/\"]}]},{\"@type\":\"ImageObject\",\"inLanguage\":\"pt-PT\",\"@id\":\"https:\/\/portaltela.pt\/noticias\/2026\/04\/28\/festa-do-alvarinho-e-do-fumeiro-oferece-vinho-broa-e-artesanato-rusgas\/#primaryimage\",\"url\":\"https:\/\/portaltela.pt\/s.01k8rhncp4jt1\/2026\/04\/f0d4a5ad-a704-46de-9514-3efd5c5485c4_1200x675.jpg\",\"contentUrl\":\"https:\/\/portaltela.pt\/s.01k8rhncp4jt1\/2026\/04\/f0d4a5ad-a704-46de-9514-3efd5c5485c4_1200x675.jpg\",\"width\":796,\"height\":448,\"caption\":\"Photo\"},{\"@type\":\"BreadcrumbList\",\"@id\":\"https:\/\/portaltela.pt\/noticias\/2026\/04\/28\/festa-do-alvarinho-e-do-fumeiro-oferece-vinho-broa-e-artesanato-rusgas\/#breadcrumb\",\"itemListElement\":[{\"@type\":\"ListItem\",\"position\":1,\"name\":\"In\u00edcio\",\"item\":\"https:\/\/portaltela.pt\/\"},{\"@type\":\"ListItem\",\"position\":2,\"name\":\"Festa do Alvarinho e do Fumeiro oferece vinho, broa e artesanato; rusgas\"}]},{\"@type\":\"WebSite\",\"@id\":\"https:\/\/portaltela.pt\/#website\",\"url\":\"https:\/\/portaltela.pt\/\",\"name\":\"Portal Tela Portugal\",\"description\":\"\",\"potentialAction\":[{\"@type\":\"SearchAction\",\"target\":{\"@type\":\"EntryPoint\",\"urlTemplate\":\"https:\/\/portaltela.pt\/?s={search_term_string}\"},\"query-input\":{\"@type\":\"PropertyValueSpecification\",\"valueRequired\":true,\"valueName\":\"search_term_string\"}}],\"inLanguage\":\"pt-PT\"},{\"@type\":\"Person\",\"@id\":\"https:\/\/portaltela.pt\/#\/schema\/person\/c4278d4a6028830caff9ee44b42d32ed\",\"name\":\"Telinha\",\"image\":{\"@type\":\"ImageObject\",\"inLanguage\":\"pt-PT\",\"@id\":\"https:\/\/portaltela.pt\/s.01k8rhncp4jt1\/2025\/11\/talking-bot-125x125.png\",\"url\":\"https:\/\/portaltela.pt\/s.01k8rhncp4jt1\/2025\/11\/talking-bot-125x125.png\",\"contentUrl\":\"https:\/\/portaltela.pt\/s.01k8rhncp4jt1\/2025\/11\/talking-bot-125x125.png\",\"caption\":\"Telinha\"},\"sameAs\":[\"https:\/\/portaltela.pt\/\"],\"url\":\"https:\/\/portaltela.pt\/por\/367410592786\/\"}]}<\/script>\n<!-- \/ Yoast SEO plugin. -->","yoast_head_json":{"title":"Festa do Alvarinho e do Fumeiro oferece vinho, broa e artesanato; rusgas - Portal Tela Portugal","robots":{"index":"index","follow":"follow","max-snippet":"max-snippet:-1","max-image-preview":"max-image-preview:large","max-video-preview":"max-video-preview:-1"},"og_locale":"pt_PT","og_type":"article","og_title":"Festa do Alvarinho e do Fumeiro oferece vinho, broa e artesanato; rusgas - Portal Tela Portugal","og_description":"Melga\u00e7o recebe a Festa do Alvarinho e do Fumeiro no Centro de Est\u00e1gios, com mais de 30 produtores de Alvarinho da sub-regi\u00e3o e mais de 100 vinhos \u00e0 prova. A oferta inclui espumantes e diversas express\u00f5es de Alvarinho, com marcas como Dom Salvador, Quinta Santo Amaro, Adega do Sossego, Vinhos Bagagem, Quinta do Mascanho e Vinevinu. Al\u00e9m do vinho, h\u00e1 fumeiro, cerveja e artesanato, incluindo cria\u00e7\u00f5es de Minhodka e Artesanali\"s; o fumeiro de Melga\u00e7o destaca-se entre os produtos presentes. A festa aposta no folclore, dan\u00e7as tradicionais e trajes t\u00edpicos, mantendo viva a heran\u00e7a minhota, com espa\u00e7o para desporto junto de parceiros como Melga\u00e7o Radical, ESDL e Montes de Laboreiro. Programa\u00e7\u00e3o inicial: abertura \u00e0s 10 horas, concurso de mel, salpic\u00e3o, presunto e broa \u00e0s 11 horas, showcooking e duo As Laurindas, inaugura\u00e7\u00e3o \u00e0s 18 horas; noite com DJs. No segundo dia, rusgas, tuna acad\u00e9mica \u00e0s 18 horas e apresenta\u00e7\u00f5es dos DJs Parreca e Berto Boss.","og_url":"https:\/\/portaltela.pt\/noticias\/2026\/04\/28\/festa-do-alvarinho-e-do-fumeiro-oferece-vinho-broa-e-artesanato-rusgas\/","og_site_name":"Portal Tela Portugal","article_published_time":"2026-04-28T16:03:47+00:00","author":"Telinha","twitter_card":"summary_large_image","twitter_misc":{"Escrito por":"Telinha","Tempo estimado de leitura":"1 minuto"},"schema":{"@context":"https:\/\/schema.org","@graph":[{"@type":"Article","@id":"https:\/\/portaltela.pt\/noticias\/2026\/04\/28\/festa-do-alvarinho-e-do-fumeiro-oferece-vinho-broa-e-artesanato-rusgas\/#article","isPartOf":{"@id":"https:\/\/portaltela.pt\/noticias\/2026\/04\/28\/festa-do-alvarinho-e-do-fumeiro-oferece-vinho-broa-e-artesanato-rusgas\/"},"author":{"name":"Telinha","@id":"https:\/\/portaltela.pt\/#\/schema\/person\/c4278d4a6028830caff9ee44b42d32ed"},"headline":"Festa do Alvarinho e do Fumeiro oferece vinho, broa e artesanato; rusgas","datePublished":"2026-04-28T16:03:47+00:00","mainEntityOfPage":{"@id":"https:\/\/portaltela.pt\/noticias\/2026\/04\/28\/festa-do-alvarinho-e-do-fumeiro-oferece-vinho-broa-e-artesanato-rusgas\/"},"wordCount":309,"image":{"@id":"https:\/\/portaltela.pt\/noticias\/2026\/04\/28\/festa-do-alvarinho-e-do-fumeiro-oferece-vinho-broa-e-artesanato-rusgas\/#primaryimage"},"thumbnailUrl":"https:\/\/portaltela.pt\/s.01k8rhncp4jt1\/2026\/04\/f0d4a5ad-a704-46de-9514-3efd5c5485c4_1200x675.jpg","keywords":["_artesanato","_cultura","_dan\u00e7a","_gastronomia","_turismo","_vinho"],"articleSection":["Gastronomia","Not\u00edcias"],"inLanguage":"pt-PT"},{"@type":"WebPage","@id":"https:\/\/portaltela.pt\/noticias\/2026\/04\/28\/festa-do-alvarinho-e-do-fumeiro-oferece-vinho-broa-e-artesanato-rusgas\/","url":"https:\/\/portaltela.pt\/noticias\/2026\/04\/28\/festa-do-alvarinho-e-do-fumeiro-oferece-vinho-broa-e-artesanato-rusgas\/","name":"Festa do Alvarinho e do Fumeiro oferece vinho, broa e artesanato; rusgas - Portal Tela Portugal","isPartOf":{"@id":"https:\/\/portaltela.pt\/#website"},"primaryImageOfPage":{"@id":"https:\/\/portaltela.pt\/noticias\/2026\/04\/28\/festa-do-alvarinho-e-do-fumeiro-oferece-vinho-broa-e-artesanato-rusgas\/#primaryimage"},"image":{"@id":"https:\/\/portaltela.pt\/noticias\/2026\/04\/28\/festa-do-alvarinho-e-do-fumeiro-oferece-vinho-broa-e-artesanato-rusgas\/#primaryimage"},"thumbnailUrl":"https:\/\/portaltela.pt\/s.01k8rhncp4jt1\/2026\/04\/f0d4a5ad-a704-46de-9514-3efd5c5485c4_1200x675.jpg","datePublished":"2026-04-28T16:03:47+00:00","author":{"@id":"https:\/\/portaltela.pt\/#\/schema\/person\/c4278d4a6028830caff9ee44b42d32ed"},"breadcrumb":{"@id":"https:\/\/portaltela.pt\/noticias\/2026\/04\/28\/festa-do-alvarinho-e-do-fumeiro-oferece-vinho-broa-e-artesanato-rusgas\/#breadcrumb"},"inLanguage":"pt-PT","potentialAction":[{"@type":"ReadAction","target":["https:\/\/portaltela.pt\/noticias\/2026\/04\/28\/festa-do-alvarinho-e-do-fumeiro-oferece-vinho-broa-e-artesanato-rusgas\/"]}]},{"@type":"ImageObject","inLanguage":"pt-PT","@id":"https:\/\/portaltela.pt\/noticias\/2026\/04\/28\/festa-do-alvarinho-e-do-fumeiro-oferece-vinho-broa-e-artesanato-rusgas\/#primaryimage","url":"https:\/\/portaltela.pt\/s.01k8rhncp4jt1\/2026\/04\/f0d4a5ad-a704-46de-9514-3efd5c5485c4_1200x675.jpg","contentUrl":"https:\/\/portaltela.pt\/s.01k8rhncp4jt1\/2026\/04\/f0d4a5ad-a704-46de-9514-3efd5c5485c4_1200x675.jpg","width":796,"height":448,"caption":"Photo"},{"@type":"BreadcrumbList","@id":"https:\/\/portaltela.pt\/noticias\/2026\/04\/28\/festa-do-alvarinho-e-do-fumeiro-oferece-vinho-broa-e-artesanato-rusgas\/#breadcrumb","itemListElement":[{"@type":"ListItem","position":1,"name":"In\u00edcio","item":"https:\/\/portaltela.pt\/"},{"@type":"ListItem","position":2,"name":"Festa do Alvarinho e do Fumeiro oferece vinho, broa e artesanato; rusgas"}]},{"@type":"WebSite","@id":"https:\/\/portaltela.pt\/#website","url":"https:\/\/portaltela.pt\/","name":"Portal Tela Portugal","description":"","potentialAction":[{"@type":"SearchAction","target":{"@type":"EntryPoint","urlTemplate":"https:\/\/portaltela.pt\/?s={search_term_string}"},"query-input":{"@type":"PropertyValueSpecification","valueRequired":true,"valueName":"search_term_string"}}],"inLanguage":"pt-PT"},{"@type":"Person","@id":"https:\/\/portaltela.pt\/#\/schema\/person\/c4278d4a6028830caff9ee44b42d32ed","name":"Telinha","image":{"@type":"ImageObject","inLanguage":"pt-PT","@id":"https:\/\/portaltela.pt\/s.01k8rhncp4jt1\/2025\/11\/talking-bot-125x125.png","url":"https:\/\/portaltela.pt\/s.01k8rhncp4jt1\/2025\/11\/talking-bot-125x125.png","contentUrl":"https:\/\/portaltela.pt\/s.01k8rhncp4jt1\/2025\/11\/talking-bot-125x125.png","caption":"Telinha"},"sameAs":["https:\/\/portaltela.pt\/"],"url":"https:\/\/portaltela.pt\/por\/367410592786\/"}]}},"_links":{"self":[{"href":"https:\/\/portaltela.pt\/api\/wp\/v2\/posts\/460031","targetHints":{"allow":["GET"]}}],"collection":[{"href":"https:\/\/portaltela.pt\/api\/wp\/v2\/posts"}],"about":[{"href":"https:\/\/portaltela.pt\/api\/wp\/v2\/types\/post"}],"author":[{"embeddable":true,"href":"https:\/\/portaltela.pt\/api\/wp\/v2\/users\/2"}],"replies":[{"embeddable":true,"href":"https:\/\/portaltela.pt\/api\/wp\/v2\/comments?post=460031"}],"version-history":[{"count":0,"href":"https:\/\/portaltela.pt\/api\/wp\/v2\/posts\/460031\/revisions"}],"wp:featuredmedia":[{"embeddable":true,"href":"https:\/\/portaltela.pt\/api\/wp\/v2\/media\/460036"}],"wp:attachment":[{"href":"https:\/\/portaltela.pt\/api\/wp\/v2\/media?parent=460031"}],"wp:term":[{"taxonomy":"category","embeddable":true,"href":"https:\/\/portaltela.pt\/api\/wp\/v2\/categories?post=460031"},{"taxonomy":"post_tag","embeddable":true,"href":"https:\/\/portaltela.pt\/api\/wp\/v2\/tags?post=460031"}],"curies":[{"name":"wp","href":"https:\/\/api.w.org\/{rel}","templated":true}]}}