{"id":460030,"date":"2026-04-28T13:03:41","date_gmt":"2026-04-28T16:03:41","guid":{"rendered":"https:\/\/portaltela.pt\/noticias\/2026\/04\/28\/lukebakio-pede-desculpa-por-atitude-no-ultimo-jogo\/"},"modified":"2026-04-28T13:03:41","modified_gmt":"2026-04-28T16:03:41","slug":"lukebakio-pede-desculpa-por-atitude-no-ultimo-jogo","status":"publish","type":"post","link":"https:\/\/portaltela.pt\/desporto\/futebol\/2026\/04\/28\/lukebakio-pede-desculpa-por-atitude-no-ultimo-jogo\/","title":{"rendered":"Lukebakio pede desculpa por atitude no \u00faltimo jogo"},"content":{"rendered":"<p>Lukebakio pediu desculpas pela atitude demonstrada no jogo entre Benfica e Moreirense, disputado na Luz. O extremo belga foi substitu\u00eddo na segunda parte e reagiu de forma aumentada, o que gerou controv\u00e9rsia entre treinador e equipa t\u00e9cnica.<\/p>\n<p>No desfecho da partida, o nadar de emo\u00e7\u00f5es ficou exposto: o jogador bateu na poltrona do banco de suplentes e houve troca de palavras com o t\u00e9cnico. O incidente tornou-se t\u00f3pico de an\u00e1lise entre dirigentes e comentadores.<\/p>\n<p>Na sua resposta, Lukebakio pediu desculpas p\u00fablicas pela frustra\u00e7\u00e3o, afirmando que n\u00e3o \u00e9 o seu padr\u00e3o, e que trabalha para manter o foco na melhoria em campo. O comunicado foi divulgado via Instagram, enfatizando o reconhecimento das pr\u00f3prias falhas e a vontade de reencontrar a melhor forma.<\/p>\n<h3>Rea\u00e7\u00e3o do treinador e contexto da equipa<\/h3>\n<p>Mourinho comentou o epis\u00f3dio ao jornal e explicou que a frustra\u00e7\u00e3o surgiu com a substitui\u00e7\u00e3o, destacando que o banco n\u00e3o seria respons\u00e1vel pela rea\u00e7\u00e3o. O t\u00e9cnico sugeriu que o jogador tem \u00e1reas do jogo a melhorar, nomeadamente a leitura t\u00e1tica e o esfor\u00e7o defensivo.<\/p>\n<p>O Benfica registou que Lukebakio realizou 21 jogos nesta \u00e9poca, com um golo e tr\u00eas assist\u00eancias. O clube continua a avaliar o desempenho do grupo atacante, bem como as din\u00e2micas de rotatividade entre os extremos.<\/p>\n","protected":false},"excerpt":{"rendered":"<ul>\n<li>Lukebakio pediu desculpas pela sua frustra\u00e7\u00e3o ap\u00f3s ser substitu\u00eddo no jogo frente ao Moreirense, dizendo que n\u00e3o \u00e9 t\u00edpico do seu comportamento.<\/li>\n<li>No jogo na Luz, houve troca de palavras entre o extremo belga e o treinador Jos\u00e9 Mourinho, com o atleta a sair furioso do banco.<\/li>\n<li>Atrav\u00e9s das redes sociais, Lukebakio afirmou que vai trabalhar para retribuir o apoio que tem recebido e manter o foco no cumprimento das suas expetativas.<\/li>\n<li>Mourinho comentou o incidente, reconhecendo a frustra\u00e7\u00e3o do momento e destacando que o jogador precisa de se aproximar de Schjelderup e melhorar determinadas vertentes do seu jogo, especialmente na capacidade f\u00edsica.<\/li>\n<li>Esta \u00e9poca, Lukebakio j\u00e1 disputou 21 jogos pelo Benfica, com um golo e tr\u00eas assist\u00eancias.<\/li>\n<\/ul>\n","protected":false},"author":2,"featured_media":460037,"comment_status":"closed","ping_status":"closed","sticky":false,"template":"","format":"standard","meta":{"footnotes":""},"categories":[21,24],"tags":[1946,32,5579,3310,9866],"class_list":["post-460030","post","type-post","status-publish","format-standard","has-post-thumbnail","hentry","category-desporto","category-futebol","tag-benfica","tag-futebol","tag-moreirense","tag-mourinho","tag-rotatividade"],"yoast_head":"<!-- This site is optimized with the Yoast SEO plugin v27.2 - https:\/\/yoast.com\/product\/yoast-seo-wordpress\/ -->\n<title>Lukebakio pede desculpa por atitude no \u00faltimo jogo - Portal Tela Portugal<\/title>\n<meta name=\"robots\" content=\"index, follow, max-snippet:-1, max-image-preview:large, max-video-preview:-1\" \/>\n<meta property=\"og:locale\" content=\"pt_PT\" \/>\n<meta property=\"og:type\" content=\"article\" \/>\n<meta property=\"og:title\" content=\"Lukebakio pede desculpa por atitude no \u00faltimo jogo - Portal Tela Portugal\" \/>\n<meta property=\"og:description\" content=\"Lukebakio pediu desculpas pela sua frustra\u00e7\u00e3o ap\u00f3s ser substitu\u00eddo no jogo frente ao Moreirense, dizendo que n\u00e3o \u00e9 t\u00edpico do seu comportamento. No jogo na Luz, houve troca de palavras entre o extremo belga e o treinador Jos\u00e9 Mourinho, com o atleta a sair furioso do banco. Atrav\u00e9s das redes sociais, Lukebakio afirmou que vai trabalhar para retribuir o apoio que tem recebido e manter o foco no cumprimento das suas expetativas. Mourinho comentou o incidente, reconhecendo a frustra\u00e7\u00e3o do momento e destacando que o jogador precisa de se aproximar de Schjelderup e melhorar determinadas vertentes do seu jogo, especialmente na capacidade f\u00edsica. Esta \u00e9poca, Lukebakio j\u00e1 disputou 21 jogos pelo Benfica, com um golo e tr\u00eas assist\u00eancias.\" \/>\n<meta property=\"og:url\" content=\"https:\/\/portaltela.pt\/noticias\/2026\/04\/28\/lukebakio-pede-desculpa-por-atitude-no-ultimo-jogo\/\" \/>\n<meta property=\"og:site_name\" content=\"Portal Tela Portugal\" \/>\n<meta property=\"article:published_time\" content=\"2026-04-28T16:03:41+00:00\" \/>\n<meta name=\"author\" content=\"Telinha\" \/>\n<meta name=\"twitter:card\" content=\"summary_large_image\" \/>\n<meta name=\"twitter:label1\" content=\"Escrito por\" \/>\n\t<meta name=\"twitter:data1\" content=\"Telinha\" \/>\n\t<meta name=\"twitter:label2\" content=\"Tempo estimado de leitura\" \/>\n\t<meta name=\"twitter:data2\" content=\"1 minuto\" \/>\n<script type=\"application\/ld+json\" class=\"yoast-schema-graph\">{\"@context\":\"https:\/\/schema.org\",\"@graph\":[{\"@type\":\"Article\",\"@id\":\"https:\/\/portaltela.pt\/noticias\/2026\/04\/28\/lukebakio-pede-desculpa-por-atitude-no-ultimo-jogo\/#article\",\"isPartOf\":{\"@id\":\"https:\/\/portaltela.pt\/noticias\/2026\/04\/28\/lukebakio-pede-desculpa-por-atitude-no-ultimo-jogo\/\"},\"author\":{\"name\":\"Telinha\",\"@id\":\"https:\/\/portaltela.pt\/#\/schema\/person\/c4278d4a6028830caff9ee44b42d32ed\"},\"headline\":\"Lukebakio pede desculpa por atitude no \u00faltimo jogo\",\"datePublished\":\"2026-04-28T16:03:41+00:00\",\"mainEntityOfPage\":{\"@id\":\"https:\/\/portaltela.pt\/noticias\/2026\/04\/28\/lukebakio-pede-desculpa-por-atitude-no-ultimo-jogo\/\"},\"wordCount\":238,\"image\":{\"@id\":\"https:\/\/portaltela.pt\/noticias\/2026\/04\/28\/lukebakio-pede-desculpa-por-atitude-no-ultimo-jogo\/#primaryimage\"},\"thumbnailUrl\":\"https:\/\/portaltela.pt\/s.01k8rhncp4jt1\/2026\/04\/image-1603.jpg\",\"keywords\":[\"Benfica\",\"futebol\",\"Moreirense\",\"Mourinho\",\"rotatividade\"],\"articleSection\":[\"Desporto\",\"Futebol\"],\"inLanguage\":\"pt-PT\"},{\"@type\":\"WebPage\",\"@id\":\"https:\/\/portaltela.pt\/noticias\/2026\/04\/28\/lukebakio-pede-desculpa-por-atitude-no-ultimo-jogo\/\",\"url\":\"https:\/\/portaltela.pt\/noticias\/2026\/04\/28\/lukebakio-pede-desculpa-por-atitude-no-ultimo-jogo\/\",\"name\":\"Lukebakio pede desculpa por atitude no \u00faltimo jogo - Portal Tela Portugal\",\"isPartOf\":{\"@id\":\"https:\/\/portaltela.pt\/#website\"},\"primaryImageOfPage\":{\"@id\":\"https:\/\/portaltela.pt\/noticias\/2026\/04\/28\/lukebakio-pede-desculpa-por-atitude-no-ultimo-jogo\/#primaryimage\"},\"image\":{\"@id\":\"https:\/\/portaltela.pt\/noticias\/2026\/04\/28\/lukebakio-pede-desculpa-por-atitude-no-ultimo-jogo\/#primaryimage\"},\"thumbnailUrl\":\"https:\/\/portaltela.pt\/s.01k8rhncp4jt1\/2026\/04\/image-1603.jpg\",\"datePublished\":\"2026-04-28T16:03:41+00:00\",\"author\":{\"@id\":\"https:\/\/portaltela.pt\/#\/schema\/person\/c4278d4a6028830caff9ee44b42d32ed\"},\"breadcrumb\":{\"@id\":\"https:\/\/portaltela.pt\/noticias\/2026\/04\/28\/lukebakio-pede-desculpa-por-atitude-no-ultimo-jogo\/#breadcrumb\"},\"inLanguage\":\"pt-PT\",\"potentialAction\":[{\"@type\":\"ReadAction\",\"target\":[\"https:\/\/portaltela.pt\/noticias\/2026\/04\/28\/lukebakio-pede-desculpa-por-atitude-no-ultimo-jogo\/\"]}]},{\"@type\":\"ImageObject\",\"inLanguage\":\"pt-PT\",\"@id\":\"https:\/\/portaltela.pt\/noticias\/2026\/04\/28\/lukebakio-pede-desculpa-por-atitude-no-ultimo-jogo\/#primaryimage\",\"url\":\"https:\/\/portaltela.pt\/s.01k8rhncp4jt1\/2026\/04\/image-1603.jpg\",\"contentUrl\":\"https:\/\/portaltela.pt\/s.01k8rhncp4jt1\/2026\/04\/image-1603.jpg\",\"width\":796,\"height\":448,\"caption\":\"Lukebakio fez 21 jogos esta \u00e9poca pelo Benfica\"},{\"@type\":\"BreadcrumbList\",\"@id\":\"https:\/\/portaltela.pt\/noticias\/2026\/04\/28\/lukebakio-pede-desculpa-por-atitude-no-ultimo-jogo\/#breadcrumb\",\"itemListElement\":[{\"@type\":\"ListItem\",\"position\":1,\"name\":\"In\u00edcio\",\"item\":\"https:\/\/portaltela.pt\/\"},{\"@type\":\"ListItem\",\"position\":2,\"name\":\"Lukebakio pede desculpa por atitude no \u00faltimo jogo\"}]},{\"@type\":\"WebSite\",\"@id\":\"https:\/\/portaltela.pt\/#website\",\"url\":\"https:\/\/portaltela.pt\/\",\"name\":\"Portal Tela Portugal\",\"description\":\"\",\"potentialAction\":[{\"@type\":\"SearchAction\",\"target\":{\"@type\":\"EntryPoint\",\"urlTemplate\":\"https:\/\/portaltela.pt\/?s={search_term_string}\"},\"query-input\":{\"@type\":\"PropertyValueSpecification\",\"valueRequired\":true,\"valueName\":\"search_term_string\"}}],\"inLanguage\":\"pt-PT\"},{\"@type\":\"Person\",\"@id\":\"https:\/\/portaltela.pt\/#\/schema\/person\/c4278d4a6028830caff9ee44b42d32ed\",\"name\":\"Telinha\",\"image\":{\"@type\":\"ImageObject\",\"inLanguage\":\"pt-PT\",\"@id\":\"https:\/\/portaltela.pt\/s.01k8rhncp4jt1\/2025\/11\/talking-bot-125x125.png\",\"url\":\"https:\/\/portaltela.pt\/s.01k8rhncp4jt1\/2025\/11\/talking-bot-125x125.png\",\"contentUrl\":\"https:\/\/portaltela.pt\/s.01k8rhncp4jt1\/2025\/11\/talking-bot-125x125.png\",\"caption\":\"Telinha\"},\"sameAs\":[\"https:\/\/portaltela.pt\/\"],\"url\":\"https:\/\/portaltela.pt\/por\/367410592786\/\"}]}<\/script>\n<!-- \/ Yoast SEO plugin. -->","yoast_head_json":{"title":"Lukebakio pede desculpa por atitude no \u00faltimo jogo - Portal Tela Portugal","robots":{"index":"index","follow":"follow","max-snippet":"max-snippet:-1","max-image-preview":"max-image-preview:large","max-video-preview":"max-video-preview:-1"},"og_locale":"pt_PT","og_type":"article","og_title":"Lukebakio pede desculpa por atitude no \u00faltimo jogo - Portal Tela Portugal","og_description":"Lukebakio pediu desculpas pela sua frustra\u00e7\u00e3o ap\u00f3s ser substitu\u00eddo no jogo frente ao Moreirense, dizendo que n\u00e3o \u00e9 t\u00edpico do seu comportamento. No jogo na Luz, houve troca de palavras entre o extremo belga e o treinador Jos\u00e9 Mourinho, com o atleta a sair furioso do banco. Atrav\u00e9s das redes sociais, Lukebakio afirmou que vai trabalhar para retribuir o apoio que tem recebido e manter o foco no cumprimento das suas expetativas. Mourinho comentou o incidente, reconhecendo a frustra\u00e7\u00e3o do momento e destacando que o jogador precisa de se aproximar de Schjelderup e melhorar determinadas vertentes do seu jogo, especialmente na capacidade f\u00edsica. Esta \u00e9poca, Lukebakio j\u00e1 disputou 21 jogos pelo Benfica, com um golo e tr\u00eas assist\u00eancias.","og_url":"https:\/\/portaltela.pt\/noticias\/2026\/04\/28\/lukebakio-pede-desculpa-por-atitude-no-ultimo-jogo\/","og_site_name":"Portal Tela Portugal","article_published_time":"2026-04-28T16:03:41+00:00","author":"Telinha","twitter_card":"summary_large_image","twitter_misc":{"Escrito por":"Telinha","Tempo estimado de leitura":"1 minuto"},"schema":{"@context":"https:\/\/schema.org","@graph":[{"@type":"Article","@id":"https:\/\/portaltela.pt\/noticias\/2026\/04\/28\/lukebakio-pede-desculpa-por-atitude-no-ultimo-jogo\/#article","isPartOf":{"@id":"https:\/\/portaltela.pt\/noticias\/2026\/04\/28\/lukebakio-pede-desculpa-por-atitude-no-ultimo-jogo\/"},"author":{"name":"Telinha","@id":"https:\/\/portaltela.pt\/#\/schema\/person\/c4278d4a6028830caff9ee44b42d32ed"},"headline":"Lukebakio pede desculpa por atitude no \u00faltimo jogo","datePublished":"2026-04-28T16:03:41+00:00","mainEntityOfPage":{"@id":"https:\/\/portaltela.pt\/noticias\/2026\/04\/28\/lukebakio-pede-desculpa-por-atitude-no-ultimo-jogo\/"},"wordCount":238,"image":{"@id":"https:\/\/portaltela.pt\/noticias\/2026\/04\/28\/lukebakio-pede-desculpa-por-atitude-no-ultimo-jogo\/#primaryimage"},"thumbnailUrl":"https:\/\/portaltela.pt\/s.01k8rhncp4jt1\/2026\/04\/image-1603.jpg","keywords":["Benfica","futebol","Moreirense","Mourinho","rotatividade"],"articleSection":["Desporto","Futebol"],"inLanguage":"pt-PT"},{"@type":"WebPage","@id":"https:\/\/portaltela.pt\/noticias\/2026\/04\/28\/lukebakio-pede-desculpa-por-atitude-no-ultimo-jogo\/","url":"https:\/\/portaltela.pt\/noticias\/2026\/04\/28\/lukebakio-pede-desculpa-por-atitude-no-ultimo-jogo\/","name":"Lukebakio pede desculpa por atitude no \u00faltimo jogo - Portal Tela Portugal","isPartOf":{"@id":"https:\/\/portaltela.pt\/#website"},"primaryImageOfPage":{"@id":"https:\/\/portaltela.pt\/noticias\/2026\/04\/28\/lukebakio-pede-desculpa-por-atitude-no-ultimo-jogo\/#primaryimage"},"image":{"@id":"https:\/\/portaltela.pt\/noticias\/2026\/04\/28\/lukebakio-pede-desculpa-por-atitude-no-ultimo-jogo\/#primaryimage"},"thumbnailUrl":"https:\/\/portaltela.pt\/s.01k8rhncp4jt1\/2026\/04\/image-1603.jpg","datePublished":"2026-04-28T16:03:41+00:00","author":{"@id":"https:\/\/portaltela.pt\/#\/schema\/person\/c4278d4a6028830caff9ee44b42d32ed"},"breadcrumb":{"@id":"https:\/\/portaltela.pt\/noticias\/2026\/04\/28\/lukebakio-pede-desculpa-por-atitude-no-ultimo-jogo\/#breadcrumb"},"inLanguage":"pt-PT","potentialAction":[{"@type":"ReadAction","target":["https:\/\/portaltela.pt\/noticias\/2026\/04\/28\/lukebakio-pede-desculpa-por-atitude-no-ultimo-jogo\/"]}]},{"@type":"ImageObject","inLanguage":"pt-PT","@id":"https:\/\/portaltela.pt\/noticias\/2026\/04\/28\/lukebakio-pede-desculpa-por-atitude-no-ultimo-jogo\/#primaryimage","url":"https:\/\/portaltela.pt\/s.01k8rhncp4jt1\/2026\/04\/image-1603.jpg","contentUrl":"https:\/\/portaltela.pt\/s.01k8rhncp4jt1\/2026\/04\/image-1603.jpg","width":796,"height":448,"caption":"Lukebakio fez 21 jogos esta \u00e9poca pelo Benfica"},{"@type":"BreadcrumbList","@id":"https:\/\/portaltela.pt\/noticias\/2026\/04\/28\/lukebakio-pede-desculpa-por-atitude-no-ultimo-jogo\/#breadcrumb","itemListElement":[{"@type":"ListItem","position":1,"name":"In\u00edcio","item":"https:\/\/portaltela.pt\/"},{"@type":"ListItem","position":2,"name":"Lukebakio pede desculpa por atitude no \u00faltimo jogo"}]},{"@type":"WebSite","@id":"https:\/\/portaltela.pt\/#website","url":"https:\/\/portaltela.pt\/","name":"Portal Tela Portugal","description":"","potentialAction":[{"@type":"SearchAction","target":{"@type":"EntryPoint","urlTemplate":"https:\/\/portaltela.pt\/?s={search_term_string}"},"query-input":{"@type":"PropertyValueSpecification","valueRequired":true,"valueName":"search_term_string"}}],"inLanguage":"pt-PT"},{"@type":"Person","@id":"https:\/\/portaltela.pt\/#\/schema\/person\/c4278d4a6028830caff9ee44b42d32ed","name":"Telinha","image":{"@type":"ImageObject","inLanguage":"pt-PT","@id":"https:\/\/portaltela.pt\/s.01k8rhncp4jt1\/2025\/11\/talking-bot-125x125.png","url":"https:\/\/portaltela.pt\/s.01k8rhncp4jt1\/2025\/11\/talking-bot-125x125.png","contentUrl":"https:\/\/portaltela.pt\/s.01k8rhncp4jt1\/2025\/11\/talking-bot-125x125.png","caption":"Telinha"},"sameAs":["https:\/\/portaltela.pt\/"],"url":"https:\/\/portaltela.pt\/por\/367410592786\/"}]}},"_links":{"self":[{"href":"https:\/\/portaltela.pt\/api\/wp\/v2\/posts\/460030","targetHints":{"allow":["GET"]}}],"collection":[{"href":"https:\/\/portaltela.pt\/api\/wp\/v2\/posts"}],"about":[{"href":"https:\/\/portaltela.pt\/api\/wp\/v2\/types\/post"}],"author":[{"embeddable":true,"href":"https:\/\/portaltela.pt\/api\/wp\/v2\/users\/2"}],"replies":[{"embeddable":true,"href":"https:\/\/portaltela.pt\/api\/wp\/v2\/comments?post=460030"}],"version-history":[{"count":0,"href":"https:\/\/portaltela.pt\/api\/wp\/v2\/posts\/460030\/revisions"}],"wp:featuredmedia":[{"embeddable":true,"href":"https:\/\/portaltela.pt\/api\/wp\/v2\/media\/460037"}],"wp:attachment":[{"href":"https:\/\/portaltela.pt\/api\/wp\/v2\/media?parent=460030"}],"wp:term":[{"taxonomy":"category","embeddable":true,"href":"https:\/\/portaltela.pt\/api\/wp\/v2\/categories?post=460030"},{"taxonomy":"post_tag","embeddable":true,"href":"https:\/\/portaltela.pt\/api\/wp\/v2\/tags?post=460030"}],"curies":[{"name":"wp","href":"https:\/\/api.w.org\/{rel}","templated":true}]}}